{"id":398277,"date":"2026-03-05T06:40:54","date_gmt":"2026-03-05T09:40:54","guid":{"rendered":"https:\/\/portaltela.pt\/noticias\/2026\/03\/05\/falece-o-escritor-antonio-lobo-antunes-2\/"},"modified":"2026-03-05T06:40:54","modified_gmt":"2026-03-05T09:40:54","slug":"falece-o-escritor-antonio-lobo-antunes-2","status":"publish","type":"post","link":"https:\/\/portaltela.pt\/noticias\/2026\/03\/05\/falece-o-escritor-antonio-lobo-antunes-2\/","title":{"rendered":"Falece o escritor Ant\u00f3nio Lobo Antunes"},"content":{"rendered":"<p>A editora Dom Quixote informou hoje da morte do escritor Ant\u00f3nio Lobo Antunes, aos 83 anos, not\u00edcia confirmada pela editora. A nota expressa profundo pesar e destaca a influ\u00eancia da obra do autor, que atravessou fronteiras.<\/p>\n<p>A Dom Quixote garante continuar a promover a obra de Lobo Antunes, descrevendo-o como um grande escritor portugu\u00eas. A mensagem de despedida \u00e9 dirigida aos familiares, amigos e leitores.<\/p>\n<p>Ant\u00f3nio Lobo Antunes nasceu em Lisboa, a 1 de setembro de 1942. Licenciou-se em Medicina pela Universidade de Lisboa em 1969 e especializou-se em Psiquiatria, exercendo no Hospital Miguel Bombarda.<\/p>\n<h3>Biografia<\/h3>\n<p>Abandonou a pr\u00e1tica cl\u00ednica em 1985 para dedicar-se integralmente \u00e0 escrita, segundo afirma\u00e7\u00f5es do pr\u00f3prio. O primeiro livro, Mem\u00f3ria de Elefante, foi publicado em 1979, ano em que surgiram tamb\u00e9m Cus de Judas, Conhecimento do Inferno e Explica\u00e7\u00e3o dos P\u00e1ssaros.<\/p>\n<p>As obras iniciais foram marcadas pela experi\u00eancia da guerra e pela explora\u00e7\u00e3o da psiquiatria, tornando-o um dos autores mais lidos em Portugal. O estilo e o tema das obras consolidaram a sua posi\u00e7\u00e3o na literatura contempor\u00e2nea.<\/p>\n<h3>Reconhecimento<\/h3>\n<p>Lobo Antunes recebeu o Grande Colar da Ordem de Sant\u2019Iago da Espada em 2004 e a Ordem da Liberdade em 2019. Fran\u00e7a condecorou-o como Commandeur da Ordem das Artes e das Letras em 2008, e foi laureado com o Pr\u00e9mio Cam\u00f5es em 2007.<\/p>\n","protected":false},"excerpt":{"rendered":"<ul>\n<li>Morreu o escritor Ant\u00f3nio Lobo Antunes, aos 83 anos, conforme anunciou a editora Dom Quixote.<\/li>\n<li>A Dom Quixote afirmou que a obra do autor \u201cultrapassou fronteiras\u201d e que ir\u00e1 continuar a promov\u00ea-la.<\/li>\n<li>Lobo Antunes nasceu em Lisboa, em 1 de setembro de 1942, licenciou-se em Medicina e especializou-se em Psiquiatria.<\/li>\n<li>Iniciou a escrita a tempo inteiro em 1985, ap\u00f3s d\u00e9cadas a trabalhar na \u00e1rea da sa\u00fade; o primeiro livro foi Mem\u00f3ria de Elefante (1979).<\/li>\n<li>Foi distinguido com o Grande Colar da Ordem de Sant\u2019Iago da Espada (2004), Ordem da Liberdade (2019), Commandeur da Ordem das Artes e Letras (Fran\u00e7a, 2008) e recebeu o Pr\u00e9mio Cam\u00f5es (2007).<\/li>\n<\/ul>\n","protected":false},"author":2,"featured_media":398297,"comment_status":"closed","ping_status":"closed","sticky":false,"template":"","format":"standard","meta":{"footnotes":""},"categories":[1],"tags":[2606,145,6654,299,106,1014],"class_list":["post-398277","post","type-post","status-publish","format-standard","has-post-thumbnail","hentry","category-noticias","tag-camoes","tag-cultura","tag-escritores","tag-historia","tag-literatura","tag-portugal"],"yoast_head":"<!-- This site is optimized with the Yoast SEO plugin v27.2 - https:\/\/yoast.com\/product\/yoast-seo-wordpress\/ -->\n<title>Falece o escritor Ant\u00f3nio Lobo Antunes - Portal Tela Portugal<\/title>\n<meta name=\"robots\" content=\"index, follow, max-snippet:-1, max-image-preview:large, max-video-preview:-1\" \/>\n<meta property=\"og:locale\" content=\"pt_PT\" \/>\n<meta property=\"og:type\" content=\"article\" \/>\n<meta property=\"og:title\" content=\"Falece o escritor Ant\u00f3nio Lobo Antunes - Portal Tela Portugal\" \/>\n<meta property=\"og:description\" content=\"Morreu o escritor Ant\u00f3nio Lobo Antunes, aos 83 anos, conforme anunciou a editora Dom Quixote. A Dom Quixote afirmou que a obra do autor \u201cultrapassou fronteiras\u201d e que ir\u00e1 continuar a promov\u00ea-la. Lobo Antunes nasceu em Lisboa, em 1 de setembro de 1942, licenciou-se em Medicina e especializou-se em Psiquiatria. Iniciou a escrita a tempo inteiro em 1985, ap\u00f3s d\u00e9cadas a trabalhar na \u00e1rea da sa\u00fade; o primeiro livro foi Mem\u00f3ria de Elefante (1979). Foi distinguido com o Grande Colar da Ordem de Sant\u2019Iago da Espada (2004), Ordem da Liberdade (2019), Commandeur da Ordem das Artes e Letras (Fran\u00e7a, 2008) e recebeu o Pr\u00e9mio Cam\u00f5es (2007).\" \/>\n<meta property=\"og:url\" content=\"https:\/\/portaltela.pt\/noticias\/2026\/03\/05\/falece-o-escritor-antonio-lobo-antunes-2\/\" \/>\n<meta property=\"og:site_name\" content=\"Portal Tela Portugal\" \/>\n<meta property=\"article:published_time\" content=\"2026-03-05T09:40:54+00:00\" \/>\n<meta name=\"author\" content=\"Telinha\" \/>\n<meta name=\"twitter:card\" content=\"summary_large_image\" \/>\n<meta name=\"twitter:label1\" content=\"Escrito por\" \/>\n\t<meta name=\"twitter:data1\" content=\"Telinha\" \/>\n\t<meta name=\"twitter:label2\" content=\"Tempo estimado de leitura\" \/>\n\t<meta name=\"twitter:data2\" content=\"1 minuto\" \/>\n<script type=\"application\/ld+json\" class=\"yoast-schema-graph\">{\"@context\":\"https:\/\/schema.org\",\"@graph\":[{\"@type\":\"Article\",\"@id\":\"https:\/\/portaltela.pt\/noticias\/2026\/03\/05\/falece-o-escritor-antonio-lobo-antunes-2\/#article\",\"isPartOf\":{\"@id\":\"https:\/\/portaltela.pt\/noticias\/2026\/03\/05\/falece-o-escritor-antonio-lobo-antunes-2\/\"},\"author\":{\"name\":\"Telinha\",\"@id\":\"https:\/\/portaltela.pt\/#\/schema\/person\/c4278d4a6028830caff9ee44b42d32ed\"},\"headline\":\"Falece o escritor Ant\u00f3nio Lobo Antunes\",\"datePublished\":\"2026-03-05T09:40:54+00:00\",\"mainEntityOfPage\":{\"@id\":\"https:\/\/portaltela.pt\/noticias\/2026\/03\/05\/falece-o-escritor-antonio-lobo-antunes-2\/\"},\"wordCount\":232,\"image\":{\"@id\":\"https:\/\/portaltela.pt\/noticias\/2026\/03\/05\/falece-o-escritor-antonio-lobo-antunes-2\/#primaryimage\"},\"thumbnailUrl\":\"https:\/\/portaltela.pt\/s.01k8rhncp4jt1\/2026\/03\/img_1500x1000uu2026-03-05-09-04-09-2270488.jpg\",\"keywords\":[\"Cam\u00f5es\",\"cultura\",\"escritores\",\"hist\u00f3ria\",\"literatura\",\"Portugal\"],\"articleSection\":[\"Not\u00edcias\"],\"inLanguage\":\"pt-PT\"},{\"@type\":\"WebPage\",\"@id\":\"https:\/\/portaltela.pt\/noticias\/2026\/03\/05\/falece-o-escritor-antonio-lobo-antunes-2\/\",\"url\":\"https:\/\/portaltela.pt\/noticias\/2026\/03\/05\/falece-o-escritor-antonio-lobo-antunes-2\/\",\"name\":\"Falece o escritor Ant\u00f3nio Lobo Antunes - Portal Tela Portugal\",\"isPartOf\":{\"@id\":\"https:\/\/portaltela.pt\/#website\"},\"primaryImageOfPage\":{\"@id\":\"https:\/\/portaltela.pt\/noticias\/2026\/03\/05\/falece-o-escritor-antonio-lobo-antunes-2\/#primaryimage\"},\"image\":{\"@id\":\"https:\/\/portaltela.pt\/noticias\/2026\/03\/05\/falece-o-escritor-antonio-lobo-antunes-2\/#primaryimage\"},\"thumbnailUrl\":\"https:\/\/portaltela.pt\/s.01k8rhncp4jt1\/2026\/03\/img_1500x1000uu2026-03-05-09-04-09-2270488.jpg\",\"datePublished\":\"2026-03-05T09:40:54+00:00\",\"author\":{\"@id\":\"https:\/\/portaltela.pt\/#\/schema\/person\/c4278d4a6028830caff9ee44b42d32ed\"},\"breadcrumb\":{\"@id\":\"https:\/\/portaltela.pt\/noticias\/2026\/03\/05\/falece-o-escritor-antonio-lobo-antunes-2\/#breadcrumb\"},\"inLanguage\":\"pt-PT\",\"potentialAction\":[{\"@type\":\"ReadAction\",\"target\":[\"https:\/\/portaltela.pt\/noticias\/2026\/03\/05\/falece-o-escritor-antonio-lobo-antunes-2\/\"]}]},{\"@type\":\"ImageObject\",\"inLanguage\":\"pt-PT\",\"@id\":\"https:\/\/portaltela.pt\/noticias\/2026\/03\/05\/falece-o-escritor-antonio-lobo-antunes-2\/#primaryimage\",\"url\":\"https:\/\/portaltela.pt\/s.01k8rhncp4jt1\/2026\/03\/img_1500x1000uu2026-03-05-09-04-09-2270488.jpg\",\"contentUrl\":\"https:\/\/portaltela.pt\/s.01k8rhncp4jt1\/2026\/03\/img_1500x1000uu2026-03-05-09-04-09-2270488.jpg\",\"width\":796,\"height\":448,\"caption\":\"Ant\u00f3nio Lobo Antunes\"},{\"@type\":\"BreadcrumbList\",\"@id\":\"https:\/\/portaltela.pt\/noticias\/2026\/03\/05\/falece-o-escritor-antonio-lobo-antunes-2\/#breadcrumb\",\"itemListElement\":[{\"@type\":\"ListItem\",\"position\":1,\"name\":\"In\u00edcio\",\"item\":\"https:\/\/portaltela.pt\/\"},{\"@type\":\"ListItem\",\"position\":2,\"name\":\"Falece o escritor Ant\u00f3nio Lobo Antunes\"}]},{\"@type\":\"WebSite\",\"@id\":\"https:\/\/portaltela.pt\/#website\",\"url\":\"https:\/\/portaltela.pt\/\",\"name\":\"Portal Tela Portugal\",\"description\":\"\",\"potentialAction\":[{\"@type\":\"SearchAction\",\"target\":{\"@type\":\"EntryPoint\",\"urlTemplate\":\"https:\/\/portaltela.pt\/?s={search_term_string}\"},\"query-input\":{\"@type\":\"PropertyValueSpecification\",\"valueRequired\":true,\"valueName\":\"search_term_string\"}}],\"inLanguage\":\"pt-PT\"},{\"@type\":\"Person\",\"@id\":\"https:\/\/portaltela.pt\/#\/schema\/person\/c4278d4a6028830caff9ee44b42d32ed\",\"name\":\"Telinha\",\"image\":{\"@type\":\"ImageObject\",\"inLanguage\":\"pt-PT\",\"@id\":\"https:\/\/portaltela.pt\/s.01k8rhncp4jt1\/2025\/11\/talking-bot-125x125.png\",\"url\":\"https:\/\/portaltela.pt\/s.01k8rhncp4jt1\/2025\/11\/talking-bot-125x125.png\",\"contentUrl\":\"https:\/\/portaltela.pt\/s.01k8rhncp4jt1\/2025\/11\/talking-bot-125x125.png\",\"caption\":\"Telinha\"},\"sameAs\":[\"https:\/\/portaltela.pt\/\"],\"url\":\"https:\/\/portaltela.pt\/por\/367410592786\/\"}]}<\/script>\n<!-- \/ Yoast SEO plugin. -->","yoast_head_json":{"title":"Falece o escritor Ant\u00f3nio Lobo Antunes - Portal Tela Portugal","robots":{"index":"index","follow":"follow","max-snippet":"max-snippet:-1","max-image-preview":"max-image-preview:large","max-video-preview":"max-video-preview:-1"},"og_locale":"pt_PT","og_type":"article","og_title":"Falece o escritor Ant\u00f3nio Lobo Antunes - Portal Tela Portugal","og_description":"Morreu o escritor Ant\u00f3nio Lobo Antunes, aos 83 anos, conforme anunciou a editora Dom Quixote. A Dom Quixote afirmou que a obra do autor \u201cultrapassou fronteiras\u201d e que ir\u00e1 continuar a promov\u00ea-la. Lobo Antunes nasceu em Lisboa, em 1 de setembro de 1942, licenciou-se em Medicina e especializou-se em Psiquiatria. Iniciou a escrita a tempo inteiro em 1985, ap\u00f3s d\u00e9cadas a trabalhar na \u00e1rea da sa\u00fade; o primeiro livro foi Mem\u00f3ria de Elefante (1979). Foi distinguido com o Grande Colar da Ordem de Sant\u2019Iago da Espada (2004), Ordem da Liberdade (2019), Commandeur da Ordem das Artes e Letras (Fran\u00e7a, 2008) e recebeu o Pr\u00e9mio Cam\u00f5es (2007).","og_url":"https:\/\/portaltela.pt\/noticias\/2026\/03\/05\/falece-o-escritor-antonio-lobo-antunes-2\/","og_site_name":"Portal Tela Portugal","article_published_time":"2026-03-05T09:40:54+00:00","author":"Telinha","twitter_card":"summary_large_image","twitter_misc":{"Escrito por":"Telinha","Tempo estimado de leitura":"1 minuto"},"schema":{"@context":"https:\/\/schema.org","@graph":[{"@type":"Article","@id":"https:\/\/portaltela.pt\/noticias\/2026\/03\/05\/falece-o-escritor-antonio-lobo-antunes-2\/#article","isPartOf":{"@id":"https:\/\/portaltela.pt\/noticias\/2026\/03\/05\/falece-o-escritor-antonio-lobo-antunes-2\/"},"author":{"name":"Telinha","@id":"https:\/\/portaltela.pt\/#\/schema\/person\/c4278d4a6028830caff9ee44b42d32ed"},"headline":"Falece o escritor Ant\u00f3nio Lobo Antunes","datePublished":"2026-03-05T09:40:54+00:00","mainEntityOfPage":{"@id":"https:\/\/portaltela.pt\/noticias\/2026\/03\/05\/falece-o-escritor-antonio-lobo-antunes-2\/"},"wordCount":232,"image":{"@id":"https:\/\/portaltela.pt\/noticias\/2026\/03\/05\/falece-o-escritor-antonio-lobo-antunes-2\/#primaryimage"},"thumbnailUrl":"https:\/\/portaltela.pt\/s.01k8rhncp4jt1\/2026\/03\/img_1500x1000uu2026-03-05-09-04-09-2270488.jpg","keywords":["Cam\u00f5es","cultura","escritores","hist\u00f3ria","literatura","Portugal"],"articleSection":["Not\u00edcias"],"inLanguage":"pt-PT"},{"@type":"WebPage","@id":"https:\/\/portaltela.pt\/noticias\/2026\/03\/05\/falece-o-escritor-antonio-lobo-antunes-2\/","url":"https:\/\/portaltela.pt\/noticias\/2026\/03\/05\/falece-o-escritor-antonio-lobo-antunes-2\/","name":"Falece o escritor Ant\u00f3nio Lobo Antunes - Portal Tela Portugal","isPartOf":{"@id":"https:\/\/portaltela.pt\/#website"},"primaryImageOfPage":{"@id":"https:\/\/portaltela.pt\/noticias\/2026\/03\/05\/falece-o-escritor-antonio-lobo-antunes-2\/#primaryimage"},"image":{"@id":"https:\/\/portaltela.pt\/noticias\/2026\/03\/05\/falece-o-escritor-antonio-lobo-antunes-2\/#primaryimage"},"thumbnailUrl":"https:\/\/portaltela.pt\/s.01k8rhncp4jt1\/2026\/03\/img_1500x1000uu2026-03-05-09-04-09-2270488.jpg","datePublished":"2026-03-05T09:40:54+00:00","author":{"@id":"https:\/\/portaltela.pt\/#\/schema\/person\/c4278d4a6028830caff9ee44b42d32ed"},"breadcrumb":{"@id":"https:\/\/portaltela.pt\/noticias\/2026\/03\/05\/falece-o-escritor-antonio-lobo-antunes-2\/#breadcrumb"},"inLanguage":"pt-PT","potentialAction":[{"@type":"ReadAction","target":["https:\/\/portaltela.pt\/noticias\/2026\/03\/05\/falece-o-escritor-antonio-lobo-antunes-2\/"]}]},{"@type":"ImageObject","inLanguage":"pt-PT","@id":"https:\/\/portaltela.pt\/noticias\/2026\/03\/05\/falece-o-escritor-antonio-lobo-antunes-2\/#primaryimage","url":"https:\/\/portaltela.pt\/s.01k8rhncp4jt1\/2026\/03\/img_1500x1000uu2026-03-05-09-04-09-2270488.jpg","contentUrl":"https:\/\/portaltela.pt\/s.01k8rhncp4jt1\/2026\/03\/img_1500x1000uu2026-03-05-09-04-09-2270488.jpg","width":796,"height":448,"caption":"Ant\u00f3nio Lobo Antunes"},{"@type":"BreadcrumbList","@id":"https:\/\/portaltela.pt\/noticias\/2026\/03\/05\/falece-o-escritor-antonio-lobo-antunes-2\/#breadcrumb","itemListElement":[{"@type":"ListItem","position":1,"name":"In\u00edcio","item":"https:\/\/portaltela.pt\/"},{"@type":"ListItem","position":2,"name":"Falece o escritor Ant\u00f3nio Lobo Antunes"}]},{"@type":"WebSite","@id":"https:\/\/portaltela.pt\/#website","url":"https:\/\/portaltela.pt\/","name":"Portal Tela Portugal","description":"","potentialAction":[{"@type":"SearchAction","target":{"@type":"EntryPoint","urlTemplate":"https:\/\/portaltela.pt\/?s={search_term_string}"},"query-input":{"@type":"PropertyValueSpecification","valueRequired":true,"valueName":"search_term_string"}}],"inLanguage":"pt-PT"},{"@type":"Person","@id":"https:\/\/portaltela.pt\/#\/schema\/person\/c4278d4a6028830caff9ee44b42d32ed","name":"Telinha","image":{"@type":"ImageObject","inLanguage":"pt-PT","@id":"https:\/\/portaltela.pt\/s.01k8rhncp4jt1\/2025\/11\/talking-bot-125x125.png","url":"https:\/\/portaltela.pt\/s.01k8rhncp4jt1\/2025\/11\/talking-bot-125x125.png","contentUrl":"https:\/\/portaltela.pt\/s.01k8rhncp4jt1\/2025\/11\/talking-bot-125x125.png","caption":"Telinha"},"sameAs":["https:\/\/portaltela.pt\/"],"url":"https:\/\/portaltela.pt\/por\/367410592786\/"}]}},"_links":{"self":[{"href":"https:\/\/portaltela.pt\/api\/wp\/v2\/posts\/398277","targetHints":{"allow":["GET"]}}],"collection":[{"href":"https:\/\/portaltela.pt\/api\/wp\/v2\/posts"}],"about":[{"href":"https:\/\/portaltela.pt\/api\/wp\/v2\/types\/post"}],"author":[{"embeddable":true,"href":"https:\/\/portaltela.pt\/api\/wp\/v2\/users\/2"}],"replies":[{"embeddable":true,"href":"https:\/\/portaltela.pt\/api\/wp\/v2\/comments?post=398277"}],"version-history":[{"count":0,"href":"https:\/\/portaltela.pt\/api\/wp\/v2\/posts\/398277\/revisions"}],"wp:featuredmedia":[{"embeddable":true,"href":"https:\/\/portaltela.pt\/api\/wp\/v2\/media\/398297"}],"wp:attachment":[{"href":"https:\/\/portaltela.pt\/api\/wp\/v2\/media?parent=398277"}],"wp:term":[{"taxonomy":"category","embeddable":true,"href":"https:\/\/portaltela.pt\/api\/wp\/v2\/categories?post=398277"},{"taxonomy":"post_tag","embeddable":true,"href":"https:\/\/portaltela.pt\/api\/wp\/v2\/tags?post=398277"}],"curies":[{"name":"wp","href":"https:\/\/api.w.org\/{rel}","templated":true}]}}