{"id":398273,"date":"2026-03-05T06:13:00","date_gmt":"2026-03-05T09:13:00","guid":{"rendered":"https:\/\/portaltela.pt\/noticias\/2026\/03\/05\/a-noiva-reimagina-frankenstein-com-punk-feminista-de-maggie-gyllenhaal\/"},"modified":"2026-03-05T06:13:00","modified_gmt":"2026-03-05T09:13:00","slug":"a-noiva-reimagina-frankenstein-com-punk-feminista-de-maggie-gyllenhaal","status":"publish","type":"post","link":"https:\/\/portaltela.pt\/noticias\/2026\/03\/05\/a-noiva-reimagina-frankenstein-com-punk-feminista-de-maggie-gyllenhaal\/","title":{"rendered":"A Noiva! reimagina Frankenstein com punk feminista de Maggie Gyllenhaal"},"content":{"rendered":"<p>A produ\u00e7\u00e3o intitulada A Noiva! apresenta uma releitura de Frankenstein, destacando um enquadramento de punk feminista associado a Maggie Gyllenhaal. A abordagem prop\u00f5e uma leitura contempor\u00e2nea da hist\u00f3ria, enfatizando quest\u00f5es de identidade e emancipa\u00e7\u00e3o.<\/p>\n<p>A pe\u00e7a associa-se a Maggie Gyllenhaal, cuja assinatura \u00e9 apresentada como eixo criativo da revisita\u00e7\u00e3o. A narrativa busca explorar a autonomia feminina e as din\u00e2micas de poder, numa perspetiva que quebra conven\u00e7\u00f5es do cl\u00e1ssico de Mary Shelley.<\/p>\n<p>Quanto a datas e local, o texto base n\u00e3o especifica pormenores sobre quando e onde a produ\u00e7\u00e3o ser\u00e1 apresentada. O motivo da releitura \u00e9 descrito em termos gerais como uma reinven\u00e7\u00e3o cr\u00edtica da obra, com foco em temas de resist\u00eancia e ag\u00eancia feminina.<\/p>\n<p>A not\u00edcia n\u00e3o inclui declara\u00e7\u00f5es diretas de participantes nem detalhes de elenco adicionais. Mant\u00e9m o tom informativo, sem opini\u00e3o ou ju\u00edzos de valor, e oferece apenas informa\u00e7\u00f5es verific\u00e1veis presentes no material fornecido.<\/p>\n","protected":false},"excerpt":{"rendered":"<ul>\n<li>\u201cA Noiva!\u201d reimagina Frankenstein atrav\u00e9s do punk feminista de Maggie Gyllenhaal.<\/li>\n<li>A leitura proposta combina elementos feministas com uma est\u00e9tica punk no cl\u00e1ssico de Frankenstein.<\/li>\n<li>Maggie Gyllenhaal est\u00e1 associada ao projeto, trazendo uma perspetiva feminista para o enredo.<\/li>\n<li>A abordagem sugere uma nova interpreta\u00e7\u00e3o do material, centrada em temas de g\u00e9nero e identidade.<\/li>\n<li>A not\u00edcia destaca a fus\u00e3o entre o universo de Frankenstein e a est\u00e9tica e atitude do punk feminista.<\/li>\n<\/ul>\n","protected":false},"author":2,"featured_media":398293,"comment_status":"closed","ping_status":"closed","sticky":false,"template":"","format":"standard","meta":{"footnotes":""},"categories":[1],"tags":[1975,145,1242,3834,106,119],"class_list":["post-398273","post","type-post","status-publish","format-standard","has-post-thumbnail","hentry","category-noticias","tag-arte-teatro-concertos","tag-cultura","tag-feminino","tag-frankenstein","tag-literatura","tag-teatro"],"yoast_head":"<!-- This site is optimized with the Yoast SEO plugin v27.2 - https:\/\/yoast.com\/product\/yoast-seo-wordpress\/ -->\n<title>A Noiva! reimagina Frankenstein com punk feminista de Maggie Gyllenhaal - Portal Tela Portugal<\/title>\n<meta name=\"robots\" content=\"index, follow, max-snippet:-1, max-image-preview:large, max-video-preview:-1\" \/>\n<meta property=\"og:locale\" content=\"pt_PT\" \/>\n<meta property=\"og:type\" content=\"article\" \/>\n<meta property=\"og:title\" content=\"A Noiva! reimagina Frankenstein com punk feminista de Maggie Gyllenhaal - Portal Tela Portugal\" \/>\n<meta property=\"og:description\" content=\"\u201cA Noiva!\u201d reimagina Frankenstein atrav\u00e9s do punk feminista de Maggie Gyllenhaal. A leitura proposta combina elementos feministas com uma est\u00e9tica punk no cl\u00e1ssico de Frankenstein. Maggie Gyllenhaal est\u00e1 associada ao projeto, trazendo uma perspetiva feminista para o enredo. A abordagem sugere uma nova interpreta\u00e7\u00e3o do material, centrada em temas de g\u00e9nero e identidade. A not\u00edcia destaca a fus\u00e3o entre o universo de Frankenstein e a est\u00e9tica e atitude do punk feminista.\" \/>\n<meta property=\"og:url\" content=\"https:\/\/portaltela.pt\/noticias\/2026\/03\/05\/a-noiva-reimagina-frankenstein-com-punk-feminista-de-maggie-gyllenhaal\/\" \/>\n<meta property=\"og:site_name\" content=\"Portal Tela Portugal\" \/>\n<meta property=\"article:published_time\" content=\"2026-03-05T09:13:00+00:00\" \/>\n<meta name=\"author\" content=\"Telinha\" \/>\n<meta name=\"twitter:card\" content=\"summary_large_image\" \/>\n<meta name=\"twitter:label1\" content=\"Escrito por\" \/>\n\t<meta name=\"twitter:data1\" content=\"Telinha\" \/>\n\t<meta name=\"twitter:label2\" content=\"Tempo estimado de leitura\" \/>\n\t<meta name=\"twitter:data2\" content=\"1 minuto\" \/>\n<script type=\"application\/ld+json\" class=\"yoast-schema-graph\">{\"@context\":\"https:\/\/schema.org\",\"@graph\":[{\"@type\":\"Article\",\"@id\":\"https:\/\/portaltela.pt\/noticias\/2026\/03\/05\/a-noiva-reimagina-frankenstein-com-punk-feminista-de-maggie-gyllenhaal\/#article\",\"isPartOf\":{\"@id\":\"https:\/\/portaltela.pt\/noticias\/2026\/03\/05\/a-noiva-reimagina-frankenstein-com-punk-feminista-de-maggie-gyllenhaal\/\"},\"author\":{\"name\":\"Telinha\",\"@id\":\"https:\/\/portaltela.pt\/#\/schema\/person\/c4278d4a6028830caff9ee44b42d32ed\"},\"headline\":\"A Noiva! reimagina Frankenstein com punk feminista de Maggie Gyllenhaal\",\"datePublished\":\"2026-03-05T09:13:00+00:00\",\"mainEntityOfPage\":{\"@id\":\"https:\/\/portaltela.pt\/noticias\/2026\/03\/05\/a-noiva-reimagina-frankenstein-com-punk-feminista-de-maggie-gyllenhaal\/\"},\"wordCount\":179,\"image\":{\"@id\":\"https:\/\/portaltela.pt\/noticias\/2026\/03\/05\/a-noiva-reimagina-frankenstein-com-punk-feminista-de-maggie-gyllenhaal\/#primaryimage\"},\"thumbnailUrl\":\"https:\/\/portaltela.pt\/s.01k8rhncp4jt1\/2026\/03\/CACHE_780X1200_ANALOG_WATERMARKED_46647744_27056907738679.jpg\",\"keywords\":[\"arte\/teatro\/concertos\",\"cultura\",\"feminino\",\"Frankenstein\",\"literatura\",\"teatro\"],\"articleSection\":[\"Not\u00edcias\"],\"inLanguage\":\"pt-PT\"},{\"@type\":\"WebPage\",\"@id\":\"https:\/\/portaltela.pt\/noticias\/2026\/03\/05\/a-noiva-reimagina-frankenstein-com-punk-feminista-de-maggie-gyllenhaal\/\",\"url\":\"https:\/\/portaltela.pt\/noticias\/2026\/03\/05\/a-noiva-reimagina-frankenstein-com-punk-feminista-de-maggie-gyllenhaal\/\",\"name\":\"A Noiva! reimagina Frankenstein com punk feminista de Maggie Gyllenhaal - Portal Tela Portugal\",\"isPartOf\":{\"@id\":\"https:\/\/portaltela.pt\/#website\"},\"primaryImageOfPage\":{\"@id\":\"https:\/\/portaltela.pt\/noticias\/2026\/03\/05\/a-noiva-reimagina-frankenstein-com-punk-feminista-de-maggie-gyllenhaal\/#primaryimage\"},\"image\":{\"@id\":\"https:\/\/portaltela.pt\/noticias\/2026\/03\/05\/a-noiva-reimagina-frankenstein-com-punk-feminista-de-maggie-gyllenhaal\/#primaryimage\"},\"thumbnailUrl\":\"https:\/\/portaltela.pt\/s.01k8rhncp4jt1\/2026\/03\/CACHE_780X1200_ANALOG_WATERMARKED_46647744_27056907738679.jpg\",\"datePublished\":\"2026-03-05T09:13:00+00:00\",\"author\":{\"@id\":\"https:\/\/portaltela.pt\/#\/schema\/person\/c4278d4a6028830caff9ee44b42d32ed\"},\"breadcrumb\":{\"@id\":\"https:\/\/portaltela.pt\/noticias\/2026\/03\/05\/a-noiva-reimagina-frankenstein-com-punk-feminista-de-maggie-gyllenhaal\/#breadcrumb\"},\"inLanguage\":\"pt-PT\",\"potentialAction\":[{\"@type\":\"ReadAction\",\"target\":[\"https:\/\/portaltela.pt\/noticias\/2026\/03\/05\/a-noiva-reimagina-frankenstein-com-punk-feminista-de-maggie-gyllenhaal\/\"]}]},{\"@type\":\"ImageObject\",\"inLanguage\":\"pt-PT\",\"@id\":\"https:\/\/portaltela.pt\/noticias\/2026\/03\/05\/a-noiva-reimagina-frankenstein-com-punk-feminista-de-maggie-gyllenhaal\/#primaryimage\",\"url\":\"https:\/\/portaltela.pt\/s.01k8rhncp4jt1\/2026\/03\/CACHE_780X1200_ANALOG_WATERMARKED_46647744_27056907738679.jpg\",\"contentUrl\":\"https:\/\/portaltela.pt\/s.01k8rhncp4jt1\/2026\/03\/CACHE_780X1200_ANALOG_WATERMARKED_46647744_27056907738679.jpg\",\"width\":796,\"height\":448,\"caption\":\"\u201cA Noiva!\u201d reimagina Frankenstein com o punk feminista de Maggie Gyllenhaal\"},{\"@type\":\"BreadcrumbList\",\"@id\":\"https:\/\/portaltela.pt\/noticias\/2026\/03\/05\/a-noiva-reimagina-frankenstein-com-punk-feminista-de-maggie-gyllenhaal\/#breadcrumb\",\"itemListElement\":[{\"@type\":\"ListItem\",\"position\":1,\"name\":\"In\u00edcio\",\"item\":\"https:\/\/portaltela.pt\/\"},{\"@type\":\"ListItem\",\"position\":2,\"name\":\"A Noiva! reimagina Frankenstein com punk feminista de Maggie Gyllenhaal\"}]},{\"@type\":\"WebSite\",\"@id\":\"https:\/\/portaltela.pt\/#website\",\"url\":\"https:\/\/portaltela.pt\/\",\"name\":\"Portal Tela Portugal\",\"description\":\"\",\"potentialAction\":[{\"@type\":\"SearchAction\",\"target\":{\"@type\":\"EntryPoint\",\"urlTemplate\":\"https:\/\/portaltela.pt\/?s={search_term_string}\"},\"query-input\":{\"@type\":\"PropertyValueSpecification\",\"valueRequired\":true,\"valueName\":\"search_term_string\"}}],\"inLanguage\":\"pt-PT\"},{\"@type\":\"Person\",\"@id\":\"https:\/\/portaltela.pt\/#\/schema\/person\/c4278d4a6028830caff9ee44b42d32ed\",\"name\":\"Telinha\",\"image\":{\"@type\":\"ImageObject\",\"inLanguage\":\"pt-PT\",\"@id\":\"https:\/\/portaltela.pt\/s.01k8rhncp4jt1\/2025\/11\/talking-bot-125x125.png\",\"url\":\"https:\/\/portaltela.pt\/s.01k8rhncp4jt1\/2025\/11\/talking-bot-125x125.png\",\"contentUrl\":\"https:\/\/portaltela.pt\/s.01k8rhncp4jt1\/2025\/11\/talking-bot-125x125.png\",\"caption\":\"Telinha\"},\"sameAs\":[\"https:\/\/portaltela.pt\/\"],\"url\":\"https:\/\/portaltela.pt\/por\/367410592786\/\"}]}<\/script>\n<!-- \/ Yoast SEO plugin. -->","yoast_head_json":{"title":"A Noiva! reimagina Frankenstein com punk feminista de Maggie Gyllenhaal - Portal Tela Portugal","robots":{"index":"index","follow":"follow","max-snippet":"max-snippet:-1","max-image-preview":"max-image-preview:large","max-video-preview":"max-video-preview:-1"},"og_locale":"pt_PT","og_type":"article","og_title":"A Noiva! reimagina Frankenstein com punk feminista de Maggie Gyllenhaal - Portal Tela Portugal","og_description":"\u201cA Noiva!\u201d reimagina Frankenstein atrav\u00e9s do punk feminista de Maggie Gyllenhaal. A leitura proposta combina elementos feministas com uma est\u00e9tica punk no cl\u00e1ssico de Frankenstein. Maggie Gyllenhaal est\u00e1 associada ao projeto, trazendo uma perspetiva feminista para o enredo. A abordagem sugere uma nova interpreta\u00e7\u00e3o do material, centrada em temas de g\u00e9nero e identidade. A not\u00edcia destaca a fus\u00e3o entre o universo de Frankenstein e a est\u00e9tica e atitude do punk feminista.","og_url":"https:\/\/portaltela.pt\/noticias\/2026\/03\/05\/a-noiva-reimagina-frankenstein-com-punk-feminista-de-maggie-gyllenhaal\/","og_site_name":"Portal Tela Portugal","article_published_time":"2026-03-05T09:13:00+00:00","author":"Telinha","twitter_card":"summary_large_image","twitter_misc":{"Escrito por":"Telinha","Tempo estimado de leitura":"1 minuto"},"schema":{"@context":"https:\/\/schema.org","@graph":[{"@type":"Article","@id":"https:\/\/portaltela.pt\/noticias\/2026\/03\/05\/a-noiva-reimagina-frankenstein-com-punk-feminista-de-maggie-gyllenhaal\/#article","isPartOf":{"@id":"https:\/\/portaltela.pt\/noticias\/2026\/03\/05\/a-noiva-reimagina-frankenstein-com-punk-feminista-de-maggie-gyllenhaal\/"},"author":{"name":"Telinha","@id":"https:\/\/portaltela.pt\/#\/schema\/person\/c4278d4a6028830caff9ee44b42d32ed"},"headline":"A Noiva! reimagina Frankenstein com punk feminista de Maggie Gyllenhaal","datePublished":"2026-03-05T09:13:00+00:00","mainEntityOfPage":{"@id":"https:\/\/portaltela.pt\/noticias\/2026\/03\/05\/a-noiva-reimagina-frankenstein-com-punk-feminista-de-maggie-gyllenhaal\/"},"wordCount":179,"image":{"@id":"https:\/\/portaltela.pt\/noticias\/2026\/03\/05\/a-noiva-reimagina-frankenstein-com-punk-feminista-de-maggie-gyllenhaal\/#primaryimage"},"thumbnailUrl":"https:\/\/portaltela.pt\/s.01k8rhncp4jt1\/2026\/03\/CACHE_780X1200_ANALOG_WATERMARKED_46647744_27056907738679.jpg","keywords":["arte\/teatro\/concertos","cultura","feminino","Frankenstein","literatura","teatro"],"articleSection":["Not\u00edcias"],"inLanguage":"pt-PT"},{"@type":"WebPage","@id":"https:\/\/portaltela.pt\/noticias\/2026\/03\/05\/a-noiva-reimagina-frankenstein-com-punk-feminista-de-maggie-gyllenhaal\/","url":"https:\/\/portaltela.pt\/noticias\/2026\/03\/05\/a-noiva-reimagina-frankenstein-com-punk-feminista-de-maggie-gyllenhaal\/","name":"A Noiva! reimagina Frankenstein com punk feminista de Maggie Gyllenhaal - Portal Tela Portugal","isPartOf":{"@id":"https:\/\/portaltela.pt\/#website"},"primaryImageOfPage":{"@id":"https:\/\/portaltela.pt\/noticias\/2026\/03\/05\/a-noiva-reimagina-frankenstein-com-punk-feminista-de-maggie-gyllenhaal\/#primaryimage"},"image":{"@id":"https:\/\/portaltela.pt\/noticias\/2026\/03\/05\/a-noiva-reimagina-frankenstein-com-punk-feminista-de-maggie-gyllenhaal\/#primaryimage"},"thumbnailUrl":"https:\/\/portaltela.pt\/s.01k8rhncp4jt1\/2026\/03\/CACHE_780X1200_ANALOG_WATERMARKED_46647744_27056907738679.jpg","datePublished":"2026-03-05T09:13:00+00:00","author":{"@id":"https:\/\/portaltela.pt\/#\/schema\/person\/c4278d4a6028830caff9ee44b42d32ed"},"breadcrumb":{"@id":"https:\/\/portaltela.pt\/noticias\/2026\/03\/05\/a-noiva-reimagina-frankenstein-com-punk-feminista-de-maggie-gyllenhaal\/#breadcrumb"},"inLanguage":"pt-PT","potentialAction":[{"@type":"ReadAction","target":["https:\/\/portaltela.pt\/noticias\/2026\/03\/05\/a-noiva-reimagina-frankenstein-com-punk-feminista-de-maggie-gyllenhaal\/"]}]},{"@type":"ImageObject","inLanguage":"pt-PT","@id":"https:\/\/portaltela.pt\/noticias\/2026\/03\/05\/a-noiva-reimagina-frankenstein-com-punk-feminista-de-maggie-gyllenhaal\/#primaryimage","url":"https:\/\/portaltela.pt\/s.01k8rhncp4jt1\/2026\/03\/CACHE_780X1200_ANALOG_WATERMARKED_46647744_27056907738679.jpg","contentUrl":"https:\/\/portaltela.pt\/s.01k8rhncp4jt1\/2026\/03\/CACHE_780X1200_ANALOG_WATERMARKED_46647744_27056907738679.jpg","width":796,"height":448,"caption":"\u201cA Noiva!\u201d reimagina Frankenstein com o punk feminista de Maggie Gyllenhaal"},{"@type":"BreadcrumbList","@id":"https:\/\/portaltela.pt\/noticias\/2026\/03\/05\/a-noiva-reimagina-frankenstein-com-punk-feminista-de-maggie-gyllenhaal\/#breadcrumb","itemListElement":[{"@type":"ListItem","position":1,"name":"In\u00edcio","item":"https:\/\/portaltela.pt\/"},{"@type":"ListItem","position":2,"name":"A Noiva! reimagina Frankenstein com punk feminista de Maggie Gyllenhaal"}]},{"@type":"WebSite","@id":"https:\/\/portaltela.pt\/#website","url":"https:\/\/portaltela.pt\/","name":"Portal Tela Portugal","description":"","potentialAction":[{"@type":"SearchAction","target":{"@type":"EntryPoint","urlTemplate":"https:\/\/portaltela.pt\/?s={search_term_string}"},"query-input":{"@type":"PropertyValueSpecification","valueRequired":true,"valueName":"search_term_string"}}],"inLanguage":"pt-PT"},{"@type":"Person","@id":"https:\/\/portaltela.pt\/#\/schema\/person\/c4278d4a6028830caff9ee44b42d32ed","name":"Telinha","image":{"@type":"ImageObject","inLanguage":"pt-PT","@id":"https:\/\/portaltela.pt\/s.01k8rhncp4jt1\/2025\/11\/talking-bot-125x125.png","url":"https:\/\/portaltela.pt\/s.01k8rhncp4jt1\/2025\/11\/talking-bot-125x125.png","contentUrl":"https:\/\/portaltela.pt\/s.01k8rhncp4jt1\/2025\/11\/talking-bot-125x125.png","caption":"Telinha"},"sameAs":["https:\/\/portaltela.pt\/"],"url":"https:\/\/portaltela.pt\/por\/367410592786\/"}]}},"_links":{"self":[{"href":"https:\/\/portaltela.pt\/api\/wp\/v2\/posts\/398273","targetHints":{"allow":["GET"]}}],"collection":[{"href":"https:\/\/portaltela.pt\/api\/wp\/v2\/posts"}],"about":[{"href":"https:\/\/portaltela.pt\/api\/wp\/v2\/types\/post"}],"author":[{"embeddable":true,"href":"https:\/\/portaltela.pt\/api\/wp\/v2\/users\/2"}],"replies":[{"embeddable":true,"href":"https:\/\/portaltela.pt\/api\/wp\/v2\/comments?post=398273"}],"version-history":[{"count":0,"href":"https:\/\/portaltela.pt\/api\/wp\/v2\/posts\/398273\/revisions"}],"wp:featuredmedia":[{"embeddable":true,"href":"https:\/\/portaltela.pt\/api\/wp\/v2\/media\/398293"}],"wp:attachment":[{"href":"https:\/\/portaltela.pt\/api\/wp\/v2\/media?parent=398273"}],"wp:term":[{"taxonomy":"category","embeddable":true,"href":"https:\/\/portaltela.pt\/api\/wp\/v2\/categories?post=398273"},{"taxonomy":"post_tag","embeddable":true,"href":"https:\/\/portaltela.pt\/api\/wp\/v2\/tags?post=398273"}],"curies":[{"name":"wp","href":"https:\/\/api.w.org\/{rel}","templated":true}]}}