{"id":398268,"date":"2026-03-05T06:31:00","date_gmt":"2026-03-05T09:31:00","guid":{"rendered":"https:\/\/portaltela.pt\/noticias\/2026\/03\/05\/loja-de-brasileira-engolida-pelas-aguas-esta-pronta-para-recomecar\/"},"modified":"2026-03-05T06:31:00","modified_gmt":"2026-03-05T09:31:00","slug":"loja-de-brasileira-engolida-pelas-aguas-esta-pronta-para-recomecar","status":"publish","type":"post","link":"https:\/\/portaltela.pt\/noticias\/2026\/03\/05\/loja-de-brasileira-engolida-pelas-aguas-esta-pronta-para-recomecar\/","title":{"rendered":"Loja de brasileira engolida pelas \u00e1guas est\u00e1 pronta para recome\u00e7ar"},"content":{"rendered":"<p>Gleydssiane Gomes, uma empreendedora brasileira, viu a Pastelaria Pedacinho de Amor ficar engolida pelas \u00e1guas durante as cheias em Alc\u00e1cer do Sal, no distrito de Set\u00fabal. O acidente ocorreu no in\u00edcio de fevereiro, quando a inunda\u00e7\u00e3o levou quase tudo \u00e0 frente, salvando apenas o forno. Mesmo assim, a empres\u00e1ria anunciou planos de reabrir o neg\u00f3cio.<\/p>\n<p>Natural de Ipatinga, Minas Gerais, Gleydssiane mudou-se para Portugal h\u00e1 mais de uma d\u00e9cada e instalou-se em Alc\u00e1cer do Sal. O neg\u00f3cio nasceu em 2023, apoiado pela tradi\u00e7\u00e3o familiar na cozinha: m\u00e3e cozinheira e av\u00f3, uma conhecida quituteira.<\/p>\n<p>O conceito da pastelaria passou a privilegiar minibolos individuais com uma variedade de sabores. Entre os destaques, o \u201cpedacinho de amor\u201d tornou-se uma op\u00e7\u00e3o apreciada pela clientela portuguesa que acompanhava a abertura do espa\u00e7o.<\/p>\n<p>As cheias come\u00e7aram a aumentar o n\u00edvel da \u00e1gua na cidade a 4 de fevereiro, quando o rio transbordou pr\u00f3ximo da pastelaria. No dia seguinte, o piso inferior ficou inundado at\u00e9 ao teto, impedindo a reabertura. O preju\u00edzo estimado foi de cerca de 24 mil euros.<\/p>\n<p>O espa\u00e7o tem dois pisos: a cozinha e armaz\u00e9m no piso inferior, e sala de atendimento no superior. Gleydssiane e o marido, Hugo Carvalho, enfrentaram o drama ao regressar ao local ap\u00f3s o isolamento da resid\u00eancia, tentando save o forno, o item mais crucial do neg\u00f3cio.<\/p>\n<p>Desde ent\u00e3o, a produ\u00e7\u00e3o de bolos e salgados ocorre em casa, por encomenda. A capacidade dispon\u00edvel reduz-se pela limita\u00e7\u00e3o do espa\u00e7o e pela necessidade de substituir equipamentos danificados, como a vitrine refrigerada e eletrodom\u00e9sticos.<\/p>\n<p>Apesar do rev\u00e9s, a empres\u00e1ria afirma que n\u00e3o h\u00e1 hip\u00f3tese de desistir. O objetivo \u00e9 reconstruir a pastelaria e retomar a atividade o mais depressa poss\u00edvel, confiando na fidelidade dos clientes que j\u00e1 conheciam o Pedacinho de Amor.<\/p>\n","protected":false},"excerpt":{"rendered":"<ul>\n<li>A pastelaria Pedacinho de Amor, de Gleydssiane Gomes, em Alc\u00e1cer do Sal, ficou inundada ap\u00f3s chuvas fortes no in\u00edcio de fevereiro.<\/li>\n<li>A inunda\u00e7\u00e3o causou preju\u00edzo estimado de cerca de 24 mil euros; apenas o forno foi salvo.<\/li>\n<li>A loja tem dois pisos e o piso inferior, onde fica a cozinha, ficou inundado at\u00e9 ao teto; o piso superior tamb\u00e9m ficou submerso.<\/li>\n<li>Desde ent\u00e3o, Gleydssiane produz em casa, por encomenda, e mant\u00e9m a expectativa de reabrir a pastelaria no futuro pr\u00f3ximo.<\/li>\n<li>A empres\u00e1ria brasileira pretende continuar a apostar nos minibolos e na tradi\u00e7\u00e3o familiar, confiando na fidelidade dos clientes para reerguer o neg\u00f3cio.<\/li>\n<\/ul>\n","protected":false},"author":2,"featured_media":398287,"comment_status":"closed","ping_status":"closed","sticky":false,"template":"","format":"standard","meta":{"footnotes":""},"categories":[1],"tags":[6115,1998,5215,4904,31,1014],"class_list":["post-398268","post","type-post","status-publish","format-standard","has-post-thumbnail","hentry","category-noticias","tag-_economia","tag-alcacer-do-sal","tag-catastrofes-naturais","tag-empreendedores","tag-negocios","tag-portugal"],"yoast_head":"<!-- This site is optimized with the Yoast SEO plugin v27.2 - https:\/\/yoast.com\/product\/yoast-seo-wordpress\/ -->\n<title>Loja de brasileira engolida pelas \u00e1guas est\u00e1 pronta para recome\u00e7ar - Portal Tela Portugal<\/title>\n<meta name=\"robots\" content=\"index, follow, max-snippet:-1, max-image-preview:large, max-video-preview:-1\" \/>\n<meta property=\"og:locale\" content=\"pt_PT\" \/>\n<meta property=\"og:type\" content=\"article\" \/>\n<meta property=\"og:title\" content=\"Loja de brasileira engolida pelas \u00e1guas est\u00e1 pronta para recome\u00e7ar - Portal Tela Portugal\" \/>\n<meta property=\"og:description\" content=\"A pastelaria Pedacinho de Amor, de Gleydssiane Gomes, em Alc\u00e1cer do Sal, ficou inundada ap\u00f3s chuvas fortes no in\u00edcio de fevereiro. A inunda\u00e7\u00e3o causou preju\u00edzo estimado de cerca de 24 mil euros; apenas o forno foi salvo. A loja tem dois pisos e o piso inferior, onde fica a cozinha, ficou inundado at\u00e9 ao teto; o piso superior tamb\u00e9m ficou submerso. Desde ent\u00e3o, Gleydssiane produz em casa, por encomenda, e mant\u00e9m a expectativa de reabrir a pastelaria no futuro pr\u00f3ximo. A empres\u00e1ria brasileira pretende continuar a apostar nos minibolos e na tradi\u00e7\u00e3o familiar, confiando na fidelidade dos clientes para reerguer o neg\u00f3cio.\" \/>\n<meta property=\"og:url\" content=\"https:\/\/portaltela.pt\/noticias\/2026\/03\/05\/loja-de-brasileira-engolida-pelas-aguas-esta-pronta-para-recomecar\/\" \/>\n<meta property=\"og:site_name\" content=\"Portal Tela Portugal\" \/>\n<meta property=\"article:published_time\" content=\"2026-03-05T09:31:00+00:00\" \/>\n<meta name=\"author\" content=\"Telinha\" \/>\n<meta name=\"twitter:card\" content=\"summary_large_image\" \/>\n<meta name=\"twitter:label1\" content=\"Escrito por\" \/>\n\t<meta name=\"twitter:data1\" content=\"Telinha\" \/>\n\t<meta name=\"twitter:label2\" content=\"Tempo estimado de leitura\" \/>\n\t<meta name=\"twitter:data2\" content=\"2 minutos\" \/>\n<script type=\"application\/ld+json\" class=\"yoast-schema-graph\">{\"@context\":\"https:\/\/schema.org\",\"@graph\":[{\"@type\":\"Article\",\"@id\":\"https:\/\/portaltela.pt\/noticias\/2026\/03\/05\/loja-de-brasileira-engolida-pelas-aguas-esta-pronta-para-recomecar\/#article\",\"isPartOf\":{\"@id\":\"https:\/\/portaltela.pt\/noticias\/2026\/03\/05\/loja-de-brasileira-engolida-pelas-aguas-esta-pronta-para-recomecar\/\"},\"author\":{\"name\":\"Telinha\",\"@id\":\"https:\/\/portaltela.pt\/#\/schema\/person\/c4278d4a6028830caff9ee44b42d32ed\"},\"headline\":\"Loja de brasileira engolida pelas \u00e1guas est\u00e1 pronta para recome\u00e7ar\",\"datePublished\":\"2026-03-05T09:31:00+00:00\",\"mainEntityOfPage\":{\"@id\":\"https:\/\/portaltela.pt\/noticias\/2026\/03\/05\/loja-de-brasileira-engolida-pelas-aguas-esta-pronta-para-recomecar\/\"},\"wordCount\":330,\"image\":{\"@id\":\"https:\/\/portaltela.pt\/noticias\/2026\/03\/05\/loja-de-brasileira-engolida-pelas-aguas-esta-pronta-para-recomecar\/#primaryimage\"},\"thumbnailUrl\":\"https:\/\/portaltela.pt\/s.01k8rhncp4jt1\/2026\/03\/2071936.jpg\",\"keywords\":[\"_economia\",\"Alc\u00e1cer do Sal\",\"cat\u00e1strofes naturais\",\"empreendedores\",\"neg\u00f3cios\",\"Portugal\"],\"articleSection\":[\"Not\u00edcias\"],\"inLanguage\":\"pt-PT\"},{\"@type\":\"WebPage\",\"@id\":\"https:\/\/portaltela.pt\/noticias\/2026\/03\/05\/loja-de-brasileira-engolida-pelas-aguas-esta-pronta-para-recomecar\/\",\"url\":\"https:\/\/portaltela.pt\/noticias\/2026\/03\/05\/loja-de-brasileira-engolida-pelas-aguas-esta-pronta-para-recomecar\/\",\"name\":\"Loja de brasileira engolida pelas \u00e1guas est\u00e1 pronta para recome\u00e7ar - Portal Tela Portugal\",\"isPartOf\":{\"@id\":\"https:\/\/portaltela.pt\/#website\"},\"primaryImageOfPage\":{\"@id\":\"https:\/\/portaltela.pt\/noticias\/2026\/03\/05\/loja-de-brasileira-engolida-pelas-aguas-esta-pronta-para-recomecar\/#primaryimage\"},\"image\":{\"@id\":\"https:\/\/portaltela.pt\/noticias\/2026\/03\/05\/loja-de-brasileira-engolida-pelas-aguas-esta-pronta-para-recomecar\/#primaryimage\"},\"thumbnailUrl\":\"https:\/\/portaltela.pt\/s.01k8rhncp4jt1\/2026\/03\/2071936.jpg\",\"datePublished\":\"2026-03-05T09:31:00+00:00\",\"author\":{\"@id\":\"https:\/\/portaltela.pt\/#\/schema\/person\/c4278d4a6028830caff9ee44b42d32ed\"},\"breadcrumb\":{\"@id\":\"https:\/\/portaltela.pt\/noticias\/2026\/03\/05\/loja-de-brasileira-engolida-pelas-aguas-esta-pronta-para-recomecar\/#breadcrumb\"},\"inLanguage\":\"pt-PT\",\"potentialAction\":[{\"@type\":\"ReadAction\",\"target\":[\"https:\/\/portaltela.pt\/noticias\/2026\/03\/05\/loja-de-brasileira-engolida-pelas-aguas-esta-pronta-para-recomecar\/\"]}]},{\"@type\":\"ImageObject\",\"inLanguage\":\"pt-PT\",\"@id\":\"https:\/\/portaltela.pt\/noticias\/2026\/03\/05\/loja-de-brasileira-engolida-pelas-aguas-esta-pronta-para-recomecar\/#primaryimage\",\"url\":\"https:\/\/portaltela.pt\/s.01k8rhncp4jt1\/2026\/03\/2071936.jpg\",\"contentUrl\":\"https:\/\/portaltela.pt\/s.01k8rhncp4jt1\/2026\/03\/2071936.jpg\",\"width\":796,\"height\":448,\"caption\":\"Vitrine com doces e salgados da loja de Gleydssiane Gomes. Tudo foi engolido pelas \u00e1guas\"},{\"@type\":\"BreadcrumbList\",\"@id\":\"https:\/\/portaltela.pt\/noticias\/2026\/03\/05\/loja-de-brasileira-engolida-pelas-aguas-esta-pronta-para-recomecar\/#breadcrumb\",\"itemListElement\":[{\"@type\":\"ListItem\",\"position\":1,\"name\":\"In\u00edcio\",\"item\":\"https:\/\/portaltela.pt\/\"},{\"@type\":\"ListItem\",\"position\":2,\"name\":\"Loja de brasileira engolida pelas \u00e1guas est\u00e1 pronta para recome\u00e7ar\"}]},{\"@type\":\"WebSite\",\"@id\":\"https:\/\/portaltela.pt\/#website\",\"url\":\"https:\/\/portaltela.pt\/\",\"name\":\"Portal Tela Portugal\",\"description\":\"\",\"potentialAction\":[{\"@type\":\"SearchAction\",\"target\":{\"@type\":\"EntryPoint\",\"urlTemplate\":\"https:\/\/portaltela.pt\/?s={search_term_string}\"},\"query-input\":{\"@type\":\"PropertyValueSpecification\",\"valueRequired\":true,\"valueName\":\"search_term_string\"}}],\"inLanguage\":\"pt-PT\"},{\"@type\":\"Person\",\"@id\":\"https:\/\/portaltela.pt\/#\/schema\/person\/c4278d4a6028830caff9ee44b42d32ed\",\"name\":\"Telinha\",\"image\":{\"@type\":\"ImageObject\",\"inLanguage\":\"pt-PT\",\"@id\":\"https:\/\/portaltela.pt\/s.01k8rhncp4jt1\/2025\/11\/talking-bot-125x125.png\",\"url\":\"https:\/\/portaltela.pt\/s.01k8rhncp4jt1\/2025\/11\/talking-bot-125x125.png\",\"contentUrl\":\"https:\/\/portaltela.pt\/s.01k8rhncp4jt1\/2025\/11\/talking-bot-125x125.png\",\"caption\":\"Telinha\"},\"sameAs\":[\"https:\/\/portaltela.pt\/\"],\"url\":\"https:\/\/portaltela.pt\/por\/367410592786\/\"}]}<\/script>\n<!-- \/ Yoast SEO plugin. -->","yoast_head_json":{"title":"Loja de brasileira engolida pelas \u00e1guas est\u00e1 pronta para recome\u00e7ar - Portal Tela Portugal","robots":{"index":"index","follow":"follow","max-snippet":"max-snippet:-1","max-image-preview":"max-image-preview:large","max-video-preview":"max-video-preview:-1"},"og_locale":"pt_PT","og_type":"article","og_title":"Loja de brasileira engolida pelas \u00e1guas est\u00e1 pronta para recome\u00e7ar - Portal Tela Portugal","og_description":"A pastelaria Pedacinho de Amor, de Gleydssiane Gomes, em Alc\u00e1cer do Sal, ficou inundada ap\u00f3s chuvas fortes no in\u00edcio de fevereiro. A inunda\u00e7\u00e3o causou preju\u00edzo estimado de cerca de 24 mil euros; apenas o forno foi salvo. A loja tem dois pisos e o piso inferior, onde fica a cozinha, ficou inundado at\u00e9 ao teto; o piso superior tamb\u00e9m ficou submerso. Desde ent\u00e3o, Gleydssiane produz em casa, por encomenda, e mant\u00e9m a expectativa de reabrir a pastelaria no futuro pr\u00f3ximo. A empres\u00e1ria brasileira pretende continuar a apostar nos minibolos e na tradi\u00e7\u00e3o familiar, confiando na fidelidade dos clientes para reerguer o neg\u00f3cio.","og_url":"https:\/\/portaltela.pt\/noticias\/2026\/03\/05\/loja-de-brasileira-engolida-pelas-aguas-esta-pronta-para-recomecar\/","og_site_name":"Portal Tela Portugal","article_published_time":"2026-03-05T09:31:00+00:00","author":"Telinha","twitter_card":"summary_large_image","twitter_misc":{"Escrito por":"Telinha","Tempo estimado de leitura":"2 minutos"},"schema":{"@context":"https:\/\/schema.org","@graph":[{"@type":"Article","@id":"https:\/\/portaltela.pt\/noticias\/2026\/03\/05\/loja-de-brasileira-engolida-pelas-aguas-esta-pronta-para-recomecar\/#article","isPartOf":{"@id":"https:\/\/portaltela.pt\/noticias\/2026\/03\/05\/loja-de-brasileira-engolida-pelas-aguas-esta-pronta-para-recomecar\/"},"author":{"name":"Telinha","@id":"https:\/\/portaltela.pt\/#\/schema\/person\/c4278d4a6028830caff9ee44b42d32ed"},"headline":"Loja de brasileira engolida pelas \u00e1guas est\u00e1 pronta para recome\u00e7ar","datePublished":"2026-03-05T09:31:00+00:00","mainEntityOfPage":{"@id":"https:\/\/portaltela.pt\/noticias\/2026\/03\/05\/loja-de-brasileira-engolida-pelas-aguas-esta-pronta-para-recomecar\/"},"wordCount":330,"image":{"@id":"https:\/\/portaltela.pt\/noticias\/2026\/03\/05\/loja-de-brasileira-engolida-pelas-aguas-esta-pronta-para-recomecar\/#primaryimage"},"thumbnailUrl":"https:\/\/portaltela.pt\/s.01k8rhncp4jt1\/2026\/03\/2071936.jpg","keywords":["_economia","Alc\u00e1cer do Sal","cat\u00e1strofes naturais","empreendedores","neg\u00f3cios","Portugal"],"articleSection":["Not\u00edcias"],"inLanguage":"pt-PT"},{"@type":"WebPage","@id":"https:\/\/portaltela.pt\/noticias\/2026\/03\/05\/loja-de-brasileira-engolida-pelas-aguas-esta-pronta-para-recomecar\/","url":"https:\/\/portaltela.pt\/noticias\/2026\/03\/05\/loja-de-brasileira-engolida-pelas-aguas-esta-pronta-para-recomecar\/","name":"Loja de brasileira engolida pelas \u00e1guas est\u00e1 pronta para recome\u00e7ar - Portal Tela Portugal","isPartOf":{"@id":"https:\/\/portaltela.pt\/#website"},"primaryImageOfPage":{"@id":"https:\/\/portaltela.pt\/noticias\/2026\/03\/05\/loja-de-brasileira-engolida-pelas-aguas-esta-pronta-para-recomecar\/#primaryimage"},"image":{"@id":"https:\/\/portaltela.pt\/noticias\/2026\/03\/05\/loja-de-brasileira-engolida-pelas-aguas-esta-pronta-para-recomecar\/#primaryimage"},"thumbnailUrl":"https:\/\/portaltela.pt\/s.01k8rhncp4jt1\/2026\/03\/2071936.jpg","datePublished":"2026-03-05T09:31:00+00:00","author":{"@id":"https:\/\/portaltela.pt\/#\/schema\/person\/c4278d4a6028830caff9ee44b42d32ed"},"breadcrumb":{"@id":"https:\/\/portaltela.pt\/noticias\/2026\/03\/05\/loja-de-brasileira-engolida-pelas-aguas-esta-pronta-para-recomecar\/#breadcrumb"},"inLanguage":"pt-PT","potentialAction":[{"@type":"ReadAction","target":["https:\/\/portaltela.pt\/noticias\/2026\/03\/05\/loja-de-brasileira-engolida-pelas-aguas-esta-pronta-para-recomecar\/"]}]},{"@type":"ImageObject","inLanguage":"pt-PT","@id":"https:\/\/portaltela.pt\/noticias\/2026\/03\/05\/loja-de-brasileira-engolida-pelas-aguas-esta-pronta-para-recomecar\/#primaryimage","url":"https:\/\/portaltela.pt\/s.01k8rhncp4jt1\/2026\/03\/2071936.jpg","contentUrl":"https:\/\/portaltela.pt\/s.01k8rhncp4jt1\/2026\/03\/2071936.jpg","width":796,"height":448,"caption":"Vitrine com doces e salgados da loja de Gleydssiane Gomes. Tudo foi engolido pelas \u00e1guas"},{"@type":"BreadcrumbList","@id":"https:\/\/portaltela.pt\/noticias\/2026\/03\/05\/loja-de-brasileira-engolida-pelas-aguas-esta-pronta-para-recomecar\/#breadcrumb","itemListElement":[{"@type":"ListItem","position":1,"name":"In\u00edcio","item":"https:\/\/portaltela.pt\/"},{"@type":"ListItem","position":2,"name":"Loja de brasileira engolida pelas \u00e1guas est\u00e1 pronta para recome\u00e7ar"}]},{"@type":"WebSite","@id":"https:\/\/portaltela.pt\/#website","url":"https:\/\/portaltela.pt\/","name":"Portal Tela Portugal","description":"","potentialAction":[{"@type":"SearchAction","target":{"@type":"EntryPoint","urlTemplate":"https:\/\/portaltela.pt\/?s={search_term_string}"},"query-input":{"@type":"PropertyValueSpecification","valueRequired":true,"valueName":"search_term_string"}}],"inLanguage":"pt-PT"},{"@type":"Person","@id":"https:\/\/portaltela.pt\/#\/schema\/person\/c4278d4a6028830caff9ee44b42d32ed","name":"Telinha","image":{"@type":"ImageObject","inLanguage":"pt-PT","@id":"https:\/\/portaltela.pt\/s.01k8rhncp4jt1\/2025\/11\/talking-bot-125x125.png","url":"https:\/\/portaltela.pt\/s.01k8rhncp4jt1\/2025\/11\/talking-bot-125x125.png","contentUrl":"https:\/\/portaltela.pt\/s.01k8rhncp4jt1\/2025\/11\/talking-bot-125x125.png","caption":"Telinha"},"sameAs":["https:\/\/portaltela.pt\/"],"url":"https:\/\/portaltela.pt\/por\/367410592786\/"}]}},"_links":{"self":[{"href":"https:\/\/portaltela.pt\/api\/wp\/v2\/posts\/398268","targetHints":{"allow":["GET"]}}],"collection":[{"href":"https:\/\/portaltela.pt\/api\/wp\/v2\/posts"}],"about":[{"href":"https:\/\/portaltela.pt\/api\/wp\/v2\/types\/post"}],"author":[{"embeddable":true,"href":"https:\/\/portaltela.pt\/api\/wp\/v2\/users\/2"}],"replies":[{"embeddable":true,"href":"https:\/\/portaltela.pt\/api\/wp\/v2\/comments?post=398268"}],"version-history":[{"count":0,"href":"https:\/\/portaltela.pt\/api\/wp\/v2\/posts\/398268\/revisions"}],"wp:featuredmedia":[{"embeddable":true,"href":"https:\/\/portaltela.pt\/api\/wp\/v2\/media\/398287"}],"wp:attachment":[{"href":"https:\/\/portaltela.pt\/api\/wp\/v2\/media?parent=398268"}],"wp:term":[{"taxonomy":"category","embeddable":true,"href":"https:\/\/portaltela.pt\/api\/wp\/v2\/categories?post=398268"},{"taxonomy":"post_tag","embeddable":true,"href":"https:\/\/portaltela.pt\/api\/wp\/v2\/tags?post=398268"}],"curies":[{"name":"wp","href":"https:\/\/api.w.org\/{rel}","templated":true}]}}