{"id":398236,"date":"2026-03-05T06:27:11","date_gmt":"2026-03-05T09:27:11","guid":{"rendered":"https:\/\/portaltela.pt\/noticias\/2026\/03\/05\/sapadores-florestais-acusados-de-abusos-em-liberdade-com-pulseira-eletronica\/"},"modified":"2026-03-05T06:27:11","modified_gmt":"2026-03-05T09:27:11","slug":"sapadores-florestais-acusados-de-abusos-em-liberdade-com-pulseira-eletronica","status":"publish","type":"post","link":"https:\/\/portaltela.pt\/noticias\/2026\/03\/05\/sapadores-florestais-acusados-de-abusos-em-liberdade-com-pulseira-eletronica\/","title":{"rendered":"Sapadores florestais acusados de abusos em liberdade com pulseira eletr\u00f3nica"},"content":{"rendered":"<p>Ap\u00f3s um conjunto de casos reportados, seguem os destaques da atualiza\u00e7\u00e3o jornal\u00edstica mais recente. A maioria envolve decis\u00f5es judiciais, deten\u00e7\u00f5es e incidentes de viol\u00eancia, com desfechos variados. A n\u00edvel regional, os casos cobrem diferentes concelhos e situa\u00e7\u00f5es, desde abusos e crimes sexuais at\u00e9 acidentes de tr\u00e2nsito, agress\u00f5es a animais e decis\u00f5es de justi\u00e7a.<\/p>\n<p>No \u00e2mbito da justi\u00e7a, operacionais de sapadores florestais continuam sob vigil\u00e2ncia, com medidas restritivas impostas. Em Seia, agressores sexuais suspeitos de abusos contra um homem foram suspensos de fun\u00e7\u00f5es na c\u00e2mara municipal. Em Montemor-o-Novo, um casal foi detido ap\u00f3s alega\u00e7\u00f5es de abuso contra filhas adolescentes. Em Castelo de Paiva, um incendi\u00e1rio reincidente foi condenado a termos de pris\u00e3o efetiva.<\/p>\n<p>Ainda sobre seguran\u00e7a p\u00fablica, um ve\u00edculo despistou-se numa ribanceira e resultou na morte de uma pessoa no Algarve, envolvendo uma ocorr\u00eancia tragicamente fatal. Em termos de bem-estar animal, em Paredes foram registados 19 animais mortos devido a c\u00e3es vadios, levantando a necessidade de monitoriza\u00e7\u00e3o local. No panorama jur\u00eddico, o mesmo ciclo de not\u00edcias refere-se a uma condena\u00e7\u00e3o de cinco anos e meio de pris\u00e3o efetiva para um incendi\u00e1rio reincidente em Castelo de Paiva.<\/p>\n<p>No cap\u00edtulo de declara\u00e7\u00f5es p\u00fablicas, o confronto entre figuras pol\u00edticas surge em rela\u00e7\u00e3o a um caso espec\u00edfico que envolve o deputado Alberto Costa, com coment\u00e1rios sobre as circunst\u00e2ncias que rodeiam uma tra\u00e7adela, contudo sem evolu\u00e7\u00e3o imediata em termos de resolu\u00e7\u00e3o oficial.<\/p>\n","protected":false},"excerpt":{"rendered":"<ul>\n<li>Sapadores florestais acusados de abusos ficam em liberdade, com pulseira eletr\u00f3nica.<\/li>\n<li>Agressores sexuais suspeitos de abusar de um homem foram tamb\u00e9m suspensos de fun\u00e7\u00f5es na C\u00e2mara Municipal de Seia.<\/li>\n<li>Incendi\u00e1rio reincidente de Castelo de Paiva foi condenado a cinco anos e meio de pris\u00e3o efetiva.<\/li>\n<li>Um homem morreu num despiste de viatura numa ribanceira em Castro Marim, no Algarve.<\/li>\n<li>Vinte animais foram mortos por c\u00e3es vadios em Paredes.<\/li>\n<\/ul>\n","protected":false},"author":2,"featured_media":398248,"comment_status":"closed","ping_status":"closed","sticky":false,"template":"","format":"standard","meta":{"footnotes":""},"categories":[1],"tags":[5866,2079,5680,3315,2965,3954],"class_list":["post-398236","post","type-post","status-publish","format-standard","has-post-thumbnail","hentry","category-noticias","tag-abusos","tag-agressoes","tag-castelo-de-paiva","tag-pulseira-eletronica","tag-sapadores","tag-seia"],"yoast_head":"<!-- This site is optimized with the Yoast SEO plugin v27.2 - https:\/\/yoast.com\/product\/yoast-seo-wordpress\/ -->\n<title>Sapadores florestais acusados de abusos em liberdade com pulseira eletr\u00f3nica - Portal Tela Portugal<\/title>\n<meta name=\"robots\" content=\"index, follow, max-snippet:-1, max-image-preview:large, max-video-preview:-1\" \/>\n<meta property=\"og:locale\" content=\"pt_PT\" \/>\n<meta property=\"og:type\" content=\"article\" \/>\n<meta property=\"og:title\" content=\"Sapadores florestais acusados de abusos em liberdade com pulseira eletr\u00f3nica - Portal Tela Portugal\" \/>\n<meta property=\"og:description\" content=\"Sapadores florestais acusados de abusos ficam em liberdade, com pulseira eletr\u00f3nica. Agressores sexuais suspeitos de abusar de um homem foram tamb\u00e9m suspensos de fun\u00e7\u00f5es na C\u00e2mara Municipal de Seia. Incendi\u00e1rio reincidente de Castelo de Paiva foi condenado a cinco anos e meio de pris\u00e3o efetiva. Um homem morreu num despiste de viatura numa ribanceira em Castro Marim, no Algarve. Vinte animais foram mortos por c\u00e3es vadios em Paredes.\" \/>\n<meta property=\"og:url\" content=\"https:\/\/portaltela.pt\/noticias\/2026\/03\/05\/sapadores-florestais-acusados-de-abusos-em-liberdade-com-pulseira-eletronica\/\" \/>\n<meta property=\"og:site_name\" content=\"Portal Tela Portugal\" \/>\n<meta property=\"article:published_time\" content=\"2026-03-05T09:27:11+00:00\" \/>\n<meta name=\"author\" content=\"Telinha\" \/>\n<meta name=\"twitter:card\" content=\"summary_large_image\" \/>\n<meta name=\"twitter:label1\" content=\"Escrito por\" \/>\n\t<meta name=\"twitter:data1\" content=\"Telinha\" \/>\n\t<meta name=\"twitter:label2\" content=\"Tempo estimado de leitura\" \/>\n\t<meta name=\"twitter:data2\" content=\"1 minuto\" \/>\n<script type=\"application\/ld+json\" class=\"yoast-schema-graph\">{\"@context\":\"https:\/\/schema.org\",\"@graph\":[{\"@type\":\"Article\",\"@id\":\"https:\/\/portaltela.pt\/noticias\/2026\/03\/05\/sapadores-florestais-acusados-de-abusos-em-liberdade-com-pulseira-eletronica\/#article\",\"isPartOf\":{\"@id\":\"https:\/\/portaltela.pt\/noticias\/2026\/03\/05\/sapadores-florestais-acusados-de-abusos-em-liberdade-com-pulseira-eletronica\/\"},\"author\":{\"name\":\"Telinha\",\"@id\":\"https:\/\/portaltela.pt\/#\/schema\/person\/c4278d4a6028830caff9ee44b42d32ed\"},\"headline\":\"Sapadores florestais acusados de abusos em liberdade com pulseira eletr\u00f3nica\",\"datePublished\":\"2026-03-05T09:27:11+00:00\",\"mainEntityOfPage\":{\"@id\":\"https:\/\/portaltela.pt\/noticias\/2026\/03\/05\/sapadores-florestais-acusados-de-abusos-em-liberdade-com-pulseira-eletronica\/\"},\"wordCount\":278,\"image\":{\"@id\":\"https:\/\/portaltela.pt\/noticias\/2026\/03\/05\/sapadores-florestais-acusados-de-abusos-em-liberdade-com-pulseira-eletronica\/#primaryimage\"},\"thumbnailUrl\":\"https:\/\/portaltela.pt\/s.01k8rhncp4jt1\/2026\/03\/img_1280x722uu2026-03-04-19-38-00-2270434.jpg\",\"keywords\":[\"abusos\",\"agress\u00f5es\",\"Castelo de Paiva\",\"pulseira eletr\u00f3nica\",\"Sapadores\",\"Seia\"],\"articleSection\":[\"Not\u00edcias\"],\"inLanguage\":\"pt-PT\"},{\"@type\":\"WebPage\",\"@id\":\"https:\/\/portaltela.pt\/noticias\/2026\/03\/05\/sapadores-florestais-acusados-de-abusos-em-liberdade-com-pulseira-eletronica\/\",\"url\":\"https:\/\/portaltela.pt\/noticias\/2026\/03\/05\/sapadores-florestais-acusados-de-abusos-em-liberdade-com-pulseira-eletronica\/\",\"name\":\"Sapadores florestais acusados de abusos em liberdade com pulseira eletr\u00f3nica - Portal Tela Portugal\",\"isPartOf\":{\"@id\":\"https:\/\/portaltela.pt\/#website\"},\"primaryImageOfPage\":{\"@id\":\"https:\/\/portaltela.pt\/noticias\/2026\/03\/05\/sapadores-florestais-acusados-de-abusos-em-liberdade-com-pulseira-eletronica\/#primaryimage\"},\"image\":{\"@id\":\"https:\/\/portaltela.pt\/noticias\/2026\/03\/05\/sapadores-florestais-acusados-de-abusos-em-liberdade-com-pulseira-eletronica\/#primaryimage\"},\"thumbnailUrl\":\"https:\/\/portaltela.pt\/s.01k8rhncp4jt1\/2026\/03\/img_1280x722uu2026-03-04-19-38-00-2270434.jpg\",\"datePublished\":\"2026-03-05T09:27:11+00:00\",\"author\":{\"@id\":\"https:\/\/portaltela.pt\/#\/schema\/person\/c4278d4a6028830caff9ee44b42d32ed\"},\"breadcrumb\":{\"@id\":\"https:\/\/portaltela.pt\/noticias\/2026\/03\/05\/sapadores-florestais-acusados-de-abusos-em-liberdade-com-pulseira-eletronica\/#breadcrumb\"},\"inLanguage\":\"pt-PT\",\"potentialAction\":[{\"@type\":\"ReadAction\",\"target\":[\"https:\/\/portaltela.pt\/noticias\/2026\/03\/05\/sapadores-florestais-acusados-de-abusos-em-liberdade-com-pulseira-eletronica\/\"]}]},{\"@type\":\"ImageObject\",\"inLanguage\":\"pt-PT\",\"@id\":\"https:\/\/portaltela.pt\/noticias\/2026\/03\/05\/sapadores-florestais-acusados-de-abusos-em-liberdade-com-pulseira-eletronica\/#primaryimage\",\"url\":\"https:\/\/portaltela.pt\/s.01k8rhncp4jt1\/2026\/03\/img_1280x722uu2026-03-04-19-38-00-2270434.jpg\",\"contentUrl\":\"https:\/\/portaltela.pt\/s.01k8rhncp4jt1\/2026\/03\/img_1280x722uu2026-03-04-19-38-00-2270434.jpg\",\"width\":1280,\"height\":722,\"caption\":\"Photo\"},{\"@type\":\"BreadcrumbList\",\"@id\":\"https:\/\/portaltela.pt\/noticias\/2026\/03\/05\/sapadores-florestais-acusados-de-abusos-em-liberdade-com-pulseira-eletronica\/#breadcrumb\",\"itemListElement\":[{\"@type\":\"ListItem\",\"position\":1,\"name\":\"In\u00edcio\",\"item\":\"https:\/\/portaltela.pt\/\"},{\"@type\":\"ListItem\",\"position\":2,\"name\":\"Sapadores florestais acusados de abusos em liberdade com pulseira eletr\u00f3nica\"}]},{\"@type\":\"WebSite\",\"@id\":\"https:\/\/portaltela.pt\/#website\",\"url\":\"https:\/\/portaltela.pt\/\",\"name\":\"Portal Tela Portugal\",\"description\":\"\",\"potentialAction\":[{\"@type\":\"SearchAction\",\"target\":{\"@type\":\"EntryPoint\",\"urlTemplate\":\"https:\/\/portaltela.pt\/?s={search_term_string}\"},\"query-input\":{\"@type\":\"PropertyValueSpecification\",\"valueRequired\":true,\"valueName\":\"search_term_string\"}}],\"inLanguage\":\"pt-PT\"},{\"@type\":\"Person\",\"@id\":\"https:\/\/portaltela.pt\/#\/schema\/person\/c4278d4a6028830caff9ee44b42d32ed\",\"name\":\"Telinha\",\"image\":{\"@type\":\"ImageObject\",\"inLanguage\":\"pt-PT\",\"@id\":\"https:\/\/portaltela.pt\/s.01k8rhncp4jt1\/2025\/11\/talking-bot-125x125.png\",\"url\":\"https:\/\/portaltela.pt\/s.01k8rhncp4jt1\/2025\/11\/talking-bot-125x125.png\",\"contentUrl\":\"https:\/\/portaltela.pt\/s.01k8rhncp4jt1\/2025\/11\/talking-bot-125x125.png\",\"caption\":\"Telinha\"},\"sameAs\":[\"https:\/\/portaltela.pt\/\"],\"url\":\"https:\/\/portaltela.pt\/por\/367410592786\/\"}]}<\/script>\n<!-- \/ Yoast SEO plugin. -->","yoast_head_json":{"title":"Sapadores florestais acusados de abusos em liberdade com pulseira eletr\u00f3nica - Portal Tela Portugal","robots":{"index":"index","follow":"follow","max-snippet":"max-snippet:-1","max-image-preview":"max-image-preview:large","max-video-preview":"max-video-preview:-1"},"og_locale":"pt_PT","og_type":"article","og_title":"Sapadores florestais acusados de abusos em liberdade com pulseira eletr\u00f3nica - Portal Tela Portugal","og_description":"Sapadores florestais acusados de abusos ficam em liberdade, com pulseira eletr\u00f3nica. Agressores sexuais suspeitos de abusar de um homem foram tamb\u00e9m suspensos de fun\u00e7\u00f5es na C\u00e2mara Municipal de Seia. Incendi\u00e1rio reincidente de Castelo de Paiva foi condenado a cinco anos e meio de pris\u00e3o efetiva. Um homem morreu num despiste de viatura numa ribanceira em Castro Marim, no Algarve. Vinte animais foram mortos por c\u00e3es vadios em Paredes.","og_url":"https:\/\/portaltela.pt\/noticias\/2026\/03\/05\/sapadores-florestais-acusados-de-abusos-em-liberdade-com-pulseira-eletronica\/","og_site_name":"Portal Tela Portugal","article_published_time":"2026-03-05T09:27:11+00:00","author":"Telinha","twitter_card":"summary_large_image","twitter_misc":{"Escrito por":"Telinha","Tempo estimado de leitura":"1 minuto"},"schema":{"@context":"https:\/\/schema.org","@graph":[{"@type":"Article","@id":"https:\/\/portaltela.pt\/noticias\/2026\/03\/05\/sapadores-florestais-acusados-de-abusos-em-liberdade-com-pulseira-eletronica\/#article","isPartOf":{"@id":"https:\/\/portaltela.pt\/noticias\/2026\/03\/05\/sapadores-florestais-acusados-de-abusos-em-liberdade-com-pulseira-eletronica\/"},"author":{"name":"Telinha","@id":"https:\/\/portaltela.pt\/#\/schema\/person\/c4278d4a6028830caff9ee44b42d32ed"},"headline":"Sapadores florestais acusados de abusos em liberdade com pulseira eletr\u00f3nica","datePublished":"2026-03-05T09:27:11+00:00","mainEntityOfPage":{"@id":"https:\/\/portaltela.pt\/noticias\/2026\/03\/05\/sapadores-florestais-acusados-de-abusos-em-liberdade-com-pulseira-eletronica\/"},"wordCount":278,"image":{"@id":"https:\/\/portaltela.pt\/noticias\/2026\/03\/05\/sapadores-florestais-acusados-de-abusos-em-liberdade-com-pulseira-eletronica\/#primaryimage"},"thumbnailUrl":"https:\/\/portaltela.pt\/s.01k8rhncp4jt1\/2026\/03\/img_1280x722uu2026-03-04-19-38-00-2270434.jpg","keywords":["abusos","agress\u00f5es","Castelo de Paiva","pulseira eletr\u00f3nica","Sapadores","Seia"],"articleSection":["Not\u00edcias"],"inLanguage":"pt-PT"},{"@type":"WebPage","@id":"https:\/\/portaltela.pt\/noticias\/2026\/03\/05\/sapadores-florestais-acusados-de-abusos-em-liberdade-com-pulseira-eletronica\/","url":"https:\/\/portaltela.pt\/noticias\/2026\/03\/05\/sapadores-florestais-acusados-de-abusos-em-liberdade-com-pulseira-eletronica\/","name":"Sapadores florestais acusados de abusos em liberdade com pulseira eletr\u00f3nica - Portal Tela Portugal","isPartOf":{"@id":"https:\/\/portaltela.pt\/#website"},"primaryImageOfPage":{"@id":"https:\/\/portaltela.pt\/noticias\/2026\/03\/05\/sapadores-florestais-acusados-de-abusos-em-liberdade-com-pulseira-eletronica\/#primaryimage"},"image":{"@id":"https:\/\/portaltela.pt\/noticias\/2026\/03\/05\/sapadores-florestais-acusados-de-abusos-em-liberdade-com-pulseira-eletronica\/#primaryimage"},"thumbnailUrl":"https:\/\/portaltela.pt\/s.01k8rhncp4jt1\/2026\/03\/img_1280x722uu2026-03-04-19-38-00-2270434.jpg","datePublished":"2026-03-05T09:27:11+00:00","author":{"@id":"https:\/\/portaltela.pt\/#\/schema\/person\/c4278d4a6028830caff9ee44b42d32ed"},"breadcrumb":{"@id":"https:\/\/portaltela.pt\/noticias\/2026\/03\/05\/sapadores-florestais-acusados-de-abusos-em-liberdade-com-pulseira-eletronica\/#breadcrumb"},"inLanguage":"pt-PT","potentialAction":[{"@type":"ReadAction","target":["https:\/\/portaltela.pt\/noticias\/2026\/03\/05\/sapadores-florestais-acusados-de-abusos-em-liberdade-com-pulseira-eletronica\/"]}]},{"@type":"ImageObject","inLanguage":"pt-PT","@id":"https:\/\/portaltela.pt\/noticias\/2026\/03\/05\/sapadores-florestais-acusados-de-abusos-em-liberdade-com-pulseira-eletronica\/#primaryimage","url":"https:\/\/portaltela.pt\/s.01k8rhncp4jt1\/2026\/03\/img_1280x722uu2026-03-04-19-38-00-2270434.jpg","contentUrl":"https:\/\/portaltela.pt\/s.01k8rhncp4jt1\/2026\/03\/img_1280x722uu2026-03-04-19-38-00-2270434.jpg","width":1280,"height":722,"caption":"Photo"},{"@type":"BreadcrumbList","@id":"https:\/\/portaltela.pt\/noticias\/2026\/03\/05\/sapadores-florestais-acusados-de-abusos-em-liberdade-com-pulseira-eletronica\/#breadcrumb","itemListElement":[{"@type":"ListItem","position":1,"name":"In\u00edcio","item":"https:\/\/portaltela.pt\/"},{"@type":"ListItem","position":2,"name":"Sapadores florestais acusados de abusos em liberdade com pulseira eletr\u00f3nica"}]},{"@type":"WebSite","@id":"https:\/\/portaltela.pt\/#website","url":"https:\/\/portaltela.pt\/","name":"Portal Tela Portugal","description":"","potentialAction":[{"@type":"SearchAction","target":{"@type":"EntryPoint","urlTemplate":"https:\/\/portaltela.pt\/?s={search_term_string}"},"query-input":{"@type":"PropertyValueSpecification","valueRequired":true,"valueName":"search_term_string"}}],"inLanguage":"pt-PT"},{"@type":"Person","@id":"https:\/\/portaltela.pt\/#\/schema\/person\/c4278d4a6028830caff9ee44b42d32ed","name":"Telinha","image":{"@type":"ImageObject","inLanguage":"pt-PT","@id":"https:\/\/portaltela.pt\/s.01k8rhncp4jt1\/2025\/11\/talking-bot-125x125.png","url":"https:\/\/portaltela.pt\/s.01k8rhncp4jt1\/2025\/11\/talking-bot-125x125.png","contentUrl":"https:\/\/portaltela.pt\/s.01k8rhncp4jt1\/2025\/11\/talking-bot-125x125.png","caption":"Telinha"},"sameAs":["https:\/\/portaltela.pt\/"],"url":"https:\/\/portaltela.pt\/por\/367410592786\/"}]}},"_links":{"self":[{"href":"https:\/\/portaltela.pt\/api\/wp\/v2\/posts\/398236","targetHints":{"allow":["GET"]}}],"collection":[{"href":"https:\/\/portaltela.pt\/api\/wp\/v2\/posts"}],"about":[{"href":"https:\/\/portaltela.pt\/api\/wp\/v2\/types\/post"}],"author":[{"embeddable":true,"href":"https:\/\/portaltela.pt\/api\/wp\/v2\/users\/2"}],"replies":[{"embeddable":true,"href":"https:\/\/portaltela.pt\/api\/wp\/v2\/comments?post=398236"}],"version-history":[{"count":0,"href":"https:\/\/portaltela.pt\/api\/wp\/v2\/posts\/398236\/revisions"}],"wp:featuredmedia":[{"embeddable":true,"href":"https:\/\/portaltela.pt\/api\/wp\/v2\/media\/398248"}],"wp:attachment":[{"href":"https:\/\/portaltela.pt\/api\/wp\/v2\/media?parent=398236"}],"wp:term":[{"taxonomy":"category","embeddable":true,"href":"https:\/\/portaltela.pt\/api\/wp\/v2\/categories?post=398236"},{"taxonomy":"post_tag","embeddable":true,"href":"https:\/\/portaltela.pt\/api\/wp\/v2\/tags?post=398236"}],"curies":[{"name":"wp","href":"https:\/\/api.w.org\/{rel}","templated":true}]}}