{"id":398235,"date":"2026-03-05T06:27:00","date_gmt":"2026-03-05T09:27:00","guid":{"rendered":"https:\/\/portaltela.pt\/noticias\/2026\/03\/05\/benfica-lamenta-a-morte-de-antonio-lobo-antunes-ilustre-adepto\/"},"modified":"2026-03-05T06:27:00","modified_gmt":"2026-03-05T09:27:00","slug":"benfica-lamenta-a-morte-de-antonio-lobo-antunes-ilustre-adepto","status":"publish","type":"post","link":"https:\/\/portaltela.pt\/noticias\/2026\/03\/05\/benfica-lamenta-a-morte-de-antonio-lobo-antunes-ilustre-adepto\/","title":{"rendered":"Benfica lamenta a morte de Ant\u00f3nio Lobo Antunes, ilustre adepto"},"content":{"rendered":"<p>O Sport Lisboa e Benfica emitiu esta quinta-feira um comunicado de pesar pela morte de Ant\u00f3nio Lobo Antunes, aos 83 anos, escritor portugu\u00eas e conhecido adepto do clube. A not\u00edcia foi tornada p\u00fablica momentos depois da divulga\u00e7\u00e3o do falecimento.<\/p>\n<p>O Benfica recorda a liga\u00e7\u00e3o afetiva de Lobo Antunes ao clube ao longo de v\u00e1rias d\u00e9cadas, com a voz dele marcada pela identifica\u00e7\u00e3o com o benfiquismo. O texto assinala a presen\u00e7a cont\u00ednua do escritor na mem\u00f3ria do clube.<\/p>\n<p>Na mensagem, o clube relembra uma entrevista de 2014 dada \u00e0 Record, em que o autor apontou a ambi\u00e7\u00e3o de se tornar uma refer\u00eancia na literatura, refletindo a densidade intelectual associada ao seu trabalho.<\/p>\n<p>O comunicado destaca ainda a lembran\u00e7a de uma \u00e9poca da Guerra Colonial, quando o escritor afirmou que, enquanto o Benfica jogava, n\u00e3o havia guerra, enfatizando o significado simb\u00f3lico do clube.<\/p>\n<p>Com a sua perda, Portugal fica a perder um escritor de relevo, cuja obra e vis\u00e3o deixam um legado cultural significativo, segundo o Benfica.<\/p>\n<p>O Sport Lisboa e Benfica endere\u00e7a as condol\u00eancias \u00e0 fam\u00edlia, aos amigos e aos admiradores de Ant\u00f3nio Lobo Antunes, associando-se ao luto de todos os que reconhecem a import\u00e2ncia da sua obra.<\/p>\n","protected":false},"excerpt":{"rendered":"<ul>\n<li>O Sport Lisboa e Benfica emitiu uma nota de pesar pela morte de Ant\u00f3nio Lobo Antunes, aos 83 anos.<\/li>\n<li>O escritor portugu\u00eas era um dos mais ilustres adeptos do clube e manteve uma liga\u00e7\u00e3o afetiva de d\u00e9cadas com o Benfica.<\/li>\n<li>Na mensagem, o clube recorda declara\u00e7\u00f5es do escritor, incluindo o desejo de ser &#8220;\u00c1guas da literatura&#8221; e o coment\u00e1rio de que, &#8220;enquanto o Benfica jogava, n\u00e3o havia guerra&#8221; durante a Guerra Colonial.<\/li>\n<li>O comunicado enfatiza a influ\u00eancia da obra de Lobo Antunes e do benfiquismo na identidade cultural portuguesa.<\/li>\n<li>O Benfica transmite as suas condol\u00eancias \u00e0 fam\u00edlia, amigos e admiradores, associando-se ao luto de quem reconhece o legado do escritor.<\/li>\n<\/ul>\n","protected":false},"author":2,"featured_media":398246,"comment_status":"closed","ping_status":"closed","sticky":false,"template":"","format":"standard","meta":{"footnotes":""},"categories":[1],"tags":[1946,145,6654,62,5200,1014],"class_list":["post-398235","post","type-post","status-publish","format-standard","has-post-thumbnail","hentry","category-noticias","tag-benfica","tag-cultura","tag-escritores","tag-guerra","tag-literatura-comparada","tag-portugal"],"yoast_head":"<!-- This site is optimized with the Yoast SEO plugin v27.2 - https:\/\/yoast.com\/product\/yoast-seo-wordpress\/ -->\n<title>Benfica lamenta a morte de Ant\u00f3nio Lobo Antunes, ilustre adepto - Portal Tela Portugal<\/title>\n<meta name=\"robots\" content=\"index, follow, max-snippet:-1, max-image-preview:large, max-video-preview:-1\" \/>\n<meta property=\"og:locale\" content=\"pt_PT\" \/>\n<meta property=\"og:type\" content=\"article\" \/>\n<meta property=\"og:title\" content=\"Benfica lamenta a morte de Ant\u00f3nio Lobo Antunes, ilustre adepto - Portal Tela Portugal\" \/>\n<meta property=\"og:description\" content=\"O Sport Lisboa e Benfica emitiu uma nota de pesar pela morte de Ant\u00f3nio Lobo Antunes, aos 83 anos. O escritor portugu\u00eas era um dos mais ilustres adeptos do clube e manteve uma liga\u00e7\u00e3o afetiva de d\u00e9cadas com o Benfica. Na mensagem, o clube recorda declara\u00e7\u00f5es do escritor, incluindo o desejo de ser &quot;\u00c1guas da literatura&quot; e o coment\u00e1rio de que, &quot;enquanto o Benfica jogava, n\u00e3o havia guerra&quot; durante a Guerra Colonial. O comunicado enfatiza a influ\u00eancia da obra de Lobo Antunes e do benfiquismo na identidade cultural portuguesa. O Benfica transmite as suas condol\u00eancias \u00e0 fam\u00edlia, amigos e admiradores, associando-se ao luto de quem reconhece o legado do escritor.\" \/>\n<meta property=\"og:url\" content=\"https:\/\/portaltela.pt\/noticias\/2026\/03\/05\/benfica-lamenta-a-morte-de-antonio-lobo-antunes-ilustre-adepto\/\" \/>\n<meta property=\"og:site_name\" content=\"Portal Tela Portugal\" \/>\n<meta property=\"article:published_time\" content=\"2026-03-05T09:27:00+00:00\" \/>\n<meta name=\"author\" content=\"Telinha\" \/>\n<meta name=\"twitter:card\" content=\"summary_large_image\" \/>\n<meta name=\"twitter:label1\" content=\"Escrito por\" \/>\n\t<meta name=\"twitter:data1\" content=\"Telinha\" \/>\n\t<meta name=\"twitter:label2\" content=\"Tempo estimado de leitura\" \/>\n\t<meta name=\"twitter:data2\" content=\"1 minuto\" \/>\n<script type=\"application\/ld+json\" class=\"yoast-schema-graph\">{\"@context\":\"https:\/\/schema.org\",\"@graph\":[{\"@type\":\"Article\",\"@id\":\"https:\/\/portaltela.pt\/noticias\/2026\/03\/05\/benfica-lamenta-a-morte-de-antonio-lobo-antunes-ilustre-adepto\/#article\",\"isPartOf\":{\"@id\":\"https:\/\/portaltela.pt\/noticias\/2026\/03\/05\/benfica-lamenta-a-morte-de-antonio-lobo-antunes-ilustre-adepto\/\"},\"author\":{\"name\":\"Telinha\",\"@id\":\"https:\/\/portaltela.pt\/#\/schema\/person\/c4278d4a6028830caff9ee44b42d32ed\"},\"headline\":\"Benfica lamenta a morte de Ant\u00f3nio Lobo Antunes, ilustre adepto\",\"datePublished\":\"2026-03-05T09:27:00+00:00\",\"mainEntityOfPage\":{\"@id\":\"https:\/\/portaltela.pt\/noticias\/2026\/03\/05\/benfica-lamenta-a-morte-de-antonio-lobo-antunes-ilustre-adepto\/\"},\"wordCount\":227,\"image\":{\"@id\":\"https:\/\/portaltela.pt\/noticias\/2026\/03\/05\/benfica-lamenta-a-morte-de-antonio-lobo-antunes-ilustre-adepto\/#primaryimage\"},\"thumbnailUrl\":\"https:\/\/portaltela.pt\/s.01k8rhncp4jt1\/2026\/03\/img_920x518uu2026-03-05-09-27-14-2425033.jpg\",\"keywords\":[\"Benfica\",\"cultura\",\"escritores\",\"guerra\",\"Literatura Comparada\",\"Portugal\"],\"articleSection\":[\"Not\u00edcias\"],\"inLanguage\":\"pt-PT\"},{\"@type\":\"WebPage\",\"@id\":\"https:\/\/portaltela.pt\/noticias\/2026\/03\/05\/benfica-lamenta-a-morte-de-antonio-lobo-antunes-ilustre-adepto\/\",\"url\":\"https:\/\/portaltela.pt\/noticias\/2026\/03\/05\/benfica-lamenta-a-morte-de-antonio-lobo-antunes-ilustre-adepto\/\",\"name\":\"Benfica lamenta a morte de Ant\u00f3nio Lobo Antunes, ilustre adepto - Portal Tela Portugal\",\"isPartOf\":{\"@id\":\"https:\/\/portaltela.pt\/#website\"},\"primaryImageOfPage\":{\"@id\":\"https:\/\/portaltela.pt\/noticias\/2026\/03\/05\/benfica-lamenta-a-morte-de-antonio-lobo-antunes-ilustre-adepto\/#primaryimage\"},\"image\":{\"@id\":\"https:\/\/portaltela.pt\/noticias\/2026\/03\/05\/benfica-lamenta-a-morte-de-antonio-lobo-antunes-ilustre-adepto\/#primaryimage\"},\"thumbnailUrl\":\"https:\/\/portaltela.pt\/s.01k8rhncp4jt1\/2026\/03\/img_920x518uu2026-03-05-09-27-14-2425033.jpg\",\"datePublished\":\"2026-03-05T09:27:00+00:00\",\"author\":{\"@id\":\"https:\/\/portaltela.pt\/#\/schema\/person\/c4278d4a6028830caff9ee44b42d32ed\"},\"breadcrumb\":{\"@id\":\"https:\/\/portaltela.pt\/noticias\/2026\/03\/05\/benfica-lamenta-a-morte-de-antonio-lobo-antunes-ilustre-adepto\/#breadcrumb\"},\"inLanguage\":\"pt-PT\",\"potentialAction\":[{\"@type\":\"ReadAction\",\"target\":[\"https:\/\/portaltela.pt\/noticias\/2026\/03\/05\/benfica-lamenta-a-morte-de-antonio-lobo-antunes-ilustre-adepto\/\"]}]},{\"@type\":\"ImageObject\",\"inLanguage\":\"pt-PT\",\"@id\":\"https:\/\/portaltela.pt\/noticias\/2026\/03\/05\/benfica-lamenta-a-morte-de-antonio-lobo-antunes-ilustre-adepto\/#primaryimage\",\"url\":\"https:\/\/portaltela.pt\/s.01k8rhncp4jt1\/2026\/03\/img_920x518uu2026-03-05-09-27-14-2425033.jpg\",\"contentUrl\":\"https:\/\/portaltela.pt\/s.01k8rhncp4jt1\/2026\/03\/img_920x518uu2026-03-05-09-27-14-2425033.jpg\",\"width\":920,\"height\":518,\"caption\":\"Ant\u00f3nio Lobo Antunes morreu esta quinta-feira aos 83 anos\"},{\"@type\":\"BreadcrumbList\",\"@id\":\"https:\/\/portaltela.pt\/noticias\/2026\/03\/05\/benfica-lamenta-a-morte-de-antonio-lobo-antunes-ilustre-adepto\/#breadcrumb\",\"itemListElement\":[{\"@type\":\"ListItem\",\"position\":1,\"name\":\"In\u00edcio\",\"item\":\"https:\/\/portaltela.pt\/\"},{\"@type\":\"ListItem\",\"position\":2,\"name\":\"Benfica lamenta a morte de Ant\u00f3nio Lobo Antunes, ilustre adepto\"}]},{\"@type\":\"WebSite\",\"@id\":\"https:\/\/portaltela.pt\/#website\",\"url\":\"https:\/\/portaltela.pt\/\",\"name\":\"Portal Tela Portugal\",\"description\":\"\",\"potentialAction\":[{\"@type\":\"SearchAction\",\"target\":{\"@type\":\"EntryPoint\",\"urlTemplate\":\"https:\/\/portaltela.pt\/?s={search_term_string}\"},\"query-input\":{\"@type\":\"PropertyValueSpecification\",\"valueRequired\":true,\"valueName\":\"search_term_string\"}}],\"inLanguage\":\"pt-PT\"},{\"@type\":\"Person\",\"@id\":\"https:\/\/portaltela.pt\/#\/schema\/person\/c4278d4a6028830caff9ee44b42d32ed\",\"name\":\"Telinha\",\"image\":{\"@type\":\"ImageObject\",\"inLanguage\":\"pt-PT\",\"@id\":\"https:\/\/portaltela.pt\/s.01k8rhncp4jt1\/2025\/11\/talking-bot-125x125.png\",\"url\":\"https:\/\/portaltela.pt\/s.01k8rhncp4jt1\/2025\/11\/talking-bot-125x125.png\",\"contentUrl\":\"https:\/\/portaltela.pt\/s.01k8rhncp4jt1\/2025\/11\/talking-bot-125x125.png\",\"caption\":\"Telinha\"},\"sameAs\":[\"https:\/\/portaltela.pt\/\"],\"url\":\"https:\/\/portaltela.pt\/por\/367410592786\/\"}]}<\/script>\n<!-- \/ Yoast SEO plugin. -->","yoast_head_json":{"title":"Benfica lamenta a morte de Ant\u00f3nio Lobo Antunes, ilustre adepto - Portal Tela Portugal","robots":{"index":"index","follow":"follow","max-snippet":"max-snippet:-1","max-image-preview":"max-image-preview:large","max-video-preview":"max-video-preview:-1"},"og_locale":"pt_PT","og_type":"article","og_title":"Benfica lamenta a morte de Ant\u00f3nio Lobo Antunes, ilustre adepto - Portal Tela Portugal","og_description":"O Sport Lisboa e Benfica emitiu uma nota de pesar pela morte de Ant\u00f3nio Lobo Antunes, aos 83 anos. O escritor portugu\u00eas era um dos mais ilustres adeptos do clube e manteve uma liga\u00e7\u00e3o afetiva de d\u00e9cadas com o Benfica. Na mensagem, o clube recorda declara\u00e7\u00f5es do escritor, incluindo o desejo de ser \"\u00c1guas da literatura\" e o coment\u00e1rio de que, \"enquanto o Benfica jogava, n\u00e3o havia guerra\" durante a Guerra Colonial. O comunicado enfatiza a influ\u00eancia da obra de Lobo Antunes e do benfiquismo na identidade cultural portuguesa. O Benfica transmite as suas condol\u00eancias \u00e0 fam\u00edlia, amigos e admiradores, associando-se ao luto de quem reconhece o legado do escritor.","og_url":"https:\/\/portaltela.pt\/noticias\/2026\/03\/05\/benfica-lamenta-a-morte-de-antonio-lobo-antunes-ilustre-adepto\/","og_site_name":"Portal Tela Portugal","article_published_time":"2026-03-05T09:27:00+00:00","author":"Telinha","twitter_card":"summary_large_image","twitter_misc":{"Escrito por":"Telinha","Tempo estimado de leitura":"1 minuto"},"schema":{"@context":"https:\/\/schema.org","@graph":[{"@type":"Article","@id":"https:\/\/portaltela.pt\/noticias\/2026\/03\/05\/benfica-lamenta-a-morte-de-antonio-lobo-antunes-ilustre-adepto\/#article","isPartOf":{"@id":"https:\/\/portaltela.pt\/noticias\/2026\/03\/05\/benfica-lamenta-a-morte-de-antonio-lobo-antunes-ilustre-adepto\/"},"author":{"name":"Telinha","@id":"https:\/\/portaltela.pt\/#\/schema\/person\/c4278d4a6028830caff9ee44b42d32ed"},"headline":"Benfica lamenta a morte de Ant\u00f3nio Lobo Antunes, ilustre adepto","datePublished":"2026-03-05T09:27:00+00:00","mainEntityOfPage":{"@id":"https:\/\/portaltela.pt\/noticias\/2026\/03\/05\/benfica-lamenta-a-morte-de-antonio-lobo-antunes-ilustre-adepto\/"},"wordCount":227,"image":{"@id":"https:\/\/portaltela.pt\/noticias\/2026\/03\/05\/benfica-lamenta-a-morte-de-antonio-lobo-antunes-ilustre-adepto\/#primaryimage"},"thumbnailUrl":"https:\/\/portaltela.pt\/s.01k8rhncp4jt1\/2026\/03\/img_920x518uu2026-03-05-09-27-14-2425033.jpg","keywords":["Benfica","cultura","escritores","guerra","Literatura Comparada","Portugal"],"articleSection":["Not\u00edcias"],"inLanguage":"pt-PT"},{"@type":"WebPage","@id":"https:\/\/portaltela.pt\/noticias\/2026\/03\/05\/benfica-lamenta-a-morte-de-antonio-lobo-antunes-ilustre-adepto\/","url":"https:\/\/portaltela.pt\/noticias\/2026\/03\/05\/benfica-lamenta-a-morte-de-antonio-lobo-antunes-ilustre-adepto\/","name":"Benfica lamenta a morte de Ant\u00f3nio Lobo Antunes, ilustre adepto - Portal Tela Portugal","isPartOf":{"@id":"https:\/\/portaltela.pt\/#website"},"primaryImageOfPage":{"@id":"https:\/\/portaltela.pt\/noticias\/2026\/03\/05\/benfica-lamenta-a-morte-de-antonio-lobo-antunes-ilustre-adepto\/#primaryimage"},"image":{"@id":"https:\/\/portaltela.pt\/noticias\/2026\/03\/05\/benfica-lamenta-a-morte-de-antonio-lobo-antunes-ilustre-adepto\/#primaryimage"},"thumbnailUrl":"https:\/\/portaltela.pt\/s.01k8rhncp4jt1\/2026\/03\/img_920x518uu2026-03-05-09-27-14-2425033.jpg","datePublished":"2026-03-05T09:27:00+00:00","author":{"@id":"https:\/\/portaltela.pt\/#\/schema\/person\/c4278d4a6028830caff9ee44b42d32ed"},"breadcrumb":{"@id":"https:\/\/portaltela.pt\/noticias\/2026\/03\/05\/benfica-lamenta-a-morte-de-antonio-lobo-antunes-ilustre-adepto\/#breadcrumb"},"inLanguage":"pt-PT","potentialAction":[{"@type":"ReadAction","target":["https:\/\/portaltela.pt\/noticias\/2026\/03\/05\/benfica-lamenta-a-morte-de-antonio-lobo-antunes-ilustre-adepto\/"]}]},{"@type":"ImageObject","inLanguage":"pt-PT","@id":"https:\/\/portaltela.pt\/noticias\/2026\/03\/05\/benfica-lamenta-a-morte-de-antonio-lobo-antunes-ilustre-adepto\/#primaryimage","url":"https:\/\/portaltela.pt\/s.01k8rhncp4jt1\/2026\/03\/img_920x518uu2026-03-05-09-27-14-2425033.jpg","contentUrl":"https:\/\/portaltela.pt\/s.01k8rhncp4jt1\/2026\/03\/img_920x518uu2026-03-05-09-27-14-2425033.jpg","width":920,"height":518,"caption":"Ant\u00f3nio Lobo Antunes morreu esta quinta-feira aos 83 anos"},{"@type":"BreadcrumbList","@id":"https:\/\/portaltela.pt\/noticias\/2026\/03\/05\/benfica-lamenta-a-morte-de-antonio-lobo-antunes-ilustre-adepto\/#breadcrumb","itemListElement":[{"@type":"ListItem","position":1,"name":"In\u00edcio","item":"https:\/\/portaltela.pt\/"},{"@type":"ListItem","position":2,"name":"Benfica lamenta a morte de Ant\u00f3nio Lobo Antunes, ilustre adepto"}]},{"@type":"WebSite","@id":"https:\/\/portaltela.pt\/#website","url":"https:\/\/portaltela.pt\/","name":"Portal Tela Portugal","description":"","potentialAction":[{"@type":"SearchAction","target":{"@type":"EntryPoint","urlTemplate":"https:\/\/portaltela.pt\/?s={search_term_string}"},"query-input":{"@type":"PropertyValueSpecification","valueRequired":true,"valueName":"search_term_string"}}],"inLanguage":"pt-PT"},{"@type":"Person","@id":"https:\/\/portaltela.pt\/#\/schema\/person\/c4278d4a6028830caff9ee44b42d32ed","name":"Telinha","image":{"@type":"ImageObject","inLanguage":"pt-PT","@id":"https:\/\/portaltela.pt\/s.01k8rhncp4jt1\/2025\/11\/talking-bot-125x125.png","url":"https:\/\/portaltela.pt\/s.01k8rhncp4jt1\/2025\/11\/talking-bot-125x125.png","contentUrl":"https:\/\/portaltela.pt\/s.01k8rhncp4jt1\/2025\/11\/talking-bot-125x125.png","caption":"Telinha"},"sameAs":["https:\/\/portaltela.pt\/"],"url":"https:\/\/portaltela.pt\/por\/367410592786\/"}]}},"_links":{"self":[{"href":"https:\/\/portaltela.pt\/api\/wp\/v2\/posts\/398235","targetHints":{"allow":["GET"]}}],"collection":[{"href":"https:\/\/portaltela.pt\/api\/wp\/v2\/posts"}],"about":[{"href":"https:\/\/portaltela.pt\/api\/wp\/v2\/types\/post"}],"author":[{"embeddable":true,"href":"https:\/\/portaltela.pt\/api\/wp\/v2\/users\/2"}],"replies":[{"embeddable":true,"href":"https:\/\/portaltela.pt\/api\/wp\/v2\/comments?post=398235"}],"version-history":[{"count":0,"href":"https:\/\/portaltela.pt\/api\/wp\/v2\/posts\/398235\/revisions"}],"wp:featuredmedia":[{"embeddable":true,"href":"https:\/\/portaltela.pt\/api\/wp\/v2\/media\/398246"}],"wp:attachment":[{"href":"https:\/\/portaltela.pt\/api\/wp\/v2\/media?parent=398235"}],"wp:term":[{"taxonomy":"category","embeddable":true,"href":"https:\/\/portaltela.pt\/api\/wp\/v2\/categories?post=398235"},{"taxonomy":"post_tag","embeddable":true,"href":"https:\/\/portaltela.pt\/api\/wp\/v2\/tags?post=398235"}],"curies":[{"name":"wp","href":"https:\/\/api.w.org\/{rel}","templated":true}]}}