{"id":398223,"date":"2026-03-05T06:13:09","date_gmt":"2026-03-05T09:13:09","guid":{"rendered":"https:\/\/portaltela.pt\/noticias\/2026\/03\/05\/antonio-lobo-antunes-cacador-de-palavras-escreveu-para-enfrentar-a-depressao\/"},"modified":"2026-03-05T06:13:09","modified_gmt":"2026-03-05T09:13:09","slug":"antonio-lobo-antunes-cacador-de-palavras-escreveu-para-enfrentar-a-depressao","status":"publish","type":"post","link":"https:\/\/portaltela.pt\/noticias\/2026\/03\/05\/antonio-lobo-antunes-cacador-de-palavras-escreveu-para-enfrentar-a-depressao\/","title":{"rendered":"Ant\u00f3nio Lobo Antunes, ca\u00e7ador de palavras, escreveu para enfrentar a depress\u00e3o"},"content":{"rendered":"<p>Ant\u00f3nio Lobo Antunes, pr\u00e9mio Cam\u00f5es 2007, faleceu aos 83 anos. O m\u00e9dico psiquiatra tornou-se um dos nomes mais marcantes da literatura em l\u00edngua portuguesa, escrevendo para enfrentar a depress\u00e3o que, dizia, assombrava as pessoas.<\/p>\n<p>A vida do escritor fundiu medicina, mem\u00f3ria da guerra colonial e uma prosa de ritmo intenso. Mobilizado em 1970, seguiu para Angola em 1971, regressando em 1973, temas que moldaram grande parte da sua obra.<\/p>\n<h3>Trajet\u00f3ria e reconhecimento<\/h3>\n<p>Nascido em Lisboa, em 1942, licenciou-se em Medicina e especializou-se em Psiquiatria. O seu primeiro romance, Mem\u00f3ria de Elefante, saiu em 1979, seguindo-se obras de peso que trouxeram leitura alargada em Portugal e no estrangeiro.<\/p>\n<p>Ao longo de quatro d\u00e9cadas, Lobo Antunes consolidou-se como um dos autores mais lidos da l\u00edngua, escrevendo quase 30 romances e v\u00e1rias obras de n\u00e3o fic\u00e7\u00e3o. O estilo combinou t\u00e9cnica psiqui\u00e1trica, solid\u00e3o e cr\u00edtica social.<\/p>\n<h3>Pr\u00e9mios e presen\u00e7a internacional<\/h3>\n<p>Recebeu m\u00faltiplos pr\u00e9mios nacionais, incluindo o Grande Pr\u00e9mio de Romance e Novela da APE, entre outros. No estrangeiro, destacaram-se o Prix France Culture, o Pr\u00e9mio de Melhor Livro Estrangeiro (Fran\u00e7a) e o reconhecimento em Frankfurt.<\/p>\n<p>O reconhecimento internacional acompanhou o autor por d\u00e9cadas, com edi\u00e7\u00f5es em Espanha, Fran\u00e7a, Alemanha, It\u00e1lia e Reino Unido, al\u00e9m de mercados no Brasil, EUA e Canad\u00e1. Em 2007 recebeu o Pr\u00e9mio Cam\u00f5es, pela obra e pela carreira.<\/p>\n<h3>M\u00e9todo criativo e legado liter\u00e1rio<\/h3>\n<p>Lobo Antunes descreveu-se como um \u201cca\u00e7ador de palavras\u201d, um processo que envolvia escrita manual, paci\u00eancia e a ideia de que cada livro tem vida pr\u00f3pria. O autor afirmava que o livro existe j\u00e1 no leitor que o acede.<\/p>\n<p>Entre as obras mais reconhecidas est\u00e3o Fado Alexandrino, Auto dos Danados e Manual dos Inquisidores, al\u00e9m de t\u00edtulos recentes que refor\u00e7am a renova\u00e7\u00e3o da linguagem. O conjunto da obra dialoga com a hist\u00f3ria de Portugal e com a psicologia humana.<\/p>\n<h3>\u00daltimos anos e vis\u00e3o sobre a leitura<\/h3>\n<p>Em 2024 lan\u00e7ou Cr\u00f3nicas II, com pref\u00e1cio de Daniel Sampaio, consolidando a produ\u00e7\u00e3o tardia como parte central do seu legado. Em vida, defendeu que os livros devem centrar-se no leitor, n\u00e3o no autor, e que a leitura revela as ins\u00f3nias que iluminam os textos.<\/p>\n","protected":false},"excerpt":{"rendered":"<ul>\n<li>O escritor Ant\u00f3nio Lobo Antunes morreu esta quinta-feira aos 83 anos; era Pr\u00e9mio Cam\u00f5es de 2007.<\/li>\n<li>Foi m\u00e9dico psiquiatra e mobilizado para a guerra colonial em Angola entre 1970 e 1973, temas que marcaram a sua obra.<\/li>\n<li>Autores reconhecidos internacionalmente, recebeu dezenas de pr\u00e9mios, incluindo o Grande Pr\u00e9mio de Romance e Novela da Associa\u00e7\u00e3o Portuguesa de Escritores e o Pr\u00e9mio Cam\u00f5es.<\/li>\n<li>Nasceu em Lisboa, a 1 de setembro de 1942, licenciou-se em Medicina pela Universidade de Lisboa e especializou-se em Psiquiatria.<\/li>\n<li>O seu percurso liter\u00e1rio soma quase tr\u00eas dezenas de romances, cr\u00f3nicas e obras para v\u00e1rias l\u00ednguas, destacando-se pelo tratamento da guerra, da solid\u00e3o, da morte e da viol\u00eancia.<\/li>\n<\/ul>\n","protected":false},"author":2,"featured_media":398228,"comment_status":"closed","ping_status":"closed","sticky":false,"template":"","format":"standard","meta":{"footnotes":""},"categories":[1],"tags":[4837,2606,2557,106,3030,1404],"class_list":["post-398223","post","type-post","status-publish","format-standard","has-post-thumbnail","hentry","category-noticias","tag-angola","tag-camoes","tag-depressao","tag-literatura","tag-memoria-literaria","tag-psiquiatria"],"yoast_head":"<!-- This site is optimized with the Yoast SEO plugin v27.2 - https:\/\/yoast.com\/product\/yoast-seo-wordpress\/ -->\n<title>Ant\u00f3nio Lobo Antunes, ca\u00e7ador de palavras, escreveu para enfrentar a depress\u00e3o - Portal Tela Portugal<\/title>\n<meta name=\"robots\" content=\"index, follow, max-snippet:-1, max-image-preview:large, max-video-preview:-1\" \/>\n<meta property=\"og:locale\" content=\"pt_PT\" \/>\n<meta property=\"og:type\" content=\"article\" \/>\n<meta property=\"og:title\" content=\"Ant\u00f3nio Lobo Antunes, ca\u00e7ador de palavras, escreveu para enfrentar a depress\u00e3o - Portal Tela Portugal\" \/>\n<meta property=\"og:description\" content=\"O escritor Ant\u00f3nio Lobo Antunes morreu esta quinta-feira aos 83 anos; era Pr\u00e9mio Cam\u00f5es de 2007. Foi m\u00e9dico psiquiatra e mobilizado para a guerra colonial em Angola entre 1970 e 1973, temas que marcaram a sua obra. Autores reconhecidos internacionalmente, recebeu dezenas de pr\u00e9mios, incluindo o Grande Pr\u00e9mio de Romance e Novela da Associa\u00e7\u00e3o Portuguesa de Escritores e o Pr\u00e9mio Cam\u00f5es. Nasceu em Lisboa, a 1 de setembro de 1942, licenciou-se em Medicina pela Universidade de Lisboa e especializou-se em Psiquiatria. O seu percurso liter\u00e1rio soma quase tr\u00eas dezenas de romances, cr\u00f3nicas e obras para v\u00e1rias l\u00ednguas, destacando-se pelo tratamento da guerra, da solid\u00e3o, da morte e da viol\u00eancia.\" \/>\n<meta property=\"og:url\" content=\"https:\/\/portaltela.pt\/noticias\/2026\/03\/05\/antonio-lobo-antunes-cacador-de-palavras-escreveu-para-enfrentar-a-depressao\/\" \/>\n<meta property=\"og:site_name\" content=\"Portal Tela Portugal\" \/>\n<meta property=\"article:published_time\" content=\"2026-03-05T09:13:09+00:00\" \/>\n<meta name=\"author\" content=\"Telinha\" \/>\n<meta name=\"twitter:card\" content=\"summary_large_image\" \/>\n<meta name=\"twitter:label1\" content=\"Escrito por\" \/>\n\t<meta name=\"twitter:data1\" content=\"Telinha\" \/>\n\t<meta name=\"twitter:label2\" content=\"Tempo estimado de leitura\" \/>\n\t<meta name=\"twitter:data2\" content=\"2 minutos\" \/>\n<script type=\"application\/ld+json\" class=\"yoast-schema-graph\">{\"@context\":\"https:\/\/schema.org\",\"@graph\":[{\"@type\":\"Article\",\"@id\":\"https:\/\/portaltela.pt\/noticias\/2026\/03\/05\/antonio-lobo-antunes-cacador-de-palavras-escreveu-para-enfrentar-a-depressao\/#article\",\"isPartOf\":{\"@id\":\"https:\/\/portaltela.pt\/noticias\/2026\/03\/05\/antonio-lobo-antunes-cacador-de-palavras-escreveu-para-enfrentar-a-depressao\/\"},\"author\":{\"name\":\"Telinha\",\"@id\":\"https:\/\/portaltela.pt\/#\/schema\/person\/c4278d4a6028830caff9ee44b42d32ed\"},\"headline\":\"Ant\u00f3nio Lobo Antunes, ca\u00e7ador de palavras, escreveu para enfrentar a depress\u00e3o\",\"datePublished\":\"2026-03-05T09:13:09+00:00\",\"mainEntityOfPage\":{\"@id\":\"https:\/\/portaltela.pt\/noticias\/2026\/03\/05\/antonio-lobo-antunes-cacador-de-palavras-escreveu-para-enfrentar-a-depressao\/\"},\"wordCount\":406,\"image\":{\"@id\":\"https:\/\/portaltela.pt\/noticias\/2026\/03\/05\/antonio-lobo-antunes-cacador-de-palavras-escreveu-para-enfrentar-a-depressao\/#primaryimage\"},\"thumbnailUrl\":\"https:\/\/portaltela.pt\/s.01k8rhncp4jt1\/2026\/03\/img_1500x1000uu2026-03-05-09-05-15-2270490.jpg\",\"keywords\":[\"Angola\",\"Cam\u00f5es\",\"depress\u00e3o\",\"literatura\",\"mem\u00f3ria liter\u00e1ria\",\"Psiquiatria\"],\"articleSection\":[\"Not\u00edcias\"],\"inLanguage\":\"pt-PT\"},{\"@type\":\"WebPage\",\"@id\":\"https:\/\/portaltela.pt\/noticias\/2026\/03\/05\/antonio-lobo-antunes-cacador-de-palavras-escreveu-para-enfrentar-a-depressao\/\",\"url\":\"https:\/\/portaltela.pt\/noticias\/2026\/03\/05\/antonio-lobo-antunes-cacador-de-palavras-escreveu-para-enfrentar-a-depressao\/\",\"name\":\"Ant\u00f3nio Lobo Antunes, ca\u00e7ador de palavras, escreveu para enfrentar a depress\u00e3o - Portal Tela Portugal\",\"isPartOf\":{\"@id\":\"https:\/\/portaltela.pt\/#website\"},\"primaryImageOfPage\":{\"@id\":\"https:\/\/portaltela.pt\/noticias\/2026\/03\/05\/antonio-lobo-antunes-cacador-de-palavras-escreveu-para-enfrentar-a-depressao\/#primaryimage\"},\"image\":{\"@id\":\"https:\/\/portaltela.pt\/noticias\/2026\/03\/05\/antonio-lobo-antunes-cacador-de-palavras-escreveu-para-enfrentar-a-depressao\/#primaryimage\"},\"thumbnailUrl\":\"https:\/\/portaltela.pt\/s.01k8rhncp4jt1\/2026\/03\/img_1500x1000uu2026-03-05-09-05-15-2270490.jpg\",\"datePublished\":\"2026-03-05T09:13:09+00:00\",\"author\":{\"@id\":\"https:\/\/portaltela.pt\/#\/schema\/person\/c4278d4a6028830caff9ee44b42d32ed\"},\"breadcrumb\":{\"@id\":\"https:\/\/portaltela.pt\/noticias\/2026\/03\/05\/antonio-lobo-antunes-cacador-de-palavras-escreveu-para-enfrentar-a-depressao\/#breadcrumb\"},\"inLanguage\":\"pt-PT\",\"potentialAction\":[{\"@type\":\"ReadAction\",\"target\":[\"https:\/\/portaltela.pt\/noticias\/2026\/03\/05\/antonio-lobo-antunes-cacador-de-palavras-escreveu-para-enfrentar-a-depressao\/\"]}]},{\"@type\":\"ImageObject\",\"inLanguage\":\"pt-PT\",\"@id\":\"https:\/\/portaltela.pt\/noticias\/2026\/03\/05\/antonio-lobo-antunes-cacador-de-palavras-escreveu-para-enfrentar-a-depressao\/#primaryimage\",\"url\":\"https:\/\/portaltela.pt\/s.01k8rhncp4jt1\/2026\/03\/img_1500x1000uu2026-03-05-09-05-15-2270490.jpg\",\"contentUrl\":\"https:\/\/portaltela.pt\/s.01k8rhncp4jt1\/2026\/03\/img_1500x1000uu2026-03-05-09-05-15-2270490.jpg\",\"width\":796,\"height\":448,\"caption\":\"Ant\u00f3nio Lobo Antunes\"},{\"@type\":\"BreadcrumbList\",\"@id\":\"https:\/\/portaltela.pt\/noticias\/2026\/03\/05\/antonio-lobo-antunes-cacador-de-palavras-escreveu-para-enfrentar-a-depressao\/#breadcrumb\",\"itemListElement\":[{\"@type\":\"ListItem\",\"position\":1,\"name\":\"In\u00edcio\",\"item\":\"https:\/\/portaltela.pt\/\"},{\"@type\":\"ListItem\",\"position\":2,\"name\":\"Ant\u00f3nio Lobo Antunes, ca\u00e7ador de palavras, escreveu para enfrentar a depress\u00e3o\"}]},{\"@type\":\"WebSite\",\"@id\":\"https:\/\/portaltela.pt\/#website\",\"url\":\"https:\/\/portaltela.pt\/\",\"name\":\"Portal Tela Portugal\",\"description\":\"\",\"potentialAction\":[{\"@type\":\"SearchAction\",\"target\":{\"@type\":\"EntryPoint\",\"urlTemplate\":\"https:\/\/portaltela.pt\/?s={search_term_string}\"},\"query-input\":{\"@type\":\"PropertyValueSpecification\",\"valueRequired\":true,\"valueName\":\"search_term_string\"}}],\"inLanguage\":\"pt-PT\"},{\"@type\":\"Person\",\"@id\":\"https:\/\/portaltela.pt\/#\/schema\/person\/c4278d4a6028830caff9ee44b42d32ed\",\"name\":\"Telinha\",\"image\":{\"@type\":\"ImageObject\",\"inLanguage\":\"pt-PT\",\"@id\":\"https:\/\/portaltela.pt\/s.01k8rhncp4jt1\/2025\/11\/talking-bot-125x125.png\",\"url\":\"https:\/\/portaltela.pt\/s.01k8rhncp4jt1\/2025\/11\/talking-bot-125x125.png\",\"contentUrl\":\"https:\/\/portaltela.pt\/s.01k8rhncp4jt1\/2025\/11\/talking-bot-125x125.png\",\"caption\":\"Telinha\"},\"sameAs\":[\"https:\/\/portaltela.pt\/\"],\"url\":\"https:\/\/portaltela.pt\/por\/367410592786\/\"}]}<\/script>\n<!-- \/ Yoast SEO plugin. -->","yoast_head_json":{"title":"Ant\u00f3nio Lobo Antunes, ca\u00e7ador de palavras, escreveu para enfrentar a depress\u00e3o - Portal Tela Portugal","robots":{"index":"index","follow":"follow","max-snippet":"max-snippet:-1","max-image-preview":"max-image-preview:large","max-video-preview":"max-video-preview:-1"},"og_locale":"pt_PT","og_type":"article","og_title":"Ant\u00f3nio Lobo Antunes, ca\u00e7ador de palavras, escreveu para enfrentar a depress\u00e3o - Portal Tela Portugal","og_description":"O escritor Ant\u00f3nio Lobo Antunes morreu esta quinta-feira aos 83 anos; era Pr\u00e9mio Cam\u00f5es de 2007. Foi m\u00e9dico psiquiatra e mobilizado para a guerra colonial em Angola entre 1970 e 1973, temas que marcaram a sua obra. Autores reconhecidos internacionalmente, recebeu dezenas de pr\u00e9mios, incluindo o Grande Pr\u00e9mio de Romance e Novela da Associa\u00e7\u00e3o Portuguesa de Escritores e o Pr\u00e9mio Cam\u00f5es. Nasceu em Lisboa, a 1 de setembro de 1942, licenciou-se em Medicina pela Universidade de Lisboa e especializou-se em Psiquiatria. O seu percurso liter\u00e1rio soma quase tr\u00eas dezenas de romances, cr\u00f3nicas e obras para v\u00e1rias l\u00ednguas, destacando-se pelo tratamento da guerra, da solid\u00e3o, da morte e da viol\u00eancia.","og_url":"https:\/\/portaltela.pt\/noticias\/2026\/03\/05\/antonio-lobo-antunes-cacador-de-palavras-escreveu-para-enfrentar-a-depressao\/","og_site_name":"Portal Tela Portugal","article_published_time":"2026-03-05T09:13:09+00:00","author":"Telinha","twitter_card":"summary_large_image","twitter_misc":{"Escrito por":"Telinha","Tempo estimado de leitura":"2 minutos"},"schema":{"@context":"https:\/\/schema.org","@graph":[{"@type":"Article","@id":"https:\/\/portaltela.pt\/noticias\/2026\/03\/05\/antonio-lobo-antunes-cacador-de-palavras-escreveu-para-enfrentar-a-depressao\/#article","isPartOf":{"@id":"https:\/\/portaltela.pt\/noticias\/2026\/03\/05\/antonio-lobo-antunes-cacador-de-palavras-escreveu-para-enfrentar-a-depressao\/"},"author":{"name":"Telinha","@id":"https:\/\/portaltela.pt\/#\/schema\/person\/c4278d4a6028830caff9ee44b42d32ed"},"headline":"Ant\u00f3nio Lobo Antunes, ca\u00e7ador de palavras, escreveu para enfrentar a depress\u00e3o","datePublished":"2026-03-05T09:13:09+00:00","mainEntityOfPage":{"@id":"https:\/\/portaltela.pt\/noticias\/2026\/03\/05\/antonio-lobo-antunes-cacador-de-palavras-escreveu-para-enfrentar-a-depressao\/"},"wordCount":406,"image":{"@id":"https:\/\/portaltela.pt\/noticias\/2026\/03\/05\/antonio-lobo-antunes-cacador-de-palavras-escreveu-para-enfrentar-a-depressao\/#primaryimage"},"thumbnailUrl":"https:\/\/portaltela.pt\/s.01k8rhncp4jt1\/2026\/03\/img_1500x1000uu2026-03-05-09-05-15-2270490.jpg","keywords":["Angola","Cam\u00f5es","depress\u00e3o","literatura","mem\u00f3ria liter\u00e1ria","Psiquiatria"],"articleSection":["Not\u00edcias"],"inLanguage":"pt-PT"},{"@type":"WebPage","@id":"https:\/\/portaltela.pt\/noticias\/2026\/03\/05\/antonio-lobo-antunes-cacador-de-palavras-escreveu-para-enfrentar-a-depressao\/","url":"https:\/\/portaltela.pt\/noticias\/2026\/03\/05\/antonio-lobo-antunes-cacador-de-palavras-escreveu-para-enfrentar-a-depressao\/","name":"Ant\u00f3nio Lobo Antunes, ca\u00e7ador de palavras, escreveu para enfrentar a depress\u00e3o - Portal Tela Portugal","isPartOf":{"@id":"https:\/\/portaltela.pt\/#website"},"primaryImageOfPage":{"@id":"https:\/\/portaltela.pt\/noticias\/2026\/03\/05\/antonio-lobo-antunes-cacador-de-palavras-escreveu-para-enfrentar-a-depressao\/#primaryimage"},"image":{"@id":"https:\/\/portaltela.pt\/noticias\/2026\/03\/05\/antonio-lobo-antunes-cacador-de-palavras-escreveu-para-enfrentar-a-depressao\/#primaryimage"},"thumbnailUrl":"https:\/\/portaltela.pt\/s.01k8rhncp4jt1\/2026\/03\/img_1500x1000uu2026-03-05-09-05-15-2270490.jpg","datePublished":"2026-03-05T09:13:09+00:00","author":{"@id":"https:\/\/portaltela.pt\/#\/schema\/person\/c4278d4a6028830caff9ee44b42d32ed"},"breadcrumb":{"@id":"https:\/\/portaltela.pt\/noticias\/2026\/03\/05\/antonio-lobo-antunes-cacador-de-palavras-escreveu-para-enfrentar-a-depressao\/#breadcrumb"},"inLanguage":"pt-PT","potentialAction":[{"@type":"ReadAction","target":["https:\/\/portaltela.pt\/noticias\/2026\/03\/05\/antonio-lobo-antunes-cacador-de-palavras-escreveu-para-enfrentar-a-depressao\/"]}]},{"@type":"ImageObject","inLanguage":"pt-PT","@id":"https:\/\/portaltela.pt\/noticias\/2026\/03\/05\/antonio-lobo-antunes-cacador-de-palavras-escreveu-para-enfrentar-a-depressao\/#primaryimage","url":"https:\/\/portaltela.pt\/s.01k8rhncp4jt1\/2026\/03\/img_1500x1000uu2026-03-05-09-05-15-2270490.jpg","contentUrl":"https:\/\/portaltela.pt\/s.01k8rhncp4jt1\/2026\/03\/img_1500x1000uu2026-03-05-09-05-15-2270490.jpg","width":796,"height":448,"caption":"Ant\u00f3nio Lobo Antunes"},{"@type":"BreadcrumbList","@id":"https:\/\/portaltela.pt\/noticias\/2026\/03\/05\/antonio-lobo-antunes-cacador-de-palavras-escreveu-para-enfrentar-a-depressao\/#breadcrumb","itemListElement":[{"@type":"ListItem","position":1,"name":"In\u00edcio","item":"https:\/\/portaltela.pt\/"},{"@type":"ListItem","position":2,"name":"Ant\u00f3nio Lobo Antunes, ca\u00e7ador de palavras, escreveu para enfrentar a depress\u00e3o"}]},{"@type":"WebSite","@id":"https:\/\/portaltela.pt\/#website","url":"https:\/\/portaltela.pt\/","name":"Portal Tela Portugal","description":"","potentialAction":[{"@type":"SearchAction","target":{"@type":"EntryPoint","urlTemplate":"https:\/\/portaltela.pt\/?s={search_term_string}"},"query-input":{"@type":"PropertyValueSpecification","valueRequired":true,"valueName":"search_term_string"}}],"inLanguage":"pt-PT"},{"@type":"Person","@id":"https:\/\/portaltela.pt\/#\/schema\/person\/c4278d4a6028830caff9ee44b42d32ed","name":"Telinha","image":{"@type":"ImageObject","inLanguage":"pt-PT","@id":"https:\/\/portaltela.pt\/s.01k8rhncp4jt1\/2025\/11\/talking-bot-125x125.png","url":"https:\/\/portaltela.pt\/s.01k8rhncp4jt1\/2025\/11\/talking-bot-125x125.png","contentUrl":"https:\/\/portaltela.pt\/s.01k8rhncp4jt1\/2025\/11\/talking-bot-125x125.png","caption":"Telinha"},"sameAs":["https:\/\/portaltela.pt\/"],"url":"https:\/\/portaltela.pt\/por\/367410592786\/"}]}},"_links":{"self":[{"href":"https:\/\/portaltela.pt\/api\/wp\/v2\/posts\/398223","targetHints":{"allow":["GET"]}}],"collection":[{"href":"https:\/\/portaltela.pt\/api\/wp\/v2\/posts"}],"about":[{"href":"https:\/\/portaltela.pt\/api\/wp\/v2\/types\/post"}],"author":[{"embeddable":true,"href":"https:\/\/portaltela.pt\/api\/wp\/v2\/users\/2"}],"replies":[{"embeddable":true,"href":"https:\/\/portaltela.pt\/api\/wp\/v2\/comments?post=398223"}],"version-history":[{"count":0,"href":"https:\/\/portaltela.pt\/api\/wp\/v2\/posts\/398223\/revisions"}],"wp:featuredmedia":[{"embeddable":true,"href":"https:\/\/portaltela.pt\/api\/wp\/v2\/media\/398228"}],"wp:attachment":[{"href":"https:\/\/portaltela.pt\/api\/wp\/v2\/media?parent=398223"}],"wp:term":[{"taxonomy":"category","embeddable":true,"href":"https:\/\/portaltela.pt\/api\/wp\/v2\/categories?post=398223"},{"taxonomy":"post_tag","embeddable":true,"href":"https:\/\/portaltela.pt\/api\/wp\/v2\/tags?post=398223"}],"curies":[{"name":"wp","href":"https:\/\/api.w.org\/{rel}","templated":true}]}}