{"id":398194,"date":"2026-03-05T05:38:00","date_gmt":"2026-03-05T08:38:00","guid":{"rendered":"https:\/\/portaltela.pt\/noticias\/2026\/03\/05\/mais-de-275-mil-deslocados-em-paises-afetados-por-ataques-no-medio-oriente\/"},"modified":"2026-03-05T05:38:00","modified_gmt":"2026-03-05T08:38:00","slug":"mais-de-275-mil-deslocados-em-paises-afetados-por-ataques-no-medio-oriente","status":"publish","type":"post","link":"https:\/\/portaltela.pt\/noticias\/2026\/03\/05\/mais-de-275-mil-deslocados-em-paises-afetados-por-ataques-no-medio-oriente\/","title":{"rendered":"Mais de 275 mil deslocados em pa\u00edses afetados por ataques no M\u00e9dio Oriente"},"content":{"rendered":"<p>O conflito no M\u00e9dio Oriente provocou mais de 275 mil deslocados internos em pa\u00edses fortemente afetados, nomeadamente Ir\u00e3o, L\u00edbano, Afeganist\u00e3o e Paquist\u00e3o, indica a ONU. Os dados mais recentes s\u00e3o da ACNUR.<\/p>\n<p>No Ir\u00e3o, pelo menos 100 mil pessoas fugiram das suas casas desde o in\u00edcio da escalada, com desloca\u00e7\u00f5es concentradas na capital Teer\u00e3o. A sa\u00edda envolve entre 1.000 e 2.000 ve\u00edculos a seguir para o norte, segundo a pol\u00edcia de tr\u00e2nsito iraniana.<\/p>\n<p>No Afeganist\u00e3o, cerca de 115 mil pessoas deixaram as suas habita\u00e7\u00f5es. O L\u00edbano regista cerca de 58 mil deslocados, com outras estimativas a apontarem 65 mil. No Paquist\u00e3o, o n\u00famero reportado \u00e9 de pelo menos 2.600 deslocados.<\/p>\n<h3>Deslocados e cen\u00e1rios humanit\u00e1rios<\/h3>\n<p>A ACNUR assinala que as \u00e1reas j\u00e1 afetadas contavam com cerca de 24,6 milh\u00f5es de pessoas deslocadas, muitas delas com necessidades humanit\u00e1rias significativas. As comunidades de acolhimento tamb\u00e9m enfrentam press\u00f5es.<\/p>\n<p>A ag\u00eancia da ONU alertou, na ter\u00e7a-feira, que a escalada da guerra pode sobrecarregar a capacidade humanit\u00e1ria na regi\u00e3o, que j\u00e1 se encontra perto do limite. Este contexto agrava a press\u00e3o sobre servi\u00e7os b\u00e1sicos, alimenta\u00e7\u00e3o e abrigo.<\/p>\n<h3>Contexto e desdobramentos<\/h3>\n<p>Entre os impactos diretos registam-se desloca\u00e7\u00f5es massivas, deteriora\u00e7\u00e3o da seguran\u00e7a e interrup\u00e7\u00f5es em infraestruturas. O foco humanit\u00e1rio permanece na prote\u00e7\u00e3o de civis e no acesso a ajuda essencial. A situa\u00e7\u00e3o permanece em evolu\u00e7\u00e3o.<\/p>\n","protected":false},"excerpt":{"rendered":"<ul>\n<li>Mais de 275 mil deslocados internos em Ir\u00e3o, L\u00edbano, Afeganist\u00e3o e Paquist\u00e3o, segundo a ONU ACNUR.<\/li>\n<li>Ir\u00e3o: pelo menos 100 mil deslocados desde s\u00e1bado; Afeganist\u00e3o: 115 mil; L\u00edbano: cerca de 58.000 (ou 65.000 segundo o Programa Alimentar Mundial); Paquist\u00e3o: pelo menos 2.600.<\/li>\n<li>Em Ir\u00e3o, a maioria deixou Teer\u00e3, com cerca de 1.000 a 2.000 ve\u00edculos a sair da cidade rumo ao norte.<\/li>\n<li>ACNUR indica que as \u00e1reas afetadas j\u00e1 tinham 24,6 milh\u00f5es de pessoas deslocadas, com enormes necessidades humanit\u00e1rias.<\/li>\n<li>A escalada da guerra pode sobrecarregar a capacidade humanit\u00e1ria na regi\u00e3o; Ir\u00e3o encerrou o estreito de Ormuz e lan\u00e7ou ataques de retalia\u00e7\u00e3o contra alvos em Israel e outros pa\u00edses.<\/li>\n<\/ul>\n","protected":false},"author":2,"featured_media":398195,"comment_status":"closed","ping_status":"closed","sticky":false,"template":"","format":"standard","meta":{"footnotes":""},"categories":[1],"tags":[4019,5747,4617,5123,466,3786],"class_list":["post-398194","post","type-post","status-publish","format-standard","has-post-thumbnail","hentry","category-noticias","tag-acnur","tag-ajuda-humanitaria","tag-deslocados","tag-onu","tag-organizacao-internacional","tag-refugiados-internos"],"yoast_head":"<!-- This site is optimized with the Yoast SEO plugin v27.2 - https:\/\/yoast.com\/product\/yoast-seo-wordpress\/ -->\n<title>Mais de 275 mil deslocados em pa\u00edses afetados por ataques no M\u00e9dio Oriente - Portal Tela Portugal<\/title>\n<meta name=\"robots\" content=\"index, follow, max-snippet:-1, max-image-preview:large, max-video-preview:-1\" \/>\n<meta property=\"og:locale\" content=\"pt_PT\" \/>\n<meta property=\"og:type\" content=\"article\" \/>\n<meta property=\"og:title\" content=\"Mais de 275 mil deslocados em pa\u00edses afetados por ataques no M\u00e9dio Oriente - Portal Tela Portugal\" \/>\n<meta property=\"og:description\" content=\"Mais de 275 mil deslocados internos em Ir\u00e3o, L\u00edbano, Afeganist\u00e3o e Paquist\u00e3o, segundo a ONU ACNUR. Ir\u00e3o: pelo menos 100 mil deslocados desde s\u00e1bado; Afeganist\u00e3o: 115 mil; L\u00edbano: cerca de 58.000 (ou 65.000 segundo o Programa Alimentar Mundial); Paquist\u00e3o: pelo menos 2.600. Em Ir\u00e3o, a maioria deixou Teer\u00e3, com cerca de 1.000 a 2.000 ve\u00edculos a sair da cidade rumo ao norte. ACNUR indica que as \u00e1reas afetadas j\u00e1 tinham 24,6 milh\u00f5es de pessoas deslocadas, com enormes necessidades humanit\u00e1rias. A escalada da guerra pode sobrecarregar a capacidade humanit\u00e1ria na regi\u00e3o; Ir\u00e3o encerrou o estreito de Ormuz e lan\u00e7ou ataques de retalia\u00e7\u00e3o contra alvos em Israel e outros pa\u00edses.\" \/>\n<meta property=\"og:url\" content=\"https:\/\/portaltela.pt\/noticias\/2026\/03\/05\/mais-de-275-mil-deslocados-em-paises-afetados-por-ataques-no-medio-oriente\/\" \/>\n<meta property=\"og:site_name\" content=\"Portal Tela Portugal\" \/>\n<meta property=\"article:published_time\" content=\"2026-03-05T08:38:00+00:00\" \/>\n<meta name=\"author\" content=\"Telinha\" \/>\n<meta name=\"twitter:card\" content=\"summary_large_image\" \/>\n<meta name=\"twitter:label1\" content=\"Escrito por\" \/>\n\t<meta name=\"twitter:data1\" content=\"Telinha\" \/>\n\t<meta name=\"twitter:label2\" content=\"Tempo estimado de leitura\" \/>\n\t<meta name=\"twitter:data2\" content=\"1 minuto\" \/>\n<script type=\"application\/ld+json\" class=\"yoast-schema-graph\">{\"@context\":\"https:\/\/schema.org\",\"@graph\":[{\"@type\":\"Article\",\"@id\":\"https:\/\/portaltela.pt\/noticias\/2026\/03\/05\/mais-de-275-mil-deslocados-em-paises-afetados-por-ataques-no-medio-oriente\/#article\",\"isPartOf\":{\"@id\":\"https:\/\/portaltela.pt\/noticias\/2026\/03\/05\/mais-de-275-mil-deslocados-em-paises-afetados-por-ataques-no-medio-oriente\/\"},\"author\":{\"name\":\"Telinha\",\"@id\":\"https:\/\/portaltela.pt\/#\/schema\/person\/c4278d4a6028830caff9ee44b42d32ed\"},\"headline\":\"Mais de 275 mil deslocados em pa\u00edses afetados por ataques no M\u00e9dio Oriente\",\"datePublished\":\"2026-03-05T08:38:00+00:00\",\"mainEntityOfPage\":{\"@id\":\"https:\/\/portaltela.pt\/noticias\/2026\/03\/05\/mais-de-275-mil-deslocados-em-paises-afetados-por-ataques-no-medio-oriente\/\"},\"wordCount\":263,\"image\":{\"@id\":\"https:\/\/portaltela.pt\/noticias\/2026\/03\/05\/mais-de-275-mil-deslocados-em-paises-afetados-por-ataques-no-medio-oriente\/#primaryimage\"},\"thumbnailUrl\":\"https:\/\/portaltela.pt\/s.01k8rhncp4jt1\/2026\/03\/img_1500x1000uu2026-03-05-08-37-51-2270485.jpg\",\"keywords\":[\"ACNUR\",\"ajuda humanit\u00e1ria\",\"deslocados\",\"ONU\",\"organiza\u00e7\u00e3o internacional\",\"refugiados internos\"],\"articleSection\":[\"Not\u00edcias\"],\"inLanguage\":\"pt-PT\"},{\"@type\":\"WebPage\",\"@id\":\"https:\/\/portaltela.pt\/noticias\/2026\/03\/05\/mais-de-275-mil-deslocados-em-paises-afetados-por-ataques-no-medio-oriente\/\",\"url\":\"https:\/\/portaltela.pt\/noticias\/2026\/03\/05\/mais-de-275-mil-deslocados-em-paises-afetados-por-ataques-no-medio-oriente\/\",\"name\":\"Mais de 275 mil deslocados em pa\u00edses afetados por ataques no M\u00e9dio Oriente - Portal Tela Portugal\",\"isPartOf\":{\"@id\":\"https:\/\/portaltela.pt\/#website\"},\"primaryImageOfPage\":{\"@id\":\"https:\/\/portaltela.pt\/noticias\/2026\/03\/05\/mais-de-275-mil-deslocados-em-paises-afetados-por-ataques-no-medio-oriente\/#primaryimage\"},\"image\":{\"@id\":\"https:\/\/portaltela.pt\/noticias\/2026\/03\/05\/mais-de-275-mil-deslocados-em-paises-afetados-por-ataques-no-medio-oriente\/#primaryimage\"},\"thumbnailUrl\":\"https:\/\/portaltela.pt\/s.01k8rhncp4jt1\/2026\/03\/img_1500x1000uu2026-03-05-08-37-51-2270485.jpg\",\"datePublished\":\"2026-03-05T08:38:00+00:00\",\"author\":{\"@id\":\"https:\/\/portaltela.pt\/#\/schema\/person\/c4278d4a6028830caff9ee44b42d32ed\"},\"breadcrumb\":{\"@id\":\"https:\/\/portaltela.pt\/noticias\/2026\/03\/05\/mais-de-275-mil-deslocados-em-paises-afetados-por-ataques-no-medio-oriente\/#breadcrumb\"},\"inLanguage\":\"pt-PT\",\"potentialAction\":[{\"@type\":\"ReadAction\",\"target\":[\"https:\/\/portaltela.pt\/noticias\/2026\/03\/05\/mais-de-275-mil-deslocados-em-paises-afetados-por-ataques-no-medio-oriente\/\"]}]},{\"@type\":\"ImageObject\",\"inLanguage\":\"pt-PT\",\"@id\":\"https:\/\/portaltela.pt\/noticias\/2026\/03\/05\/mais-de-275-mil-deslocados-em-paises-afetados-por-ataques-no-medio-oriente\/#primaryimage\",\"url\":\"https:\/\/portaltela.pt\/s.01k8rhncp4jt1\/2026\/03\/img_1500x1000uu2026-03-05-08-37-51-2270485.jpg\",\"contentUrl\":\"https:\/\/portaltela.pt\/s.01k8rhncp4jt1\/2026\/03\/img_1500x1000uu2026-03-05-08-37-51-2270485.jpg\",\"width\":796,\"height\":448,\"caption\":\"Refugiados do M\u00e9dio Oriente\"},{\"@type\":\"BreadcrumbList\",\"@id\":\"https:\/\/portaltela.pt\/noticias\/2026\/03\/05\/mais-de-275-mil-deslocados-em-paises-afetados-por-ataques-no-medio-oriente\/#breadcrumb\",\"itemListElement\":[{\"@type\":\"ListItem\",\"position\":1,\"name\":\"In\u00edcio\",\"item\":\"https:\/\/portaltela.pt\/\"},{\"@type\":\"ListItem\",\"position\":2,\"name\":\"Mais de 275 mil deslocados em pa\u00edses afetados por ataques no M\u00e9dio Oriente\"}]},{\"@type\":\"WebSite\",\"@id\":\"https:\/\/portaltela.pt\/#website\",\"url\":\"https:\/\/portaltela.pt\/\",\"name\":\"Portal Tela Portugal\",\"description\":\"\",\"potentialAction\":[{\"@type\":\"SearchAction\",\"target\":{\"@type\":\"EntryPoint\",\"urlTemplate\":\"https:\/\/portaltela.pt\/?s={search_term_string}\"},\"query-input\":{\"@type\":\"PropertyValueSpecification\",\"valueRequired\":true,\"valueName\":\"search_term_string\"}}],\"inLanguage\":\"pt-PT\"},{\"@type\":\"Person\",\"@id\":\"https:\/\/portaltela.pt\/#\/schema\/person\/c4278d4a6028830caff9ee44b42d32ed\",\"name\":\"Telinha\",\"image\":{\"@type\":\"ImageObject\",\"inLanguage\":\"pt-PT\",\"@id\":\"https:\/\/portaltela.pt\/s.01k8rhncp4jt1\/2025\/11\/talking-bot-125x125.png\",\"url\":\"https:\/\/portaltela.pt\/s.01k8rhncp4jt1\/2025\/11\/talking-bot-125x125.png\",\"contentUrl\":\"https:\/\/portaltela.pt\/s.01k8rhncp4jt1\/2025\/11\/talking-bot-125x125.png\",\"caption\":\"Telinha\"},\"sameAs\":[\"https:\/\/portaltela.pt\/\"],\"url\":\"https:\/\/portaltela.pt\/por\/367410592786\/\"}]}<\/script>\n<!-- \/ Yoast SEO plugin. -->","yoast_head_json":{"title":"Mais de 275 mil deslocados em pa\u00edses afetados por ataques no M\u00e9dio Oriente - Portal Tela Portugal","robots":{"index":"index","follow":"follow","max-snippet":"max-snippet:-1","max-image-preview":"max-image-preview:large","max-video-preview":"max-video-preview:-1"},"og_locale":"pt_PT","og_type":"article","og_title":"Mais de 275 mil deslocados em pa\u00edses afetados por ataques no M\u00e9dio Oriente - Portal Tela Portugal","og_description":"Mais de 275 mil deslocados internos em Ir\u00e3o, L\u00edbano, Afeganist\u00e3o e Paquist\u00e3o, segundo a ONU ACNUR. Ir\u00e3o: pelo menos 100 mil deslocados desde s\u00e1bado; Afeganist\u00e3o: 115 mil; L\u00edbano: cerca de 58.000 (ou 65.000 segundo o Programa Alimentar Mundial); Paquist\u00e3o: pelo menos 2.600. Em Ir\u00e3o, a maioria deixou Teer\u00e3, com cerca de 1.000 a 2.000 ve\u00edculos a sair da cidade rumo ao norte. ACNUR indica que as \u00e1reas afetadas j\u00e1 tinham 24,6 milh\u00f5es de pessoas deslocadas, com enormes necessidades humanit\u00e1rias. A escalada da guerra pode sobrecarregar a capacidade humanit\u00e1ria na regi\u00e3o; Ir\u00e3o encerrou o estreito de Ormuz e lan\u00e7ou ataques de retalia\u00e7\u00e3o contra alvos em Israel e outros pa\u00edses.","og_url":"https:\/\/portaltela.pt\/noticias\/2026\/03\/05\/mais-de-275-mil-deslocados-em-paises-afetados-por-ataques-no-medio-oriente\/","og_site_name":"Portal Tela Portugal","article_published_time":"2026-03-05T08:38:00+00:00","author":"Telinha","twitter_card":"summary_large_image","twitter_misc":{"Escrito por":"Telinha","Tempo estimado de leitura":"1 minuto"},"schema":{"@context":"https:\/\/schema.org","@graph":[{"@type":"Article","@id":"https:\/\/portaltela.pt\/noticias\/2026\/03\/05\/mais-de-275-mil-deslocados-em-paises-afetados-por-ataques-no-medio-oriente\/#article","isPartOf":{"@id":"https:\/\/portaltela.pt\/noticias\/2026\/03\/05\/mais-de-275-mil-deslocados-em-paises-afetados-por-ataques-no-medio-oriente\/"},"author":{"name":"Telinha","@id":"https:\/\/portaltela.pt\/#\/schema\/person\/c4278d4a6028830caff9ee44b42d32ed"},"headline":"Mais de 275 mil deslocados em pa\u00edses afetados por ataques no M\u00e9dio Oriente","datePublished":"2026-03-05T08:38:00+00:00","mainEntityOfPage":{"@id":"https:\/\/portaltela.pt\/noticias\/2026\/03\/05\/mais-de-275-mil-deslocados-em-paises-afetados-por-ataques-no-medio-oriente\/"},"wordCount":263,"image":{"@id":"https:\/\/portaltela.pt\/noticias\/2026\/03\/05\/mais-de-275-mil-deslocados-em-paises-afetados-por-ataques-no-medio-oriente\/#primaryimage"},"thumbnailUrl":"https:\/\/portaltela.pt\/s.01k8rhncp4jt1\/2026\/03\/img_1500x1000uu2026-03-05-08-37-51-2270485.jpg","keywords":["ACNUR","ajuda humanit\u00e1ria","deslocados","ONU","organiza\u00e7\u00e3o internacional","refugiados internos"],"articleSection":["Not\u00edcias"],"inLanguage":"pt-PT"},{"@type":"WebPage","@id":"https:\/\/portaltela.pt\/noticias\/2026\/03\/05\/mais-de-275-mil-deslocados-em-paises-afetados-por-ataques-no-medio-oriente\/","url":"https:\/\/portaltela.pt\/noticias\/2026\/03\/05\/mais-de-275-mil-deslocados-em-paises-afetados-por-ataques-no-medio-oriente\/","name":"Mais de 275 mil deslocados em pa\u00edses afetados por ataques no M\u00e9dio Oriente - Portal Tela Portugal","isPartOf":{"@id":"https:\/\/portaltela.pt\/#website"},"primaryImageOfPage":{"@id":"https:\/\/portaltela.pt\/noticias\/2026\/03\/05\/mais-de-275-mil-deslocados-em-paises-afetados-por-ataques-no-medio-oriente\/#primaryimage"},"image":{"@id":"https:\/\/portaltela.pt\/noticias\/2026\/03\/05\/mais-de-275-mil-deslocados-em-paises-afetados-por-ataques-no-medio-oriente\/#primaryimage"},"thumbnailUrl":"https:\/\/portaltela.pt\/s.01k8rhncp4jt1\/2026\/03\/img_1500x1000uu2026-03-05-08-37-51-2270485.jpg","datePublished":"2026-03-05T08:38:00+00:00","author":{"@id":"https:\/\/portaltela.pt\/#\/schema\/person\/c4278d4a6028830caff9ee44b42d32ed"},"breadcrumb":{"@id":"https:\/\/portaltela.pt\/noticias\/2026\/03\/05\/mais-de-275-mil-deslocados-em-paises-afetados-por-ataques-no-medio-oriente\/#breadcrumb"},"inLanguage":"pt-PT","potentialAction":[{"@type":"ReadAction","target":["https:\/\/portaltela.pt\/noticias\/2026\/03\/05\/mais-de-275-mil-deslocados-em-paises-afetados-por-ataques-no-medio-oriente\/"]}]},{"@type":"ImageObject","inLanguage":"pt-PT","@id":"https:\/\/portaltela.pt\/noticias\/2026\/03\/05\/mais-de-275-mil-deslocados-em-paises-afetados-por-ataques-no-medio-oriente\/#primaryimage","url":"https:\/\/portaltela.pt\/s.01k8rhncp4jt1\/2026\/03\/img_1500x1000uu2026-03-05-08-37-51-2270485.jpg","contentUrl":"https:\/\/portaltela.pt\/s.01k8rhncp4jt1\/2026\/03\/img_1500x1000uu2026-03-05-08-37-51-2270485.jpg","width":796,"height":448,"caption":"Refugiados do M\u00e9dio Oriente"},{"@type":"BreadcrumbList","@id":"https:\/\/portaltela.pt\/noticias\/2026\/03\/05\/mais-de-275-mil-deslocados-em-paises-afetados-por-ataques-no-medio-oriente\/#breadcrumb","itemListElement":[{"@type":"ListItem","position":1,"name":"In\u00edcio","item":"https:\/\/portaltela.pt\/"},{"@type":"ListItem","position":2,"name":"Mais de 275 mil deslocados em pa\u00edses afetados por ataques no M\u00e9dio Oriente"}]},{"@type":"WebSite","@id":"https:\/\/portaltela.pt\/#website","url":"https:\/\/portaltela.pt\/","name":"Portal Tela Portugal","description":"","potentialAction":[{"@type":"SearchAction","target":{"@type":"EntryPoint","urlTemplate":"https:\/\/portaltela.pt\/?s={search_term_string}"},"query-input":{"@type":"PropertyValueSpecification","valueRequired":true,"valueName":"search_term_string"}}],"inLanguage":"pt-PT"},{"@type":"Person","@id":"https:\/\/portaltela.pt\/#\/schema\/person\/c4278d4a6028830caff9ee44b42d32ed","name":"Telinha","image":{"@type":"ImageObject","inLanguage":"pt-PT","@id":"https:\/\/portaltela.pt\/s.01k8rhncp4jt1\/2025\/11\/talking-bot-125x125.png","url":"https:\/\/portaltela.pt\/s.01k8rhncp4jt1\/2025\/11\/talking-bot-125x125.png","contentUrl":"https:\/\/portaltela.pt\/s.01k8rhncp4jt1\/2025\/11\/talking-bot-125x125.png","caption":"Telinha"},"sameAs":["https:\/\/portaltela.pt\/"],"url":"https:\/\/portaltela.pt\/por\/367410592786\/"}]}},"_links":{"self":[{"href":"https:\/\/portaltela.pt\/api\/wp\/v2\/posts\/398194","targetHints":{"allow":["GET"]}}],"collection":[{"href":"https:\/\/portaltela.pt\/api\/wp\/v2\/posts"}],"about":[{"href":"https:\/\/portaltela.pt\/api\/wp\/v2\/types\/post"}],"author":[{"embeddable":true,"href":"https:\/\/portaltela.pt\/api\/wp\/v2\/users\/2"}],"replies":[{"embeddable":true,"href":"https:\/\/portaltela.pt\/api\/wp\/v2\/comments?post=398194"}],"version-history":[{"count":0,"href":"https:\/\/portaltela.pt\/api\/wp\/v2\/posts\/398194\/revisions"}],"wp:featuredmedia":[{"embeddable":true,"href":"https:\/\/portaltela.pt\/api\/wp\/v2\/media\/398195"}],"wp:attachment":[{"href":"https:\/\/portaltela.pt\/api\/wp\/v2\/media?parent=398194"}],"wp:term":[{"taxonomy":"category","embeddable":true,"href":"https:\/\/portaltela.pt\/api\/wp\/v2\/categories?post=398194"},{"taxonomy":"post_tag","embeddable":true,"href":"https:\/\/portaltela.pt\/api\/wp\/v2\/tags?post=398194"}],"curies":[{"name":"wp","href":"https:\/\/api.w.org\/{rel}","templated":true}]}}