{"id":398179,"date":"2026-03-05T05:16:59","date_gmt":"2026-03-05T08:16:59","guid":{"rendered":"https:\/\/portaltela.pt\/noticias\/2026\/03\/05\/kenedy-diz-que-ao-sair-a-noite-no-fc-porto-adepto-lhe-deu-5-minutos-para-ir-embora\/"},"modified":"2026-03-05T05:16:59","modified_gmt":"2026-03-05T08:16:59","slug":"kenedy-diz-que-ao-sair-a-noite-no-fc-porto-adepto-lhe-deu-5-minutos-para-ir-embora","status":"publish","type":"post","link":"https:\/\/portaltela.pt\/desporto\/futebol\/2026\/03\/05\/kenedy-diz-que-ao-sair-a-noite-no-fc-porto-adepto-lhe-deu-5-minutos-para-ir-embora\/","title":{"rendered":"Kenedy diz que, ao sair \u00e0 noite no FC Porto, adepto lhe deu 5 minutos para ir embora"},"content":{"rendered":"<p>Daniel Kenedy, antigo jogador campe\u00e3o pelo Benfica e pelo FC Porto, aceitou partilhar a sua trajet\u00f3ria e aspetos da vida fora do relvado em entrevista \u00e0 S\u00e1bado. Aos 52 anos, atua h\u00e1 dois meses e meio como treinador do Atl\u00e9tico Riachense, na I Divis\u00e3o Distrital de Santar\u00e9m, onde luta pela manuten\u00e7\u00e3o. O clube est\u00e1 no pen\u00faltimo lugar da classifica\u00e7\u00e3o.<\/p>\n<p>Nascido na Guin\u00e9-Bissau, Kenedy chegou a Portugal com seis anos. Recorda os come\u00e7os no CAC da Pontinha e a subida ao Benfica, onde se destacou ao mais alto n\u00edvel. A conversa abrange tamb\u00e9m momentos dif\u00edceis da carreira, como o afastamento do Mundial de 2002 por quest\u00f5es de dopagem.<\/p>\n<p>No desenrolar da entrevista, o rep\u00f3rter questiona o percurso de vida do ex-jogador. Kenedy descreve a adapta\u00e7\u00e3o a uma nova realidade em Portugal, a mudan\u00e7a para Paris em busca de melhores rendimentos e as dificuldades com a solid\u00e3o na juventude. O protagonista revela ainda epis\u00f3dios ligados ao jogo de fortuna.<\/p>\n<h3>Vida fora do campo<\/h3>\n<p>Kenedy aborda o v\u00edcio do jogo em casinos, descrevendo como isso afetou a sua estabilidade pessoal e profissional. O relato oferece uma perspetiva sobre os impactos do desporto de alto n\u00edvel na vida pessoal, sem entrar em julgamentos. A entrevista completa pode ser lida na edi\u00e7\u00e3o da S\u00e1bado.<\/p>\n","protected":false},"excerpt":{"rendered":"<ul>\n<li>Daniel Kenedy, 52 anos, vive em Riachos e treina o Atl\u00e9tico Riachense h\u00e1 cerca de dois meses e meio, tentando salvar o clube da despromo\u00e7\u00e3o, estando no pen\u00faltimo lugar da I Divis\u00e3o Distrital de Santar\u00e9m.<\/li>\n<li>Campe\u00e3o pelo Benfica e pelo FC Porto, o ex-jogador partilha aspetos da carreira desde a Guin\u00e9-Bissau at\u00e9 aos tempos no CAC da Pontinha e no Benfica.<\/li>\n<li>A entrevista \u00e0 S\u00e1bado aborda tamb\u00e9m o epis\u00f3dio de doping que o afastou do Mundial de 2002.<\/li>\n<li>Kenedy recorda um momento no FC Porto em que, ao sair \u00e0 noite, um adepto lhe disse: \u201ctens cinco minutos para ir embora\u201d.<\/li>\n<li>Confessa ainda o v\u00edcio do jogo nos casinos.<\/li>\n<\/ul>\n","protected":false},"author":2,"featured_media":398186,"comment_status":"closed","ping_status":"closed","sticky":false,"template":"","format":"standard","meta":{"footnotes":""},"categories":[21,24],"tags":[1946,1458,2028,32,4601,1196],"class_list":["post-398179","post","type-post","status-publish","format-standard","has-post-thumbnail","hentry","category-desporto","category-futebol","tag-benfica","tag-casinos","tag-fc-porto","tag-futebol","tag-guine-bissau","tag-vida-privada"],"yoast_head":"<!-- This site is optimized with the Yoast SEO plugin v27.2 - https:\/\/yoast.com\/product\/yoast-seo-wordpress\/ -->\n<title>Kenedy diz que, ao sair \u00e0 noite no FC Porto, adepto lhe deu 5 minutos para ir embora - Portal Tela Portugal<\/title>\n<meta name=\"robots\" content=\"index, follow, max-snippet:-1, max-image-preview:large, max-video-preview:-1\" \/>\n<meta property=\"og:locale\" content=\"pt_PT\" \/>\n<meta property=\"og:type\" content=\"article\" \/>\n<meta property=\"og:title\" content=\"Kenedy diz que, ao sair \u00e0 noite no FC Porto, adepto lhe deu 5 minutos para ir embora - Portal Tela Portugal\" \/>\n<meta property=\"og:description\" content=\"Daniel Kenedy, 52 anos, vive em Riachos e treina o Atl\u00e9tico Riachense h\u00e1 cerca de dois meses e meio, tentando salvar o clube da despromo\u00e7\u00e3o, estando no pen\u00faltimo lugar da I Divis\u00e3o Distrital de Santar\u00e9m. Campe\u00e3o pelo Benfica e pelo FC Porto, o ex-jogador partilha aspetos da carreira desde a Guin\u00e9-Bissau at\u00e9 aos tempos no CAC da Pontinha e no Benfica. A entrevista \u00e0 S\u00e1bado aborda tamb\u00e9m o epis\u00f3dio de doping que o afastou do Mundial de 2002. Kenedy recorda um momento no FC Porto em que, ao sair \u00e0 noite, um adepto lhe disse: \u201ctens cinco minutos para ir embora\u201d. Confessa ainda o v\u00edcio do jogo nos casinos.\" \/>\n<meta property=\"og:url\" content=\"https:\/\/portaltela.pt\/noticias\/2026\/03\/05\/kenedy-diz-que-ao-sair-a-noite-no-fc-porto-adepto-lhe-deu-5-minutos-para-ir-embora\/\" \/>\n<meta property=\"og:site_name\" content=\"Portal Tela Portugal\" \/>\n<meta property=\"article:published_time\" content=\"2026-03-05T08:16:59+00:00\" \/>\n<meta name=\"author\" content=\"Telinha\" \/>\n<meta name=\"twitter:card\" content=\"summary_large_image\" \/>\n<meta name=\"twitter:label1\" content=\"Escrito por\" \/>\n\t<meta name=\"twitter:data1\" content=\"Telinha\" \/>\n\t<meta name=\"twitter:label2\" content=\"Tempo estimado de leitura\" \/>\n\t<meta name=\"twitter:data2\" content=\"1 minuto\" \/>\n<script type=\"application\/ld+json\" class=\"yoast-schema-graph\">{\"@context\":\"https:\/\/schema.org\",\"@graph\":[{\"@type\":\"Article\",\"@id\":\"https:\/\/portaltela.pt\/noticias\/2026\/03\/05\/kenedy-diz-que-ao-sair-a-noite-no-fc-porto-adepto-lhe-deu-5-minutos-para-ir-embora\/#article\",\"isPartOf\":{\"@id\":\"https:\/\/portaltela.pt\/noticias\/2026\/03\/05\/kenedy-diz-que-ao-sair-a-noite-no-fc-porto-adepto-lhe-deu-5-minutos-para-ir-embora\/\"},\"author\":{\"name\":\"Telinha\",\"@id\":\"https:\/\/portaltela.pt\/#\/schema\/person\/c4278d4a6028830caff9ee44b42d32ed\"},\"headline\":\"Kenedy diz que, ao sair \u00e0 noite no FC Porto, adepto lhe deu 5 minutos para ir embora\",\"datePublished\":\"2026-03-05T08:16:59+00:00\",\"mainEntityOfPage\":{\"@id\":\"https:\/\/portaltela.pt\/noticias\/2026\/03\/05\/kenedy-diz-que-ao-sair-a-noite-no-fc-porto-adepto-lhe-deu-5-minutos-para-ir-embora\/\"},\"wordCount\":246,\"image\":{\"@id\":\"https:\/\/portaltela.pt\/noticias\/2026\/03\/05\/kenedy-diz-que-ao-sair-a-noite-no-fc-porto-adepto-lhe-deu-5-minutos-para-ir-embora\/#primaryimage\"},\"thumbnailUrl\":\"https:\/\/portaltela.pt\/s.01k8rhncp4jt1\/2026\/03\/img_1200x721uu2026-03-05-08-15-38-2425026.jpg\",\"keywords\":[\"Benfica\",\"casinos\",\"FC Porto\",\"futebol\",\"Guin\u00e9-Bissau\",\"Vida Privada\"],\"articleSection\":[\"Desporto\",\"Futebol\"],\"inLanguage\":\"pt-PT\"},{\"@type\":\"WebPage\",\"@id\":\"https:\/\/portaltela.pt\/noticias\/2026\/03\/05\/kenedy-diz-que-ao-sair-a-noite-no-fc-porto-adepto-lhe-deu-5-minutos-para-ir-embora\/\",\"url\":\"https:\/\/portaltela.pt\/noticias\/2026\/03\/05\/kenedy-diz-que-ao-sair-a-noite-no-fc-porto-adepto-lhe-deu-5-minutos-para-ir-embora\/\",\"name\":\"Kenedy diz que, ao sair \u00e0 noite no FC Porto, adepto lhe deu 5 minutos para ir embora - Portal Tela Portugal\",\"isPartOf\":{\"@id\":\"https:\/\/portaltela.pt\/#website\"},\"primaryImageOfPage\":{\"@id\":\"https:\/\/portaltela.pt\/noticias\/2026\/03\/05\/kenedy-diz-que-ao-sair-a-noite-no-fc-porto-adepto-lhe-deu-5-minutos-para-ir-embora\/#primaryimage\"},\"image\":{\"@id\":\"https:\/\/portaltela.pt\/noticias\/2026\/03\/05\/kenedy-diz-que-ao-sair-a-noite-no-fc-porto-adepto-lhe-deu-5-minutos-para-ir-embora\/#primaryimage\"},\"thumbnailUrl\":\"https:\/\/portaltela.pt\/s.01k8rhncp4jt1\/2026\/03\/img_1200x721uu2026-03-05-08-15-38-2425026.jpg\",\"datePublished\":\"2026-03-05T08:16:59+00:00\",\"author\":{\"@id\":\"https:\/\/portaltela.pt\/#\/schema\/person\/c4278d4a6028830caff9ee44b42d32ed\"},\"breadcrumb\":{\"@id\":\"https:\/\/portaltela.pt\/noticias\/2026\/03\/05\/kenedy-diz-que-ao-sair-a-noite-no-fc-porto-adepto-lhe-deu-5-minutos-para-ir-embora\/#breadcrumb\"},\"inLanguage\":\"pt-PT\",\"potentialAction\":[{\"@type\":\"ReadAction\",\"target\":[\"https:\/\/portaltela.pt\/noticias\/2026\/03\/05\/kenedy-diz-que-ao-sair-a-noite-no-fc-porto-adepto-lhe-deu-5-minutos-para-ir-embora\/\"]}]},{\"@type\":\"ImageObject\",\"inLanguage\":\"pt-PT\",\"@id\":\"https:\/\/portaltela.pt\/noticias\/2026\/03\/05\/kenedy-diz-que-ao-sair-a-noite-no-fc-porto-adepto-lhe-deu-5-minutos-para-ir-embora\/#primaryimage\",\"url\":\"https:\/\/portaltela.pt\/s.01k8rhncp4jt1\/2026\/03\/img_1200x721uu2026-03-05-08-15-38-2425026.jpg\",\"contentUrl\":\"https:\/\/portaltela.pt\/s.01k8rhncp4jt1\/2026\/03\/img_1200x721uu2026-03-05-08-15-38-2425026.jpg\",\"width\":796,\"height\":448,\"caption\":\"Daniel Kenedy fala da carreira e da vida fora do futebol\"},{\"@type\":\"BreadcrumbList\",\"@id\":\"https:\/\/portaltela.pt\/noticias\/2026\/03\/05\/kenedy-diz-que-ao-sair-a-noite-no-fc-porto-adepto-lhe-deu-5-minutos-para-ir-embora\/#breadcrumb\",\"itemListElement\":[{\"@type\":\"ListItem\",\"position\":1,\"name\":\"In\u00edcio\",\"item\":\"https:\/\/portaltela.pt\/\"},{\"@type\":\"ListItem\",\"position\":2,\"name\":\"Kenedy diz que, ao sair \u00e0 noite no FC Porto, adepto lhe deu 5 minutos para ir embora\"}]},{\"@type\":\"WebSite\",\"@id\":\"https:\/\/portaltela.pt\/#website\",\"url\":\"https:\/\/portaltela.pt\/\",\"name\":\"Portal Tela Portugal\",\"description\":\"\",\"potentialAction\":[{\"@type\":\"SearchAction\",\"target\":{\"@type\":\"EntryPoint\",\"urlTemplate\":\"https:\/\/portaltela.pt\/?s={search_term_string}\"},\"query-input\":{\"@type\":\"PropertyValueSpecification\",\"valueRequired\":true,\"valueName\":\"search_term_string\"}}],\"inLanguage\":\"pt-PT\"},{\"@type\":\"Person\",\"@id\":\"https:\/\/portaltela.pt\/#\/schema\/person\/c4278d4a6028830caff9ee44b42d32ed\",\"name\":\"Telinha\",\"image\":{\"@type\":\"ImageObject\",\"inLanguage\":\"pt-PT\",\"@id\":\"https:\/\/portaltela.pt\/s.01k8rhncp4jt1\/2025\/11\/talking-bot-125x125.png\",\"url\":\"https:\/\/portaltela.pt\/s.01k8rhncp4jt1\/2025\/11\/talking-bot-125x125.png\",\"contentUrl\":\"https:\/\/portaltela.pt\/s.01k8rhncp4jt1\/2025\/11\/talking-bot-125x125.png\",\"caption\":\"Telinha\"},\"sameAs\":[\"https:\/\/portaltela.pt\/\"],\"url\":\"https:\/\/portaltela.pt\/por\/367410592786\/\"}]}<\/script>\n<!-- \/ Yoast SEO plugin. -->","yoast_head_json":{"title":"Kenedy diz que, ao sair \u00e0 noite no FC Porto, adepto lhe deu 5 minutos para ir embora - Portal Tela Portugal","robots":{"index":"index","follow":"follow","max-snippet":"max-snippet:-1","max-image-preview":"max-image-preview:large","max-video-preview":"max-video-preview:-1"},"og_locale":"pt_PT","og_type":"article","og_title":"Kenedy diz que, ao sair \u00e0 noite no FC Porto, adepto lhe deu 5 minutos para ir embora - Portal Tela Portugal","og_description":"Daniel Kenedy, 52 anos, vive em Riachos e treina o Atl\u00e9tico Riachense h\u00e1 cerca de dois meses e meio, tentando salvar o clube da despromo\u00e7\u00e3o, estando no pen\u00faltimo lugar da I Divis\u00e3o Distrital de Santar\u00e9m. Campe\u00e3o pelo Benfica e pelo FC Porto, o ex-jogador partilha aspetos da carreira desde a Guin\u00e9-Bissau at\u00e9 aos tempos no CAC da Pontinha e no Benfica. A entrevista \u00e0 S\u00e1bado aborda tamb\u00e9m o epis\u00f3dio de doping que o afastou do Mundial de 2002. Kenedy recorda um momento no FC Porto em que, ao sair \u00e0 noite, um adepto lhe disse: \u201ctens cinco minutos para ir embora\u201d. Confessa ainda o v\u00edcio do jogo nos casinos.","og_url":"https:\/\/portaltela.pt\/noticias\/2026\/03\/05\/kenedy-diz-que-ao-sair-a-noite-no-fc-porto-adepto-lhe-deu-5-minutos-para-ir-embora\/","og_site_name":"Portal Tela Portugal","article_published_time":"2026-03-05T08:16:59+00:00","author":"Telinha","twitter_card":"summary_large_image","twitter_misc":{"Escrito por":"Telinha","Tempo estimado de leitura":"1 minuto"},"schema":{"@context":"https:\/\/schema.org","@graph":[{"@type":"Article","@id":"https:\/\/portaltela.pt\/noticias\/2026\/03\/05\/kenedy-diz-que-ao-sair-a-noite-no-fc-porto-adepto-lhe-deu-5-minutos-para-ir-embora\/#article","isPartOf":{"@id":"https:\/\/portaltela.pt\/noticias\/2026\/03\/05\/kenedy-diz-que-ao-sair-a-noite-no-fc-porto-adepto-lhe-deu-5-minutos-para-ir-embora\/"},"author":{"name":"Telinha","@id":"https:\/\/portaltela.pt\/#\/schema\/person\/c4278d4a6028830caff9ee44b42d32ed"},"headline":"Kenedy diz que, ao sair \u00e0 noite no FC Porto, adepto lhe deu 5 minutos para ir embora","datePublished":"2026-03-05T08:16:59+00:00","mainEntityOfPage":{"@id":"https:\/\/portaltela.pt\/noticias\/2026\/03\/05\/kenedy-diz-que-ao-sair-a-noite-no-fc-porto-adepto-lhe-deu-5-minutos-para-ir-embora\/"},"wordCount":246,"image":{"@id":"https:\/\/portaltela.pt\/noticias\/2026\/03\/05\/kenedy-diz-que-ao-sair-a-noite-no-fc-porto-adepto-lhe-deu-5-minutos-para-ir-embora\/#primaryimage"},"thumbnailUrl":"https:\/\/portaltela.pt\/s.01k8rhncp4jt1\/2026\/03\/img_1200x721uu2026-03-05-08-15-38-2425026.jpg","keywords":["Benfica","casinos","FC Porto","futebol","Guin\u00e9-Bissau","Vida Privada"],"articleSection":["Desporto","Futebol"],"inLanguage":"pt-PT"},{"@type":"WebPage","@id":"https:\/\/portaltela.pt\/noticias\/2026\/03\/05\/kenedy-diz-que-ao-sair-a-noite-no-fc-porto-adepto-lhe-deu-5-minutos-para-ir-embora\/","url":"https:\/\/portaltela.pt\/noticias\/2026\/03\/05\/kenedy-diz-que-ao-sair-a-noite-no-fc-porto-adepto-lhe-deu-5-minutos-para-ir-embora\/","name":"Kenedy diz que, ao sair \u00e0 noite no FC Porto, adepto lhe deu 5 minutos para ir embora - Portal Tela Portugal","isPartOf":{"@id":"https:\/\/portaltela.pt\/#website"},"primaryImageOfPage":{"@id":"https:\/\/portaltela.pt\/noticias\/2026\/03\/05\/kenedy-diz-que-ao-sair-a-noite-no-fc-porto-adepto-lhe-deu-5-minutos-para-ir-embora\/#primaryimage"},"image":{"@id":"https:\/\/portaltela.pt\/noticias\/2026\/03\/05\/kenedy-diz-que-ao-sair-a-noite-no-fc-porto-adepto-lhe-deu-5-minutos-para-ir-embora\/#primaryimage"},"thumbnailUrl":"https:\/\/portaltela.pt\/s.01k8rhncp4jt1\/2026\/03\/img_1200x721uu2026-03-05-08-15-38-2425026.jpg","datePublished":"2026-03-05T08:16:59+00:00","author":{"@id":"https:\/\/portaltela.pt\/#\/schema\/person\/c4278d4a6028830caff9ee44b42d32ed"},"breadcrumb":{"@id":"https:\/\/portaltela.pt\/noticias\/2026\/03\/05\/kenedy-diz-que-ao-sair-a-noite-no-fc-porto-adepto-lhe-deu-5-minutos-para-ir-embora\/#breadcrumb"},"inLanguage":"pt-PT","potentialAction":[{"@type":"ReadAction","target":["https:\/\/portaltela.pt\/noticias\/2026\/03\/05\/kenedy-diz-que-ao-sair-a-noite-no-fc-porto-adepto-lhe-deu-5-minutos-para-ir-embora\/"]}]},{"@type":"ImageObject","inLanguage":"pt-PT","@id":"https:\/\/portaltela.pt\/noticias\/2026\/03\/05\/kenedy-diz-que-ao-sair-a-noite-no-fc-porto-adepto-lhe-deu-5-minutos-para-ir-embora\/#primaryimage","url":"https:\/\/portaltela.pt\/s.01k8rhncp4jt1\/2026\/03\/img_1200x721uu2026-03-05-08-15-38-2425026.jpg","contentUrl":"https:\/\/portaltela.pt\/s.01k8rhncp4jt1\/2026\/03\/img_1200x721uu2026-03-05-08-15-38-2425026.jpg","width":796,"height":448,"caption":"Daniel Kenedy fala da carreira e da vida fora do futebol"},{"@type":"BreadcrumbList","@id":"https:\/\/portaltela.pt\/noticias\/2026\/03\/05\/kenedy-diz-que-ao-sair-a-noite-no-fc-porto-adepto-lhe-deu-5-minutos-para-ir-embora\/#breadcrumb","itemListElement":[{"@type":"ListItem","position":1,"name":"In\u00edcio","item":"https:\/\/portaltela.pt\/"},{"@type":"ListItem","position":2,"name":"Kenedy diz que, ao sair \u00e0 noite no FC Porto, adepto lhe deu 5 minutos para ir embora"}]},{"@type":"WebSite","@id":"https:\/\/portaltela.pt\/#website","url":"https:\/\/portaltela.pt\/","name":"Portal Tela Portugal","description":"","potentialAction":[{"@type":"SearchAction","target":{"@type":"EntryPoint","urlTemplate":"https:\/\/portaltela.pt\/?s={search_term_string}"},"query-input":{"@type":"PropertyValueSpecification","valueRequired":true,"valueName":"search_term_string"}}],"inLanguage":"pt-PT"},{"@type":"Person","@id":"https:\/\/portaltela.pt\/#\/schema\/person\/c4278d4a6028830caff9ee44b42d32ed","name":"Telinha","image":{"@type":"ImageObject","inLanguage":"pt-PT","@id":"https:\/\/portaltela.pt\/s.01k8rhncp4jt1\/2025\/11\/talking-bot-125x125.png","url":"https:\/\/portaltela.pt\/s.01k8rhncp4jt1\/2025\/11\/talking-bot-125x125.png","contentUrl":"https:\/\/portaltela.pt\/s.01k8rhncp4jt1\/2025\/11\/talking-bot-125x125.png","caption":"Telinha"},"sameAs":["https:\/\/portaltela.pt\/"],"url":"https:\/\/portaltela.pt\/por\/367410592786\/"}]}},"_links":{"self":[{"href":"https:\/\/portaltela.pt\/api\/wp\/v2\/posts\/398179","targetHints":{"allow":["GET"]}}],"collection":[{"href":"https:\/\/portaltela.pt\/api\/wp\/v2\/posts"}],"about":[{"href":"https:\/\/portaltela.pt\/api\/wp\/v2\/types\/post"}],"author":[{"embeddable":true,"href":"https:\/\/portaltela.pt\/api\/wp\/v2\/users\/2"}],"replies":[{"embeddable":true,"href":"https:\/\/portaltela.pt\/api\/wp\/v2\/comments?post=398179"}],"version-history":[{"count":0,"href":"https:\/\/portaltela.pt\/api\/wp\/v2\/posts\/398179\/revisions"}],"wp:featuredmedia":[{"embeddable":true,"href":"https:\/\/portaltela.pt\/api\/wp\/v2\/media\/398186"}],"wp:attachment":[{"href":"https:\/\/portaltela.pt\/api\/wp\/v2\/media?parent=398179"}],"wp:term":[{"taxonomy":"category","embeddable":true,"href":"https:\/\/portaltela.pt\/api\/wp\/v2\/categories?post=398179"},{"taxonomy":"post_tag","embeddable":true,"href":"https:\/\/portaltela.pt\/api\/wp\/v2\/tags?post=398179"}],"curies":[{"name":"wp","href":"https:\/\/api.w.org\/{rel}","templated":true}]}}