{"id":398176,"date":"2026-03-05T05:20:43","date_gmt":"2026-03-05T08:20:43","guid":{"rendered":"https:\/\/portaltela.pt\/noticias\/2026\/03\/05\/buracos-no-ic19-afetam-condutores\/"},"modified":"2026-03-05T05:20:43","modified_gmt":"2026-03-05T08:20:43","slug":"buracos-no-ic19-afetam-condutores","status":"publish","type":"post","link":"https:\/\/portaltela.pt\/noticias\/2026\/03\/05\/buracos-no-ic19-afetam-condutores\/","title":{"rendered":"Buracos no IC19 afetam condutores"},"content":{"rendered":"<p>Os buracos no IC19 (A37), provocados pelos temporais, continuam a gerar desconforto entre os condutores da estrada mais movimentada do pa\u00eds, que recebe cerca de 103 mil ve\u00edculos por dia. A Infraestruturas de Portugal (IP) assegura que j\u00e1 est\u00e1 a intervir para responder aos danos provocados pelo mau tempo.<\/p>\n<p>O vereador da C\u00e2mara de Sintra, Francisco Duarte, pediu interven\u00e7\u00e3o urgente da IP, denunciando o estado de degrada\u00e7\u00e3o do pavimento e buracos de dimens\u00e3o e profundidade significativas. A carta solicita uma interven\u00e7\u00e3o corretiva abrangente, tecnicamente estruturada e com car\u00e1ter de urg\u00eancia.<\/p>\n<p>A IP explicou ao CM que, antes das intemp\u00e9ries, j\u00e1 estava a desenvolver um projeto para uma interven\u00e7\u00e3o de natureza estrutural no pavimento. A entidade afirma ter vindo a intervir de forma cont\u00ednua, prioritizando as zonas mais cr\u00edticas.<\/p>\n<p>No terreno, est\u00e3o a ser executadas interven\u00e7\u00f5es com massas betuminosas a quente, consideradas a solu\u00e7\u00e3o mais adequada para uma repara\u00e7\u00e3o eficaz e duradoura. Paralelamente, est\u00e1 a avan\u00e7ar o projeto de execu\u00e7\u00e3o de uma empreitada de reabilita\u00e7\u00e3o integral do pavimento, com adapta\u00e7\u00f5es aos efeitos das intemp\u00e9ries.<\/p>\n<h3>Interven\u00e7\u00f5es em curso e melhorias previstas<\/h3>\n<p>A IP detalha que o programa inclui melhorias no sistema de drenagem e o refor\u00e7o das condi\u00e7\u00f5es de seguran\u00e7a ao longo do tro\u00e7o entre o km 0,220 e o km 16,690. As obras visam reduzir riscos para utilizadores e melhorar a circula\u00e7\u00e3o no eixo rodovi\u00e1rio.<\/p>\n","protected":false},"excerpt":{"rendered":"<ul>\n<li>Buracos no IC nineteen, tamb\u00e9m conhecido como A37, causam transtornos na via mais movimentada do pa\u00eds, que recebe cerca de 103 mil ve\u00edculos por dia.<\/li>\n<li>O vereador da C\u00e2mara de Sintra, Francisco Duarte, pediu interven\u00e7\u00e3o urgente da Infraestruturas de Portugal, descrevendo o pavimento como degradado, com buracos de dimens\u00e3o e profundidade significativas.<\/li>\n<li>A Infraestruturas de Portugal esclareceu que, antes das intemp\u00e9ries, j\u00e1 estava a desenvolver um projeto de execu\u00e7\u00e3o para uma interven\u00e7\u00e3o estrutural no pavimento.<\/li>\n<li>A IP afirma que est\u00e1 a intervir de forma cont\u00ednua, com massas betuminosas a quente para repara\u00e7\u00e3o mais eficaz e duradoura, e a avan\u00e7ar com uma empreitada de reabilita\u00e7\u00e3o integral do pavimento, adaptada aos efeitos das intemp\u00e9ries.<\/li>\n<li>O plano inclui melhorias no sistema de drenagem e refor\u00e7o das condi\u00e7\u00f5es de seguran\u00e7a ao longo do tro\u00e7o entre o km 0,220 e o km 16,690.<\/li>\n<\/ul>\n","protected":false},"author":2,"featured_media":398183,"comment_status":"closed","ping_status":"closed","sticky":false,"template":"","format":"standard","meta":{"footnotes":""},"categories":[1],"tags":[1083,6317,2698,5691,2761,1110],"class_list":["post-398176","post","type-post","status-publish","format-standard","has-post-thumbnail","hentry","category-noticias","tag-estradas","tag-infraestrutura-rodoviaria","tag-infraestruturas-de-portugal","tag-obras","tag-seguranca-rodoviaria","tag-sintra"],"yoast_head":"<!-- This site is optimized with the Yoast SEO plugin v27.2 - https:\/\/yoast.com\/product\/yoast-seo-wordpress\/ -->\n<title>Buracos no IC19 afetam condutores - Portal Tela Portugal<\/title>\n<meta name=\"robots\" content=\"index, follow, max-snippet:-1, max-image-preview:large, max-video-preview:-1\" \/>\n<meta property=\"og:locale\" content=\"pt_PT\" \/>\n<meta property=\"og:type\" content=\"article\" \/>\n<meta property=\"og:title\" content=\"Buracos no IC19 afetam condutores - Portal Tela Portugal\" \/>\n<meta property=\"og:description\" content=\"Buracos no IC nineteen, tamb\u00e9m conhecido como A37, causam transtornos na via mais movimentada do pa\u00eds, que recebe cerca de 103 mil ve\u00edculos por dia. O vereador da C\u00e2mara de Sintra, Francisco Duarte, pediu interven\u00e7\u00e3o urgente da Infraestruturas de Portugal, descrevendo o pavimento como degradado, com buracos de dimens\u00e3o e profundidade significativas. A Infraestruturas de Portugal esclareceu que, antes das intemp\u00e9ries, j\u00e1 estava a desenvolver um projeto de execu\u00e7\u00e3o para uma interven\u00e7\u00e3o estrutural no pavimento. A IP afirma que est\u00e1 a intervir de forma cont\u00ednua, com massas betuminosas a quente para repara\u00e7\u00e3o mais eficaz e duradoura, e a avan\u00e7ar com uma empreitada de reabilita\u00e7\u00e3o integral do pavimento, adaptada aos efeitos das intemp\u00e9ries. O plano inclui melhorias no sistema de drenagem e refor\u00e7o das condi\u00e7\u00f5es de seguran\u00e7a ao longo do tro\u00e7o entre o km 0,220 e o km 16,690.\" \/>\n<meta property=\"og:url\" content=\"https:\/\/portaltela.pt\/noticias\/2026\/03\/05\/buracos-no-ic19-afetam-condutores\/\" \/>\n<meta property=\"og:site_name\" content=\"Portal Tela Portugal\" \/>\n<meta property=\"article:published_time\" content=\"2026-03-05T08:20:43+00:00\" \/>\n<meta name=\"author\" content=\"Telinha\" \/>\n<meta name=\"twitter:card\" content=\"summary_large_image\" \/>\n<meta name=\"twitter:label1\" content=\"Escrito por\" \/>\n\t<meta name=\"twitter:data1\" content=\"Telinha\" \/>\n\t<meta name=\"twitter:label2\" content=\"Tempo estimado de leitura\" \/>\n\t<meta name=\"twitter:data2\" content=\"1 minuto\" \/>\n<script type=\"application\/ld+json\" class=\"yoast-schema-graph\">{\"@context\":\"https:\/\/schema.org\",\"@graph\":[{\"@type\":\"Article\",\"@id\":\"https:\/\/portaltela.pt\/noticias\/2026\/03\/05\/buracos-no-ic19-afetam-condutores\/#article\",\"isPartOf\":{\"@id\":\"https:\/\/portaltela.pt\/noticias\/2026\/03\/05\/buracos-no-ic19-afetam-condutores\/\"},\"author\":{\"name\":\"Telinha\",\"@id\":\"https:\/\/portaltela.pt\/#\/schema\/person\/c4278d4a6028830caff9ee44b42d32ed\"},\"headline\":\"Buracos no IC19 afetam condutores\",\"datePublished\":\"2026-03-05T08:20:43+00:00\",\"mainEntityOfPage\":{\"@id\":\"https:\/\/portaltela.pt\/noticias\/2026\/03\/05\/buracos-no-ic19-afetam-condutores\/\"},\"wordCount\":255,\"image\":{\"@id\":\"https:\/\/portaltela.pt\/noticias\/2026\/03\/05\/buracos-no-ic19-afetam-condutores\/#primaryimage\"},\"thumbnailUrl\":\"https:\/\/portaltela.pt\/s.01k8rhncp4jt1\/2026\/03\/img_1500x1000uu2025-04-25-12-12-35-2204918.jpg\",\"keywords\":[\"estradas\",\"infraestrutura rodovi\u00e1ria\",\"Infraestruturas de Portugal\",\"obras\",\"seguran\u00e7a rodovi\u00e1ria\",\"Sintra\"],\"articleSection\":[\"Not\u00edcias\"],\"inLanguage\":\"pt-PT\"},{\"@type\":\"WebPage\",\"@id\":\"https:\/\/portaltela.pt\/noticias\/2026\/03\/05\/buracos-no-ic19-afetam-condutores\/\",\"url\":\"https:\/\/portaltela.pt\/noticias\/2026\/03\/05\/buracos-no-ic19-afetam-condutores\/\",\"name\":\"Buracos no IC19 afetam condutores - Portal Tela Portugal\",\"isPartOf\":{\"@id\":\"https:\/\/portaltela.pt\/#website\"},\"primaryImageOfPage\":{\"@id\":\"https:\/\/portaltela.pt\/noticias\/2026\/03\/05\/buracos-no-ic19-afetam-condutores\/#primaryimage\"},\"image\":{\"@id\":\"https:\/\/portaltela.pt\/noticias\/2026\/03\/05\/buracos-no-ic19-afetam-condutores\/#primaryimage\"},\"thumbnailUrl\":\"https:\/\/portaltela.pt\/s.01k8rhncp4jt1\/2026\/03\/img_1500x1000uu2025-04-25-12-12-35-2204918.jpg\",\"datePublished\":\"2026-03-05T08:20:43+00:00\",\"author\":{\"@id\":\"https:\/\/portaltela.pt\/#\/schema\/person\/c4278d4a6028830caff9ee44b42d32ed\"},\"breadcrumb\":{\"@id\":\"https:\/\/portaltela.pt\/noticias\/2026\/03\/05\/buracos-no-ic19-afetam-condutores\/#breadcrumb\"},\"inLanguage\":\"pt-PT\",\"potentialAction\":[{\"@type\":\"ReadAction\",\"target\":[\"https:\/\/portaltela.pt\/noticias\/2026\/03\/05\/buracos-no-ic19-afetam-condutores\/\"]}]},{\"@type\":\"ImageObject\",\"inLanguage\":\"pt-PT\",\"@id\":\"https:\/\/portaltela.pt\/noticias\/2026\/03\/05\/buracos-no-ic19-afetam-condutores\/#primaryimage\",\"url\":\"https:\/\/portaltela.pt\/s.01k8rhncp4jt1\/2026\/03\/img_1500x1000uu2025-04-25-12-12-35-2204918.jpg\",\"contentUrl\":\"https:\/\/portaltela.pt\/s.01k8rhncp4jt1\/2026\/03\/img_1500x1000uu2025-04-25-12-12-35-2204918.jpg\",\"width\":796,\"height\":448,\"caption\":\"IC19 em mau estado ap\u00f3s intemp\u00e9ries\"},{\"@type\":\"BreadcrumbList\",\"@id\":\"https:\/\/portaltela.pt\/noticias\/2026\/03\/05\/buracos-no-ic19-afetam-condutores\/#breadcrumb\",\"itemListElement\":[{\"@type\":\"ListItem\",\"position\":1,\"name\":\"In\u00edcio\",\"item\":\"https:\/\/portaltela.pt\/\"},{\"@type\":\"ListItem\",\"position\":2,\"name\":\"Buracos no IC19 afetam condutores\"}]},{\"@type\":\"WebSite\",\"@id\":\"https:\/\/portaltela.pt\/#website\",\"url\":\"https:\/\/portaltela.pt\/\",\"name\":\"Portal Tela Portugal\",\"description\":\"\",\"potentialAction\":[{\"@type\":\"SearchAction\",\"target\":{\"@type\":\"EntryPoint\",\"urlTemplate\":\"https:\/\/portaltela.pt\/?s={search_term_string}\"},\"query-input\":{\"@type\":\"PropertyValueSpecification\",\"valueRequired\":true,\"valueName\":\"search_term_string\"}}],\"inLanguage\":\"pt-PT\"},{\"@type\":\"Person\",\"@id\":\"https:\/\/portaltela.pt\/#\/schema\/person\/c4278d4a6028830caff9ee44b42d32ed\",\"name\":\"Telinha\",\"image\":{\"@type\":\"ImageObject\",\"inLanguage\":\"pt-PT\",\"@id\":\"https:\/\/portaltela.pt\/s.01k8rhncp4jt1\/2025\/11\/talking-bot-125x125.png\",\"url\":\"https:\/\/portaltela.pt\/s.01k8rhncp4jt1\/2025\/11\/talking-bot-125x125.png\",\"contentUrl\":\"https:\/\/portaltela.pt\/s.01k8rhncp4jt1\/2025\/11\/talking-bot-125x125.png\",\"caption\":\"Telinha\"},\"sameAs\":[\"https:\/\/portaltela.pt\/\"],\"url\":\"https:\/\/portaltela.pt\/por\/367410592786\/\"}]}<\/script>\n<!-- \/ Yoast SEO plugin. -->","yoast_head_json":{"title":"Buracos no IC19 afetam condutores - Portal Tela Portugal","robots":{"index":"index","follow":"follow","max-snippet":"max-snippet:-1","max-image-preview":"max-image-preview:large","max-video-preview":"max-video-preview:-1"},"og_locale":"pt_PT","og_type":"article","og_title":"Buracos no IC19 afetam condutores - Portal Tela Portugal","og_description":"Buracos no IC nineteen, tamb\u00e9m conhecido como A37, causam transtornos na via mais movimentada do pa\u00eds, que recebe cerca de 103 mil ve\u00edculos por dia. O vereador da C\u00e2mara de Sintra, Francisco Duarte, pediu interven\u00e7\u00e3o urgente da Infraestruturas de Portugal, descrevendo o pavimento como degradado, com buracos de dimens\u00e3o e profundidade significativas. A Infraestruturas de Portugal esclareceu que, antes das intemp\u00e9ries, j\u00e1 estava a desenvolver um projeto de execu\u00e7\u00e3o para uma interven\u00e7\u00e3o estrutural no pavimento. A IP afirma que est\u00e1 a intervir de forma cont\u00ednua, com massas betuminosas a quente para repara\u00e7\u00e3o mais eficaz e duradoura, e a avan\u00e7ar com uma empreitada de reabilita\u00e7\u00e3o integral do pavimento, adaptada aos efeitos das intemp\u00e9ries. O plano inclui melhorias no sistema de drenagem e refor\u00e7o das condi\u00e7\u00f5es de seguran\u00e7a ao longo do tro\u00e7o entre o km 0,220 e o km 16,690.","og_url":"https:\/\/portaltela.pt\/noticias\/2026\/03\/05\/buracos-no-ic19-afetam-condutores\/","og_site_name":"Portal Tela Portugal","article_published_time":"2026-03-05T08:20:43+00:00","author":"Telinha","twitter_card":"summary_large_image","twitter_misc":{"Escrito por":"Telinha","Tempo estimado de leitura":"1 minuto"},"schema":{"@context":"https:\/\/schema.org","@graph":[{"@type":"Article","@id":"https:\/\/portaltela.pt\/noticias\/2026\/03\/05\/buracos-no-ic19-afetam-condutores\/#article","isPartOf":{"@id":"https:\/\/portaltela.pt\/noticias\/2026\/03\/05\/buracos-no-ic19-afetam-condutores\/"},"author":{"name":"Telinha","@id":"https:\/\/portaltela.pt\/#\/schema\/person\/c4278d4a6028830caff9ee44b42d32ed"},"headline":"Buracos no IC19 afetam condutores","datePublished":"2026-03-05T08:20:43+00:00","mainEntityOfPage":{"@id":"https:\/\/portaltela.pt\/noticias\/2026\/03\/05\/buracos-no-ic19-afetam-condutores\/"},"wordCount":255,"image":{"@id":"https:\/\/portaltela.pt\/noticias\/2026\/03\/05\/buracos-no-ic19-afetam-condutores\/#primaryimage"},"thumbnailUrl":"https:\/\/portaltela.pt\/s.01k8rhncp4jt1\/2026\/03\/img_1500x1000uu2025-04-25-12-12-35-2204918.jpg","keywords":["estradas","infraestrutura rodovi\u00e1ria","Infraestruturas de Portugal","obras","seguran\u00e7a rodovi\u00e1ria","Sintra"],"articleSection":["Not\u00edcias"],"inLanguage":"pt-PT"},{"@type":"WebPage","@id":"https:\/\/portaltela.pt\/noticias\/2026\/03\/05\/buracos-no-ic19-afetam-condutores\/","url":"https:\/\/portaltela.pt\/noticias\/2026\/03\/05\/buracos-no-ic19-afetam-condutores\/","name":"Buracos no IC19 afetam condutores - Portal Tela Portugal","isPartOf":{"@id":"https:\/\/portaltela.pt\/#website"},"primaryImageOfPage":{"@id":"https:\/\/portaltela.pt\/noticias\/2026\/03\/05\/buracos-no-ic19-afetam-condutores\/#primaryimage"},"image":{"@id":"https:\/\/portaltela.pt\/noticias\/2026\/03\/05\/buracos-no-ic19-afetam-condutores\/#primaryimage"},"thumbnailUrl":"https:\/\/portaltela.pt\/s.01k8rhncp4jt1\/2026\/03\/img_1500x1000uu2025-04-25-12-12-35-2204918.jpg","datePublished":"2026-03-05T08:20:43+00:00","author":{"@id":"https:\/\/portaltela.pt\/#\/schema\/person\/c4278d4a6028830caff9ee44b42d32ed"},"breadcrumb":{"@id":"https:\/\/portaltela.pt\/noticias\/2026\/03\/05\/buracos-no-ic19-afetam-condutores\/#breadcrumb"},"inLanguage":"pt-PT","potentialAction":[{"@type":"ReadAction","target":["https:\/\/portaltela.pt\/noticias\/2026\/03\/05\/buracos-no-ic19-afetam-condutores\/"]}]},{"@type":"ImageObject","inLanguage":"pt-PT","@id":"https:\/\/portaltela.pt\/noticias\/2026\/03\/05\/buracos-no-ic19-afetam-condutores\/#primaryimage","url":"https:\/\/portaltela.pt\/s.01k8rhncp4jt1\/2026\/03\/img_1500x1000uu2025-04-25-12-12-35-2204918.jpg","contentUrl":"https:\/\/portaltela.pt\/s.01k8rhncp4jt1\/2026\/03\/img_1500x1000uu2025-04-25-12-12-35-2204918.jpg","width":796,"height":448,"caption":"IC19 em mau estado ap\u00f3s intemp\u00e9ries"},{"@type":"BreadcrumbList","@id":"https:\/\/portaltela.pt\/noticias\/2026\/03\/05\/buracos-no-ic19-afetam-condutores\/#breadcrumb","itemListElement":[{"@type":"ListItem","position":1,"name":"In\u00edcio","item":"https:\/\/portaltela.pt\/"},{"@type":"ListItem","position":2,"name":"Buracos no IC19 afetam condutores"}]},{"@type":"WebSite","@id":"https:\/\/portaltela.pt\/#website","url":"https:\/\/portaltela.pt\/","name":"Portal Tela Portugal","description":"","potentialAction":[{"@type":"SearchAction","target":{"@type":"EntryPoint","urlTemplate":"https:\/\/portaltela.pt\/?s={search_term_string}"},"query-input":{"@type":"PropertyValueSpecification","valueRequired":true,"valueName":"search_term_string"}}],"inLanguage":"pt-PT"},{"@type":"Person","@id":"https:\/\/portaltela.pt\/#\/schema\/person\/c4278d4a6028830caff9ee44b42d32ed","name":"Telinha","image":{"@type":"ImageObject","inLanguage":"pt-PT","@id":"https:\/\/portaltela.pt\/s.01k8rhncp4jt1\/2025\/11\/talking-bot-125x125.png","url":"https:\/\/portaltela.pt\/s.01k8rhncp4jt1\/2025\/11\/talking-bot-125x125.png","contentUrl":"https:\/\/portaltela.pt\/s.01k8rhncp4jt1\/2025\/11\/talking-bot-125x125.png","caption":"Telinha"},"sameAs":["https:\/\/portaltela.pt\/"],"url":"https:\/\/portaltela.pt\/por\/367410592786\/"}]}},"_links":{"self":[{"href":"https:\/\/portaltela.pt\/api\/wp\/v2\/posts\/398176","targetHints":{"allow":["GET"]}}],"collection":[{"href":"https:\/\/portaltela.pt\/api\/wp\/v2\/posts"}],"about":[{"href":"https:\/\/portaltela.pt\/api\/wp\/v2\/types\/post"}],"author":[{"embeddable":true,"href":"https:\/\/portaltela.pt\/api\/wp\/v2\/users\/2"}],"replies":[{"embeddable":true,"href":"https:\/\/portaltela.pt\/api\/wp\/v2\/comments?post=398176"}],"version-history":[{"count":0,"href":"https:\/\/portaltela.pt\/api\/wp\/v2\/posts\/398176\/revisions"}],"wp:featuredmedia":[{"embeddable":true,"href":"https:\/\/portaltela.pt\/api\/wp\/v2\/media\/398183"}],"wp:attachment":[{"href":"https:\/\/portaltela.pt\/api\/wp\/v2\/media?parent=398176"}],"wp:term":[{"taxonomy":"category","embeddable":true,"href":"https:\/\/portaltela.pt\/api\/wp\/v2\/categories?post=398176"},{"taxonomy":"post_tag","embeddable":true,"href":"https:\/\/portaltela.pt\/api\/wp\/v2\/tags?post=398176"}],"curies":[{"name":"wp","href":"https:\/\/api.w.org\/{rel}","templated":true}]}}