{"id":398157,"date":"2026-03-05T04:45:00","date_gmt":"2026-03-05T07:45:00","guid":{"rendered":"https:\/\/portaltela.pt\/noticias\/2026\/03\/05\/universidade-do-minho-lanca-licenciaturas-que-dao-acesso-a-dois-cursos\/"},"modified":"2026-03-05T04:45:00","modified_gmt":"2026-03-05T07:45:00","slug":"universidade-do-minho-lanca-licenciaturas-que-dao-acesso-a-dois-cursos","status":"publish","type":"post","link":"https:\/\/portaltela.pt\/noticias\/2026\/03\/05\/universidade-do-minho-lanca-licenciaturas-que-dao-acesso-a-dois-cursos\/","title":{"rendered":"Universidade do Minho lan\u00e7a licenciaturas que d\u00e3o acesso a dois cursos"},"content":{"rendered":"<p>A Universidade do Minho (UMinho) vai disponibilizar cinco licenciaturas duplas no concurso nacional de acesso do pr\u00f3ximo ano letivo. Trata-se de uma novidade no ensino superior p\u00fablico em Portugal, que permite aos estudantes obter dois diplomas ao final do curso.<\/p>\n<p>Os novos cursos ser\u00e3o ministrados no campus de Gualtar, em Braga. A reitoria da institui\u00e7\u00e3o afirma ter grandes expectativas quanto a este modelo, que poder\u00e1, no futuro, ser alargado a outras \u00e1reas acad\u00e9micas.<\/p>\n<h3>O que muda no ensino superior<\/h3>\n<p>As licenciaturas duplas permitem a obten\u00e7\u00e3o de dois diplomas simult\u00e2neos ao longo de um \u00fanico percurso acad\u00e9mico. A UMinho j\u00e1 indicou que o programa poder\u00e1 evoluir conforme o progresso e a procura estudantil, mantendo o foco na qualidade e na empregabilidade.<\/p>\n<p>A directoraios acad\u00e9mica sublinha que a medida visa diversificar op\u00e7\u00f5es para os estudantes, refor\u00e7ar a internacionaliza\u00e7\u00e3o e tornar a oferta da universidade mais competitiva no panorama nacional. O processo de sele\u00e7\u00e3o para estas licenciaturas duplas ser\u00e1 definido no \u00e2mbito do concurso de acesso.<\/p>\n","protected":false},"excerpt":{"rendered":"<ul>\n<li>A Universidade do Minho vai oferecer cinco licenciaturas duplas no pr\u00f3ximo ano letivo em Braga.<\/li>\n<li>Este \u00e9 um modelo pioneiro no ensino superior p\u00fablico em Portugal, permitindo obter dois diplomas ao final do curso.<\/li>\n<li>As novas licenciaturas duplas v\u00e3o decorrer no campus de Gualtar.<\/li>\n<li>A reitoria da universidade afirma ter muitas expectativas relativamente a este formato, com potencial alargamento futuro a outras \u00e1reas.<\/li>\n<li>A medida surge como novidade educativa no sistema universit\u00e1rio nacional.<\/li>\n<\/ul>\n","protected":false},"author":2,"featured_media":398162,"comment_status":"closed","ping_status":"closed","sticky":false,"template":"","format":"standard","meta":{"footnotes":""},"categories":[1],"tags":[1207,163,92,3080,3510,58],"class_list":["post-398157","post","type-post","status-publish","format-standard","has-post-thumbnail","hentry","category-noticias","tag-braga","tag-educacao","tag-ensino","tag-internacionalizacao","tag-licenciaturas","tag-universidades"],"yoast_head":"<!-- This site is optimized with the Yoast SEO plugin v27.2 - https:\/\/yoast.com\/product\/yoast-seo-wordpress\/ -->\n<title>Universidade do Minho lan\u00e7a licenciaturas que d\u00e3o acesso a dois cursos - Portal Tela Portugal<\/title>\n<meta name=\"robots\" content=\"index, follow, max-snippet:-1, max-image-preview:large, max-video-preview:-1\" \/>\n<meta property=\"og:locale\" content=\"pt_PT\" \/>\n<meta property=\"og:type\" content=\"article\" \/>\n<meta property=\"og:title\" content=\"Universidade do Minho lan\u00e7a licenciaturas que d\u00e3o acesso a dois cursos - Portal Tela Portugal\" \/>\n<meta property=\"og:description\" content=\"A Universidade do Minho vai oferecer cinco licenciaturas duplas no pr\u00f3ximo ano letivo em Braga. Este \u00e9 um modelo pioneiro no ensino superior p\u00fablico em Portugal, permitindo obter dois diplomas ao final do curso. As novas licenciaturas duplas v\u00e3o decorrer no campus de Gualtar. A reitoria da universidade afirma ter muitas expectativas relativamente a este formato, com potencial alargamento futuro a outras \u00e1reas. A medida surge como novidade educativa no sistema universit\u00e1rio nacional.\" \/>\n<meta property=\"og:url\" content=\"https:\/\/portaltela.pt\/noticias\/2026\/03\/05\/universidade-do-minho-lanca-licenciaturas-que-dao-acesso-a-dois-cursos\/\" \/>\n<meta property=\"og:site_name\" content=\"Portal Tela Portugal\" \/>\n<meta property=\"article:published_time\" content=\"2026-03-05T07:45:00+00:00\" \/>\n<meta name=\"author\" content=\"Telinha\" \/>\n<meta name=\"twitter:card\" content=\"summary_large_image\" \/>\n<meta name=\"twitter:label1\" content=\"Escrito por\" \/>\n\t<meta name=\"twitter:data1\" content=\"Telinha\" \/>\n\t<meta name=\"twitter:label2\" content=\"Tempo estimado de leitura\" \/>\n\t<meta name=\"twitter:data2\" content=\"1 minuto\" \/>\n<script type=\"application\/ld+json\" class=\"yoast-schema-graph\">{\"@context\":\"https:\/\/schema.org\",\"@graph\":[{\"@type\":\"Article\",\"@id\":\"https:\/\/portaltela.pt\/noticias\/2026\/03\/05\/universidade-do-minho-lanca-licenciaturas-que-dao-acesso-a-dois-cursos\/#article\",\"isPartOf\":{\"@id\":\"https:\/\/portaltela.pt\/noticias\/2026\/03\/05\/universidade-do-minho-lanca-licenciaturas-que-dao-acesso-a-dois-cursos\/\"},\"author\":{\"name\":\"Telinha\",\"@id\":\"https:\/\/portaltela.pt\/#\/schema\/person\/c4278d4a6028830caff9ee44b42d32ed\"},\"headline\":\"Universidade do Minho lan\u00e7a licenciaturas que d\u00e3o acesso a dois cursos\",\"datePublished\":\"2026-03-05T07:45:00+00:00\",\"mainEntityOfPage\":{\"@id\":\"https:\/\/portaltela.pt\/noticias\/2026\/03\/05\/universidade-do-minho-lanca-licenciaturas-que-dao-acesso-a-dois-cursos\/\"},\"wordCount\":189,\"image\":{\"@id\":\"https:\/\/portaltela.pt\/noticias\/2026\/03\/05\/universidade-do-minho-lanca-licenciaturas-que-dao-acesso-a-dois-cursos\/#primaryimage\"},\"thumbnailUrl\":\"https:\/\/portaltela.pt\/s.01k8rhncp4jt1\/2026\/03\/image-268.jpg\",\"keywords\":[\"Braga\",\"educa\u00e7\u00e3o\",\"ensino\",\"internacionaliza\u00e7\u00e3o\",\"licenciaturas\",\"universidades\"],\"articleSection\":[\"Not\u00edcias\"],\"inLanguage\":\"pt-PT\"},{\"@type\":\"WebPage\",\"@id\":\"https:\/\/portaltela.pt\/noticias\/2026\/03\/05\/universidade-do-minho-lanca-licenciaturas-que-dao-acesso-a-dois-cursos\/\",\"url\":\"https:\/\/portaltela.pt\/noticias\/2026\/03\/05\/universidade-do-minho-lanca-licenciaturas-que-dao-acesso-a-dois-cursos\/\",\"name\":\"Universidade do Minho lan\u00e7a licenciaturas que d\u00e3o acesso a dois cursos - Portal Tela Portugal\",\"isPartOf\":{\"@id\":\"https:\/\/portaltela.pt\/#website\"},\"primaryImageOfPage\":{\"@id\":\"https:\/\/portaltela.pt\/noticias\/2026\/03\/05\/universidade-do-minho-lanca-licenciaturas-que-dao-acesso-a-dois-cursos\/#primaryimage\"},\"image\":{\"@id\":\"https:\/\/portaltela.pt\/noticias\/2026\/03\/05\/universidade-do-minho-lanca-licenciaturas-que-dao-acesso-a-dois-cursos\/#primaryimage\"},\"thumbnailUrl\":\"https:\/\/portaltela.pt\/s.01k8rhncp4jt1\/2026\/03\/image-268.jpg\",\"datePublished\":\"2026-03-05T07:45:00+00:00\",\"author\":{\"@id\":\"https:\/\/portaltela.pt\/#\/schema\/person\/c4278d4a6028830caff9ee44b42d32ed\"},\"breadcrumb\":{\"@id\":\"https:\/\/portaltela.pt\/noticias\/2026\/03\/05\/universidade-do-minho-lanca-licenciaturas-que-dao-acesso-a-dois-cursos\/#breadcrumb\"},\"inLanguage\":\"pt-PT\",\"potentialAction\":[{\"@type\":\"ReadAction\",\"target\":[\"https:\/\/portaltela.pt\/noticias\/2026\/03\/05\/universidade-do-minho-lanca-licenciaturas-que-dao-acesso-a-dois-cursos\/\"]}]},{\"@type\":\"ImageObject\",\"inLanguage\":\"pt-PT\",\"@id\":\"https:\/\/portaltela.pt\/noticias\/2026\/03\/05\/universidade-do-minho-lanca-licenciaturas-que-dao-acesso-a-dois-cursos\/#primaryimage\",\"url\":\"https:\/\/portaltela.pt\/s.01k8rhncp4jt1\/2026\/03\/image-268.jpg\",\"contentUrl\":\"https:\/\/portaltela.pt\/s.01k8rhncp4jt1\/2026\/03\/image-268.jpg\",\"width\":796,\"height\":448,\"caption\":\"Os novos cursos v\u00e3o ser ministradas no campus de Gualtar, em Braga\"},{\"@type\":\"BreadcrumbList\",\"@id\":\"https:\/\/portaltela.pt\/noticias\/2026\/03\/05\/universidade-do-minho-lanca-licenciaturas-que-dao-acesso-a-dois-cursos\/#breadcrumb\",\"itemListElement\":[{\"@type\":\"ListItem\",\"position\":1,\"name\":\"In\u00edcio\",\"item\":\"https:\/\/portaltela.pt\/\"},{\"@type\":\"ListItem\",\"position\":2,\"name\":\"Universidade do Minho lan\u00e7a licenciaturas que d\u00e3o acesso a dois cursos\"}]},{\"@type\":\"WebSite\",\"@id\":\"https:\/\/portaltela.pt\/#website\",\"url\":\"https:\/\/portaltela.pt\/\",\"name\":\"Portal Tela Portugal\",\"description\":\"\",\"potentialAction\":[{\"@type\":\"SearchAction\",\"target\":{\"@type\":\"EntryPoint\",\"urlTemplate\":\"https:\/\/portaltela.pt\/?s={search_term_string}\"},\"query-input\":{\"@type\":\"PropertyValueSpecification\",\"valueRequired\":true,\"valueName\":\"search_term_string\"}}],\"inLanguage\":\"pt-PT\"},{\"@type\":\"Person\",\"@id\":\"https:\/\/portaltela.pt\/#\/schema\/person\/c4278d4a6028830caff9ee44b42d32ed\",\"name\":\"Telinha\",\"image\":{\"@type\":\"ImageObject\",\"inLanguage\":\"pt-PT\",\"@id\":\"https:\/\/portaltela.pt\/s.01k8rhncp4jt1\/2025\/11\/talking-bot-125x125.png\",\"url\":\"https:\/\/portaltela.pt\/s.01k8rhncp4jt1\/2025\/11\/talking-bot-125x125.png\",\"contentUrl\":\"https:\/\/portaltela.pt\/s.01k8rhncp4jt1\/2025\/11\/talking-bot-125x125.png\",\"caption\":\"Telinha\"},\"sameAs\":[\"https:\/\/portaltela.pt\/\"],\"url\":\"https:\/\/portaltela.pt\/por\/367410592786\/\"}]}<\/script>\n<!-- \/ Yoast SEO plugin. -->","yoast_head_json":{"title":"Universidade do Minho lan\u00e7a licenciaturas que d\u00e3o acesso a dois cursos - Portal Tela Portugal","robots":{"index":"index","follow":"follow","max-snippet":"max-snippet:-1","max-image-preview":"max-image-preview:large","max-video-preview":"max-video-preview:-1"},"og_locale":"pt_PT","og_type":"article","og_title":"Universidade do Minho lan\u00e7a licenciaturas que d\u00e3o acesso a dois cursos - Portal Tela Portugal","og_description":"A Universidade do Minho vai oferecer cinco licenciaturas duplas no pr\u00f3ximo ano letivo em Braga. Este \u00e9 um modelo pioneiro no ensino superior p\u00fablico em Portugal, permitindo obter dois diplomas ao final do curso. As novas licenciaturas duplas v\u00e3o decorrer no campus de Gualtar. A reitoria da universidade afirma ter muitas expectativas relativamente a este formato, com potencial alargamento futuro a outras \u00e1reas. A medida surge como novidade educativa no sistema universit\u00e1rio nacional.","og_url":"https:\/\/portaltela.pt\/noticias\/2026\/03\/05\/universidade-do-minho-lanca-licenciaturas-que-dao-acesso-a-dois-cursos\/","og_site_name":"Portal Tela Portugal","article_published_time":"2026-03-05T07:45:00+00:00","author":"Telinha","twitter_card":"summary_large_image","twitter_misc":{"Escrito por":"Telinha","Tempo estimado de leitura":"1 minuto"},"schema":{"@context":"https:\/\/schema.org","@graph":[{"@type":"Article","@id":"https:\/\/portaltela.pt\/noticias\/2026\/03\/05\/universidade-do-minho-lanca-licenciaturas-que-dao-acesso-a-dois-cursos\/#article","isPartOf":{"@id":"https:\/\/portaltela.pt\/noticias\/2026\/03\/05\/universidade-do-minho-lanca-licenciaturas-que-dao-acesso-a-dois-cursos\/"},"author":{"name":"Telinha","@id":"https:\/\/portaltela.pt\/#\/schema\/person\/c4278d4a6028830caff9ee44b42d32ed"},"headline":"Universidade do Minho lan\u00e7a licenciaturas que d\u00e3o acesso a dois cursos","datePublished":"2026-03-05T07:45:00+00:00","mainEntityOfPage":{"@id":"https:\/\/portaltela.pt\/noticias\/2026\/03\/05\/universidade-do-minho-lanca-licenciaturas-que-dao-acesso-a-dois-cursos\/"},"wordCount":189,"image":{"@id":"https:\/\/portaltela.pt\/noticias\/2026\/03\/05\/universidade-do-minho-lanca-licenciaturas-que-dao-acesso-a-dois-cursos\/#primaryimage"},"thumbnailUrl":"https:\/\/portaltela.pt\/s.01k8rhncp4jt1\/2026\/03\/image-268.jpg","keywords":["Braga","educa\u00e7\u00e3o","ensino","internacionaliza\u00e7\u00e3o","licenciaturas","universidades"],"articleSection":["Not\u00edcias"],"inLanguage":"pt-PT"},{"@type":"WebPage","@id":"https:\/\/portaltela.pt\/noticias\/2026\/03\/05\/universidade-do-minho-lanca-licenciaturas-que-dao-acesso-a-dois-cursos\/","url":"https:\/\/portaltela.pt\/noticias\/2026\/03\/05\/universidade-do-minho-lanca-licenciaturas-que-dao-acesso-a-dois-cursos\/","name":"Universidade do Minho lan\u00e7a licenciaturas que d\u00e3o acesso a dois cursos - Portal Tela Portugal","isPartOf":{"@id":"https:\/\/portaltela.pt\/#website"},"primaryImageOfPage":{"@id":"https:\/\/portaltela.pt\/noticias\/2026\/03\/05\/universidade-do-minho-lanca-licenciaturas-que-dao-acesso-a-dois-cursos\/#primaryimage"},"image":{"@id":"https:\/\/portaltela.pt\/noticias\/2026\/03\/05\/universidade-do-minho-lanca-licenciaturas-que-dao-acesso-a-dois-cursos\/#primaryimage"},"thumbnailUrl":"https:\/\/portaltela.pt\/s.01k8rhncp4jt1\/2026\/03\/image-268.jpg","datePublished":"2026-03-05T07:45:00+00:00","author":{"@id":"https:\/\/portaltela.pt\/#\/schema\/person\/c4278d4a6028830caff9ee44b42d32ed"},"breadcrumb":{"@id":"https:\/\/portaltela.pt\/noticias\/2026\/03\/05\/universidade-do-minho-lanca-licenciaturas-que-dao-acesso-a-dois-cursos\/#breadcrumb"},"inLanguage":"pt-PT","potentialAction":[{"@type":"ReadAction","target":["https:\/\/portaltela.pt\/noticias\/2026\/03\/05\/universidade-do-minho-lanca-licenciaturas-que-dao-acesso-a-dois-cursos\/"]}]},{"@type":"ImageObject","inLanguage":"pt-PT","@id":"https:\/\/portaltela.pt\/noticias\/2026\/03\/05\/universidade-do-minho-lanca-licenciaturas-que-dao-acesso-a-dois-cursos\/#primaryimage","url":"https:\/\/portaltela.pt\/s.01k8rhncp4jt1\/2026\/03\/image-268.jpg","contentUrl":"https:\/\/portaltela.pt\/s.01k8rhncp4jt1\/2026\/03\/image-268.jpg","width":796,"height":448,"caption":"Os novos cursos v\u00e3o ser ministradas no campus de Gualtar, em Braga"},{"@type":"BreadcrumbList","@id":"https:\/\/portaltela.pt\/noticias\/2026\/03\/05\/universidade-do-minho-lanca-licenciaturas-que-dao-acesso-a-dois-cursos\/#breadcrumb","itemListElement":[{"@type":"ListItem","position":1,"name":"In\u00edcio","item":"https:\/\/portaltela.pt\/"},{"@type":"ListItem","position":2,"name":"Universidade do Minho lan\u00e7a licenciaturas que d\u00e3o acesso a dois cursos"}]},{"@type":"WebSite","@id":"https:\/\/portaltela.pt\/#website","url":"https:\/\/portaltela.pt\/","name":"Portal Tela Portugal","description":"","potentialAction":[{"@type":"SearchAction","target":{"@type":"EntryPoint","urlTemplate":"https:\/\/portaltela.pt\/?s={search_term_string}"},"query-input":{"@type":"PropertyValueSpecification","valueRequired":true,"valueName":"search_term_string"}}],"inLanguage":"pt-PT"},{"@type":"Person","@id":"https:\/\/portaltela.pt\/#\/schema\/person\/c4278d4a6028830caff9ee44b42d32ed","name":"Telinha","image":{"@type":"ImageObject","inLanguage":"pt-PT","@id":"https:\/\/portaltela.pt\/s.01k8rhncp4jt1\/2025\/11\/talking-bot-125x125.png","url":"https:\/\/portaltela.pt\/s.01k8rhncp4jt1\/2025\/11\/talking-bot-125x125.png","contentUrl":"https:\/\/portaltela.pt\/s.01k8rhncp4jt1\/2025\/11\/talking-bot-125x125.png","caption":"Telinha"},"sameAs":["https:\/\/portaltela.pt\/"],"url":"https:\/\/portaltela.pt\/por\/367410592786\/"}]}},"_links":{"self":[{"href":"https:\/\/portaltela.pt\/api\/wp\/v2\/posts\/398157","targetHints":{"allow":["GET"]}}],"collection":[{"href":"https:\/\/portaltela.pt\/api\/wp\/v2\/posts"}],"about":[{"href":"https:\/\/portaltela.pt\/api\/wp\/v2\/types\/post"}],"author":[{"embeddable":true,"href":"https:\/\/portaltela.pt\/api\/wp\/v2\/users\/2"}],"replies":[{"embeddable":true,"href":"https:\/\/portaltela.pt\/api\/wp\/v2\/comments?post=398157"}],"version-history":[{"count":0,"href":"https:\/\/portaltela.pt\/api\/wp\/v2\/posts\/398157\/revisions"}],"wp:featuredmedia":[{"embeddable":true,"href":"https:\/\/portaltela.pt\/api\/wp\/v2\/media\/398162"}],"wp:attachment":[{"href":"https:\/\/portaltela.pt\/api\/wp\/v2\/media?parent=398157"}],"wp:term":[{"taxonomy":"category","embeddable":true,"href":"https:\/\/portaltela.pt\/api\/wp\/v2\/categories?post=398157"},{"taxonomy":"post_tag","embeddable":true,"href":"https:\/\/portaltela.pt\/api\/wp\/v2\/tags?post=398157"}],"curies":[{"name":"wp","href":"https:\/\/api.w.org\/{rel}","templated":true}]}}