{"id":398112,"date":"2026-03-05T03:45:00","date_gmt":"2026-03-05T06:45:00","guid":{"rendered":"https:\/\/portaltela.pt\/noticias\/2026\/03\/05\/ribau-esteves-diz-que-onda-de-criticas-a-passos-coelho-e-ridicula\/"},"modified":"2026-03-05T03:45:00","modified_gmt":"2026-03-05T06:45:00","slug":"ribau-esteves-diz-que-onda-de-criticas-a-passos-coelho-e-ridicula","status":"publish","type":"post","link":"https:\/\/portaltela.pt\/noticias\/politica\/2026\/03\/05\/ribau-esteves-diz-que-onda-de-criticas-a-passos-coelho-e-ridicula\/","title":{"rendered":"Ribau Esteves diz que onda de cr\u00edticas a Passos Coelho \u00e9 rid\u00edcula"},"content":{"rendered":"<p>O atual presidente da CCDR-Centro, Jos\u00e9 Ribau Esteves, descreve em entrevista ao P\u00daBLICO-Renascen\u00e7a o que tem sido feito na reconstru\u00e7\u00e3o da zona Centro ap\u00f3s a tempestade Kristin. Defende que, com regionaliza\u00e7\u00e3o, o processo de resposta seria mais \u00e1gil e reconhece a press\u00e3o dos autarcas sobre o Governo.<\/p>\n<p>Esteves indica que j\u00e1 existem n\u00fameros relevantes sobre habita\u00e7\u00e3o, com mais de 15 mil candidaturas recebidas por parte de munic\u00edpios da regi\u00e3o. Leiria concentra uma fatia significativa, seguida por Marinha Grande e Pombal, representando quase 65% das candidaturas. Os seis munic\u00edpios com maior volume respondem por 75% do total.<\/p>\n<p>O valor pago pela CCDR-Centro at\u00e9 agora \u00e9 modesto, situando-se em cerca de 150 mil euros, ainda numa fase inicial. O objetivo \u00e9 acelerar os processos para come\u00e7ar a pagar em massa, com o apoio de outras vias, como o Banco de Fomento e o IFADAP para setores espec\u00edficos.<\/p>\n<h3>Celeridade e recursos t\u00e9cnicos<\/h3>\n<p>A demora na valida\u00e7\u00e3o por parte das c\u00e2maras \u00e9 apontada como fator que retarda os pagamentos. Contudo, Esteves garante que uma equipa renovada de engenheiros j\u00e1 chegou ao terreno para refor\u00e7ar a vistoria. A previs\u00e3o \u00e9 de aumento exponencial no volume de processos nos pr\u00f3ximos dias e semanas, com resposta adequada da CCDR-Centro.<\/p>\n<p>Questionado sobre o transporte de verbas prometidas pelo Governo, o presidente da CCDR lembra que est\u00e3o dispon\u00edveis 185 milh\u00f5es de euros desde 19 de Fevereiro, ap\u00f3s atraso na transfer\u00eancia inicialmente anunciada. A avalia\u00e7\u00e3o dos preju\u00edzos totais est\u00e1 em curso, com perspetivas de amplas estimativas, incluindo danos em equipamentos e infraestruturas municipais.<\/p>\n<h3>Regionaliza\u00e7\u00e3o e modelo de governa\u00e7\u00e3o<\/h3>\n<p>Sobre a eventual regionaliza\u00e7\u00e3o, Esteves afirma que o Governo atuou bem ao criar uma estrutura de miss\u00e3o para a recupera\u00e7\u00e3o do Centro. Defende que, se o pa\u00eds j\u00e1 tivesse um processo de regionaliza\u00e7\u00e3o, a resposta a esta tempestade poderia ter sido mais r\u00e1pida, citando os A\u00e7ores e a Madeira como exemplos de maior agilidade.<\/p>\n<p>No que toca ao papel do Governo e do Presidente da Rep\u00fablica, o entrevistado sustenta que o Governo governa o pa\u00eds e que o Presidente atua com um papel de magistratura de influ\u00eancia. Reitera que n\u00e3o h\u00e1 rivalidade entre ele e Paulo Fernandes, coordenador da estrutura de miss\u00e3o, mantendo uma rela\u00e7\u00e3o de amizade.<\/p>\n<h3>Reformas administrativas e apoio a autarcas<\/h3>\n<p>Questionado sobre cr\u00edticas de l\u00edderes socialistas ao modelo de CCDR, Esteves menciona que ainda n\u00e3o leu documentos oficiais, mas ressalva que as candidaturas envolvem negocia\u00e7\u00f5es entre partidos. A prop\u00f3sito de Passos Coelho, afirma que o PSD tem o compromisso de ser refer\u00eancia de estabilidade, recusando ataques a quem lidera o Governo.<\/p>\n","protected":false},"excerpt":{"rendered":"<ul>\n<li>O presidente da CCDR-Centro, Jos\u00e9 Ribau Esteves, fala da reconstru\u00e7\u00e3o da zona centro ap\u00f3s a tempestade Kristin e defende que a regionaliza\u00e7\u00e3o tornaria a resposta mais r\u00e1pida.<\/li>\n<li>H\u00e1 mais de 15 mil candidaturas para habita\u00e7\u00e3o recebidas; Leiria concentra cerca de 40% dessas candidaturas, com os seis munic\u00edpios mais afetados a responder por 75% das solicita\u00e7\u00f5es.<\/li>\n<li>A CCDR j\u00e1 pagou cerca de 150 mil euros em apoios \u00e0 reconstru\u00e7\u00e3o de casas; o dinheiro para empresas e agricultura segue atrav\u00e9s do Banco de Fomento e do IFADAP, respetivamente.<\/li>\n<li>O ministro das Finan\u00e7as anunciou dinheiro para fam\u00edlias afetadas, e 185 milh\u00f5es de euros chegaram \u00e0 CCDR a 19 de fevereiro; espera-se aumento exponencial de processos nos pr\u00f3ximos dias.<\/li>\n<li>Esteves defende uma organiza\u00e7\u00e3o regional da prote\u00e7\u00e3o civil e v\u00ea a regionaliza\u00e7\u00e3o como adequada, citando exemplos dos A\u00e7ores e da Madeira, enquanto sustenta que o Governo deve seguir para cumprir os objetivos da nova etapa das CCDR.<\/li>\n<\/ul>\n","protected":false},"author":2,"featured_media":398124,"comment_status":"closed","ping_status":"closed","sticky":false,"template":"","format":"standard","meta":{"footnotes":""},"categories":[1,5],"tags":[5387,34,150,1385,2075,4650],"class_list":["post-398112","post","type-post","status-publish","format-standard","has-post-thumbnail","hentry","category-noticias","category-politica","tag-ccdr-centro","tag-governo","tag-habitacao","tag-leiria","tag-pombal","tag-regiao-centro"],"yoast_head":"<!-- This site is optimized with the Yoast SEO plugin v27.2 - https:\/\/yoast.com\/product\/yoast-seo-wordpress\/ -->\n<title>Ribau Esteves diz que onda de cr\u00edticas a Passos Coelho \u00e9 rid\u00edcula - Portal Tela Portugal<\/title>\n<meta name=\"robots\" content=\"index, follow, max-snippet:-1, max-image-preview:large, max-video-preview:-1\" \/>\n<meta property=\"og:locale\" content=\"pt_PT\" \/>\n<meta property=\"og:type\" content=\"article\" \/>\n<meta property=\"og:title\" content=\"Ribau Esteves diz que onda de cr\u00edticas a Passos Coelho \u00e9 rid\u00edcula - Portal Tela Portugal\" \/>\n<meta property=\"og:description\" content=\"O presidente da CCDR-Centro, Jos\u00e9 Ribau Esteves, fala da reconstru\u00e7\u00e3o da zona centro ap\u00f3s a tempestade Kristin e defende que a regionaliza\u00e7\u00e3o tornaria a resposta mais r\u00e1pida. H\u00e1 mais de 15 mil candidaturas para habita\u00e7\u00e3o recebidas; Leiria concentra cerca de 40% dessas candidaturas, com os seis munic\u00edpios mais afetados a responder por 75% das solicita\u00e7\u00f5es. A CCDR j\u00e1 pagou cerca de 150 mil euros em apoios \u00e0 reconstru\u00e7\u00e3o de casas; o dinheiro para empresas e agricultura segue atrav\u00e9s do Banco de Fomento e do IFADAP, respetivamente. O ministro das Finan\u00e7as anunciou dinheiro para fam\u00edlias afetadas, e 185 milh\u00f5es de euros chegaram \u00e0 CCDR a 19 de fevereiro; espera-se aumento exponencial de processos nos pr\u00f3ximos dias. Esteves defende uma organiza\u00e7\u00e3o regional da prote\u00e7\u00e3o civil e v\u00ea a regionaliza\u00e7\u00e3o como adequada, citando exemplos dos A\u00e7ores e da Madeira, enquanto sustenta que o Governo deve seguir para cumprir os objetivos da nova etapa das CCDR.\" \/>\n<meta property=\"og:url\" content=\"https:\/\/portaltela.pt\/noticias\/2026\/03\/05\/ribau-esteves-diz-que-onda-de-criticas-a-passos-coelho-e-ridicula\/\" \/>\n<meta property=\"og:site_name\" content=\"Portal Tela Portugal\" \/>\n<meta property=\"article:published_time\" content=\"2026-03-05T06:45:00+00:00\" \/>\n<meta name=\"author\" content=\"Telinha\" \/>\n<meta name=\"twitter:card\" content=\"summary_large_image\" \/>\n<meta name=\"twitter:label1\" content=\"Escrito por\" \/>\n\t<meta name=\"twitter:data1\" content=\"Telinha\" \/>\n\t<meta name=\"twitter:label2\" content=\"Tempo estimado de leitura\" \/>\n\t<meta name=\"twitter:data2\" content=\"2 minutos\" \/>\n<script type=\"application\/ld+json\" class=\"yoast-schema-graph\">{\"@context\":\"https:\/\/schema.org\",\"@graph\":[{\"@type\":\"Article\",\"@id\":\"https:\/\/portaltela.pt\/noticias\/2026\/03\/05\/ribau-esteves-diz-que-onda-de-criticas-a-passos-coelho-e-ridicula\/#article\",\"isPartOf\":{\"@id\":\"https:\/\/portaltela.pt\/noticias\/2026\/03\/05\/ribau-esteves-diz-que-onda-de-criticas-a-passos-coelho-e-ridicula\/\"},\"author\":{\"name\":\"Telinha\",\"@id\":\"https:\/\/portaltela.pt\/#\/schema\/person\/c4278d4a6028830caff9ee44b42d32ed\"},\"headline\":\"Ribau Esteves diz que onda de cr\u00edticas a Passos Coelho \u00e9 rid\u00edcula\",\"datePublished\":\"2026-03-05T06:45:00+00:00\",\"mainEntityOfPage\":{\"@id\":\"https:\/\/portaltela.pt\/noticias\/2026\/03\/05\/ribau-esteves-diz-que-onda-de-criticas-a-passos-coelho-e-ridicula\/\"},\"wordCount\":472,\"image\":{\"@id\":\"https:\/\/portaltela.pt\/noticias\/2026\/03\/05\/ribau-esteves-diz-que-onda-de-criticas-a-passos-coelho-e-ridicula\/#primaryimage\"},\"thumbnailUrl\":\"https:\/\/portaltela.pt\/s.01k8rhncp4jt1\/2026\/03\/2071899.jpg\",\"keywords\":[\"CCDR Centro\",\"governo\",\"habita\u00e7\u00e3o\",\"Leiria\",\"Pombal\",\"Regi\u00e3o Centro\"],\"articleSection\":[\"Not\u00edcias\",\"Pol\u00edtica\"],\"inLanguage\":\"pt-PT\"},{\"@type\":\"WebPage\",\"@id\":\"https:\/\/portaltela.pt\/noticias\/2026\/03\/05\/ribau-esteves-diz-que-onda-de-criticas-a-passos-coelho-e-ridicula\/\",\"url\":\"https:\/\/portaltela.pt\/noticias\/2026\/03\/05\/ribau-esteves-diz-que-onda-de-criticas-a-passos-coelho-e-ridicula\/\",\"name\":\"Ribau Esteves diz que onda de cr\u00edticas a Passos Coelho \u00e9 rid\u00edcula - Portal Tela Portugal\",\"isPartOf\":{\"@id\":\"https:\/\/portaltela.pt\/#website\"},\"primaryImageOfPage\":{\"@id\":\"https:\/\/portaltela.pt\/noticias\/2026\/03\/05\/ribau-esteves-diz-que-onda-de-criticas-a-passos-coelho-e-ridicula\/#primaryimage\"},\"image\":{\"@id\":\"https:\/\/portaltela.pt\/noticias\/2026\/03\/05\/ribau-esteves-diz-que-onda-de-criticas-a-passos-coelho-e-ridicula\/#primaryimage\"},\"thumbnailUrl\":\"https:\/\/portaltela.pt\/s.01k8rhncp4jt1\/2026\/03\/2071899.jpg\",\"datePublished\":\"2026-03-05T06:45:00+00:00\",\"author\":{\"@id\":\"https:\/\/portaltela.pt\/#\/schema\/person\/c4278d4a6028830caff9ee44b42d32ed\"},\"breadcrumb\":{\"@id\":\"https:\/\/portaltela.pt\/noticias\/2026\/03\/05\/ribau-esteves-diz-que-onda-de-criticas-a-passos-coelho-e-ridicula\/#breadcrumb\"},\"inLanguage\":\"pt-PT\",\"potentialAction\":[{\"@type\":\"ReadAction\",\"target\":[\"https:\/\/portaltela.pt\/noticias\/2026\/03\/05\/ribau-esteves-diz-que-onda-de-criticas-a-passos-coelho-e-ridicula\/\"]}]},{\"@type\":\"ImageObject\",\"inLanguage\":\"pt-PT\",\"@id\":\"https:\/\/portaltela.pt\/noticias\/2026\/03\/05\/ribau-esteves-diz-que-onda-de-criticas-a-passos-coelho-e-ridicula\/#primaryimage\",\"url\":\"https:\/\/portaltela.pt\/s.01k8rhncp4jt1\/2026\/03\/2071899.jpg\",\"contentUrl\":\"https:\/\/portaltela.pt\/s.01k8rhncp4jt1\/2026\/03\/2071899.jpg\",\"width\":796,\"height\":448,\"caption\":\"Jos\u00e9 Ribau Esteves foi recentemente empossado presidente da Comiss\u00e3o de Coordena\u00e7\u00e3o e Desenvolvimento Regional do Centro\"},{\"@type\":\"BreadcrumbList\",\"@id\":\"https:\/\/portaltela.pt\/noticias\/2026\/03\/05\/ribau-esteves-diz-que-onda-de-criticas-a-passos-coelho-e-ridicula\/#breadcrumb\",\"itemListElement\":[{\"@type\":\"ListItem\",\"position\":1,\"name\":\"In\u00edcio\",\"item\":\"https:\/\/portaltela.pt\/\"},{\"@type\":\"ListItem\",\"position\":2,\"name\":\"Ribau Esteves diz que onda de cr\u00edticas a Passos Coelho \u00e9 rid\u00edcula\"}]},{\"@type\":\"WebSite\",\"@id\":\"https:\/\/portaltela.pt\/#website\",\"url\":\"https:\/\/portaltela.pt\/\",\"name\":\"Portal Tela Portugal\",\"description\":\"\",\"potentialAction\":[{\"@type\":\"SearchAction\",\"target\":{\"@type\":\"EntryPoint\",\"urlTemplate\":\"https:\/\/portaltela.pt\/?s={search_term_string}\"},\"query-input\":{\"@type\":\"PropertyValueSpecification\",\"valueRequired\":true,\"valueName\":\"search_term_string\"}}],\"inLanguage\":\"pt-PT\"},{\"@type\":\"Person\",\"@id\":\"https:\/\/portaltela.pt\/#\/schema\/person\/c4278d4a6028830caff9ee44b42d32ed\",\"name\":\"Telinha\",\"image\":{\"@type\":\"ImageObject\",\"inLanguage\":\"pt-PT\",\"@id\":\"https:\/\/portaltela.pt\/s.01k8rhncp4jt1\/2025\/11\/talking-bot-125x125.png\",\"url\":\"https:\/\/portaltela.pt\/s.01k8rhncp4jt1\/2025\/11\/talking-bot-125x125.png\",\"contentUrl\":\"https:\/\/portaltela.pt\/s.01k8rhncp4jt1\/2025\/11\/talking-bot-125x125.png\",\"caption\":\"Telinha\"},\"sameAs\":[\"https:\/\/portaltela.pt\/\"],\"url\":\"https:\/\/portaltela.pt\/por\/367410592786\/\"}]}<\/script>\n<!-- \/ Yoast SEO plugin. -->","yoast_head_json":{"title":"Ribau Esteves diz que onda de cr\u00edticas a Passos Coelho \u00e9 rid\u00edcula - Portal Tela Portugal","robots":{"index":"index","follow":"follow","max-snippet":"max-snippet:-1","max-image-preview":"max-image-preview:large","max-video-preview":"max-video-preview:-1"},"og_locale":"pt_PT","og_type":"article","og_title":"Ribau Esteves diz que onda de cr\u00edticas a Passos Coelho \u00e9 rid\u00edcula - Portal Tela Portugal","og_description":"O presidente da CCDR-Centro, Jos\u00e9 Ribau Esteves, fala da reconstru\u00e7\u00e3o da zona centro ap\u00f3s a tempestade Kristin e defende que a regionaliza\u00e7\u00e3o tornaria a resposta mais r\u00e1pida. H\u00e1 mais de 15 mil candidaturas para habita\u00e7\u00e3o recebidas; Leiria concentra cerca de 40% dessas candidaturas, com os seis munic\u00edpios mais afetados a responder por 75% das solicita\u00e7\u00f5es. A CCDR j\u00e1 pagou cerca de 150 mil euros em apoios \u00e0 reconstru\u00e7\u00e3o de casas; o dinheiro para empresas e agricultura segue atrav\u00e9s do Banco de Fomento e do IFADAP, respetivamente. O ministro das Finan\u00e7as anunciou dinheiro para fam\u00edlias afetadas, e 185 milh\u00f5es de euros chegaram \u00e0 CCDR a 19 de fevereiro; espera-se aumento exponencial de processos nos pr\u00f3ximos dias. Esteves defende uma organiza\u00e7\u00e3o regional da prote\u00e7\u00e3o civil e v\u00ea a regionaliza\u00e7\u00e3o como adequada, citando exemplos dos A\u00e7ores e da Madeira, enquanto sustenta que o Governo deve seguir para cumprir os objetivos da nova etapa das CCDR.","og_url":"https:\/\/portaltela.pt\/noticias\/2026\/03\/05\/ribau-esteves-diz-que-onda-de-criticas-a-passos-coelho-e-ridicula\/","og_site_name":"Portal Tela Portugal","article_published_time":"2026-03-05T06:45:00+00:00","author":"Telinha","twitter_card":"summary_large_image","twitter_misc":{"Escrito por":"Telinha","Tempo estimado de leitura":"2 minutos"},"schema":{"@context":"https:\/\/schema.org","@graph":[{"@type":"Article","@id":"https:\/\/portaltela.pt\/noticias\/2026\/03\/05\/ribau-esteves-diz-que-onda-de-criticas-a-passos-coelho-e-ridicula\/#article","isPartOf":{"@id":"https:\/\/portaltela.pt\/noticias\/2026\/03\/05\/ribau-esteves-diz-que-onda-de-criticas-a-passos-coelho-e-ridicula\/"},"author":{"name":"Telinha","@id":"https:\/\/portaltela.pt\/#\/schema\/person\/c4278d4a6028830caff9ee44b42d32ed"},"headline":"Ribau Esteves diz que onda de cr\u00edticas a Passos Coelho \u00e9 rid\u00edcula","datePublished":"2026-03-05T06:45:00+00:00","mainEntityOfPage":{"@id":"https:\/\/portaltela.pt\/noticias\/2026\/03\/05\/ribau-esteves-diz-que-onda-de-criticas-a-passos-coelho-e-ridicula\/"},"wordCount":472,"image":{"@id":"https:\/\/portaltela.pt\/noticias\/2026\/03\/05\/ribau-esteves-diz-que-onda-de-criticas-a-passos-coelho-e-ridicula\/#primaryimage"},"thumbnailUrl":"https:\/\/portaltela.pt\/s.01k8rhncp4jt1\/2026\/03\/2071899.jpg","keywords":["CCDR Centro","governo","habita\u00e7\u00e3o","Leiria","Pombal","Regi\u00e3o Centro"],"articleSection":["Not\u00edcias","Pol\u00edtica"],"inLanguage":"pt-PT"},{"@type":"WebPage","@id":"https:\/\/portaltela.pt\/noticias\/2026\/03\/05\/ribau-esteves-diz-que-onda-de-criticas-a-passos-coelho-e-ridicula\/","url":"https:\/\/portaltela.pt\/noticias\/2026\/03\/05\/ribau-esteves-diz-que-onda-de-criticas-a-passos-coelho-e-ridicula\/","name":"Ribau Esteves diz que onda de cr\u00edticas a Passos Coelho \u00e9 rid\u00edcula - Portal Tela Portugal","isPartOf":{"@id":"https:\/\/portaltela.pt\/#website"},"primaryImageOfPage":{"@id":"https:\/\/portaltela.pt\/noticias\/2026\/03\/05\/ribau-esteves-diz-que-onda-de-criticas-a-passos-coelho-e-ridicula\/#primaryimage"},"image":{"@id":"https:\/\/portaltela.pt\/noticias\/2026\/03\/05\/ribau-esteves-diz-que-onda-de-criticas-a-passos-coelho-e-ridicula\/#primaryimage"},"thumbnailUrl":"https:\/\/portaltela.pt\/s.01k8rhncp4jt1\/2026\/03\/2071899.jpg","datePublished":"2026-03-05T06:45:00+00:00","author":{"@id":"https:\/\/portaltela.pt\/#\/schema\/person\/c4278d4a6028830caff9ee44b42d32ed"},"breadcrumb":{"@id":"https:\/\/portaltela.pt\/noticias\/2026\/03\/05\/ribau-esteves-diz-que-onda-de-criticas-a-passos-coelho-e-ridicula\/#breadcrumb"},"inLanguage":"pt-PT","potentialAction":[{"@type":"ReadAction","target":["https:\/\/portaltela.pt\/noticias\/2026\/03\/05\/ribau-esteves-diz-que-onda-de-criticas-a-passos-coelho-e-ridicula\/"]}]},{"@type":"ImageObject","inLanguage":"pt-PT","@id":"https:\/\/portaltela.pt\/noticias\/2026\/03\/05\/ribau-esteves-diz-que-onda-de-criticas-a-passos-coelho-e-ridicula\/#primaryimage","url":"https:\/\/portaltela.pt\/s.01k8rhncp4jt1\/2026\/03\/2071899.jpg","contentUrl":"https:\/\/portaltela.pt\/s.01k8rhncp4jt1\/2026\/03\/2071899.jpg","width":796,"height":448,"caption":"Jos\u00e9 Ribau Esteves foi recentemente empossado presidente da Comiss\u00e3o de Coordena\u00e7\u00e3o e Desenvolvimento Regional do Centro"},{"@type":"BreadcrumbList","@id":"https:\/\/portaltela.pt\/noticias\/2026\/03\/05\/ribau-esteves-diz-que-onda-de-criticas-a-passos-coelho-e-ridicula\/#breadcrumb","itemListElement":[{"@type":"ListItem","position":1,"name":"In\u00edcio","item":"https:\/\/portaltela.pt\/"},{"@type":"ListItem","position":2,"name":"Ribau Esteves diz que onda de cr\u00edticas a Passos Coelho \u00e9 rid\u00edcula"}]},{"@type":"WebSite","@id":"https:\/\/portaltela.pt\/#website","url":"https:\/\/portaltela.pt\/","name":"Portal Tela Portugal","description":"","potentialAction":[{"@type":"SearchAction","target":{"@type":"EntryPoint","urlTemplate":"https:\/\/portaltela.pt\/?s={search_term_string}"},"query-input":{"@type":"PropertyValueSpecification","valueRequired":true,"valueName":"search_term_string"}}],"inLanguage":"pt-PT"},{"@type":"Person","@id":"https:\/\/portaltela.pt\/#\/schema\/person\/c4278d4a6028830caff9ee44b42d32ed","name":"Telinha","image":{"@type":"ImageObject","inLanguage":"pt-PT","@id":"https:\/\/portaltela.pt\/s.01k8rhncp4jt1\/2025\/11\/talking-bot-125x125.png","url":"https:\/\/portaltela.pt\/s.01k8rhncp4jt1\/2025\/11\/talking-bot-125x125.png","contentUrl":"https:\/\/portaltela.pt\/s.01k8rhncp4jt1\/2025\/11\/talking-bot-125x125.png","caption":"Telinha"},"sameAs":["https:\/\/portaltela.pt\/"],"url":"https:\/\/portaltela.pt\/por\/367410592786\/"}]}},"_links":{"self":[{"href":"https:\/\/portaltela.pt\/api\/wp\/v2\/posts\/398112","targetHints":{"allow":["GET"]}}],"collection":[{"href":"https:\/\/portaltela.pt\/api\/wp\/v2\/posts"}],"about":[{"href":"https:\/\/portaltela.pt\/api\/wp\/v2\/types\/post"}],"author":[{"embeddable":true,"href":"https:\/\/portaltela.pt\/api\/wp\/v2\/users\/2"}],"replies":[{"embeddable":true,"href":"https:\/\/portaltela.pt\/api\/wp\/v2\/comments?post=398112"}],"version-history":[{"count":0,"href":"https:\/\/portaltela.pt\/api\/wp\/v2\/posts\/398112\/revisions"}],"wp:featuredmedia":[{"embeddable":true,"href":"https:\/\/portaltela.pt\/api\/wp\/v2\/media\/398124"}],"wp:attachment":[{"href":"https:\/\/portaltela.pt\/api\/wp\/v2\/media?parent=398112"}],"wp:term":[{"taxonomy":"category","embeddable":true,"href":"https:\/\/portaltela.pt\/api\/wp\/v2\/categories?post=398112"},{"taxonomy":"post_tag","embeddable":true,"href":"https:\/\/portaltela.pt\/api\/wp\/v2\/tags?post=398112"}],"curies":[{"name":"wp","href":"https:\/\/api.w.org\/{rel}","templated":true}]}}