{"id":398107,"date":"2026-03-05T03:30:00","date_gmt":"2026-03-05T06:30:00","guid":{"rendered":"https:\/\/portaltela.pt\/noticias\/2026\/03\/05\/editorial-grafico-de-eduardo-souto-de-moura-a-minha-casa\/"},"modified":"2026-03-05T03:30:00","modified_gmt":"2026-03-05T06:30:00","slug":"editorial-grafico-de-eduardo-souto-de-moura-a-minha-casa","status":"publish","type":"post","link":"https:\/\/portaltela.pt\/noticias\/2026\/03\/05\/editorial-grafico-de-eduardo-souto-de-moura-a-minha-casa\/","title":{"rendered":"Editorial gr\u00e1fico de Eduardo Souto de Moura: A minha casa"},"content":{"rendered":"<p>O editorial gr\u00e1fico intitulado A minha casa, assinado por Eduardo Souto de Moura, marca o 36.\u00ba anivers\u00e1rio do P\u00daBLICO. A pe\u00e7a apresenta o arquiteto como director por um dia, explorando, atrav\u00e9s de desenhos, a obsess\u00e3o pela casa.<\/p>\n<p>Souto de Moura afirma que desenhar casas tem uma dimens\u00e3o quase obsessiva. Acrescenta que a obsess\u00e3o pode ter um in\u00edcio psicanal\u00edtico e que a sublima\u00e7\u00e3o ajuda a avan\u00e7ar, sem transformar a vida em problema permanente.<\/p>\n<p>A entrevista completa est\u00e1 dispon\u00edvel no site do P\u00daBLICO, juntamente com a p\u00e1gina dedicada \u00e0 edi\u00e7\u00e3o especial de anivers\u00e1rio. A pe\u00e7a parte de reflex\u00f5es sobre arquitetura, felicidade e o papel da sublima\u00e7\u00e3o na pr\u00e1tica criativa.<\/p>\n","protected":false},"excerpt":{"rendered":"<ul>\n<li>Editorial gr\u00e1fico de Eduardo Souto de Moura, arquitecto, criada no 36.\u00ba anivers\u00e1rio do P\u00daBLICO, em que ele atua como director por um dia.<\/li>\n<li>Souto de Moura afirma que desenhar casas \u00e9 quase uma obsess\u00e3o e que a obsess\u00e3o pode ter ra\u00edzes psicanal\u00edticas.<\/li>\n<li>Questiona por que a casa recorrente aparece sempre, sugerindo que a sublima\u00e7\u00e3o ajuda a lidar com os problemas.<\/li>\n<li>Explica que, \u00e0s vezes, a sublima\u00e7\u00e3o permite avan\u00e7ar sem ficar paralisado pelos obst\u00e1culos, assumindo a arquitectura como uma forma de sublima\u00e7\u00e3o.<\/li>\n<li>A edi\u00e7\u00e3o inclui a entrevista com o arquitecto e tem uma p\u00e1gina dedicada \u00e0 edi\u00e7\u00e3o especial dos 36 anos do jornal.<\/li>\n<\/ul>\n","protected":false},"author":2,"featured_media":398120,"comment_status":"closed","ping_status":"closed","sticky":false,"template":"","format":"standard","meta":{"footnotes":""},"categories":[1],"tags":[6524,6393,70,145],"class_list":["post-398107","post","type-post","status-publish","format-standard","has-post-thumbnail","hentry","category-noticias","tag-a-arquitetura","tag-a-casa","tag-arte","tag-cultura"],"yoast_head":"<!-- This site is optimized with the Yoast SEO plugin v27.2 - https:\/\/yoast.com\/product\/yoast-seo-wordpress\/ -->\n<title>Editorial gr\u00e1fico de Eduardo Souto de Moura: A minha casa - Portal Tela Portugal<\/title>\n<meta name=\"robots\" content=\"index, follow, max-snippet:-1, max-image-preview:large, max-video-preview:-1\" \/>\n<meta property=\"og:locale\" content=\"pt_PT\" \/>\n<meta property=\"og:type\" content=\"article\" \/>\n<meta property=\"og:title\" content=\"Editorial gr\u00e1fico de Eduardo Souto de Moura: A minha casa - Portal Tela Portugal\" \/>\n<meta property=\"og:description\" content=\"Editorial gr\u00e1fico de Eduardo Souto de Moura, arquitecto, criada no 36.\u00ba anivers\u00e1rio do P\u00daBLICO, em que ele atua como director por um dia. Souto de Moura afirma que desenhar casas \u00e9 quase uma obsess\u00e3o e que a obsess\u00e3o pode ter ra\u00edzes psicanal\u00edticas. Questiona por que a casa recorrente aparece sempre, sugerindo que a sublima\u00e7\u00e3o ajuda a lidar com os problemas. Explica que, \u00e0s vezes, a sublima\u00e7\u00e3o permite avan\u00e7ar sem ficar paralisado pelos obst\u00e1culos, assumindo a arquitectura como uma forma de sublima\u00e7\u00e3o. A edi\u00e7\u00e3o inclui a entrevista com o arquitecto e tem uma p\u00e1gina dedicada \u00e0 edi\u00e7\u00e3o especial dos 36 anos do jornal.\" \/>\n<meta property=\"og:url\" content=\"https:\/\/portaltela.pt\/noticias\/2026\/03\/05\/editorial-grafico-de-eduardo-souto-de-moura-a-minha-casa\/\" \/>\n<meta property=\"og:site_name\" content=\"Portal Tela Portugal\" \/>\n<meta property=\"article:published_time\" content=\"2026-03-05T06:30:00+00:00\" \/>\n<meta name=\"author\" content=\"Telinha\" \/>\n<meta name=\"twitter:card\" content=\"summary_large_image\" \/>\n<meta name=\"twitter:label1\" content=\"Escrito por\" \/>\n\t<meta name=\"twitter:data1\" content=\"Telinha\" \/>\n\t<meta name=\"twitter:label2\" content=\"Tempo estimado de leitura\" \/>\n\t<meta name=\"twitter:data2\" content=\"1 minuto\" \/>\n<script type=\"application\/ld+json\" class=\"yoast-schema-graph\">{\"@context\":\"https:\/\/schema.org\",\"@graph\":[{\"@type\":\"Article\",\"@id\":\"https:\/\/portaltela.pt\/noticias\/2026\/03\/05\/editorial-grafico-de-eduardo-souto-de-moura-a-minha-casa\/#article\",\"isPartOf\":{\"@id\":\"https:\/\/portaltela.pt\/noticias\/2026\/03\/05\/editorial-grafico-de-eduardo-souto-de-moura-a-minha-casa\/\"},\"author\":{\"name\":\"Telinha\",\"@id\":\"https:\/\/portaltela.pt\/#\/schema\/person\/c4278d4a6028830caff9ee44b42d32ed\"},\"headline\":\"Editorial gr\u00e1fico de Eduardo Souto de Moura: A minha casa\",\"datePublished\":\"2026-03-05T06:30:00+00:00\",\"mainEntityOfPage\":{\"@id\":\"https:\/\/portaltela.pt\/noticias\/2026\/03\/05\/editorial-grafico-de-eduardo-souto-de-moura-a-minha-casa\/\"},\"wordCount\":137,\"image\":{\"@id\":\"https:\/\/portaltela.pt\/noticias\/2026\/03\/05\/editorial-grafico-de-eduardo-souto-de-moura-a-minha-casa\/#primaryimage\"},\"thumbnailUrl\":\"https:\/\/portaltela.pt\/s.01k8rhncp4jt1\/2026\/03\/thumb97683.jpg\",\"keywords\":[\"a arquitetura\",\"a casa\",\"arte\",\"cultura\"],\"articleSection\":[\"Not\u00edcias\"],\"inLanguage\":\"pt-PT\"},{\"@type\":\"WebPage\",\"@id\":\"https:\/\/portaltela.pt\/noticias\/2026\/03\/05\/editorial-grafico-de-eduardo-souto-de-moura-a-minha-casa\/\",\"url\":\"https:\/\/portaltela.pt\/noticias\/2026\/03\/05\/editorial-grafico-de-eduardo-souto-de-moura-a-minha-casa\/\",\"name\":\"Editorial gr\u00e1fico de Eduardo Souto de Moura: A minha casa - Portal Tela Portugal\",\"isPartOf\":{\"@id\":\"https:\/\/portaltela.pt\/#website\"},\"primaryImageOfPage\":{\"@id\":\"https:\/\/portaltela.pt\/noticias\/2026\/03\/05\/editorial-grafico-de-eduardo-souto-de-moura-a-minha-casa\/#primaryimage\"},\"image\":{\"@id\":\"https:\/\/portaltela.pt\/noticias\/2026\/03\/05\/editorial-grafico-de-eduardo-souto-de-moura-a-minha-casa\/#primaryimage\"},\"thumbnailUrl\":\"https:\/\/portaltela.pt\/s.01k8rhncp4jt1\/2026\/03\/thumb97683.jpg\",\"datePublished\":\"2026-03-05T06:30:00+00:00\",\"author\":{\"@id\":\"https:\/\/portaltela.pt\/#\/schema\/person\/c4278d4a6028830caff9ee44b42d32ed\"},\"breadcrumb\":{\"@id\":\"https:\/\/portaltela.pt\/noticias\/2026\/03\/05\/editorial-grafico-de-eduardo-souto-de-moura-a-minha-casa\/#breadcrumb\"},\"inLanguage\":\"pt-PT\",\"potentialAction\":[{\"@type\":\"ReadAction\",\"target\":[\"https:\/\/portaltela.pt\/noticias\/2026\/03\/05\/editorial-grafico-de-eduardo-souto-de-moura-a-minha-casa\/\"]}]},{\"@type\":\"ImageObject\",\"inLanguage\":\"pt-PT\",\"@id\":\"https:\/\/portaltela.pt\/noticias\/2026\/03\/05\/editorial-grafico-de-eduardo-souto-de-moura-a-minha-casa\/#primaryimage\",\"url\":\"https:\/\/portaltela.pt\/s.01k8rhncp4jt1\/2026\/03\/thumb97683.jpg\",\"contentUrl\":\"https:\/\/portaltela.pt\/s.01k8rhncp4jt1\/2026\/03\/thumb97683.jpg\",\"width\":796,\"height\":448,\"caption\":\"Photo\"},{\"@type\":\"BreadcrumbList\",\"@id\":\"https:\/\/portaltela.pt\/noticias\/2026\/03\/05\/editorial-grafico-de-eduardo-souto-de-moura-a-minha-casa\/#breadcrumb\",\"itemListElement\":[{\"@type\":\"ListItem\",\"position\":1,\"name\":\"In\u00edcio\",\"item\":\"https:\/\/portaltela.pt\/\"},{\"@type\":\"ListItem\",\"position\":2,\"name\":\"Editorial gr\u00e1fico de Eduardo Souto de Moura: A minha casa\"}]},{\"@type\":\"WebSite\",\"@id\":\"https:\/\/portaltela.pt\/#website\",\"url\":\"https:\/\/portaltela.pt\/\",\"name\":\"Portal Tela Portugal\",\"description\":\"\",\"potentialAction\":[{\"@type\":\"SearchAction\",\"target\":{\"@type\":\"EntryPoint\",\"urlTemplate\":\"https:\/\/portaltela.pt\/?s={search_term_string}\"},\"query-input\":{\"@type\":\"PropertyValueSpecification\",\"valueRequired\":true,\"valueName\":\"search_term_string\"}}],\"inLanguage\":\"pt-PT\"},{\"@type\":\"Person\",\"@id\":\"https:\/\/portaltela.pt\/#\/schema\/person\/c4278d4a6028830caff9ee44b42d32ed\",\"name\":\"Telinha\",\"image\":{\"@type\":\"ImageObject\",\"inLanguage\":\"pt-PT\",\"@id\":\"https:\/\/portaltela.pt\/s.01k8rhncp4jt1\/2025\/11\/talking-bot-125x125.png\",\"url\":\"https:\/\/portaltela.pt\/s.01k8rhncp4jt1\/2025\/11\/talking-bot-125x125.png\",\"contentUrl\":\"https:\/\/portaltela.pt\/s.01k8rhncp4jt1\/2025\/11\/talking-bot-125x125.png\",\"caption\":\"Telinha\"},\"sameAs\":[\"https:\/\/portaltela.pt\/\"],\"url\":\"https:\/\/portaltela.pt\/por\/367410592786\/\"}]}<\/script>\n<!-- \/ Yoast SEO plugin. -->","yoast_head_json":{"title":"Editorial gr\u00e1fico de Eduardo Souto de Moura: A minha casa - Portal Tela Portugal","robots":{"index":"index","follow":"follow","max-snippet":"max-snippet:-1","max-image-preview":"max-image-preview:large","max-video-preview":"max-video-preview:-1"},"og_locale":"pt_PT","og_type":"article","og_title":"Editorial gr\u00e1fico de Eduardo Souto de Moura: A minha casa - Portal Tela Portugal","og_description":"Editorial gr\u00e1fico de Eduardo Souto de Moura, arquitecto, criada no 36.\u00ba anivers\u00e1rio do P\u00daBLICO, em que ele atua como director por um dia. Souto de Moura afirma que desenhar casas \u00e9 quase uma obsess\u00e3o e que a obsess\u00e3o pode ter ra\u00edzes psicanal\u00edticas. Questiona por que a casa recorrente aparece sempre, sugerindo que a sublima\u00e7\u00e3o ajuda a lidar com os problemas. Explica que, \u00e0s vezes, a sublima\u00e7\u00e3o permite avan\u00e7ar sem ficar paralisado pelos obst\u00e1culos, assumindo a arquitectura como uma forma de sublima\u00e7\u00e3o. A edi\u00e7\u00e3o inclui a entrevista com o arquitecto e tem uma p\u00e1gina dedicada \u00e0 edi\u00e7\u00e3o especial dos 36 anos do jornal.","og_url":"https:\/\/portaltela.pt\/noticias\/2026\/03\/05\/editorial-grafico-de-eduardo-souto-de-moura-a-minha-casa\/","og_site_name":"Portal Tela Portugal","article_published_time":"2026-03-05T06:30:00+00:00","author":"Telinha","twitter_card":"summary_large_image","twitter_misc":{"Escrito por":"Telinha","Tempo estimado de leitura":"1 minuto"},"schema":{"@context":"https:\/\/schema.org","@graph":[{"@type":"Article","@id":"https:\/\/portaltela.pt\/noticias\/2026\/03\/05\/editorial-grafico-de-eduardo-souto-de-moura-a-minha-casa\/#article","isPartOf":{"@id":"https:\/\/portaltela.pt\/noticias\/2026\/03\/05\/editorial-grafico-de-eduardo-souto-de-moura-a-minha-casa\/"},"author":{"name":"Telinha","@id":"https:\/\/portaltela.pt\/#\/schema\/person\/c4278d4a6028830caff9ee44b42d32ed"},"headline":"Editorial gr\u00e1fico de Eduardo Souto de Moura: A minha casa","datePublished":"2026-03-05T06:30:00+00:00","mainEntityOfPage":{"@id":"https:\/\/portaltela.pt\/noticias\/2026\/03\/05\/editorial-grafico-de-eduardo-souto-de-moura-a-minha-casa\/"},"wordCount":137,"image":{"@id":"https:\/\/portaltela.pt\/noticias\/2026\/03\/05\/editorial-grafico-de-eduardo-souto-de-moura-a-minha-casa\/#primaryimage"},"thumbnailUrl":"https:\/\/portaltela.pt\/s.01k8rhncp4jt1\/2026\/03\/thumb97683.jpg","keywords":["a arquitetura","a casa","arte","cultura"],"articleSection":["Not\u00edcias"],"inLanguage":"pt-PT"},{"@type":"WebPage","@id":"https:\/\/portaltela.pt\/noticias\/2026\/03\/05\/editorial-grafico-de-eduardo-souto-de-moura-a-minha-casa\/","url":"https:\/\/portaltela.pt\/noticias\/2026\/03\/05\/editorial-grafico-de-eduardo-souto-de-moura-a-minha-casa\/","name":"Editorial gr\u00e1fico de Eduardo Souto de Moura: A minha casa - Portal Tela Portugal","isPartOf":{"@id":"https:\/\/portaltela.pt\/#website"},"primaryImageOfPage":{"@id":"https:\/\/portaltela.pt\/noticias\/2026\/03\/05\/editorial-grafico-de-eduardo-souto-de-moura-a-minha-casa\/#primaryimage"},"image":{"@id":"https:\/\/portaltela.pt\/noticias\/2026\/03\/05\/editorial-grafico-de-eduardo-souto-de-moura-a-minha-casa\/#primaryimage"},"thumbnailUrl":"https:\/\/portaltela.pt\/s.01k8rhncp4jt1\/2026\/03\/thumb97683.jpg","datePublished":"2026-03-05T06:30:00+00:00","author":{"@id":"https:\/\/portaltela.pt\/#\/schema\/person\/c4278d4a6028830caff9ee44b42d32ed"},"breadcrumb":{"@id":"https:\/\/portaltela.pt\/noticias\/2026\/03\/05\/editorial-grafico-de-eduardo-souto-de-moura-a-minha-casa\/#breadcrumb"},"inLanguage":"pt-PT","potentialAction":[{"@type":"ReadAction","target":["https:\/\/portaltela.pt\/noticias\/2026\/03\/05\/editorial-grafico-de-eduardo-souto-de-moura-a-minha-casa\/"]}]},{"@type":"ImageObject","inLanguage":"pt-PT","@id":"https:\/\/portaltela.pt\/noticias\/2026\/03\/05\/editorial-grafico-de-eduardo-souto-de-moura-a-minha-casa\/#primaryimage","url":"https:\/\/portaltela.pt\/s.01k8rhncp4jt1\/2026\/03\/thumb97683.jpg","contentUrl":"https:\/\/portaltela.pt\/s.01k8rhncp4jt1\/2026\/03\/thumb97683.jpg","width":796,"height":448,"caption":"Photo"},{"@type":"BreadcrumbList","@id":"https:\/\/portaltela.pt\/noticias\/2026\/03\/05\/editorial-grafico-de-eduardo-souto-de-moura-a-minha-casa\/#breadcrumb","itemListElement":[{"@type":"ListItem","position":1,"name":"In\u00edcio","item":"https:\/\/portaltela.pt\/"},{"@type":"ListItem","position":2,"name":"Editorial gr\u00e1fico de Eduardo Souto de Moura: A minha casa"}]},{"@type":"WebSite","@id":"https:\/\/portaltela.pt\/#website","url":"https:\/\/portaltela.pt\/","name":"Portal Tela Portugal","description":"","potentialAction":[{"@type":"SearchAction","target":{"@type":"EntryPoint","urlTemplate":"https:\/\/portaltela.pt\/?s={search_term_string}"},"query-input":{"@type":"PropertyValueSpecification","valueRequired":true,"valueName":"search_term_string"}}],"inLanguage":"pt-PT"},{"@type":"Person","@id":"https:\/\/portaltela.pt\/#\/schema\/person\/c4278d4a6028830caff9ee44b42d32ed","name":"Telinha","image":{"@type":"ImageObject","inLanguage":"pt-PT","@id":"https:\/\/portaltela.pt\/s.01k8rhncp4jt1\/2025\/11\/talking-bot-125x125.png","url":"https:\/\/portaltela.pt\/s.01k8rhncp4jt1\/2025\/11\/talking-bot-125x125.png","contentUrl":"https:\/\/portaltela.pt\/s.01k8rhncp4jt1\/2025\/11\/talking-bot-125x125.png","caption":"Telinha"},"sameAs":["https:\/\/portaltela.pt\/"],"url":"https:\/\/portaltela.pt\/por\/367410592786\/"}]}},"_links":{"self":[{"href":"https:\/\/portaltela.pt\/api\/wp\/v2\/posts\/398107","targetHints":{"allow":["GET"]}}],"collection":[{"href":"https:\/\/portaltela.pt\/api\/wp\/v2\/posts"}],"about":[{"href":"https:\/\/portaltela.pt\/api\/wp\/v2\/types\/post"}],"author":[{"embeddable":true,"href":"https:\/\/portaltela.pt\/api\/wp\/v2\/users\/2"}],"replies":[{"embeddable":true,"href":"https:\/\/portaltela.pt\/api\/wp\/v2\/comments?post=398107"}],"version-history":[{"count":0,"href":"https:\/\/portaltela.pt\/api\/wp\/v2\/posts\/398107\/revisions"}],"wp:featuredmedia":[{"embeddable":true,"href":"https:\/\/portaltela.pt\/api\/wp\/v2\/media\/398120"}],"wp:attachment":[{"href":"https:\/\/portaltela.pt\/api\/wp\/v2\/media?parent=398107"}],"wp:term":[{"taxonomy":"category","embeddable":true,"href":"https:\/\/portaltela.pt\/api\/wp\/v2\/categories?post=398107"},{"taxonomy":"post_tag","embeddable":true,"href":"https:\/\/portaltela.pt\/api\/wp\/v2\/tags?post=398107"}],"curies":[{"name":"wp","href":"https:\/\/api.w.org\/{rel}","templated":true}]}}