{"id":398105,"date":"2026-03-05T04:16:47","date_gmt":"2026-03-05T07:16:47","guid":{"rendered":"https:\/\/portaltela.pt\/noticias\/2026\/03\/05\/ministro-da-defesa-belga-e-coster-waldau-comentam-guerra-com-o-irao-com-a-euronews\/"},"modified":"2026-03-05T04:16:47","modified_gmt":"2026-03-05T07:16:47","slug":"ministro-da-defesa-belga-e-coster-waldau-comentam-guerra-com-o-irao-com-a-euronews","status":"publish","type":"post","link":"https:\/\/portaltela.pt\/noticias\/internacional\/2026\/03\/05\/ministro-da-defesa-belga-e-coster-waldau-comentam-guerra-com-o-irao-com-a-euronews\/","title":{"rendered":"Ministro da Defesa belga e Coster-Waldau comentam guerra com o Ir\u00e3o com a Euronews"},"content":{"rendered":"<p>Em direto, a Euronews cobre o envolvimento europeu na crise relacionada com a guerra entre os EUA e Israel contra o Ir\u00e3o. O programa est\u00e1 a acompanhar as evolu\u00e7\u00f5es no sexto dia de conflito, com foco em rea\u00e7\u00f5es regionais e estrat\u00e9gicas. A emiss\u00e3o est\u00e1 a decorrer a partir de Bruxelas, Doha e Madrid, com an\u00e1lises e entrevistas em tempo real.<\/p>\n<p>A editora da Euronews para a UE, Maria Tadeo, partilha os desenvolvimentos mais recentes da opera\u00e7\u00e3o. Do lado de Doha, o rep\u00f3rter Aadel Hasseem detalha as perspetivas do Qatar e dos pa\u00edses adjacentes. A cobertura inclui entrevistas a figuras p\u00fablicas e a especialistas.<\/p>\n<h3>Participantes e contextos<\/h3>\n<p>O ministro da Defesa da B\u00e9lgia, <strong>Theo Francken<\/strong>, e o ator e embaixador da ONU para o clima, <strong>Nikolaj Coster-Waldau<\/strong>, falam com a Euronews sobre as consequ\u00eancias da guerra. A transmiss\u00e3o tamb\u00e9m destaca reac\u00e7\u00f5es de correspons\u00e1veis e d\u00favidas sobre as avalia\u00e7\u00f5es estrat\u00e9gicas.<\/p>\n<p><strong>Jakub Janas<\/strong> analisa a amea\u00e7a dos EUA de cortar rela\u00e7\u00f5es comerciais com a Espanha, contextualizando incidentes anteriores entre o Presidente Donald Trump e o Primeiro-Ministro Pedro S\u00e1nchez. A pe\u00e7a discute impactos econ\u00f3micos e diplom\u00e1ticos na regi\u00e3o.<\/p>\n<h3>Rea\u00e7\u00f5es internacionais<\/h3>\n<p>A liga\u00e7\u00e3o \u00e0 Euronews Espanha mostra as rea\u00e7\u00f5es em Madrid a mais um epis\u00f3dio diplom\u00e1tico relacionado com a guerra no Ir\u00e3o. O objetivo \u00e9 entender a posi\u00e7\u00e3o espanhola e as eventuais repercuss\u00f5es para a coopera\u00e7\u00e3o intraeuropeia.<\/p>\n<p>A equipa da Euronews explica onde acompanhar as atualiza\u00e7\u00f5es: televis\u00e3o, site, plataformas digitais e newsletter. A programa\u00e7\u00e3o mant\u00e9m a cobertura de quinta a sexta-feira, com an\u00e1lise di\u00e1ria das hist\u00f3rias que moldam a UE e o mundo.<\/p>\n","protected":false},"excerpt":{"rendered":"<ul>\n<li>Europe Today acompanha, em direto a partir das oito da manh\u00e3, em Bruxelas, os \u00faltimos desenvolvimentos da guerra entre os Estados Unidos, Israel e o Ir\u00e3o, j\u00e1 no sexto dia.<\/li>\n<li>Maria Tadeo, editora para a UE, explica os desdobramentos mais recentes da opera\u00e7\u00e3o contra o Ir\u00e3o.<\/li>\n<li>Aadel Hasseem, correspondente, relata a partir de Doha as posi\u00e7\u00f5es no Qatar e nos pa\u00edses vizinhos.<\/li>\n<li>Entrevistas com Theo Francken, ministro da Defesa da B\u00e9lgica, e Nikolaj Coster-Waldau, ator e embaixador da ONU para o clima.<\/li>\n<li>Jakub Janas analisa a amea\u00e7a dos EUA a Espanha em rela\u00e7\u00f5es comerciais e recorda choques entre o Presidente Donald Trump e o primeiro-ministro Pedro S\u00e1nchez, com rea\u00e7\u00f5es em Madrid na Euronews Espanha.<\/li>\n<\/ul>\n","protected":false},"author":2,"featured_media":398118,"comment_status":"closed","ping_status":"closed","sticky":false,"template":"","format":"standard","meta":{"footnotes":""},"categories":[4,1],"tags":[29,2487,5291,5698,2347],"class_list":["post-398105","post","type-post","status-publish","format-standard","has-post-thumbnail","hentry","category-internacional","category-noticias","tag-diplomacia","tag-europa","tag-intervencoes-internacionais","tag-politica-internacional","tag-repercussoes-internacionais"],"yoast_head":"<!-- This site is optimized with the Yoast SEO plugin v27.2 - https:\/\/yoast.com\/product\/yoast-seo-wordpress\/ -->\n<title>Ministro da Defesa belga e Coster-Waldau comentam guerra com o Ir\u00e3o com a Euronews - Portal Tela Portugal<\/title>\n<meta name=\"robots\" content=\"index, follow, max-snippet:-1, max-image-preview:large, max-video-preview:-1\" \/>\n<meta property=\"og:locale\" content=\"pt_PT\" \/>\n<meta property=\"og:type\" content=\"article\" \/>\n<meta property=\"og:title\" content=\"Ministro da Defesa belga e Coster-Waldau comentam guerra com o Ir\u00e3o com a Euronews - Portal Tela Portugal\" \/>\n<meta property=\"og:description\" content=\"Europe Today acompanha, em direto a partir das oito da manh\u00e3, em Bruxelas, os \u00faltimos desenvolvimentos da guerra entre os Estados Unidos, Israel e o Ir\u00e3o, j\u00e1 no sexto dia. Maria Tadeo, editora para a UE, explica os desdobramentos mais recentes da opera\u00e7\u00e3o contra o Ir\u00e3o. Aadel Hasseem, correspondente, relata a partir de Doha as posi\u00e7\u00f5es no Qatar e nos pa\u00edses vizinhos. Entrevistas com Theo Francken, ministro da Defesa da B\u00e9lgica, e Nikolaj Coster-Waldau, ator e embaixador da ONU para o clima. Jakub Janas analisa a amea\u00e7a dos EUA a Espanha em rela\u00e7\u00f5es comerciais e recorda choques entre o Presidente Donald Trump e o primeiro-ministro Pedro S\u00e1nchez, com rea\u00e7\u00f5es em Madrid na Euronews Espanha.\" \/>\n<meta property=\"og:url\" content=\"https:\/\/portaltela.pt\/noticias\/2026\/03\/05\/ministro-da-defesa-belga-e-coster-waldau-comentam-guerra-com-o-irao-com-a-euronews\/\" \/>\n<meta property=\"og:site_name\" content=\"Portal Tela Portugal\" \/>\n<meta property=\"article:published_time\" content=\"2026-03-05T07:16:47+00:00\" \/>\n<meta name=\"author\" content=\"Telinha\" \/>\n<meta name=\"twitter:card\" content=\"summary_large_image\" \/>\n<meta name=\"twitter:label1\" content=\"Escrito por\" \/>\n\t<meta name=\"twitter:data1\" content=\"Telinha\" \/>\n\t<meta name=\"twitter:label2\" content=\"Tempo estimado de leitura\" \/>\n\t<meta name=\"twitter:data2\" content=\"1 minuto\" \/>\n<script type=\"application\/ld+json\" class=\"yoast-schema-graph\">{\"@context\":\"https:\/\/schema.org\",\"@graph\":[{\"@type\":\"Article\",\"@id\":\"https:\/\/portaltela.pt\/noticias\/2026\/03\/05\/ministro-da-defesa-belga-e-coster-waldau-comentam-guerra-com-o-irao-com-a-euronews\/#article\",\"isPartOf\":{\"@id\":\"https:\/\/portaltela.pt\/noticias\/2026\/03\/05\/ministro-da-defesa-belga-e-coster-waldau-comentam-guerra-com-o-irao-com-a-euronews\/\"},\"author\":{\"name\":\"Telinha\",\"@id\":\"https:\/\/portaltela.pt\/#\/schema\/person\/c4278d4a6028830caff9ee44b42d32ed\"},\"headline\":\"Ministro da Defesa belga e Coster-Waldau comentam guerra com o Ir\u00e3o com a Euronews\",\"datePublished\":\"2026-03-05T07:16:47+00:00\",\"mainEntityOfPage\":{\"@id\":\"https:\/\/portaltela.pt\/noticias\/2026\/03\/05\/ministro-da-defesa-belga-e-coster-waldau-comentam-guerra-com-o-irao-com-a-euronews\/\"},\"wordCount\":313,\"image\":{\"@id\":\"https:\/\/portaltela.pt\/noticias\/2026\/03\/05\/ministro-da-defesa-belga-e-coster-waldau-comentam-guerra-com-o-irao-com-a-euronews\/#primaryimage\"},\"thumbnailUrl\":\"https:\/\/portaltela.pt\/s.01k8rhncp4jt1\/2026\/03\/1536x864_cmsv2_c3769f07-eee0-593d-8979-ec224c9bab12-9673125.jpg\",\"keywords\":[\"diplomacia\",\"Europa\",\"interven\u00e7\u00f5es internacionais\",\"pol\u00edtica internacional\",\"Repercuss\u00f5es internacionais\"],\"articleSection\":[\"Internacional\",\"Not\u00edcias\"],\"inLanguage\":\"pt-PT\"},{\"@type\":\"WebPage\",\"@id\":\"https:\/\/portaltela.pt\/noticias\/2026\/03\/05\/ministro-da-defesa-belga-e-coster-waldau-comentam-guerra-com-o-irao-com-a-euronews\/\",\"url\":\"https:\/\/portaltela.pt\/noticias\/2026\/03\/05\/ministro-da-defesa-belga-e-coster-waldau-comentam-guerra-com-o-irao-com-a-euronews\/\",\"name\":\"Ministro da Defesa belga e Coster-Waldau comentam guerra com o Ir\u00e3o com a Euronews - Portal Tela Portugal\",\"isPartOf\":{\"@id\":\"https:\/\/portaltela.pt\/#website\"},\"primaryImageOfPage\":{\"@id\":\"https:\/\/portaltela.pt\/noticias\/2026\/03\/05\/ministro-da-defesa-belga-e-coster-waldau-comentam-guerra-com-o-irao-com-a-euronews\/#primaryimage\"},\"image\":{\"@id\":\"https:\/\/portaltela.pt\/noticias\/2026\/03\/05\/ministro-da-defesa-belga-e-coster-waldau-comentam-guerra-com-o-irao-com-a-euronews\/#primaryimage\"},\"thumbnailUrl\":\"https:\/\/portaltela.pt\/s.01k8rhncp4jt1\/2026\/03\/1536x864_cmsv2_c3769f07-eee0-593d-8979-ec224c9bab12-9673125.jpg\",\"datePublished\":\"2026-03-05T07:16:47+00:00\",\"author\":{\"@id\":\"https:\/\/portaltela.pt\/#\/schema\/person\/c4278d4a6028830caff9ee44b42d32ed\"},\"breadcrumb\":{\"@id\":\"https:\/\/portaltela.pt\/noticias\/2026\/03\/05\/ministro-da-defesa-belga-e-coster-waldau-comentam-guerra-com-o-irao-com-a-euronews\/#breadcrumb\"},\"inLanguage\":\"pt-PT\",\"potentialAction\":[{\"@type\":\"ReadAction\",\"target\":[\"https:\/\/portaltela.pt\/noticias\/2026\/03\/05\/ministro-da-defesa-belga-e-coster-waldau-comentam-guerra-com-o-irao-com-a-euronews\/\"]}]},{\"@type\":\"ImageObject\",\"inLanguage\":\"pt-PT\",\"@id\":\"https:\/\/portaltela.pt\/noticias\/2026\/03\/05\/ministro-da-defesa-belga-e-coster-waldau-comentam-guerra-com-o-irao-com-a-euronews\/#primaryimage\",\"url\":\"https:\/\/portaltela.pt\/s.01k8rhncp4jt1\/2026\/03\/1536x864_cmsv2_c3769f07-eee0-593d-8979-ec224c9bab12-9673125.jpg\",\"contentUrl\":\"https:\/\/portaltela.pt\/s.01k8rhncp4jt1\/2026\/03\/1536x864_cmsv2_c3769f07-eee0-593d-8979-ec224c9bab12-9673125.jpg\",\"width\":796,\"height\":448,\"caption\":\"Europa hoje, 5 de mar\u00e7o\"},{\"@type\":\"BreadcrumbList\",\"@id\":\"https:\/\/portaltela.pt\/noticias\/2026\/03\/05\/ministro-da-defesa-belga-e-coster-waldau-comentam-guerra-com-o-irao-com-a-euronews\/#breadcrumb\",\"itemListElement\":[{\"@type\":\"ListItem\",\"position\":1,\"name\":\"In\u00edcio\",\"item\":\"https:\/\/portaltela.pt\/\"},{\"@type\":\"ListItem\",\"position\":2,\"name\":\"Ministro da Defesa belga e Coster-Waldau comentam guerra com o Ir\u00e3o com a Euronews\"}]},{\"@type\":\"WebSite\",\"@id\":\"https:\/\/portaltela.pt\/#website\",\"url\":\"https:\/\/portaltela.pt\/\",\"name\":\"Portal Tela Portugal\",\"description\":\"\",\"potentialAction\":[{\"@type\":\"SearchAction\",\"target\":{\"@type\":\"EntryPoint\",\"urlTemplate\":\"https:\/\/portaltela.pt\/?s={search_term_string}\"},\"query-input\":{\"@type\":\"PropertyValueSpecification\",\"valueRequired\":true,\"valueName\":\"search_term_string\"}}],\"inLanguage\":\"pt-PT\"},{\"@type\":\"Person\",\"@id\":\"https:\/\/portaltela.pt\/#\/schema\/person\/c4278d4a6028830caff9ee44b42d32ed\",\"name\":\"Telinha\",\"image\":{\"@type\":\"ImageObject\",\"inLanguage\":\"pt-PT\",\"@id\":\"https:\/\/portaltela.pt\/s.01k8rhncp4jt1\/2025\/11\/talking-bot-125x125.png\",\"url\":\"https:\/\/portaltela.pt\/s.01k8rhncp4jt1\/2025\/11\/talking-bot-125x125.png\",\"contentUrl\":\"https:\/\/portaltela.pt\/s.01k8rhncp4jt1\/2025\/11\/talking-bot-125x125.png\",\"caption\":\"Telinha\"},\"sameAs\":[\"https:\/\/portaltela.pt\/\"],\"url\":\"https:\/\/portaltela.pt\/por\/367410592786\/\"}]}<\/script>\n<!-- \/ Yoast SEO plugin. -->","yoast_head_json":{"title":"Ministro da Defesa belga e Coster-Waldau comentam guerra com o Ir\u00e3o com a Euronews - Portal Tela Portugal","robots":{"index":"index","follow":"follow","max-snippet":"max-snippet:-1","max-image-preview":"max-image-preview:large","max-video-preview":"max-video-preview:-1"},"og_locale":"pt_PT","og_type":"article","og_title":"Ministro da Defesa belga e Coster-Waldau comentam guerra com o Ir\u00e3o com a Euronews - Portal Tela Portugal","og_description":"Europe Today acompanha, em direto a partir das oito da manh\u00e3, em Bruxelas, os \u00faltimos desenvolvimentos da guerra entre os Estados Unidos, Israel e o Ir\u00e3o, j\u00e1 no sexto dia. Maria Tadeo, editora para a UE, explica os desdobramentos mais recentes da opera\u00e7\u00e3o contra o Ir\u00e3o. Aadel Hasseem, correspondente, relata a partir de Doha as posi\u00e7\u00f5es no Qatar e nos pa\u00edses vizinhos. Entrevistas com Theo Francken, ministro da Defesa da B\u00e9lgica, e Nikolaj Coster-Waldau, ator e embaixador da ONU para o clima. Jakub Janas analisa a amea\u00e7a dos EUA a Espanha em rela\u00e7\u00f5es comerciais e recorda choques entre o Presidente Donald Trump e o primeiro-ministro Pedro S\u00e1nchez, com rea\u00e7\u00f5es em Madrid na Euronews Espanha.","og_url":"https:\/\/portaltela.pt\/noticias\/2026\/03\/05\/ministro-da-defesa-belga-e-coster-waldau-comentam-guerra-com-o-irao-com-a-euronews\/","og_site_name":"Portal Tela Portugal","article_published_time":"2026-03-05T07:16:47+00:00","author":"Telinha","twitter_card":"summary_large_image","twitter_misc":{"Escrito por":"Telinha","Tempo estimado de leitura":"1 minuto"},"schema":{"@context":"https:\/\/schema.org","@graph":[{"@type":"Article","@id":"https:\/\/portaltela.pt\/noticias\/2026\/03\/05\/ministro-da-defesa-belga-e-coster-waldau-comentam-guerra-com-o-irao-com-a-euronews\/#article","isPartOf":{"@id":"https:\/\/portaltela.pt\/noticias\/2026\/03\/05\/ministro-da-defesa-belga-e-coster-waldau-comentam-guerra-com-o-irao-com-a-euronews\/"},"author":{"name":"Telinha","@id":"https:\/\/portaltela.pt\/#\/schema\/person\/c4278d4a6028830caff9ee44b42d32ed"},"headline":"Ministro da Defesa belga e Coster-Waldau comentam guerra com o Ir\u00e3o com a Euronews","datePublished":"2026-03-05T07:16:47+00:00","mainEntityOfPage":{"@id":"https:\/\/portaltela.pt\/noticias\/2026\/03\/05\/ministro-da-defesa-belga-e-coster-waldau-comentam-guerra-com-o-irao-com-a-euronews\/"},"wordCount":313,"image":{"@id":"https:\/\/portaltela.pt\/noticias\/2026\/03\/05\/ministro-da-defesa-belga-e-coster-waldau-comentam-guerra-com-o-irao-com-a-euronews\/#primaryimage"},"thumbnailUrl":"https:\/\/portaltela.pt\/s.01k8rhncp4jt1\/2026\/03\/1536x864_cmsv2_c3769f07-eee0-593d-8979-ec224c9bab12-9673125.jpg","keywords":["diplomacia","Europa","interven\u00e7\u00f5es internacionais","pol\u00edtica internacional","Repercuss\u00f5es internacionais"],"articleSection":["Internacional","Not\u00edcias"],"inLanguage":"pt-PT"},{"@type":"WebPage","@id":"https:\/\/portaltela.pt\/noticias\/2026\/03\/05\/ministro-da-defesa-belga-e-coster-waldau-comentam-guerra-com-o-irao-com-a-euronews\/","url":"https:\/\/portaltela.pt\/noticias\/2026\/03\/05\/ministro-da-defesa-belga-e-coster-waldau-comentam-guerra-com-o-irao-com-a-euronews\/","name":"Ministro da Defesa belga e Coster-Waldau comentam guerra com o Ir\u00e3o com a Euronews - Portal Tela Portugal","isPartOf":{"@id":"https:\/\/portaltela.pt\/#website"},"primaryImageOfPage":{"@id":"https:\/\/portaltela.pt\/noticias\/2026\/03\/05\/ministro-da-defesa-belga-e-coster-waldau-comentam-guerra-com-o-irao-com-a-euronews\/#primaryimage"},"image":{"@id":"https:\/\/portaltela.pt\/noticias\/2026\/03\/05\/ministro-da-defesa-belga-e-coster-waldau-comentam-guerra-com-o-irao-com-a-euronews\/#primaryimage"},"thumbnailUrl":"https:\/\/portaltela.pt\/s.01k8rhncp4jt1\/2026\/03\/1536x864_cmsv2_c3769f07-eee0-593d-8979-ec224c9bab12-9673125.jpg","datePublished":"2026-03-05T07:16:47+00:00","author":{"@id":"https:\/\/portaltela.pt\/#\/schema\/person\/c4278d4a6028830caff9ee44b42d32ed"},"breadcrumb":{"@id":"https:\/\/portaltela.pt\/noticias\/2026\/03\/05\/ministro-da-defesa-belga-e-coster-waldau-comentam-guerra-com-o-irao-com-a-euronews\/#breadcrumb"},"inLanguage":"pt-PT","potentialAction":[{"@type":"ReadAction","target":["https:\/\/portaltela.pt\/noticias\/2026\/03\/05\/ministro-da-defesa-belga-e-coster-waldau-comentam-guerra-com-o-irao-com-a-euronews\/"]}]},{"@type":"ImageObject","inLanguage":"pt-PT","@id":"https:\/\/portaltela.pt\/noticias\/2026\/03\/05\/ministro-da-defesa-belga-e-coster-waldau-comentam-guerra-com-o-irao-com-a-euronews\/#primaryimage","url":"https:\/\/portaltela.pt\/s.01k8rhncp4jt1\/2026\/03\/1536x864_cmsv2_c3769f07-eee0-593d-8979-ec224c9bab12-9673125.jpg","contentUrl":"https:\/\/portaltela.pt\/s.01k8rhncp4jt1\/2026\/03\/1536x864_cmsv2_c3769f07-eee0-593d-8979-ec224c9bab12-9673125.jpg","width":796,"height":448,"caption":"Europa hoje, 5 de mar\u00e7o"},{"@type":"BreadcrumbList","@id":"https:\/\/portaltela.pt\/noticias\/2026\/03\/05\/ministro-da-defesa-belga-e-coster-waldau-comentam-guerra-com-o-irao-com-a-euronews\/#breadcrumb","itemListElement":[{"@type":"ListItem","position":1,"name":"In\u00edcio","item":"https:\/\/portaltela.pt\/"},{"@type":"ListItem","position":2,"name":"Ministro da Defesa belga e Coster-Waldau comentam guerra com o Ir\u00e3o com a Euronews"}]},{"@type":"WebSite","@id":"https:\/\/portaltela.pt\/#website","url":"https:\/\/portaltela.pt\/","name":"Portal Tela Portugal","description":"","potentialAction":[{"@type":"SearchAction","target":{"@type":"EntryPoint","urlTemplate":"https:\/\/portaltela.pt\/?s={search_term_string}"},"query-input":{"@type":"PropertyValueSpecification","valueRequired":true,"valueName":"search_term_string"}}],"inLanguage":"pt-PT"},{"@type":"Person","@id":"https:\/\/portaltela.pt\/#\/schema\/person\/c4278d4a6028830caff9ee44b42d32ed","name":"Telinha","image":{"@type":"ImageObject","inLanguage":"pt-PT","@id":"https:\/\/portaltela.pt\/s.01k8rhncp4jt1\/2025\/11\/talking-bot-125x125.png","url":"https:\/\/portaltela.pt\/s.01k8rhncp4jt1\/2025\/11\/talking-bot-125x125.png","contentUrl":"https:\/\/portaltela.pt\/s.01k8rhncp4jt1\/2025\/11\/talking-bot-125x125.png","caption":"Telinha"},"sameAs":["https:\/\/portaltela.pt\/"],"url":"https:\/\/portaltela.pt\/por\/367410592786\/"}]}},"_links":{"self":[{"href":"https:\/\/portaltela.pt\/api\/wp\/v2\/posts\/398105","targetHints":{"allow":["GET"]}}],"collection":[{"href":"https:\/\/portaltela.pt\/api\/wp\/v2\/posts"}],"about":[{"href":"https:\/\/portaltela.pt\/api\/wp\/v2\/types\/post"}],"author":[{"embeddable":true,"href":"https:\/\/portaltela.pt\/api\/wp\/v2\/users\/2"}],"replies":[{"embeddable":true,"href":"https:\/\/portaltela.pt\/api\/wp\/v2\/comments?post=398105"}],"version-history":[{"count":0,"href":"https:\/\/portaltela.pt\/api\/wp\/v2\/posts\/398105\/revisions"}],"wp:featuredmedia":[{"embeddable":true,"href":"https:\/\/portaltela.pt\/api\/wp\/v2\/media\/398118"}],"wp:attachment":[{"href":"https:\/\/portaltela.pt\/api\/wp\/v2\/media?parent=398105"}],"wp:term":[{"taxonomy":"category","embeddable":true,"href":"https:\/\/portaltela.pt\/api\/wp\/v2\/categories?post=398105"},{"taxonomy":"post_tag","embeddable":true,"href":"https:\/\/portaltela.pt\/api\/wp\/v2\/tags?post=398105"}],"curies":[{"name":"wp","href":"https:\/\/api.w.org\/{rel}","templated":true}]}}