{"id":398023,"date":"2026-03-04T22:30:00","date_gmt":"2026-03-05T01:30:00","guid":{"rendered":"https:\/\/portaltela.pt\/noticias\/2026\/03\/04\/relatorio-atrasa-inquerito-a-morte-de-gravida\/"},"modified":"2026-03-04T22:30:00","modified_gmt":"2026-03-05T01:30:00","slug":"relatorio-atrasa-inquerito-a-morte-de-gravida","status":"publish","type":"post","link":"https:\/\/portaltela.pt\/noticias\/2026\/03\/04\/relatorio-atrasa-inquerito-a-morte-de-gravida\/","title":{"rendered":"Relat\u00f3rio atrasa inqu\u00e9rito \u00e0 morte de gr\u00e1vida"},"content":{"rendered":"<p>Umo Cani, mulher guineense de 36 anos e gr\u00e1vida, morreu no Hospital Amadora-Sintra no dia 31 de outubro de 2025. O caso est\u00e1 sob inqu\u00e9rito da IGAS para apurar as circunst\u00e2ncias da morte.<\/p>\n<p>A Inspe\u00e7\u00e3o-Geral das Atividades em Sa\u00fade explicou ao CM que o processo envolve dilig\u00eancias de recolha de prova junto das entidades intervenientes. A investiga\u00e7\u00e3o procura esclarecer quem atuou e em que momento.<\/p>\n<p>A IGAS aguarda a emiss\u00e3o do relat\u00f3rio de aut\u00f3psia, considerado relevante para a adequada aprecia\u00e7\u00e3o dos factos. O relat\u00f3rio est\u00e1 ainda por produzir.<\/p>\n<h3>Situa\u00e7\u00e3o do inqu\u00e9rito<\/h3>\n<p>Sem data anunciada para a conclus\u00e3o, o inqu\u00e9rito continua a recolher elementos junto de servi\u00e7os de sa\u00fade e profissionais envolvidos.<\/p>\n<p>O objetivo \u00e9 esclarecer as circunst\u00e2ncias espec\u00edficas que levaram \u00e0 morte de Umo Cani e confirmar se houve falhas ou desvios de protocolo. A inspectoria n\u00e3o avan\u00e7a com conclus\u00f5es.<\/p>\n","protected":false},"excerpt":{"rendered":"<ul>\n<li>O inqu\u00e9rito da Inspe\u00e7\u00e3o-Geral das Atividades em Sa\u00fade (IGAS) \u00e0 morte de Umo Cani n\u00e3o tem data de conclus\u00e3o.<\/li>\n<li>Umo Cani, cidad\u00e3 guineense de 36 anos, morreu no Hospital Amadora-Sintra a 31 de outubro de 2025, depois de ter sido mandada para casa.<\/li>\n<li>O inqu\u00e9rito investiga a morte de uma gr\u00e1vida guineense, com dilig\u00eancias em curso junto das entidades intervenientes.<\/li>\n<li>A IGAS est\u00e1 a recolher prova pessoal junto das partes envolvidas no caso.<\/li>\n<li>A aut\u00f3psia ainda n\u00e3o tem relat\u00f3rio emitido, considerado relevante para a adequada aprecia\u00e7\u00e3o dos factos.<\/li>\n<\/ul>\n","protected":false},"author":2,"featured_media":398027,"comment_status":"closed","ping_status":"closed","sticky":false,"template":"","format":"standard","meta":{"footnotes":""},"categories":[1],"tags":[1439,3638,2603,1878,6429,172],"class_list":["post-398023","post","type-post","status-publish","format-standard","has-post-thumbnail","hentry","category-noticias","tag-amadora","tag-gravidas","tag-igas","tag-inquerito-criminal","tag-mortes","tag-saude"],"yoast_head":"<!-- This site is optimized with the Yoast SEO plugin v27.2 - https:\/\/yoast.com\/product\/yoast-seo-wordpress\/ -->\n<title>Relat\u00f3rio atrasa inqu\u00e9rito \u00e0 morte de gr\u00e1vida - Portal Tela Portugal<\/title>\n<meta name=\"robots\" content=\"index, follow, max-snippet:-1, max-image-preview:large, max-video-preview:-1\" \/>\n<meta property=\"og:locale\" content=\"pt_PT\" \/>\n<meta property=\"og:type\" content=\"article\" \/>\n<meta property=\"og:title\" content=\"Relat\u00f3rio atrasa inqu\u00e9rito \u00e0 morte de gr\u00e1vida - Portal Tela Portugal\" \/>\n<meta property=\"og:description\" content=\"O inqu\u00e9rito da Inspe\u00e7\u00e3o-Geral das Atividades em Sa\u00fade (IGAS) \u00e0 morte de Umo Cani n\u00e3o tem data de conclus\u00e3o. Umo Cani, cidad\u00e3 guineense de 36 anos, morreu no Hospital Amadora-Sintra a 31 de outubro de 2025, depois de ter sido mandada para casa. O inqu\u00e9rito investiga a morte de uma gr\u00e1vida guineense, com dilig\u00eancias em curso junto das entidades intervenientes. A IGAS est\u00e1 a recolher prova pessoal junto das partes envolvidas no caso. A aut\u00f3psia ainda n\u00e3o tem relat\u00f3rio emitido, considerado relevante para a adequada aprecia\u00e7\u00e3o dos factos.\" \/>\n<meta property=\"og:url\" content=\"https:\/\/portaltela.pt\/noticias\/2026\/03\/04\/relatorio-atrasa-inquerito-a-morte-de-gravida\/\" \/>\n<meta property=\"og:site_name\" content=\"Portal Tela Portugal\" \/>\n<meta property=\"article:published_time\" content=\"2026-03-05T01:30:00+00:00\" \/>\n<meta name=\"author\" content=\"Telinha\" \/>\n<meta name=\"twitter:card\" content=\"summary_large_image\" \/>\n<meta name=\"twitter:label1\" content=\"Escrito por\" \/>\n\t<meta name=\"twitter:data1\" content=\"Telinha\" \/>\n\t<meta name=\"twitter:label2\" content=\"Tempo estimado de leitura\" \/>\n\t<meta name=\"twitter:data2\" content=\"1 minuto\" \/>\n<script type=\"application\/ld+json\" class=\"yoast-schema-graph\">{\"@context\":\"https:\/\/schema.org\",\"@graph\":[{\"@type\":\"Article\",\"@id\":\"https:\/\/portaltela.pt\/noticias\/2026\/03\/04\/relatorio-atrasa-inquerito-a-morte-de-gravida\/#article\",\"isPartOf\":{\"@id\":\"https:\/\/portaltela.pt\/noticias\/2026\/03\/04\/relatorio-atrasa-inquerito-a-morte-de-gravida\/\"},\"author\":{\"name\":\"Telinha\",\"@id\":\"https:\/\/portaltela.pt\/#\/schema\/person\/c4278d4a6028830caff9ee44b42d32ed\"},\"headline\":\"Relat\u00f3rio atrasa inqu\u00e9rito \u00e0 morte de gr\u00e1vida\",\"datePublished\":\"2026-03-05T01:30:00+00:00\",\"mainEntityOfPage\":{\"@id\":\"https:\/\/portaltela.pt\/noticias\/2026\/03\/04\/relatorio-atrasa-inquerito-a-morte-de-gravida\/\"},\"wordCount\":167,\"image\":{\"@id\":\"https:\/\/portaltela.pt\/noticias\/2026\/03\/04\/relatorio-atrasa-inquerito-a-morte-de-gravida\/#primaryimage\"},\"thumbnailUrl\":\"https:\/\/portaltela.pt\/s.01k8rhncp4jt1\/2026\/03\/img_1500x1000uu2025-11-02-15-46-03-2244983.jpg\",\"keywords\":[\"Amadora\",\"gr\u00e1vidas\",\"IGAS\",\"inqu\u00e9rito criminal\",\"mortes\",\"sa\u00fade\"],\"articleSection\":[\"Not\u00edcias\"],\"inLanguage\":\"pt-PT\"},{\"@type\":\"WebPage\",\"@id\":\"https:\/\/portaltela.pt\/noticias\/2026\/03\/04\/relatorio-atrasa-inquerito-a-morte-de-gravida\/\",\"url\":\"https:\/\/portaltela.pt\/noticias\/2026\/03\/04\/relatorio-atrasa-inquerito-a-morte-de-gravida\/\",\"name\":\"Relat\u00f3rio atrasa inqu\u00e9rito \u00e0 morte de gr\u00e1vida - Portal Tela Portugal\",\"isPartOf\":{\"@id\":\"https:\/\/portaltela.pt\/#website\"},\"primaryImageOfPage\":{\"@id\":\"https:\/\/portaltela.pt\/noticias\/2026\/03\/04\/relatorio-atrasa-inquerito-a-morte-de-gravida\/#primaryimage\"},\"image\":{\"@id\":\"https:\/\/portaltela.pt\/noticias\/2026\/03\/04\/relatorio-atrasa-inquerito-a-morte-de-gravida\/#primaryimage\"},\"thumbnailUrl\":\"https:\/\/portaltela.pt\/s.01k8rhncp4jt1\/2026\/03\/img_1500x1000uu2025-11-02-15-46-03-2244983.jpg\",\"datePublished\":\"2026-03-05T01:30:00+00:00\",\"author\":{\"@id\":\"https:\/\/portaltela.pt\/#\/schema\/person\/c4278d4a6028830caff9ee44b42d32ed\"},\"breadcrumb\":{\"@id\":\"https:\/\/portaltela.pt\/noticias\/2026\/03\/04\/relatorio-atrasa-inquerito-a-morte-de-gravida\/#breadcrumb\"},\"inLanguage\":\"pt-PT\",\"potentialAction\":[{\"@type\":\"ReadAction\",\"target\":[\"https:\/\/portaltela.pt\/noticias\/2026\/03\/04\/relatorio-atrasa-inquerito-a-morte-de-gravida\/\"]}]},{\"@type\":\"ImageObject\",\"inLanguage\":\"pt-PT\",\"@id\":\"https:\/\/portaltela.pt\/noticias\/2026\/03\/04\/relatorio-atrasa-inquerito-a-morte-de-gravida\/#primaryimage\",\"url\":\"https:\/\/portaltela.pt\/s.01k8rhncp4jt1\/2026\/03\/img_1500x1000uu2025-11-02-15-46-03-2244983.jpg\",\"contentUrl\":\"https:\/\/portaltela.pt\/s.01k8rhncp4jt1\/2026\/03\/img_1500x1000uu2025-11-02-15-46-03-2244983.jpg\",\"width\":796,\"height\":448,\"caption\":\"Umo Cani, de 36 anos\"},{\"@type\":\"BreadcrumbList\",\"@id\":\"https:\/\/portaltela.pt\/noticias\/2026\/03\/04\/relatorio-atrasa-inquerito-a-morte-de-gravida\/#breadcrumb\",\"itemListElement\":[{\"@type\":\"ListItem\",\"position\":1,\"name\":\"In\u00edcio\",\"item\":\"https:\/\/portaltela.pt\/\"},{\"@type\":\"ListItem\",\"position\":2,\"name\":\"Relat\u00f3rio atrasa inqu\u00e9rito \u00e0 morte de gr\u00e1vida\"}]},{\"@type\":\"WebSite\",\"@id\":\"https:\/\/portaltela.pt\/#website\",\"url\":\"https:\/\/portaltela.pt\/\",\"name\":\"Portal Tela Portugal\",\"description\":\"\",\"potentialAction\":[{\"@type\":\"SearchAction\",\"target\":{\"@type\":\"EntryPoint\",\"urlTemplate\":\"https:\/\/portaltela.pt\/?s={search_term_string}\"},\"query-input\":{\"@type\":\"PropertyValueSpecification\",\"valueRequired\":true,\"valueName\":\"search_term_string\"}}],\"inLanguage\":\"pt-PT\"},{\"@type\":\"Person\",\"@id\":\"https:\/\/portaltela.pt\/#\/schema\/person\/c4278d4a6028830caff9ee44b42d32ed\",\"name\":\"Telinha\",\"image\":{\"@type\":\"ImageObject\",\"inLanguage\":\"pt-PT\",\"@id\":\"https:\/\/portaltela.pt\/s.01k8rhncp4jt1\/2025\/11\/talking-bot-125x125.png\",\"url\":\"https:\/\/portaltela.pt\/s.01k8rhncp4jt1\/2025\/11\/talking-bot-125x125.png\",\"contentUrl\":\"https:\/\/portaltela.pt\/s.01k8rhncp4jt1\/2025\/11\/talking-bot-125x125.png\",\"caption\":\"Telinha\"},\"sameAs\":[\"https:\/\/portaltela.pt\/\"],\"url\":\"https:\/\/portaltela.pt\/por\/367410592786\/\"}]}<\/script>\n<!-- \/ Yoast SEO plugin. -->","yoast_head_json":{"title":"Relat\u00f3rio atrasa inqu\u00e9rito \u00e0 morte de gr\u00e1vida - Portal Tela Portugal","robots":{"index":"index","follow":"follow","max-snippet":"max-snippet:-1","max-image-preview":"max-image-preview:large","max-video-preview":"max-video-preview:-1"},"og_locale":"pt_PT","og_type":"article","og_title":"Relat\u00f3rio atrasa inqu\u00e9rito \u00e0 morte de gr\u00e1vida - Portal Tela Portugal","og_description":"O inqu\u00e9rito da Inspe\u00e7\u00e3o-Geral das Atividades em Sa\u00fade (IGAS) \u00e0 morte de Umo Cani n\u00e3o tem data de conclus\u00e3o. Umo Cani, cidad\u00e3 guineense de 36 anos, morreu no Hospital Amadora-Sintra a 31 de outubro de 2025, depois de ter sido mandada para casa. O inqu\u00e9rito investiga a morte de uma gr\u00e1vida guineense, com dilig\u00eancias em curso junto das entidades intervenientes. A IGAS est\u00e1 a recolher prova pessoal junto das partes envolvidas no caso. A aut\u00f3psia ainda n\u00e3o tem relat\u00f3rio emitido, considerado relevante para a adequada aprecia\u00e7\u00e3o dos factos.","og_url":"https:\/\/portaltela.pt\/noticias\/2026\/03\/04\/relatorio-atrasa-inquerito-a-morte-de-gravida\/","og_site_name":"Portal Tela Portugal","article_published_time":"2026-03-05T01:30:00+00:00","author":"Telinha","twitter_card":"summary_large_image","twitter_misc":{"Escrito por":"Telinha","Tempo estimado de leitura":"1 minuto"},"schema":{"@context":"https:\/\/schema.org","@graph":[{"@type":"Article","@id":"https:\/\/portaltela.pt\/noticias\/2026\/03\/04\/relatorio-atrasa-inquerito-a-morte-de-gravida\/#article","isPartOf":{"@id":"https:\/\/portaltela.pt\/noticias\/2026\/03\/04\/relatorio-atrasa-inquerito-a-morte-de-gravida\/"},"author":{"name":"Telinha","@id":"https:\/\/portaltela.pt\/#\/schema\/person\/c4278d4a6028830caff9ee44b42d32ed"},"headline":"Relat\u00f3rio atrasa inqu\u00e9rito \u00e0 morte de gr\u00e1vida","datePublished":"2026-03-05T01:30:00+00:00","mainEntityOfPage":{"@id":"https:\/\/portaltela.pt\/noticias\/2026\/03\/04\/relatorio-atrasa-inquerito-a-morte-de-gravida\/"},"wordCount":167,"image":{"@id":"https:\/\/portaltela.pt\/noticias\/2026\/03\/04\/relatorio-atrasa-inquerito-a-morte-de-gravida\/#primaryimage"},"thumbnailUrl":"https:\/\/portaltela.pt\/s.01k8rhncp4jt1\/2026\/03\/img_1500x1000uu2025-11-02-15-46-03-2244983.jpg","keywords":["Amadora","gr\u00e1vidas","IGAS","inqu\u00e9rito criminal","mortes","sa\u00fade"],"articleSection":["Not\u00edcias"],"inLanguage":"pt-PT"},{"@type":"WebPage","@id":"https:\/\/portaltela.pt\/noticias\/2026\/03\/04\/relatorio-atrasa-inquerito-a-morte-de-gravida\/","url":"https:\/\/portaltela.pt\/noticias\/2026\/03\/04\/relatorio-atrasa-inquerito-a-morte-de-gravida\/","name":"Relat\u00f3rio atrasa inqu\u00e9rito \u00e0 morte de gr\u00e1vida - Portal Tela Portugal","isPartOf":{"@id":"https:\/\/portaltela.pt\/#website"},"primaryImageOfPage":{"@id":"https:\/\/portaltela.pt\/noticias\/2026\/03\/04\/relatorio-atrasa-inquerito-a-morte-de-gravida\/#primaryimage"},"image":{"@id":"https:\/\/portaltela.pt\/noticias\/2026\/03\/04\/relatorio-atrasa-inquerito-a-morte-de-gravida\/#primaryimage"},"thumbnailUrl":"https:\/\/portaltela.pt\/s.01k8rhncp4jt1\/2026\/03\/img_1500x1000uu2025-11-02-15-46-03-2244983.jpg","datePublished":"2026-03-05T01:30:00+00:00","author":{"@id":"https:\/\/portaltela.pt\/#\/schema\/person\/c4278d4a6028830caff9ee44b42d32ed"},"breadcrumb":{"@id":"https:\/\/portaltela.pt\/noticias\/2026\/03\/04\/relatorio-atrasa-inquerito-a-morte-de-gravida\/#breadcrumb"},"inLanguage":"pt-PT","potentialAction":[{"@type":"ReadAction","target":["https:\/\/portaltela.pt\/noticias\/2026\/03\/04\/relatorio-atrasa-inquerito-a-morte-de-gravida\/"]}]},{"@type":"ImageObject","inLanguage":"pt-PT","@id":"https:\/\/portaltela.pt\/noticias\/2026\/03\/04\/relatorio-atrasa-inquerito-a-morte-de-gravida\/#primaryimage","url":"https:\/\/portaltela.pt\/s.01k8rhncp4jt1\/2026\/03\/img_1500x1000uu2025-11-02-15-46-03-2244983.jpg","contentUrl":"https:\/\/portaltela.pt\/s.01k8rhncp4jt1\/2026\/03\/img_1500x1000uu2025-11-02-15-46-03-2244983.jpg","width":796,"height":448,"caption":"Umo Cani, de 36 anos"},{"@type":"BreadcrumbList","@id":"https:\/\/portaltela.pt\/noticias\/2026\/03\/04\/relatorio-atrasa-inquerito-a-morte-de-gravida\/#breadcrumb","itemListElement":[{"@type":"ListItem","position":1,"name":"In\u00edcio","item":"https:\/\/portaltela.pt\/"},{"@type":"ListItem","position":2,"name":"Relat\u00f3rio atrasa inqu\u00e9rito \u00e0 morte de gr\u00e1vida"}]},{"@type":"WebSite","@id":"https:\/\/portaltela.pt\/#website","url":"https:\/\/portaltela.pt\/","name":"Portal Tela Portugal","description":"","potentialAction":[{"@type":"SearchAction","target":{"@type":"EntryPoint","urlTemplate":"https:\/\/portaltela.pt\/?s={search_term_string}"},"query-input":{"@type":"PropertyValueSpecification","valueRequired":true,"valueName":"search_term_string"}}],"inLanguage":"pt-PT"},{"@type":"Person","@id":"https:\/\/portaltela.pt\/#\/schema\/person\/c4278d4a6028830caff9ee44b42d32ed","name":"Telinha","image":{"@type":"ImageObject","inLanguage":"pt-PT","@id":"https:\/\/portaltela.pt\/s.01k8rhncp4jt1\/2025\/11\/talking-bot-125x125.png","url":"https:\/\/portaltela.pt\/s.01k8rhncp4jt1\/2025\/11\/talking-bot-125x125.png","contentUrl":"https:\/\/portaltela.pt\/s.01k8rhncp4jt1\/2025\/11\/talking-bot-125x125.png","caption":"Telinha"},"sameAs":["https:\/\/portaltela.pt\/"],"url":"https:\/\/portaltela.pt\/por\/367410592786\/"}]}},"_links":{"self":[{"href":"https:\/\/portaltela.pt\/api\/wp\/v2\/posts\/398023","targetHints":{"allow":["GET"]}}],"collection":[{"href":"https:\/\/portaltela.pt\/api\/wp\/v2\/posts"}],"about":[{"href":"https:\/\/portaltela.pt\/api\/wp\/v2\/types\/post"}],"author":[{"embeddable":true,"href":"https:\/\/portaltela.pt\/api\/wp\/v2\/users\/2"}],"replies":[{"embeddable":true,"href":"https:\/\/portaltela.pt\/api\/wp\/v2\/comments?post=398023"}],"version-history":[{"count":0,"href":"https:\/\/portaltela.pt\/api\/wp\/v2\/posts\/398023\/revisions"}],"wp:featuredmedia":[{"embeddable":true,"href":"https:\/\/portaltela.pt\/api\/wp\/v2\/media\/398027"}],"wp:attachment":[{"href":"https:\/\/portaltela.pt\/api\/wp\/v2\/media?parent=398023"}],"wp:term":[{"taxonomy":"category","embeddable":true,"href":"https:\/\/portaltela.pt\/api\/wp\/v2\/categories?post=398023"},{"taxonomy":"post_tag","embeddable":true,"href":"https:\/\/portaltela.pt\/api\/wp\/v2\/tags?post=398023"}],"curies":[{"name":"wp","href":"https:\/\/api.w.org\/{rel}","templated":true}]}}