{"id":398016,"date":"2026-03-04T21:51:05","date_gmt":"2026-03-05T00:51:05","guid":{"rendered":"https:\/\/portaltela.pt\/noticias\/2026\/03\/04\/vila-desportiva-do-moreirense-em-crescimento\/"},"modified":"2026-03-04T21:51:05","modified_gmt":"2026-03-05T00:51:05","slug":"vila-desportiva-do-moreirense-em-crescimento","status":"publish","type":"post","link":"https:\/\/portaltela.pt\/desporto\/futebol\/2026\/03\/04\/vila-desportiva-do-moreirense-em-crescimento\/","title":{"rendered":"Vila Desportiva do Moreirense em crescimento"},"content":{"rendered":"<p>A Vila Desportiva do Moreirense est\u00e1 a passar por uma nova fase de expans\u00e3o. A interven\u00e7\u00e3o inclui a constru\u00e7\u00e3o de um mini-est\u00e1dio e de um relvado natural de apoio, antes de avan\u00e7ar para a fase final: a edifica\u00e7\u00e3o de um novo est\u00e1dio at\u00e9 2030. A obra decorre nos terrenos da Quinta da Devesa, em Moreira de C\u00f3negos.<\/p>\n<p>O mini-est\u00e1dio ir\u00e1 contar com uma bancada para 1.500 espectadores e ter\u00e1 in\u00edcio j\u00e1 nos pr\u00f3ximos meses, com conclus\u00e3o prevista ainda este ano. O objetivo \u00e9 ter as obras aptas para utiliza\u00e7\u00e3o nos meses iniciais da temporada 2026\/27.<\/p>\n<p>Depois desta etapa, o Moreirense prosseguir\u00e1 com o novo est\u00e1dio, cuja capacidade ser\u00e1 de 10 mil lugares. O recinto surgir\u00e1 num ponto do terreno ligeiramente afastado dos campos de treino, mantendo-se no mesmo lote.<\/p>\n<h3>Estrutura de apoio e novas infraestruturas<\/h3>\n<p>Al\u00e9m do est\u00e1dio, ser\u00e1 erguido um edif\u00edcio de trabalho dedicado \u00e0 forma\u00e7\u00e3o e ao futebol feminino, com balne\u00e1rios, \u00e1reas de sa\u00fade e performance e um gin\u00e1sio. Este espa\u00e7o dever\u00e1 ficar dispon\u00edvel j\u00e1 na pr\u00f3xima semana.<\/p>\n<p>A atual Vila Desportiva j\u00e1 disp\u00f5e de dois campos de relva natural para treino da equipa principal e de um campo sint\u00e9tico utilizado pela forma\u00e7\u00e3o e pela equipa feminina. O conjunto mant\u00e9m-se ativo durante o processo de remodela\u00e7\u00e3o.<\/p>\n<h3>Interven\u00e7\u00f5es de ver\u00e3o e intervenientes<\/h3>\n<p>No ver\u00e3o, ap\u00f3s o t\u00e9rmino das competi\u00e7\u00f5es, os dois campos junto ao Est\u00e1dio Comendador Joaquim de Almeida Freitas ser\u00e3o alvo de uma interven\u00e7\u00e3o profunda. Os relvados ser\u00e3o remodelados com sint\u00e9ticos de \u00faltima gera\u00e7\u00e3o, num investimento estimado em 400 mil euros.<\/p>\n<h3>Perspetiva de conclus\u00e3o<\/h3>\n<p>Segundo os planos, o novo est\u00e1dio dever\u00e1 estar conclu\u00eddo em 2030. Enquanto isso, o clube refor\u00e7a a infraestrutura de treino e forma\u00e7\u00e3o para apoiar a equipa principal, a equipa feminina e as pr\u00e1ticas de forma\u00e7\u00e3o.<\/p>\n","protected":false},"excerpt":{"rendered":"<ul>\n<li>A Vila Desportiva do Moreirense est\u00e1 em fase de amplia\u00e7\u00e3o, com a constru\u00e7\u00e3o de um mini est\u00e1dio e de um novo relvado de apoio, antes da edifica\u00e7\u00e3o de um est\u00e1dio principal at\u00e9 2030.<\/li>\n<li>O mini-est\u00e1dio ter\u00e1 bancada para 1.500 adeptos e o relvado de apoio dever\u00e1 ficar pronto nos primeiros meses da temporada 2026\/27.<\/li>\n<li>Ap\u00f3s esta etapa, ser\u00e1 erguido o novo est\u00e1dio com capacidade para 10 mil pessoas, em terrenos da Quinta da Devesa, ainda dentro do mesmo lote.<\/li>\n<li>O clube vai ainda construir um novo edif\u00edcio de trabalho dedicado \u00e0 forma\u00e7\u00e3o e ao futebol feminino, com balne\u00e1rios, \u00e1reas de sa\u00fade e performance e um gin\u00e1sio, que come\u00e7ar\u00e1 a ser utilizado na pr\u00f3xima semana.<\/li>\n<li>No ver\u00e3o, os campos junto ao Est\u00e1dio Comendador Joaquim de Almeida Freitas v\u00e3o receber remodela\u00e7\u00e3o com relvados sint\u00e9ticos de \u00faltima gera\u00e7\u00e3o, num investimento de cerca de 400 mil euros.<\/li>\n<\/ul>\n","protected":false},"author":2,"featured_media":398017,"comment_status":"closed","ping_status":"closed","sticky":false,"template":"","format":"standard","meta":{"footnotes":""},"categories":[21,24],"tags":[152,32,1030,6168,5825],"class_list":["post-398016","post","type-post","status-publish","format-standard","has-post-thumbnail","hentry","category-desporto","category-futebol","tag-desporto","tag-futebol","tag-futebol-feminino","tag-moreira-de-conegos","tag-moreirense-fc"],"yoast_head":"<!-- This site is optimized with the Yoast SEO plugin v27.2 - https:\/\/yoast.com\/product\/yoast-seo-wordpress\/ -->\n<title>Vila Desportiva do Moreirense em crescimento - Portal Tela Portugal<\/title>\n<meta name=\"robots\" content=\"index, follow, max-snippet:-1, max-image-preview:large, max-video-preview:-1\" \/>\n<meta property=\"og:locale\" content=\"pt_PT\" \/>\n<meta property=\"og:type\" content=\"article\" \/>\n<meta property=\"og:title\" content=\"Vila Desportiva do Moreirense em crescimento - Portal Tela Portugal\" \/>\n<meta property=\"og:description\" content=\"A Vila Desportiva do Moreirense est\u00e1 em fase de amplia\u00e7\u00e3o, com a constru\u00e7\u00e3o de um mini est\u00e1dio e de um novo relvado de apoio, antes da edifica\u00e7\u00e3o de um est\u00e1dio principal at\u00e9 2030. O mini-est\u00e1dio ter\u00e1 bancada para 1.500 adeptos e o relvado de apoio dever\u00e1 ficar pronto nos primeiros meses da temporada 2026\/27. Ap\u00f3s esta etapa, ser\u00e1 erguido o novo est\u00e1dio com capacidade para 10 mil pessoas, em terrenos da Quinta da Devesa, ainda dentro do mesmo lote. O clube vai ainda construir um novo edif\u00edcio de trabalho dedicado \u00e0 forma\u00e7\u00e3o e ao futebol feminino, com balne\u00e1rios, \u00e1reas de sa\u00fade e performance e um gin\u00e1sio, que come\u00e7ar\u00e1 a ser utilizado na pr\u00f3xima semana. No ver\u00e3o, os campos junto ao Est\u00e1dio Comendador Joaquim de Almeida Freitas v\u00e3o receber remodela\u00e7\u00e3o com relvados sint\u00e9ticos de \u00faltima gera\u00e7\u00e3o, num investimento de cerca de 400 mil euros.\" \/>\n<meta property=\"og:url\" content=\"https:\/\/portaltela.pt\/noticias\/2026\/03\/04\/vila-desportiva-do-moreirense-em-crescimento\/\" \/>\n<meta property=\"og:site_name\" content=\"Portal Tela Portugal\" \/>\n<meta property=\"article:published_time\" content=\"2026-03-05T00:51:05+00:00\" \/>\n<meta name=\"author\" content=\"Telinha\" \/>\n<meta name=\"twitter:card\" content=\"summary_large_image\" \/>\n<meta name=\"twitter:label1\" content=\"Escrito por\" \/>\n\t<meta name=\"twitter:data1\" content=\"Telinha\" \/>\n\t<meta name=\"twitter:label2\" content=\"Tempo estimado de leitura\" \/>\n\t<meta name=\"twitter:data2\" content=\"2 minutos\" \/>\n<script type=\"application\/ld+json\" class=\"yoast-schema-graph\">{\"@context\":\"https:\/\/schema.org\",\"@graph\":[{\"@type\":\"Article\",\"@id\":\"https:\/\/portaltela.pt\/noticias\/2026\/03\/04\/vila-desportiva-do-moreirense-em-crescimento\/#article\",\"isPartOf\":{\"@id\":\"https:\/\/portaltela.pt\/noticias\/2026\/03\/04\/vila-desportiva-do-moreirense-em-crescimento\/\"},\"author\":{\"name\":\"Telinha\",\"@id\":\"https:\/\/portaltela.pt\/#\/schema\/person\/c4278d4a6028830caff9ee44b42d32ed\"},\"headline\":\"Vila Desportiva do Moreirense em crescimento\",\"datePublished\":\"2026-03-05T00:51:05+00:00\",\"mainEntityOfPage\":{\"@id\":\"https:\/\/portaltela.pt\/noticias\/2026\/03\/04\/vila-desportiva-do-moreirense-em-crescimento\/\"},\"wordCount\":337,\"image\":{\"@id\":\"https:\/\/portaltela.pt\/noticias\/2026\/03\/04\/vila-desportiva-do-moreirense-em-crescimento\/#primaryimage\"},\"thumbnailUrl\":\"https:\/\/portaltela.pt\/s.01k8rhncp4jt1\/2026\/03\/img_920x518uu2026-03-05-00-50-46-2425012.jpg\",\"keywords\":[\"desporto\",\"futebol\",\"futebol feminino\",\"Moreira de C\u00f3negos\",\"Moreirense FC\"],\"articleSection\":[\"Desporto\",\"Futebol\"],\"inLanguage\":\"pt-PT\"},{\"@type\":\"WebPage\",\"@id\":\"https:\/\/portaltela.pt\/noticias\/2026\/03\/04\/vila-desportiva-do-moreirense-em-crescimento\/\",\"url\":\"https:\/\/portaltela.pt\/noticias\/2026\/03\/04\/vila-desportiva-do-moreirense-em-crescimento\/\",\"name\":\"Vila Desportiva do Moreirense em crescimento - Portal Tela Portugal\",\"isPartOf\":{\"@id\":\"https:\/\/portaltela.pt\/#website\"},\"primaryImageOfPage\":{\"@id\":\"https:\/\/portaltela.pt\/noticias\/2026\/03\/04\/vila-desportiva-do-moreirense-em-crescimento\/#primaryimage\"},\"image\":{\"@id\":\"https:\/\/portaltela.pt\/noticias\/2026\/03\/04\/vila-desportiva-do-moreirense-em-crescimento\/#primaryimage\"},\"thumbnailUrl\":\"https:\/\/portaltela.pt\/s.01k8rhncp4jt1\/2026\/03\/img_920x518uu2026-03-05-00-50-46-2425012.jpg\",\"datePublished\":\"2026-03-05T00:51:05+00:00\",\"author\":{\"@id\":\"https:\/\/portaltela.pt\/#\/schema\/person\/c4278d4a6028830caff9ee44b42d32ed\"},\"breadcrumb\":{\"@id\":\"https:\/\/portaltela.pt\/noticias\/2026\/03\/04\/vila-desportiva-do-moreirense-em-crescimento\/#breadcrumb\"},\"inLanguage\":\"pt-PT\",\"potentialAction\":[{\"@type\":\"ReadAction\",\"target\":[\"https:\/\/portaltela.pt\/noticias\/2026\/03\/04\/vila-desportiva-do-moreirense-em-crescimento\/\"]}]},{\"@type\":\"ImageObject\",\"inLanguage\":\"pt-PT\",\"@id\":\"https:\/\/portaltela.pt\/noticias\/2026\/03\/04\/vila-desportiva-do-moreirense-em-crescimento\/#primaryimage\",\"url\":\"https:\/\/portaltela.pt\/s.01k8rhncp4jt1\/2026\/03\/img_920x518uu2026-03-05-00-50-46-2425012.jpg\",\"contentUrl\":\"https:\/\/portaltela.pt\/s.01k8rhncp4jt1\/2026\/03\/img_920x518uu2026-03-05-00-50-46-2425012.jpg\",\"width\":796,\"height\":448,\"caption\":\"Imagem do treino realizado pelo Moreirense na quarta-feira\"},{\"@type\":\"BreadcrumbList\",\"@id\":\"https:\/\/portaltela.pt\/noticias\/2026\/03\/04\/vila-desportiva-do-moreirense-em-crescimento\/#breadcrumb\",\"itemListElement\":[{\"@type\":\"ListItem\",\"position\":1,\"name\":\"In\u00edcio\",\"item\":\"https:\/\/portaltela.pt\/\"},{\"@type\":\"ListItem\",\"position\":2,\"name\":\"Vila Desportiva do Moreirense em crescimento\"}]},{\"@type\":\"WebSite\",\"@id\":\"https:\/\/portaltela.pt\/#website\",\"url\":\"https:\/\/portaltela.pt\/\",\"name\":\"Portal Tela Portugal\",\"description\":\"\",\"potentialAction\":[{\"@type\":\"SearchAction\",\"target\":{\"@type\":\"EntryPoint\",\"urlTemplate\":\"https:\/\/portaltela.pt\/?s={search_term_string}\"},\"query-input\":{\"@type\":\"PropertyValueSpecification\",\"valueRequired\":true,\"valueName\":\"search_term_string\"}}],\"inLanguage\":\"pt-PT\"},{\"@type\":\"Person\",\"@id\":\"https:\/\/portaltela.pt\/#\/schema\/person\/c4278d4a6028830caff9ee44b42d32ed\",\"name\":\"Telinha\",\"image\":{\"@type\":\"ImageObject\",\"inLanguage\":\"pt-PT\",\"@id\":\"https:\/\/portaltela.pt\/s.01k8rhncp4jt1\/2025\/11\/talking-bot-125x125.png\",\"url\":\"https:\/\/portaltela.pt\/s.01k8rhncp4jt1\/2025\/11\/talking-bot-125x125.png\",\"contentUrl\":\"https:\/\/portaltela.pt\/s.01k8rhncp4jt1\/2025\/11\/talking-bot-125x125.png\",\"caption\":\"Telinha\"},\"sameAs\":[\"https:\/\/portaltela.pt\/\"],\"url\":\"https:\/\/portaltela.pt\/por\/367410592786\/\"}]}<\/script>\n<!-- \/ Yoast SEO plugin. -->","yoast_head_json":{"title":"Vila Desportiva do Moreirense em crescimento - Portal Tela Portugal","robots":{"index":"index","follow":"follow","max-snippet":"max-snippet:-1","max-image-preview":"max-image-preview:large","max-video-preview":"max-video-preview:-1"},"og_locale":"pt_PT","og_type":"article","og_title":"Vila Desportiva do Moreirense em crescimento - Portal Tela Portugal","og_description":"A Vila Desportiva do Moreirense est\u00e1 em fase de amplia\u00e7\u00e3o, com a constru\u00e7\u00e3o de um mini est\u00e1dio e de um novo relvado de apoio, antes da edifica\u00e7\u00e3o de um est\u00e1dio principal at\u00e9 2030. O mini-est\u00e1dio ter\u00e1 bancada para 1.500 adeptos e o relvado de apoio dever\u00e1 ficar pronto nos primeiros meses da temporada 2026\/27. Ap\u00f3s esta etapa, ser\u00e1 erguido o novo est\u00e1dio com capacidade para 10 mil pessoas, em terrenos da Quinta da Devesa, ainda dentro do mesmo lote. O clube vai ainda construir um novo edif\u00edcio de trabalho dedicado \u00e0 forma\u00e7\u00e3o e ao futebol feminino, com balne\u00e1rios, \u00e1reas de sa\u00fade e performance e um gin\u00e1sio, que come\u00e7ar\u00e1 a ser utilizado na pr\u00f3xima semana. No ver\u00e3o, os campos junto ao Est\u00e1dio Comendador Joaquim de Almeida Freitas v\u00e3o receber remodela\u00e7\u00e3o com relvados sint\u00e9ticos de \u00faltima gera\u00e7\u00e3o, num investimento de cerca de 400 mil euros.","og_url":"https:\/\/portaltela.pt\/noticias\/2026\/03\/04\/vila-desportiva-do-moreirense-em-crescimento\/","og_site_name":"Portal Tela Portugal","article_published_time":"2026-03-05T00:51:05+00:00","author":"Telinha","twitter_card":"summary_large_image","twitter_misc":{"Escrito por":"Telinha","Tempo estimado de leitura":"2 minutos"},"schema":{"@context":"https:\/\/schema.org","@graph":[{"@type":"Article","@id":"https:\/\/portaltela.pt\/noticias\/2026\/03\/04\/vila-desportiva-do-moreirense-em-crescimento\/#article","isPartOf":{"@id":"https:\/\/portaltela.pt\/noticias\/2026\/03\/04\/vila-desportiva-do-moreirense-em-crescimento\/"},"author":{"name":"Telinha","@id":"https:\/\/portaltela.pt\/#\/schema\/person\/c4278d4a6028830caff9ee44b42d32ed"},"headline":"Vila Desportiva do Moreirense em crescimento","datePublished":"2026-03-05T00:51:05+00:00","mainEntityOfPage":{"@id":"https:\/\/portaltela.pt\/noticias\/2026\/03\/04\/vila-desportiva-do-moreirense-em-crescimento\/"},"wordCount":337,"image":{"@id":"https:\/\/portaltela.pt\/noticias\/2026\/03\/04\/vila-desportiva-do-moreirense-em-crescimento\/#primaryimage"},"thumbnailUrl":"https:\/\/portaltela.pt\/s.01k8rhncp4jt1\/2026\/03\/img_920x518uu2026-03-05-00-50-46-2425012.jpg","keywords":["desporto","futebol","futebol feminino","Moreira de C\u00f3negos","Moreirense FC"],"articleSection":["Desporto","Futebol"],"inLanguage":"pt-PT"},{"@type":"WebPage","@id":"https:\/\/portaltela.pt\/noticias\/2026\/03\/04\/vila-desportiva-do-moreirense-em-crescimento\/","url":"https:\/\/portaltela.pt\/noticias\/2026\/03\/04\/vila-desportiva-do-moreirense-em-crescimento\/","name":"Vila Desportiva do Moreirense em crescimento - Portal Tela Portugal","isPartOf":{"@id":"https:\/\/portaltela.pt\/#website"},"primaryImageOfPage":{"@id":"https:\/\/portaltela.pt\/noticias\/2026\/03\/04\/vila-desportiva-do-moreirense-em-crescimento\/#primaryimage"},"image":{"@id":"https:\/\/portaltela.pt\/noticias\/2026\/03\/04\/vila-desportiva-do-moreirense-em-crescimento\/#primaryimage"},"thumbnailUrl":"https:\/\/portaltela.pt\/s.01k8rhncp4jt1\/2026\/03\/img_920x518uu2026-03-05-00-50-46-2425012.jpg","datePublished":"2026-03-05T00:51:05+00:00","author":{"@id":"https:\/\/portaltela.pt\/#\/schema\/person\/c4278d4a6028830caff9ee44b42d32ed"},"breadcrumb":{"@id":"https:\/\/portaltela.pt\/noticias\/2026\/03\/04\/vila-desportiva-do-moreirense-em-crescimento\/#breadcrumb"},"inLanguage":"pt-PT","potentialAction":[{"@type":"ReadAction","target":["https:\/\/portaltela.pt\/noticias\/2026\/03\/04\/vila-desportiva-do-moreirense-em-crescimento\/"]}]},{"@type":"ImageObject","inLanguage":"pt-PT","@id":"https:\/\/portaltela.pt\/noticias\/2026\/03\/04\/vila-desportiva-do-moreirense-em-crescimento\/#primaryimage","url":"https:\/\/portaltela.pt\/s.01k8rhncp4jt1\/2026\/03\/img_920x518uu2026-03-05-00-50-46-2425012.jpg","contentUrl":"https:\/\/portaltela.pt\/s.01k8rhncp4jt1\/2026\/03\/img_920x518uu2026-03-05-00-50-46-2425012.jpg","width":796,"height":448,"caption":"Imagem do treino realizado pelo Moreirense na quarta-feira"},{"@type":"BreadcrumbList","@id":"https:\/\/portaltela.pt\/noticias\/2026\/03\/04\/vila-desportiva-do-moreirense-em-crescimento\/#breadcrumb","itemListElement":[{"@type":"ListItem","position":1,"name":"In\u00edcio","item":"https:\/\/portaltela.pt\/"},{"@type":"ListItem","position":2,"name":"Vila Desportiva do Moreirense em crescimento"}]},{"@type":"WebSite","@id":"https:\/\/portaltela.pt\/#website","url":"https:\/\/portaltela.pt\/","name":"Portal Tela Portugal","description":"","potentialAction":[{"@type":"SearchAction","target":{"@type":"EntryPoint","urlTemplate":"https:\/\/portaltela.pt\/?s={search_term_string}"},"query-input":{"@type":"PropertyValueSpecification","valueRequired":true,"valueName":"search_term_string"}}],"inLanguage":"pt-PT"},{"@type":"Person","@id":"https:\/\/portaltela.pt\/#\/schema\/person\/c4278d4a6028830caff9ee44b42d32ed","name":"Telinha","image":{"@type":"ImageObject","inLanguage":"pt-PT","@id":"https:\/\/portaltela.pt\/s.01k8rhncp4jt1\/2025\/11\/talking-bot-125x125.png","url":"https:\/\/portaltela.pt\/s.01k8rhncp4jt1\/2025\/11\/talking-bot-125x125.png","contentUrl":"https:\/\/portaltela.pt\/s.01k8rhncp4jt1\/2025\/11\/talking-bot-125x125.png","caption":"Telinha"},"sameAs":["https:\/\/portaltela.pt\/"],"url":"https:\/\/portaltela.pt\/por\/367410592786\/"}]}},"_links":{"self":[{"href":"https:\/\/portaltela.pt\/api\/wp\/v2\/posts\/398016","targetHints":{"allow":["GET"]}}],"collection":[{"href":"https:\/\/portaltela.pt\/api\/wp\/v2\/posts"}],"about":[{"href":"https:\/\/portaltela.pt\/api\/wp\/v2\/types\/post"}],"author":[{"embeddable":true,"href":"https:\/\/portaltela.pt\/api\/wp\/v2\/users\/2"}],"replies":[{"embeddable":true,"href":"https:\/\/portaltela.pt\/api\/wp\/v2\/comments?post=398016"}],"version-history":[{"count":0,"href":"https:\/\/portaltela.pt\/api\/wp\/v2\/posts\/398016\/revisions"}],"wp:featuredmedia":[{"embeddable":true,"href":"https:\/\/portaltela.pt\/api\/wp\/v2\/media\/398017"}],"wp:attachment":[{"href":"https:\/\/portaltela.pt\/api\/wp\/v2\/media?parent=398016"}],"wp:term":[{"taxonomy":"category","embeddable":true,"href":"https:\/\/portaltela.pt\/api\/wp\/v2\/categories?post=398016"},{"taxonomy":"post_tag","embeddable":true,"href":"https:\/\/portaltela.pt\/api\/wp\/v2\/tags?post=398016"}],"curies":[{"name":"wp","href":"https:\/\/api.w.org\/{rel}","templated":true}]}}