{"id":398000,"date":"2026-03-04T21:24:00","date_gmt":"2026-03-05T00:24:00","guid":{"rendered":"https:\/\/portaltela.pt\/noticias\/2026\/03\/04\/obras-com-respeito-aos-moradores-comunidade-exige-intervencoes-adequadas\/"},"modified":"2026-03-04T21:24:00","modified_gmt":"2026-03-05T00:24:00","slug":"obras-com-respeito-aos-moradores-comunidade-exige-intervencoes-adequadas","status":"publish","type":"post","link":"https:\/\/portaltela.pt\/noticias\/2026\/03\/04\/obras-com-respeito-aos-moradores-comunidade-exige-intervencoes-adequadas\/","title":{"rendered":"Obras com respeito aos moradores: comunidade exige interven\u00e7\u00f5es adequadas"},"content":{"rendered":"<p>A massa de Massarelos ficou em alerta devido a uma nova etapa da constru\u00e7\u00e3o da Ponte Ferreirinha. Segundo informa\u00e7\u00f5es recebidas, a Metro do Porto contactou 14 fam\u00edlias residentes no bairro para abandonarem temporariamente as suas habita\u00e7\u00f5es durante tr\u00eas meses. A evacua\u00e7\u00e3o est\u00e1 ligada ao risco de queda de objetos no tabuleiro da ponte, previsto desde o in\u00edcio da obra.<\/p>\n<p>O pedido de realojamento surge numa fase avan\u00e7ada do projeto, que envolve obras de grande envergadura financiadas pela C\u00e2mara Municipal. A comunica\u00e7\u00e3o foi feita de forma administrativa, sem presen\u00e7a de respons\u00e1veis da Metro do Porto ou das autarquias em contacto direto com os moradores.<\/p>\n<p>A situa\u00e7\u00e3o levanta quest\u00f5es sobre o impacto para moradores dos pr\u00e9dios situados mais a sul, que poder\u00e3o ficar sob a \u00e1rea de influ\u00eancia da obra. Permanece d\u00favida sobre interrup\u00e7\u00f5es da marginal e sobre quem arca com os custos de realojos adicionais.<\/p>\n<h3>Contexto hist\u00f3rico<\/h3>\n<p>Entre as primeiras fases do metro, as obras decorriam 24h por dia, com licen\u00e7as especiais de ru\u00eddo atribu\u00eddas pelo ent\u00e3o vereador do Ambiente da C\u00e2mara do Porto. Foram realizadas reuni\u00f5es com moradores para mitigar impactos, incluindo realojos tempor\u00e1rios a expensas da Metro.<\/p>\n<h3>Quest\u00f5es pendentes<\/h3>\n<p>ComUNICa\u00e7\u00f5es sobre quem fica respons\u00e1vel por eventuais novas medidas de mitiga\u00e7\u00e3o ainda n\u00e3o foram apresentadas. O munic\u00edpio e a Metro do Porto s\u00e3o solicitados a esclarecer quais \u00e1reas sofrer\u00e3o maiores restri\u00e7\u00f5es e como ser\u00e1 assegurada a dignidade dos moradores durante o per\u00edodo de obras.<\/p>\n","protected":false},"excerpt":{"rendered":"<ul>\n<li>14 fam\u00edlias da Associa\u00e7\u00e3o de Moradores de Massarelos foram contactadas pela Metro do Porto para deixarem temporariamente as suas habita\u00e7\u00f5es por tr\u00eas meses, face ao risco de queda de objetos da constru\u00e7\u00e3o do tabuleiro da Ponte Ferreirinha.<\/li>\n<li>A medida, prevista desde o in\u00edcio da obra, foi comunicada agora de forma administrativa, sem que respons\u00e1veis da Metro ou da C\u00e2mara tenham assumido publicamente a decis\u00e3o junto dos moradores.<\/li>\n<li>O texto levanta quest\u00f5es sobre se outras \u00e1reas, incluindo pr\u00e9dios mais a sul e a marginal, tamb\u00e9m v\u00e3o ser desalojadas e exige respostas r\u00e1pidas da Metro do Porto e da C\u00e2mara Municipal.<\/li>\n<li>Recorda ainda que, no in\u00edcio do s\u00e9culo, as obras do metropolitano levaram a reuni\u00f5es com moradores e a realojos tempor\u00e1rios em hot\u00e9is, \u00e0s expensas da Metro, para mitigar impactos.<\/li>\n<li>Apela a um tratamento digno dos moradores e \u00e0 defesa dos cidad\u00e3os, criticando a aus\u00eancia do executiva de Pedro Duarte e da Junta de Massarelos e pedindo que n\u00e3o sejam esquecidos pelos respons\u00e1veis aut\u00e1rquicos.<\/li>\n<\/ul>\n","protected":false},"author":2,"featured_media":398003,"comment_status":"closed","ping_status":"closed","sticky":false,"template":"","format":"standard","meta":{"footnotes":""},"categories":[1],"tags":[2938,150,1167,5691,982,6188],"class_list":["post-398000","post","type-post","status-publish","format-standard","has-post-thumbnail","hentry","category-noticias","tag-evacuacao","tag-habitacao","tag-habitacao-social","tag-obras","tag-porto","tag-realojamento"],"yoast_head":"<!-- This site is optimized with the Yoast SEO plugin v27.2 - https:\/\/yoast.com\/product\/yoast-seo-wordpress\/ -->\n<title>Obras com respeito aos moradores: comunidade exige interven\u00e7\u00f5es adequadas - Portal Tela Portugal<\/title>\n<meta name=\"robots\" content=\"index, follow, max-snippet:-1, max-image-preview:large, max-video-preview:-1\" \/>\n<meta property=\"og:locale\" content=\"pt_PT\" \/>\n<meta property=\"og:type\" content=\"article\" \/>\n<meta property=\"og:title\" content=\"Obras com respeito aos moradores: comunidade exige interven\u00e7\u00f5es adequadas - Portal Tela Portugal\" \/>\n<meta property=\"og:description\" content=\"14 fam\u00edlias da Associa\u00e7\u00e3o de Moradores de Massarelos foram contactadas pela Metro do Porto para deixarem temporariamente as suas habita\u00e7\u00f5es por tr\u00eas meses, face ao risco de queda de objetos da constru\u00e7\u00e3o do tabuleiro da Ponte Ferreirinha. A medida, prevista desde o in\u00edcio da obra, foi comunicada agora de forma administrativa, sem que respons\u00e1veis da Metro ou da C\u00e2mara tenham assumido publicamente a decis\u00e3o junto dos moradores. O texto levanta quest\u00f5es sobre se outras \u00e1reas, incluindo pr\u00e9dios mais a sul e a marginal, tamb\u00e9m v\u00e3o ser desalojadas e exige respostas r\u00e1pidas da Metro do Porto e da C\u00e2mara Municipal. Recorda ainda que, no in\u00edcio do s\u00e9culo, as obras do metropolitano levaram a reuni\u00f5es com moradores e a realojos tempor\u00e1rios em hot\u00e9is, \u00e0s expensas da Metro, para mitigar impactos. Apela a um tratamento digno dos moradores e \u00e0 defesa dos cidad\u00e3os, criticando a aus\u00eancia do executiva de Pedro Duarte e da Junta de Massarelos e pedindo que n\u00e3o sejam esquecidos pelos respons\u00e1veis aut\u00e1rquicos.\" \/>\n<meta property=\"og:url\" content=\"https:\/\/portaltela.pt\/noticias\/2026\/03\/04\/obras-com-respeito-aos-moradores-comunidade-exige-intervencoes-adequadas\/\" \/>\n<meta property=\"og:site_name\" content=\"Portal Tela Portugal\" \/>\n<meta property=\"article:published_time\" content=\"2026-03-05T00:24:00+00:00\" \/>\n<meta name=\"author\" content=\"Telinha\" \/>\n<meta name=\"twitter:card\" content=\"summary_large_image\" \/>\n<meta name=\"twitter:label1\" content=\"Escrito por\" \/>\n\t<meta name=\"twitter:data1\" content=\"Telinha\" \/>\n\t<meta name=\"twitter:label2\" content=\"Tempo estimado de leitura\" \/>\n\t<meta name=\"twitter:data2\" content=\"1 minuto\" \/>\n<script type=\"application\/ld+json\" class=\"yoast-schema-graph\">{\"@context\":\"https:\/\/schema.org\",\"@graph\":[{\"@type\":\"Article\",\"@id\":\"https:\/\/portaltela.pt\/noticias\/2026\/03\/04\/obras-com-respeito-aos-moradores-comunidade-exige-intervencoes-adequadas\/#article\",\"isPartOf\":{\"@id\":\"https:\/\/portaltela.pt\/noticias\/2026\/03\/04\/obras-com-respeito-aos-moradores-comunidade-exige-intervencoes-adequadas\/\"},\"author\":{\"name\":\"Telinha\",\"@id\":\"https:\/\/portaltela.pt\/#\/schema\/person\/c4278d4a6028830caff9ee44b42d32ed\"},\"headline\":\"Obras com respeito aos moradores: comunidade exige interven\u00e7\u00f5es adequadas\",\"datePublished\":\"2026-03-05T00:24:00+00:00\",\"mainEntityOfPage\":{\"@id\":\"https:\/\/portaltela.pt\/noticias\/2026\/03\/04\/obras-com-respeito-aos-moradores-comunidade-exige-intervencoes-adequadas\/\"},\"wordCount\":280,\"image\":{\"@id\":\"https:\/\/portaltela.pt\/noticias\/2026\/03\/04\/obras-com-respeito-aos-moradores-comunidade-exige-intervencoes-adequadas\/#primaryimage\"},\"thumbnailUrl\":\"https:\/\/portaltela.pt\/s.01k8rhncp4jt1\/2026\/03\/d15b13a8-8618-42f6-a866-e242b2f0fd7b_1200x675.jpg\",\"keywords\":[\"evacua\u00e7\u00e3o\",\"habita\u00e7\u00e3o\",\"habita\u00e7\u00e3o social\",\"obras\",\"Porto\",\"realojamento\"],\"articleSection\":[\"Not\u00edcias\"],\"inLanguage\":\"pt-PT\"},{\"@type\":\"WebPage\",\"@id\":\"https:\/\/portaltela.pt\/noticias\/2026\/03\/04\/obras-com-respeito-aos-moradores-comunidade-exige-intervencoes-adequadas\/\",\"url\":\"https:\/\/portaltela.pt\/noticias\/2026\/03\/04\/obras-com-respeito-aos-moradores-comunidade-exige-intervencoes-adequadas\/\",\"name\":\"Obras com respeito aos moradores: comunidade exige interven\u00e7\u00f5es adequadas - Portal Tela Portugal\",\"isPartOf\":{\"@id\":\"https:\/\/portaltela.pt\/#website\"},\"primaryImageOfPage\":{\"@id\":\"https:\/\/portaltela.pt\/noticias\/2026\/03\/04\/obras-com-respeito-aos-moradores-comunidade-exige-intervencoes-adequadas\/#primaryimage\"},\"image\":{\"@id\":\"https:\/\/portaltela.pt\/noticias\/2026\/03\/04\/obras-com-respeito-aos-moradores-comunidade-exige-intervencoes-adequadas\/#primaryimage\"},\"thumbnailUrl\":\"https:\/\/portaltela.pt\/s.01k8rhncp4jt1\/2026\/03\/d15b13a8-8618-42f6-a866-e242b2f0fd7b_1200x675.jpg\",\"datePublished\":\"2026-03-05T00:24:00+00:00\",\"author\":{\"@id\":\"https:\/\/portaltela.pt\/#\/schema\/person\/c4278d4a6028830caff9ee44b42d32ed\"},\"breadcrumb\":{\"@id\":\"https:\/\/portaltela.pt\/noticias\/2026\/03\/04\/obras-com-respeito-aos-moradores-comunidade-exige-intervencoes-adequadas\/#breadcrumb\"},\"inLanguage\":\"pt-PT\",\"potentialAction\":[{\"@type\":\"ReadAction\",\"target\":[\"https:\/\/portaltela.pt\/noticias\/2026\/03\/04\/obras-com-respeito-aos-moradores-comunidade-exige-intervencoes-adequadas\/\"]}]},{\"@type\":\"ImageObject\",\"inLanguage\":\"pt-PT\",\"@id\":\"https:\/\/portaltela.pt\/noticias\/2026\/03\/04\/obras-com-respeito-aos-moradores-comunidade-exige-intervencoes-adequadas\/#primaryimage\",\"url\":\"https:\/\/portaltela.pt\/s.01k8rhncp4jt1\/2026\/03\/d15b13a8-8618-42f6-a866-e242b2f0fd7b_1200x675.jpg\",\"contentUrl\":\"https:\/\/portaltela.pt\/s.01k8rhncp4jt1\/2026\/03\/d15b13a8-8618-42f6-a866-e242b2f0fd7b_1200x675.jpg\",\"width\":796,\"height\":448,\"caption\":\"Photo\"},{\"@type\":\"BreadcrumbList\",\"@id\":\"https:\/\/portaltela.pt\/noticias\/2026\/03\/04\/obras-com-respeito-aos-moradores-comunidade-exige-intervencoes-adequadas\/#breadcrumb\",\"itemListElement\":[{\"@type\":\"ListItem\",\"position\":1,\"name\":\"In\u00edcio\",\"item\":\"https:\/\/portaltela.pt\/\"},{\"@type\":\"ListItem\",\"position\":2,\"name\":\"Obras com respeito aos moradores: comunidade exige interven\u00e7\u00f5es adequadas\"}]},{\"@type\":\"WebSite\",\"@id\":\"https:\/\/portaltela.pt\/#website\",\"url\":\"https:\/\/portaltela.pt\/\",\"name\":\"Portal Tela Portugal\",\"description\":\"\",\"potentialAction\":[{\"@type\":\"SearchAction\",\"target\":{\"@type\":\"EntryPoint\",\"urlTemplate\":\"https:\/\/portaltela.pt\/?s={search_term_string}\"},\"query-input\":{\"@type\":\"PropertyValueSpecification\",\"valueRequired\":true,\"valueName\":\"search_term_string\"}}],\"inLanguage\":\"pt-PT\"},{\"@type\":\"Person\",\"@id\":\"https:\/\/portaltela.pt\/#\/schema\/person\/c4278d4a6028830caff9ee44b42d32ed\",\"name\":\"Telinha\",\"image\":{\"@type\":\"ImageObject\",\"inLanguage\":\"pt-PT\",\"@id\":\"https:\/\/portaltela.pt\/s.01k8rhncp4jt1\/2025\/11\/talking-bot-125x125.png\",\"url\":\"https:\/\/portaltela.pt\/s.01k8rhncp4jt1\/2025\/11\/talking-bot-125x125.png\",\"contentUrl\":\"https:\/\/portaltela.pt\/s.01k8rhncp4jt1\/2025\/11\/talking-bot-125x125.png\",\"caption\":\"Telinha\"},\"sameAs\":[\"https:\/\/portaltela.pt\/\"],\"url\":\"https:\/\/portaltela.pt\/por\/367410592786\/\"}]}<\/script>\n<!-- \/ Yoast SEO plugin. -->","yoast_head_json":{"title":"Obras com respeito aos moradores: comunidade exige interven\u00e7\u00f5es adequadas - Portal Tela Portugal","robots":{"index":"index","follow":"follow","max-snippet":"max-snippet:-1","max-image-preview":"max-image-preview:large","max-video-preview":"max-video-preview:-1"},"og_locale":"pt_PT","og_type":"article","og_title":"Obras com respeito aos moradores: comunidade exige interven\u00e7\u00f5es adequadas - Portal Tela Portugal","og_description":"14 fam\u00edlias da Associa\u00e7\u00e3o de Moradores de Massarelos foram contactadas pela Metro do Porto para deixarem temporariamente as suas habita\u00e7\u00f5es por tr\u00eas meses, face ao risco de queda de objetos da constru\u00e7\u00e3o do tabuleiro da Ponte Ferreirinha. A medida, prevista desde o in\u00edcio da obra, foi comunicada agora de forma administrativa, sem que respons\u00e1veis da Metro ou da C\u00e2mara tenham assumido publicamente a decis\u00e3o junto dos moradores. O texto levanta quest\u00f5es sobre se outras \u00e1reas, incluindo pr\u00e9dios mais a sul e a marginal, tamb\u00e9m v\u00e3o ser desalojadas e exige respostas r\u00e1pidas da Metro do Porto e da C\u00e2mara Municipal. Recorda ainda que, no in\u00edcio do s\u00e9culo, as obras do metropolitano levaram a reuni\u00f5es com moradores e a realojos tempor\u00e1rios em hot\u00e9is, \u00e0s expensas da Metro, para mitigar impactos. Apela a um tratamento digno dos moradores e \u00e0 defesa dos cidad\u00e3os, criticando a aus\u00eancia do executiva de Pedro Duarte e da Junta de Massarelos e pedindo que n\u00e3o sejam esquecidos pelos respons\u00e1veis aut\u00e1rquicos.","og_url":"https:\/\/portaltela.pt\/noticias\/2026\/03\/04\/obras-com-respeito-aos-moradores-comunidade-exige-intervencoes-adequadas\/","og_site_name":"Portal Tela Portugal","article_published_time":"2026-03-05T00:24:00+00:00","author":"Telinha","twitter_card":"summary_large_image","twitter_misc":{"Escrito por":"Telinha","Tempo estimado de leitura":"1 minuto"},"schema":{"@context":"https:\/\/schema.org","@graph":[{"@type":"Article","@id":"https:\/\/portaltela.pt\/noticias\/2026\/03\/04\/obras-com-respeito-aos-moradores-comunidade-exige-intervencoes-adequadas\/#article","isPartOf":{"@id":"https:\/\/portaltela.pt\/noticias\/2026\/03\/04\/obras-com-respeito-aos-moradores-comunidade-exige-intervencoes-adequadas\/"},"author":{"name":"Telinha","@id":"https:\/\/portaltela.pt\/#\/schema\/person\/c4278d4a6028830caff9ee44b42d32ed"},"headline":"Obras com respeito aos moradores: comunidade exige interven\u00e7\u00f5es adequadas","datePublished":"2026-03-05T00:24:00+00:00","mainEntityOfPage":{"@id":"https:\/\/portaltela.pt\/noticias\/2026\/03\/04\/obras-com-respeito-aos-moradores-comunidade-exige-intervencoes-adequadas\/"},"wordCount":280,"image":{"@id":"https:\/\/portaltela.pt\/noticias\/2026\/03\/04\/obras-com-respeito-aos-moradores-comunidade-exige-intervencoes-adequadas\/#primaryimage"},"thumbnailUrl":"https:\/\/portaltela.pt\/s.01k8rhncp4jt1\/2026\/03\/d15b13a8-8618-42f6-a866-e242b2f0fd7b_1200x675.jpg","keywords":["evacua\u00e7\u00e3o","habita\u00e7\u00e3o","habita\u00e7\u00e3o social","obras","Porto","realojamento"],"articleSection":["Not\u00edcias"],"inLanguage":"pt-PT"},{"@type":"WebPage","@id":"https:\/\/portaltela.pt\/noticias\/2026\/03\/04\/obras-com-respeito-aos-moradores-comunidade-exige-intervencoes-adequadas\/","url":"https:\/\/portaltela.pt\/noticias\/2026\/03\/04\/obras-com-respeito-aos-moradores-comunidade-exige-intervencoes-adequadas\/","name":"Obras com respeito aos moradores: comunidade exige interven\u00e7\u00f5es adequadas - Portal Tela Portugal","isPartOf":{"@id":"https:\/\/portaltela.pt\/#website"},"primaryImageOfPage":{"@id":"https:\/\/portaltela.pt\/noticias\/2026\/03\/04\/obras-com-respeito-aos-moradores-comunidade-exige-intervencoes-adequadas\/#primaryimage"},"image":{"@id":"https:\/\/portaltela.pt\/noticias\/2026\/03\/04\/obras-com-respeito-aos-moradores-comunidade-exige-intervencoes-adequadas\/#primaryimage"},"thumbnailUrl":"https:\/\/portaltela.pt\/s.01k8rhncp4jt1\/2026\/03\/d15b13a8-8618-42f6-a866-e242b2f0fd7b_1200x675.jpg","datePublished":"2026-03-05T00:24:00+00:00","author":{"@id":"https:\/\/portaltela.pt\/#\/schema\/person\/c4278d4a6028830caff9ee44b42d32ed"},"breadcrumb":{"@id":"https:\/\/portaltela.pt\/noticias\/2026\/03\/04\/obras-com-respeito-aos-moradores-comunidade-exige-intervencoes-adequadas\/#breadcrumb"},"inLanguage":"pt-PT","potentialAction":[{"@type":"ReadAction","target":["https:\/\/portaltela.pt\/noticias\/2026\/03\/04\/obras-com-respeito-aos-moradores-comunidade-exige-intervencoes-adequadas\/"]}]},{"@type":"ImageObject","inLanguage":"pt-PT","@id":"https:\/\/portaltela.pt\/noticias\/2026\/03\/04\/obras-com-respeito-aos-moradores-comunidade-exige-intervencoes-adequadas\/#primaryimage","url":"https:\/\/portaltela.pt\/s.01k8rhncp4jt1\/2026\/03\/d15b13a8-8618-42f6-a866-e242b2f0fd7b_1200x675.jpg","contentUrl":"https:\/\/portaltela.pt\/s.01k8rhncp4jt1\/2026\/03\/d15b13a8-8618-42f6-a866-e242b2f0fd7b_1200x675.jpg","width":796,"height":448,"caption":"Photo"},{"@type":"BreadcrumbList","@id":"https:\/\/portaltela.pt\/noticias\/2026\/03\/04\/obras-com-respeito-aos-moradores-comunidade-exige-intervencoes-adequadas\/#breadcrumb","itemListElement":[{"@type":"ListItem","position":1,"name":"In\u00edcio","item":"https:\/\/portaltela.pt\/"},{"@type":"ListItem","position":2,"name":"Obras com respeito aos moradores: comunidade exige interven\u00e7\u00f5es adequadas"}]},{"@type":"WebSite","@id":"https:\/\/portaltela.pt\/#website","url":"https:\/\/portaltela.pt\/","name":"Portal Tela Portugal","description":"","potentialAction":[{"@type":"SearchAction","target":{"@type":"EntryPoint","urlTemplate":"https:\/\/portaltela.pt\/?s={search_term_string}"},"query-input":{"@type":"PropertyValueSpecification","valueRequired":true,"valueName":"search_term_string"}}],"inLanguage":"pt-PT"},{"@type":"Person","@id":"https:\/\/portaltela.pt\/#\/schema\/person\/c4278d4a6028830caff9ee44b42d32ed","name":"Telinha","image":{"@type":"ImageObject","inLanguage":"pt-PT","@id":"https:\/\/portaltela.pt\/s.01k8rhncp4jt1\/2025\/11\/talking-bot-125x125.png","url":"https:\/\/portaltela.pt\/s.01k8rhncp4jt1\/2025\/11\/talking-bot-125x125.png","contentUrl":"https:\/\/portaltela.pt\/s.01k8rhncp4jt1\/2025\/11\/talking-bot-125x125.png","caption":"Telinha"},"sameAs":["https:\/\/portaltela.pt\/"],"url":"https:\/\/portaltela.pt\/por\/367410592786\/"}]}},"_links":{"self":[{"href":"https:\/\/portaltela.pt\/api\/wp\/v2\/posts\/398000","targetHints":{"allow":["GET"]}}],"collection":[{"href":"https:\/\/portaltela.pt\/api\/wp\/v2\/posts"}],"about":[{"href":"https:\/\/portaltela.pt\/api\/wp\/v2\/types\/post"}],"author":[{"embeddable":true,"href":"https:\/\/portaltela.pt\/api\/wp\/v2\/users\/2"}],"replies":[{"embeddable":true,"href":"https:\/\/portaltela.pt\/api\/wp\/v2\/comments?post=398000"}],"version-history":[{"count":0,"href":"https:\/\/portaltela.pt\/api\/wp\/v2\/posts\/398000\/revisions"}],"wp:featuredmedia":[{"embeddable":true,"href":"https:\/\/portaltela.pt\/api\/wp\/v2\/media\/398003"}],"wp:attachment":[{"href":"https:\/\/portaltela.pt\/api\/wp\/v2\/media?parent=398000"}],"wp:term":[{"taxonomy":"category","embeddable":true,"href":"https:\/\/portaltela.pt\/api\/wp\/v2\/categories?post=398000"},{"taxonomy":"post_tag","embeddable":true,"href":"https:\/\/portaltela.pt\/api\/wp\/v2\/tags?post=398000"}],"curies":[{"name":"wp","href":"https:\/\/api.w.org\/{rel}","templated":true}]}}