{"id":397974,"date":"2026-03-04T20:33:00","date_gmt":"2026-03-04T23:33:00","guid":{"rendered":"https:\/\/portaltela.pt\/noticias\/2026\/03\/04\/montenegro-admite-apoiar-ataque-ao-irao\/"},"modified":"2026-03-04T20:33:00","modified_gmt":"2026-03-04T23:33:00","slug":"montenegro-admite-apoiar-ataque-ao-irao","status":"publish","type":"post","link":"https:\/\/portaltela.pt\/noticias\/2026\/03\/04\/montenegro-admite-apoiar-ataque-ao-irao\/","title":{"rendered":"Montenegro admite apoiar ataque ao Ir\u00e3o"},"content":{"rendered":"<p>O debate quinzenal desta quarta-feira foi dominado pela guerra no Ir\u00e3o. O primeiro-ministro, Lu\u00eds Montenegro, garantiu n\u00e3o se arrepender da posi\u00e7\u00e3o portuguesa nos \u00faltimos dias, neste tema sens\u00edvel para o Governo.<\/p>\n<p>Montenegro recusou condenar ou reconhecer uma viola\u00e7\u00e3o do direito internacional por parte dos Estados Unidos no ataque inicial de s\u00e1bado. A abordagem mantida pelo Governo foi de apoio \u00e0s a\u00e7\u00f5es dos EUA, sem condena\u00e7\u00e3o p\u00fablica.<\/p>\n<p>O facto ocorreu no \u00e2mbito do parlamento, em Lisboa, e envolve o executivo de Montenegro e o conjunto das for\u00e7as pol\u00edticas que integram a maioria. A posi\u00e7\u00e3o portuguesa tem sido alvo de escrut\u00ednio, com cr\u00edticas dispersas a partir de outros grupos parlamentares.<\/p>\n<h3>Contexto parlamentar<\/h3>\n<p>A discuss\u00e3o girou em torno da interven\u00e7\u00e3o militar e das consequ\u00eancias regionais. Mant\u00e9m-se o sil\u00eancio sobre eventuais medidas diplom\u00e1ticas espec\u00edficas, com foco na narrativa de alinhamento com EUA e na avalia\u00e7\u00e3o do impacto internacional.<\/p>\n<p>A situa\u00e7\u00e3o permanece sob observa\u00e7\u00e3o, com representantes de v\u00e1rias bancadas a pedirem mais clareza sobre os objetivos estrat\u00e9gicos de Portugal no m\u00e9dio prazo e sobre eventuais respostas europeias ao conflito.<\/p>\n","protected":false},"excerpt":{"rendered":"<ul>\n<li>O debate parlamentar desta quarta-feira foi marcado pela guerra no Ir\u00e3o, com o primeiro-ministro a n\u00e3o oferecer arrependimento pela posi\u00e7\u00e3o de Portugal.<\/li>\n<li>Lu\u00eds Montenegro n\u00e3o confirmou apoio expl\u00edcito ao ataque ao Ir\u00e3o.<\/li>\n<li>O primeiro-ministro recusou condenar ou reconhecer uma viola\u00e7\u00e3o do direito internacional por parte dos Estados Unidos no ataque inicial de s\u00e1bado.<\/li>\n<li>A posi\u00e7\u00e3o de Portugal foi apresentada sem condena\u00e7\u00e3o nem reconhecimento de viola\u00e7\u00e3o por parte de Portugal.<\/li>\n<li>O tema foi o eixo central do debate quinzenal no Parlamento.<\/li>\n<\/ul>\n","protected":false},"author":2,"featured_media":397977,"comment_status":"closed","ping_status":"closed","sticky":false,"template":"","format":"standard","meta":{"footnotes":""},"categories":[1],"tags":[62,2108,5291,3327,3111,5698],"class_list":["post-397974","post","type-post","status-publish","format-standard","has-post-thumbnail","hentry","category-noticias","tag-guerra","tag-intervencao-internacional","tag-intervencoes-internacionais","tag-iran","tag-montenegro","tag-politica-internacional"],"yoast_head":"<!-- This site is optimized with the Yoast SEO plugin v27.2 - https:\/\/yoast.com\/product\/yoast-seo-wordpress\/ -->\n<title>Montenegro admite apoiar ataque ao Ir\u00e3o - Portal Tela Portugal<\/title>\n<meta name=\"robots\" content=\"index, follow, max-snippet:-1, max-image-preview:large, max-video-preview:-1\" \/>\n<meta property=\"og:locale\" content=\"pt_PT\" \/>\n<meta property=\"og:type\" content=\"article\" \/>\n<meta property=\"og:title\" content=\"Montenegro admite apoiar ataque ao Ir\u00e3o - Portal Tela Portugal\" \/>\n<meta property=\"og:description\" content=\"O debate parlamentar desta quarta-feira foi marcado pela guerra no Ir\u00e3o, com o primeiro-ministro a n\u00e3o oferecer arrependimento pela posi\u00e7\u00e3o de Portugal. Lu\u00eds Montenegro n\u00e3o confirmou apoio expl\u00edcito ao ataque ao Ir\u00e3o. O primeiro-ministro recusou condenar ou reconhecer uma viola\u00e7\u00e3o do direito internacional por parte dos Estados Unidos no ataque inicial de s\u00e1bado. A posi\u00e7\u00e3o de Portugal foi apresentada sem condena\u00e7\u00e3o nem reconhecimento de viola\u00e7\u00e3o por parte de Portugal. O tema foi o eixo central do debate quinzenal no Parlamento.\" \/>\n<meta property=\"og:url\" content=\"https:\/\/portaltela.pt\/noticias\/2026\/03\/04\/montenegro-admite-apoiar-ataque-ao-irao\/\" \/>\n<meta property=\"og:site_name\" content=\"Portal Tela Portugal\" \/>\n<meta property=\"article:published_time\" content=\"2026-03-04T23:33:00+00:00\" \/>\n<meta name=\"author\" content=\"Telinha\" \/>\n<meta name=\"twitter:card\" content=\"summary_large_image\" \/>\n<meta name=\"twitter:label1\" content=\"Escrito por\" \/>\n\t<meta name=\"twitter:data1\" content=\"Telinha\" \/>\n\t<meta name=\"twitter:label2\" content=\"Tempo estimado de leitura\" \/>\n\t<meta name=\"twitter:data2\" content=\"1 minuto\" \/>\n<script type=\"application\/ld+json\" class=\"yoast-schema-graph\">{\"@context\":\"https:\/\/schema.org\",\"@graph\":[{\"@type\":\"Article\",\"@id\":\"https:\/\/portaltela.pt\/noticias\/2026\/03\/04\/montenegro-admite-apoiar-ataque-ao-irao\/#article\",\"isPartOf\":{\"@id\":\"https:\/\/portaltela.pt\/noticias\/2026\/03\/04\/montenegro-admite-apoiar-ataque-ao-irao\/\"},\"author\":{\"name\":\"Telinha\",\"@id\":\"https:\/\/portaltela.pt\/#\/schema\/person\/c4278d4a6028830caff9ee44b42d32ed\"},\"headline\":\"Montenegro admite apoiar ataque ao Ir\u00e3o\",\"datePublished\":\"2026-03-04T23:33:00+00:00\",\"mainEntityOfPage\":{\"@id\":\"https:\/\/portaltela.pt\/noticias\/2026\/03\/04\/montenegro-admite-apoiar-ataque-ao-irao\/\"},\"wordCount\":209,\"image\":{\"@id\":\"https:\/\/portaltela.pt\/noticias\/2026\/03\/04\/montenegro-admite-apoiar-ataque-ao-irao\/#primaryimage\"},\"thumbnailUrl\":\"https:\/\/portaltela.pt\/s.01k8rhncp4jt1\/2026\/03\/2071868.jpg\",\"keywords\":[\"guerra\",\"interven\u00e7\u00e3o internacional\",\"interven\u00e7\u00f5es internacionais\",\"\u00cdr\u00e1n\",\"Montenegro\",\"pol\u00edtica internacional\"],\"articleSection\":[\"Not\u00edcias\"],\"inLanguage\":\"pt-PT\"},{\"@type\":\"WebPage\",\"@id\":\"https:\/\/portaltela.pt\/noticias\/2026\/03\/04\/montenegro-admite-apoiar-ataque-ao-irao\/\",\"url\":\"https:\/\/portaltela.pt\/noticias\/2026\/03\/04\/montenegro-admite-apoiar-ataque-ao-irao\/\",\"name\":\"Montenegro admite apoiar ataque ao Ir\u00e3o - Portal Tela Portugal\",\"isPartOf\":{\"@id\":\"https:\/\/portaltela.pt\/#website\"},\"primaryImageOfPage\":{\"@id\":\"https:\/\/portaltela.pt\/noticias\/2026\/03\/04\/montenegro-admite-apoiar-ataque-ao-irao\/#primaryimage\"},\"image\":{\"@id\":\"https:\/\/portaltela.pt\/noticias\/2026\/03\/04\/montenegro-admite-apoiar-ataque-ao-irao\/#primaryimage\"},\"thumbnailUrl\":\"https:\/\/portaltela.pt\/s.01k8rhncp4jt1\/2026\/03\/2071868.jpg\",\"datePublished\":\"2026-03-04T23:33:00+00:00\",\"author\":{\"@id\":\"https:\/\/portaltela.pt\/#\/schema\/person\/c4278d4a6028830caff9ee44b42d32ed\"},\"breadcrumb\":{\"@id\":\"https:\/\/portaltela.pt\/noticias\/2026\/03\/04\/montenegro-admite-apoiar-ataque-ao-irao\/#breadcrumb\"},\"inLanguage\":\"pt-PT\",\"potentialAction\":[{\"@type\":\"ReadAction\",\"target\":[\"https:\/\/portaltela.pt\/noticias\/2026\/03\/04\/montenegro-admite-apoiar-ataque-ao-irao\/\"]}]},{\"@type\":\"ImageObject\",\"inLanguage\":\"pt-PT\",\"@id\":\"https:\/\/portaltela.pt\/noticias\/2026\/03\/04\/montenegro-admite-apoiar-ataque-ao-irao\/#primaryimage\",\"url\":\"https:\/\/portaltela.pt\/s.01k8rhncp4jt1\/2026\/03\/2071868.jpg\",\"contentUrl\":\"https:\/\/portaltela.pt\/s.01k8rhncp4jt1\/2026\/03\/2071868.jpg\",\"width\":796,\"height\":448,\"caption\":\"Photo\"},{\"@type\":\"BreadcrumbList\",\"@id\":\"https:\/\/portaltela.pt\/noticias\/2026\/03\/04\/montenegro-admite-apoiar-ataque-ao-irao\/#breadcrumb\",\"itemListElement\":[{\"@type\":\"ListItem\",\"position\":1,\"name\":\"In\u00edcio\",\"item\":\"https:\/\/portaltela.pt\/\"},{\"@type\":\"ListItem\",\"position\":2,\"name\":\"Montenegro admite apoiar ataque ao Ir\u00e3o\"}]},{\"@type\":\"WebSite\",\"@id\":\"https:\/\/portaltela.pt\/#website\",\"url\":\"https:\/\/portaltela.pt\/\",\"name\":\"Portal Tela Portugal\",\"description\":\"\",\"potentialAction\":[{\"@type\":\"SearchAction\",\"target\":{\"@type\":\"EntryPoint\",\"urlTemplate\":\"https:\/\/portaltela.pt\/?s={search_term_string}\"},\"query-input\":{\"@type\":\"PropertyValueSpecification\",\"valueRequired\":true,\"valueName\":\"search_term_string\"}}],\"inLanguage\":\"pt-PT\"},{\"@type\":\"Person\",\"@id\":\"https:\/\/portaltela.pt\/#\/schema\/person\/c4278d4a6028830caff9ee44b42d32ed\",\"name\":\"Telinha\",\"image\":{\"@type\":\"ImageObject\",\"inLanguage\":\"pt-PT\",\"@id\":\"https:\/\/portaltela.pt\/s.01k8rhncp4jt1\/2025\/11\/talking-bot-125x125.png\",\"url\":\"https:\/\/portaltela.pt\/s.01k8rhncp4jt1\/2025\/11\/talking-bot-125x125.png\",\"contentUrl\":\"https:\/\/portaltela.pt\/s.01k8rhncp4jt1\/2025\/11\/talking-bot-125x125.png\",\"caption\":\"Telinha\"},\"sameAs\":[\"https:\/\/portaltela.pt\/\"],\"url\":\"https:\/\/portaltela.pt\/por\/367410592786\/\"}]}<\/script>\n<!-- \/ Yoast SEO plugin. -->","yoast_head_json":{"title":"Montenegro admite apoiar ataque ao Ir\u00e3o - Portal Tela Portugal","robots":{"index":"index","follow":"follow","max-snippet":"max-snippet:-1","max-image-preview":"max-image-preview:large","max-video-preview":"max-video-preview:-1"},"og_locale":"pt_PT","og_type":"article","og_title":"Montenegro admite apoiar ataque ao Ir\u00e3o - Portal Tela Portugal","og_description":"O debate parlamentar desta quarta-feira foi marcado pela guerra no Ir\u00e3o, com o primeiro-ministro a n\u00e3o oferecer arrependimento pela posi\u00e7\u00e3o de Portugal. Lu\u00eds Montenegro n\u00e3o confirmou apoio expl\u00edcito ao ataque ao Ir\u00e3o. O primeiro-ministro recusou condenar ou reconhecer uma viola\u00e7\u00e3o do direito internacional por parte dos Estados Unidos no ataque inicial de s\u00e1bado. A posi\u00e7\u00e3o de Portugal foi apresentada sem condena\u00e7\u00e3o nem reconhecimento de viola\u00e7\u00e3o por parte de Portugal. O tema foi o eixo central do debate quinzenal no Parlamento.","og_url":"https:\/\/portaltela.pt\/noticias\/2026\/03\/04\/montenegro-admite-apoiar-ataque-ao-irao\/","og_site_name":"Portal Tela Portugal","article_published_time":"2026-03-04T23:33:00+00:00","author":"Telinha","twitter_card":"summary_large_image","twitter_misc":{"Escrito por":"Telinha","Tempo estimado de leitura":"1 minuto"},"schema":{"@context":"https:\/\/schema.org","@graph":[{"@type":"Article","@id":"https:\/\/portaltela.pt\/noticias\/2026\/03\/04\/montenegro-admite-apoiar-ataque-ao-irao\/#article","isPartOf":{"@id":"https:\/\/portaltela.pt\/noticias\/2026\/03\/04\/montenegro-admite-apoiar-ataque-ao-irao\/"},"author":{"name":"Telinha","@id":"https:\/\/portaltela.pt\/#\/schema\/person\/c4278d4a6028830caff9ee44b42d32ed"},"headline":"Montenegro admite apoiar ataque ao Ir\u00e3o","datePublished":"2026-03-04T23:33:00+00:00","mainEntityOfPage":{"@id":"https:\/\/portaltela.pt\/noticias\/2026\/03\/04\/montenegro-admite-apoiar-ataque-ao-irao\/"},"wordCount":209,"image":{"@id":"https:\/\/portaltela.pt\/noticias\/2026\/03\/04\/montenegro-admite-apoiar-ataque-ao-irao\/#primaryimage"},"thumbnailUrl":"https:\/\/portaltela.pt\/s.01k8rhncp4jt1\/2026\/03\/2071868.jpg","keywords":["guerra","interven\u00e7\u00e3o internacional","interven\u00e7\u00f5es internacionais","\u00cdr\u00e1n","Montenegro","pol\u00edtica internacional"],"articleSection":["Not\u00edcias"],"inLanguage":"pt-PT"},{"@type":"WebPage","@id":"https:\/\/portaltela.pt\/noticias\/2026\/03\/04\/montenegro-admite-apoiar-ataque-ao-irao\/","url":"https:\/\/portaltela.pt\/noticias\/2026\/03\/04\/montenegro-admite-apoiar-ataque-ao-irao\/","name":"Montenegro admite apoiar ataque ao Ir\u00e3o - Portal Tela Portugal","isPartOf":{"@id":"https:\/\/portaltela.pt\/#website"},"primaryImageOfPage":{"@id":"https:\/\/portaltela.pt\/noticias\/2026\/03\/04\/montenegro-admite-apoiar-ataque-ao-irao\/#primaryimage"},"image":{"@id":"https:\/\/portaltela.pt\/noticias\/2026\/03\/04\/montenegro-admite-apoiar-ataque-ao-irao\/#primaryimage"},"thumbnailUrl":"https:\/\/portaltela.pt\/s.01k8rhncp4jt1\/2026\/03\/2071868.jpg","datePublished":"2026-03-04T23:33:00+00:00","author":{"@id":"https:\/\/portaltela.pt\/#\/schema\/person\/c4278d4a6028830caff9ee44b42d32ed"},"breadcrumb":{"@id":"https:\/\/portaltela.pt\/noticias\/2026\/03\/04\/montenegro-admite-apoiar-ataque-ao-irao\/#breadcrumb"},"inLanguage":"pt-PT","potentialAction":[{"@type":"ReadAction","target":["https:\/\/portaltela.pt\/noticias\/2026\/03\/04\/montenegro-admite-apoiar-ataque-ao-irao\/"]}]},{"@type":"ImageObject","inLanguage":"pt-PT","@id":"https:\/\/portaltela.pt\/noticias\/2026\/03\/04\/montenegro-admite-apoiar-ataque-ao-irao\/#primaryimage","url":"https:\/\/portaltela.pt\/s.01k8rhncp4jt1\/2026\/03\/2071868.jpg","contentUrl":"https:\/\/portaltela.pt\/s.01k8rhncp4jt1\/2026\/03\/2071868.jpg","width":796,"height":448,"caption":"Photo"},{"@type":"BreadcrumbList","@id":"https:\/\/portaltela.pt\/noticias\/2026\/03\/04\/montenegro-admite-apoiar-ataque-ao-irao\/#breadcrumb","itemListElement":[{"@type":"ListItem","position":1,"name":"In\u00edcio","item":"https:\/\/portaltela.pt\/"},{"@type":"ListItem","position":2,"name":"Montenegro admite apoiar ataque ao Ir\u00e3o"}]},{"@type":"WebSite","@id":"https:\/\/portaltela.pt\/#website","url":"https:\/\/portaltela.pt\/","name":"Portal Tela Portugal","description":"","potentialAction":[{"@type":"SearchAction","target":{"@type":"EntryPoint","urlTemplate":"https:\/\/portaltela.pt\/?s={search_term_string}"},"query-input":{"@type":"PropertyValueSpecification","valueRequired":true,"valueName":"search_term_string"}}],"inLanguage":"pt-PT"},{"@type":"Person","@id":"https:\/\/portaltela.pt\/#\/schema\/person\/c4278d4a6028830caff9ee44b42d32ed","name":"Telinha","image":{"@type":"ImageObject","inLanguage":"pt-PT","@id":"https:\/\/portaltela.pt\/s.01k8rhncp4jt1\/2025\/11\/talking-bot-125x125.png","url":"https:\/\/portaltela.pt\/s.01k8rhncp4jt1\/2025\/11\/talking-bot-125x125.png","contentUrl":"https:\/\/portaltela.pt\/s.01k8rhncp4jt1\/2025\/11\/talking-bot-125x125.png","caption":"Telinha"},"sameAs":["https:\/\/portaltela.pt\/"],"url":"https:\/\/portaltela.pt\/por\/367410592786\/"}]}},"_links":{"self":[{"href":"https:\/\/portaltela.pt\/api\/wp\/v2\/posts\/397974","targetHints":{"allow":["GET"]}}],"collection":[{"href":"https:\/\/portaltela.pt\/api\/wp\/v2\/posts"}],"about":[{"href":"https:\/\/portaltela.pt\/api\/wp\/v2\/types\/post"}],"author":[{"embeddable":true,"href":"https:\/\/portaltela.pt\/api\/wp\/v2\/users\/2"}],"replies":[{"embeddable":true,"href":"https:\/\/portaltela.pt\/api\/wp\/v2\/comments?post=397974"}],"version-history":[{"count":0,"href":"https:\/\/portaltela.pt\/api\/wp\/v2\/posts\/397974\/revisions"}],"wp:featuredmedia":[{"embeddable":true,"href":"https:\/\/portaltela.pt\/api\/wp\/v2\/media\/397977"}],"wp:attachment":[{"href":"https:\/\/portaltela.pt\/api\/wp\/v2\/media?parent=397974"}],"wp:term":[{"taxonomy":"category","embeddable":true,"href":"https:\/\/portaltela.pt\/api\/wp\/v2\/categories?post=397974"},{"taxonomy":"post_tag","embeddable":true,"href":"https:\/\/portaltela.pt\/api\/wp\/v2\/tags?post=397974"}],"curies":[{"name":"wp","href":"https:\/\/api.w.org\/{rel}","templated":true}]}}