{"id":397955,"date":"2026-03-04T19:49:08","date_gmt":"2026-03-04T22:49:08","guid":{"rendered":"https:\/\/portaltela.pt\/noticias\/2026\/03\/04\/lazio-e-atalanta-empatam-na-primeira-mao-das-meias-da-taca-de-italia\/"},"modified":"2026-03-04T19:49:08","modified_gmt":"2026-03-04T22:49:08","slug":"lazio-e-atalanta-empatam-na-primeira-mao-das-meias-da-taca-de-italia","status":"publish","type":"post","link":"https:\/\/portaltela.pt\/desporto\/futebol\/2026\/03\/04\/lazio-e-atalanta-empatam-na-primeira-mao-das-meias-da-taca-de-italia\/","title":{"rendered":"Lazio e Atalanta empatam na primeira m\u00e3o das meias da Ta\u00e7a de It\u00e1lia"},"content":{"rendered":"<p>A Lazio e a Atalanta empataram 2-2 na primeira m\u00e3o das meias-finais da Ta\u00e7a de It\u00e1lia, em Roma, no Est\u00e1dio Ol\u00edmpico. O jogo ficou marcado por oportunidades de parte a parte e por um protesto dos adeptos \u00e0 entrada, que se concentrou no exterior.<\/p>\n<p>O lance inicial foi aos 8 minutos, quando Nikola Krstovic cabeceou para a baliza da Lazio ap\u00f3s cruzamento de Davide Zappacosta, mas o golo foi anulado por fora de jogo, ap\u00f3s consulta ao video\u00e1rbitro.<\/p>\n<p>Na primeira parte, Nuno Tavares, pela Lazio, regressou \u00e0 titularidade. Aos 41 minutos, Zappacosta atirou \u00e0 barra, num remate acrob\u00e1tico que quase inaugurou o marcador para a Atalanta.<\/p>\n<h3>Desempenho e lances-chave<\/h3>\n<p>A segunda metade come\u00e7ou com a Lazio a entrar mais pressionante. Aos 47 minutos, Fisayo Dele-Bashiru inaugurou o marcador, com um chap\u00e9u ao guarda-redes Marco Carnesecchi, assistido por Daniel Maldini.<\/p>\n<p>Cinco minutos depois, Samardzic inaugurou respira\u00e7\u00f5es de grande defesa de Provedel e, na recarga, Mario Pasalic empatou. Aos 87 minutos, Pasalic acabou por ser protagonista de erro que originou o 2-1 para a Lazio, por Boulaye Dia.<\/p>\n<p>A Atalanta n\u00e3o se deixou abater e empatou aos 89 minutos, por Yunus Musah, restando tudo em aberto para a segunda m\u00e3o. O jogo de volta ser\u00e1 disputado a 22 ou 23 de abril.<\/p>\n<h3>Olhar para a segunda m\u00e3o<\/h3>\n<p>Na outra meia-final, Como e Inter Mil\u00e3o empataram 0-0. A final da Ta\u00e7a de It\u00e1lia est\u00e1 marcada para 13 de maio. A Atalanta segue em busca de regressar \u00e0 final, que venceu pela \u00faltima vez em 1962\/63.<\/p>\n","protected":false},"excerpt":{"rendered":"<ul>\n<li>A Atalanta empatou 2-2 com a Lazio, na primeira m\u00e3o das meias-finais da Ta\u00e7a de It\u00e1lia, quarta-feira, em Roma.<\/li>\n<li>O jogo come\u00e7ou com golo anulado de Krstovic aos oito minutos, ap\u00f3s recurso ao video\u00e1rbitro, enquanto Zappacosta acertou na barra aos 41 minutos.<\/li>\n<li>A Lazio adiantou-se aos 47 minutos, com Dele-Bashiru a finalizar assist\u00eancia de Maldini, e Samard\u017eic empatou aos 52 minutos ap\u00f3s erro de Provedel e remate de Pasalic na recarga.<\/li>\n<li>Aos 87 minutos, Boulaye Dia fez o 2-1 para a Lazio, mas dois minutos depois Musah empatou, mantendo o equil\u00edbrio no encontro.<\/li>\n<li>A segunda m\u00e3o fica marcada para 22 ou 23 de abril, com a final da Ta\u00e7a de It\u00e1lia agendada para 13 de maio.<\/li>\n<\/ul>\n","protected":false},"author":2,"featured_media":397959,"comment_status":"closed","ping_status":"closed","sticky":false,"template":"","format":"standard","meta":{"footnotes":""},"categories":[21,24],"tags":[2615,152,32,1857,4337,4815],"class_list":["post-397955","post","type-post","status-publish","format-standard","has-post-thumbnail","hentry","category-desporto","category-futebol","tag-atalanta","tag-desporto","tag-futebol","tag-italia","tag-lazio","tag-roma"],"yoast_head":"<!-- This site is optimized with the Yoast SEO plugin v27.2 - https:\/\/yoast.com\/product\/yoast-seo-wordpress\/ -->\n<title>Lazio e Atalanta empatam na primeira m\u00e3o das meias da Ta\u00e7a de It\u00e1lia - Portal Tela Portugal<\/title>\n<meta name=\"robots\" content=\"index, follow, max-snippet:-1, max-image-preview:large, max-video-preview:-1\" \/>\n<meta property=\"og:locale\" content=\"pt_PT\" \/>\n<meta property=\"og:type\" content=\"article\" \/>\n<meta property=\"og:title\" content=\"Lazio e Atalanta empatam na primeira m\u00e3o das meias da Ta\u00e7a de It\u00e1lia - Portal Tela Portugal\" \/>\n<meta property=\"og:description\" content=\"A Atalanta empatou 2-2 com a Lazio, na primeira m\u00e3o das meias-finais da Ta\u00e7a de It\u00e1lia, quarta-feira, em Roma. O jogo come\u00e7ou com golo anulado de Krstovic aos oito minutos, ap\u00f3s recurso ao video\u00e1rbitro, enquanto Zappacosta acertou na barra aos 41 minutos. A Lazio adiantou-se aos 47 minutos, com Dele-Bashiru a finalizar assist\u00eancia de Maldini, e Samard\u017eic empatou aos 52 minutos ap\u00f3s erro de Provedel e remate de Pasalic na recarga. Aos 87 minutos, Boulaye Dia fez o 2-1 para a Lazio, mas dois minutos depois Musah empatou, mantendo o equil\u00edbrio no encontro. A segunda m\u00e3o fica marcada para 22 ou 23 de abril, com a final da Ta\u00e7a de It\u00e1lia agendada para 13 de maio.\" \/>\n<meta property=\"og:url\" content=\"https:\/\/portaltela.pt\/noticias\/2026\/03\/04\/lazio-e-atalanta-empatam-na-primeira-mao-das-meias-da-taca-de-italia\/\" \/>\n<meta property=\"og:site_name\" content=\"Portal Tela Portugal\" \/>\n<meta property=\"article:published_time\" content=\"2026-03-04T22:49:08+00:00\" \/>\n<meta name=\"author\" content=\"Telinha\" \/>\n<meta name=\"twitter:card\" content=\"summary_large_image\" \/>\n<meta name=\"twitter:label1\" content=\"Escrito por\" \/>\n\t<meta name=\"twitter:data1\" content=\"Telinha\" \/>\n\t<meta name=\"twitter:label2\" content=\"Tempo estimado de leitura\" \/>\n\t<meta name=\"twitter:data2\" content=\"1 minuto\" \/>\n<script type=\"application\/ld+json\" class=\"yoast-schema-graph\">{\"@context\":\"https:\/\/schema.org\",\"@graph\":[{\"@type\":\"Article\",\"@id\":\"https:\/\/portaltela.pt\/noticias\/2026\/03\/04\/lazio-e-atalanta-empatam-na-primeira-mao-das-meias-da-taca-de-italia\/#article\",\"isPartOf\":{\"@id\":\"https:\/\/portaltela.pt\/noticias\/2026\/03\/04\/lazio-e-atalanta-empatam-na-primeira-mao-das-meias-da-taca-de-italia\/\"},\"author\":{\"name\":\"Telinha\",\"@id\":\"https:\/\/portaltela.pt\/#\/schema\/person\/c4278d4a6028830caff9ee44b42d32ed\"},\"headline\":\"Lazio e Atalanta empatam na primeira m\u00e3o das meias da Ta\u00e7a de It\u00e1lia\",\"datePublished\":\"2026-03-04T22:49:08+00:00\",\"mainEntityOfPage\":{\"@id\":\"https:\/\/portaltela.pt\/noticias\/2026\/03\/04\/lazio-e-atalanta-empatam-na-primeira-mao-das-meias-da-taca-de-italia\/\"},\"wordCount\":273,\"image\":{\"@id\":\"https:\/\/portaltela.pt\/noticias\/2026\/03\/04\/lazio-e-atalanta-empatam-na-primeira-mao-das-meias-da-taca-de-italia\/#primaryimage\"},\"thumbnailUrl\":\"https:\/\/portaltela.pt\/s.01k8rhncp4jt1\/2026\/03\/img_920x518uu2026-03-04-22-48-37-2424992.jpg\",\"keywords\":[\"Atalanta\",\"desporto\",\"futebol\",\"It\u00e1lia\",\"Lazio\",\"Roma\"],\"articleSection\":[\"Desporto\",\"Futebol\"],\"inLanguage\":\"pt-PT\"},{\"@type\":\"WebPage\",\"@id\":\"https:\/\/portaltela.pt\/noticias\/2026\/03\/04\/lazio-e-atalanta-empatam-na-primeira-mao-das-meias-da-taca-de-italia\/\",\"url\":\"https:\/\/portaltela.pt\/noticias\/2026\/03\/04\/lazio-e-atalanta-empatam-na-primeira-mao-das-meias-da-taca-de-italia\/\",\"name\":\"Lazio e Atalanta empatam na primeira m\u00e3o das meias da Ta\u00e7a de It\u00e1lia - Portal Tela Portugal\",\"isPartOf\":{\"@id\":\"https:\/\/portaltela.pt\/#website\"},\"primaryImageOfPage\":{\"@id\":\"https:\/\/portaltela.pt\/noticias\/2026\/03\/04\/lazio-e-atalanta-empatam-na-primeira-mao-das-meias-da-taca-de-italia\/#primaryimage\"},\"image\":{\"@id\":\"https:\/\/portaltela.pt\/noticias\/2026\/03\/04\/lazio-e-atalanta-empatam-na-primeira-mao-das-meias-da-taca-de-italia\/#primaryimage\"},\"thumbnailUrl\":\"https:\/\/portaltela.pt\/s.01k8rhncp4jt1\/2026\/03\/img_920x518uu2026-03-04-22-48-37-2424992.jpg\",\"datePublished\":\"2026-03-04T22:49:08+00:00\",\"author\":{\"@id\":\"https:\/\/portaltela.pt\/#\/schema\/person\/c4278d4a6028830caff9ee44b42d32ed\"},\"breadcrumb\":{\"@id\":\"https:\/\/portaltela.pt\/noticias\/2026\/03\/04\/lazio-e-atalanta-empatam-na-primeira-mao-das-meias-da-taca-de-italia\/#breadcrumb\"},\"inLanguage\":\"pt-PT\",\"potentialAction\":[{\"@type\":\"ReadAction\",\"target\":[\"https:\/\/portaltela.pt\/noticias\/2026\/03\/04\/lazio-e-atalanta-empatam-na-primeira-mao-das-meias-da-taca-de-italia\/\"]}]},{\"@type\":\"ImageObject\",\"inLanguage\":\"pt-PT\",\"@id\":\"https:\/\/portaltela.pt\/noticias\/2026\/03\/04\/lazio-e-atalanta-empatam-na-primeira-mao-das-meias-da-taca-de-italia\/#primaryimage\",\"url\":\"https:\/\/portaltela.pt\/s.01k8rhncp4jt1\/2026\/03\/img_920x518uu2026-03-04-22-48-37-2424992.jpg\",\"contentUrl\":\"https:\/\/portaltela.pt\/s.01k8rhncp4jt1\/2026\/03\/img_920x518uu2026-03-04-22-48-37-2424992.jpg\",\"width\":796,\"height\":448,\"caption\":\"Mattia Zaccagni (Lazio)\"},{\"@type\":\"BreadcrumbList\",\"@id\":\"https:\/\/portaltela.pt\/noticias\/2026\/03\/04\/lazio-e-atalanta-empatam-na-primeira-mao-das-meias-da-taca-de-italia\/#breadcrumb\",\"itemListElement\":[{\"@type\":\"ListItem\",\"position\":1,\"name\":\"In\u00edcio\",\"item\":\"https:\/\/portaltela.pt\/\"},{\"@type\":\"ListItem\",\"position\":2,\"name\":\"Lazio e Atalanta empatam na primeira m\u00e3o das meias da Ta\u00e7a de It\u00e1lia\"}]},{\"@type\":\"WebSite\",\"@id\":\"https:\/\/portaltela.pt\/#website\",\"url\":\"https:\/\/portaltela.pt\/\",\"name\":\"Portal Tela Portugal\",\"description\":\"\",\"potentialAction\":[{\"@type\":\"SearchAction\",\"target\":{\"@type\":\"EntryPoint\",\"urlTemplate\":\"https:\/\/portaltela.pt\/?s={search_term_string}\"},\"query-input\":{\"@type\":\"PropertyValueSpecification\",\"valueRequired\":true,\"valueName\":\"search_term_string\"}}],\"inLanguage\":\"pt-PT\"},{\"@type\":\"Person\",\"@id\":\"https:\/\/portaltela.pt\/#\/schema\/person\/c4278d4a6028830caff9ee44b42d32ed\",\"name\":\"Telinha\",\"image\":{\"@type\":\"ImageObject\",\"inLanguage\":\"pt-PT\",\"@id\":\"https:\/\/portaltela.pt\/s.01k8rhncp4jt1\/2025\/11\/talking-bot-125x125.png\",\"url\":\"https:\/\/portaltela.pt\/s.01k8rhncp4jt1\/2025\/11\/talking-bot-125x125.png\",\"contentUrl\":\"https:\/\/portaltela.pt\/s.01k8rhncp4jt1\/2025\/11\/talking-bot-125x125.png\",\"caption\":\"Telinha\"},\"sameAs\":[\"https:\/\/portaltela.pt\/\"],\"url\":\"https:\/\/portaltela.pt\/por\/367410592786\/\"}]}<\/script>\n<!-- \/ Yoast SEO plugin. -->","yoast_head_json":{"title":"Lazio e Atalanta empatam na primeira m\u00e3o das meias da Ta\u00e7a de It\u00e1lia - Portal Tela Portugal","robots":{"index":"index","follow":"follow","max-snippet":"max-snippet:-1","max-image-preview":"max-image-preview:large","max-video-preview":"max-video-preview:-1"},"og_locale":"pt_PT","og_type":"article","og_title":"Lazio e Atalanta empatam na primeira m\u00e3o das meias da Ta\u00e7a de It\u00e1lia - Portal Tela Portugal","og_description":"A Atalanta empatou 2-2 com a Lazio, na primeira m\u00e3o das meias-finais da Ta\u00e7a de It\u00e1lia, quarta-feira, em Roma. O jogo come\u00e7ou com golo anulado de Krstovic aos oito minutos, ap\u00f3s recurso ao video\u00e1rbitro, enquanto Zappacosta acertou na barra aos 41 minutos. A Lazio adiantou-se aos 47 minutos, com Dele-Bashiru a finalizar assist\u00eancia de Maldini, e Samard\u017eic empatou aos 52 minutos ap\u00f3s erro de Provedel e remate de Pasalic na recarga. Aos 87 minutos, Boulaye Dia fez o 2-1 para a Lazio, mas dois minutos depois Musah empatou, mantendo o equil\u00edbrio no encontro. A segunda m\u00e3o fica marcada para 22 ou 23 de abril, com a final da Ta\u00e7a de It\u00e1lia agendada para 13 de maio.","og_url":"https:\/\/portaltela.pt\/noticias\/2026\/03\/04\/lazio-e-atalanta-empatam-na-primeira-mao-das-meias-da-taca-de-italia\/","og_site_name":"Portal Tela Portugal","article_published_time":"2026-03-04T22:49:08+00:00","author":"Telinha","twitter_card":"summary_large_image","twitter_misc":{"Escrito por":"Telinha","Tempo estimado de leitura":"1 minuto"},"schema":{"@context":"https:\/\/schema.org","@graph":[{"@type":"Article","@id":"https:\/\/portaltela.pt\/noticias\/2026\/03\/04\/lazio-e-atalanta-empatam-na-primeira-mao-das-meias-da-taca-de-italia\/#article","isPartOf":{"@id":"https:\/\/portaltela.pt\/noticias\/2026\/03\/04\/lazio-e-atalanta-empatam-na-primeira-mao-das-meias-da-taca-de-italia\/"},"author":{"name":"Telinha","@id":"https:\/\/portaltela.pt\/#\/schema\/person\/c4278d4a6028830caff9ee44b42d32ed"},"headline":"Lazio e Atalanta empatam na primeira m\u00e3o das meias da Ta\u00e7a de It\u00e1lia","datePublished":"2026-03-04T22:49:08+00:00","mainEntityOfPage":{"@id":"https:\/\/portaltela.pt\/noticias\/2026\/03\/04\/lazio-e-atalanta-empatam-na-primeira-mao-das-meias-da-taca-de-italia\/"},"wordCount":273,"image":{"@id":"https:\/\/portaltela.pt\/noticias\/2026\/03\/04\/lazio-e-atalanta-empatam-na-primeira-mao-das-meias-da-taca-de-italia\/#primaryimage"},"thumbnailUrl":"https:\/\/portaltela.pt\/s.01k8rhncp4jt1\/2026\/03\/img_920x518uu2026-03-04-22-48-37-2424992.jpg","keywords":["Atalanta","desporto","futebol","It\u00e1lia","Lazio","Roma"],"articleSection":["Desporto","Futebol"],"inLanguage":"pt-PT"},{"@type":"WebPage","@id":"https:\/\/portaltela.pt\/noticias\/2026\/03\/04\/lazio-e-atalanta-empatam-na-primeira-mao-das-meias-da-taca-de-italia\/","url":"https:\/\/portaltela.pt\/noticias\/2026\/03\/04\/lazio-e-atalanta-empatam-na-primeira-mao-das-meias-da-taca-de-italia\/","name":"Lazio e Atalanta empatam na primeira m\u00e3o das meias da Ta\u00e7a de It\u00e1lia - Portal Tela Portugal","isPartOf":{"@id":"https:\/\/portaltela.pt\/#website"},"primaryImageOfPage":{"@id":"https:\/\/portaltela.pt\/noticias\/2026\/03\/04\/lazio-e-atalanta-empatam-na-primeira-mao-das-meias-da-taca-de-italia\/#primaryimage"},"image":{"@id":"https:\/\/portaltela.pt\/noticias\/2026\/03\/04\/lazio-e-atalanta-empatam-na-primeira-mao-das-meias-da-taca-de-italia\/#primaryimage"},"thumbnailUrl":"https:\/\/portaltela.pt\/s.01k8rhncp4jt1\/2026\/03\/img_920x518uu2026-03-04-22-48-37-2424992.jpg","datePublished":"2026-03-04T22:49:08+00:00","author":{"@id":"https:\/\/portaltela.pt\/#\/schema\/person\/c4278d4a6028830caff9ee44b42d32ed"},"breadcrumb":{"@id":"https:\/\/portaltela.pt\/noticias\/2026\/03\/04\/lazio-e-atalanta-empatam-na-primeira-mao-das-meias-da-taca-de-italia\/#breadcrumb"},"inLanguage":"pt-PT","potentialAction":[{"@type":"ReadAction","target":["https:\/\/portaltela.pt\/noticias\/2026\/03\/04\/lazio-e-atalanta-empatam-na-primeira-mao-das-meias-da-taca-de-italia\/"]}]},{"@type":"ImageObject","inLanguage":"pt-PT","@id":"https:\/\/portaltela.pt\/noticias\/2026\/03\/04\/lazio-e-atalanta-empatam-na-primeira-mao-das-meias-da-taca-de-italia\/#primaryimage","url":"https:\/\/portaltela.pt\/s.01k8rhncp4jt1\/2026\/03\/img_920x518uu2026-03-04-22-48-37-2424992.jpg","contentUrl":"https:\/\/portaltela.pt\/s.01k8rhncp4jt1\/2026\/03\/img_920x518uu2026-03-04-22-48-37-2424992.jpg","width":796,"height":448,"caption":"Mattia Zaccagni (Lazio)"},{"@type":"BreadcrumbList","@id":"https:\/\/portaltela.pt\/noticias\/2026\/03\/04\/lazio-e-atalanta-empatam-na-primeira-mao-das-meias-da-taca-de-italia\/#breadcrumb","itemListElement":[{"@type":"ListItem","position":1,"name":"In\u00edcio","item":"https:\/\/portaltela.pt\/"},{"@type":"ListItem","position":2,"name":"Lazio e Atalanta empatam na primeira m\u00e3o das meias da Ta\u00e7a de It\u00e1lia"}]},{"@type":"WebSite","@id":"https:\/\/portaltela.pt\/#website","url":"https:\/\/portaltela.pt\/","name":"Portal Tela Portugal","description":"","potentialAction":[{"@type":"SearchAction","target":{"@type":"EntryPoint","urlTemplate":"https:\/\/portaltela.pt\/?s={search_term_string}"},"query-input":{"@type":"PropertyValueSpecification","valueRequired":true,"valueName":"search_term_string"}}],"inLanguage":"pt-PT"},{"@type":"Person","@id":"https:\/\/portaltela.pt\/#\/schema\/person\/c4278d4a6028830caff9ee44b42d32ed","name":"Telinha","image":{"@type":"ImageObject","inLanguage":"pt-PT","@id":"https:\/\/portaltela.pt\/s.01k8rhncp4jt1\/2025\/11\/talking-bot-125x125.png","url":"https:\/\/portaltela.pt\/s.01k8rhncp4jt1\/2025\/11\/talking-bot-125x125.png","contentUrl":"https:\/\/portaltela.pt\/s.01k8rhncp4jt1\/2025\/11\/talking-bot-125x125.png","caption":"Telinha"},"sameAs":["https:\/\/portaltela.pt\/"],"url":"https:\/\/portaltela.pt\/por\/367410592786\/"}]}},"_links":{"self":[{"href":"https:\/\/portaltela.pt\/api\/wp\/v2\/posts\/397955","targetHints":{"allow":["GET"]}}],"collection":[{"href":"https:\/\/portaltela.pt\/api\/wp\/v2\/posts"}],"about":[{"href":"https:\/\/portaltela.pt\/api\/wp\/v2\/types\/post"}],"author":[{"embeddable":true,"href":"https:\/\/portaltela.pt\/api\/wp\/v2\/users\/2"}],"replies":[{"embeddable":true,"href":"https:\/\/portaltela.pt\/api\/wp\/v2\/comments?post=397955"}],"version-history":[{"count":0,"href":"https:\/\/portaltela.pt\/api\/wp\/v2\/posts\/397955\/revisions"}],"wp:featuredmedia":[{"embeddable":true,"href":"https:\/\/portaltela.pt\/api\/wp\/v2\/media\/397959"}],"wp:attachment":[{"href":"https:\/\/portaltela.pt\/api\/wp\/v2\/media?parent=397955"}],"wp:term":[{"taxonomy":"category","embeddable":true,"href":"https:\/\/portaltela.pt\/api\/wp\/v2\/categories?post=397955"},{"taxonomy":"post_tag","embeddable":true,"href":"https:\/\/portaltela.pt\/api\/wp\/v2\/tags?post=397955"}],"curies":[{"name":"wp","href":"https:\/\/api.w.org\/{rel}","templated":true}]}}