{"id":397946,"date":"2026-03-04T19:30:27","date_gmt":"2026-03-04T22:30:27","guid":{"rendered":"https:\/\/portaltela.pt\/noticias\/2026\/03\/04\/laurindo-leao-dos-acores-assina-contrato-de-formacao-com-o-sporting\/"},"modified":"2026-03-04T19:30:27","modified_gmt":"2026-03-04T22:30:27","slug":"laurindo-leao-dos-acores-assina-contrato-de-formacao-com-o-sporting","status":"publish","type":"post","link":"https:\/\/portaltela.pt\/desporto\/futebol\/2026\/03\/04\/laurindo-leao-dos-acores-assina-contrato-de-formacao-com-o-sporting\/","title":{"rendered":"Laurindo, Le\u00e3o dos A\u00e7ores, assina contrato de forma\u00e7\u00e3o com o Sporting"},"content":{"rendered":"<p>Laurindo Mendon\u00e7a assinou nesta quarta-feira um contrato de forma\u00e7\u00e3o com o Sporting, dando mais um passo no seu percurso nas camadas jovens do clube de Alcochete. O jovem m\u00e9dio de 14 anos passa assim a integrar oficialmente a estrutura leonina.<\/p>\n<p>A hist\u00f3ria do atleta j\u00e1 tem v\u00e1rias d\u00e9cadas de liga\u00e7\u00f5es ao Sporting, com cinco temporadas consecutivas ao servi\u00e7o dos le\u00f5es nos diversos escal\u00f5es da academia. Este novo acordo marca a continuidade do sonho de crescimento no clube.<\/p>\n<p>Aos 14 anos, Laurindo soma j\u00e1 quatro golos em seis jogos pelos juvenis B, indicador de moreira da sua atua\u00e7\u00e3o na linha de ataque. A hist\u00f3ria ligada \u00e0 Covid-19, que atrasou a sua mudan\u00e7a para a academia, continua a fazer parte do seu percurso.<\/p>\n<p>Recorda-se que, em fevereiro de 2021, durante a pandemia, Laurindo J\u00fanior viu o sonho de rumar \u00e0 Academia leonina adiado pela crise sanit\u00e1ria. Na altura, ao servi\u00e7o do Praiense, da Ilha Terceira, o jogador foi acompanhado por Eduardo Quaresma e Plata.<\/p>\n<p>Hoje, ao servi\u00e7o da forma\u00e7\u00e3o do Sporting, Laurindo mant\u00e9m o objetivo de evoluir no clube e representar, no futuro, os azul e branco em etapas superiores. O percurso de 2026\/27 refor\u00e7a a promessa j\u00e1 associada ao nome dos A\u00e7ores.<\/p>\n","protected":false},"excerpt":{"rendered":"<ul>\n<li>Laurindo Mendon\u00e7a, 14 anos, assinou contrato de forma\u00e7\u00e3o com o Sporting, na quarta-feira.<\/li>\n<li>O jovem j\u00e1 soma cinco temporadas ao servi\u00e7o dos le\u00f5es nos v\u00e1rios escal\u00f5es da academia, em Alcochete.<\/li>\n<li>O sonho de ingressar na Academia ficou adiado devido \u00e0 pandemia de Covid-19, em fevereiro de 2021, quando ainda era Laurindo J\u00fanior no Praiense.<\/li>\n<li>Na altura, a Ilha Terceira esteve envolvida e o jogador chegou a ser alvo de refer\u00eancias a Eduardo Quaresma e Plata.<\/li>\n<li>Em 2026\/27, j\u00e1 ao servi\u00e7o da forma\u00e7\u00e3o do Sporting, o m\u00e9dio soma quatro golos em seis jogos pelos juvenis B.<\/li>\n<\/ul>\n","protected":false},"author":2,"featured_media":397952,"comment_status":"closed","ping_status":"closed","sticky":false,"template":"","format":"standard","meta":{"footnotes":""},"categories":[21,24],"tags":[822,1290,32,2928,1875,1652],"class_list":["post-397946","post","type-post","status-publish","format-standard","has-post-thumbnail","hentry","category-desporto","category-futebol","tag-acores","tag-formacao","tag-futebol","tag-juvenis","tag-leao","tag-sporting"],"yoast_head":"<!-- This site is optimized with the Yoast SEO plugin v27.2 - https:\/\/yoast.com\/product\/yoast-seo-wordpress\/ -->\n<title>Laurindo, Le\u00e3o dos A\u00e7ores, assina contrato de forma\u00e7\u00e3o com o Sporting - Portal Tela Portugal<\/title>\n<meta name=\"robots\" content=\"index, follow, max-snippet:-1, max-image-preview:large, max-video-preview:-1\" \/>\n<meta property=\"og:locale\" content=\"pt_PT\" \/>\n<meta property=\"og:type\" content=\"article\" \/>\n<meta property=\"og:title\" content=\"Laurindo, Le\u00e3o dos A\u00e7ores, assina contrato de forma\u00e7\u00e3o com o Sporting - Portal Tela Portugal\" \/>\n<meta property=\"og:description\" content=\"Laurindo Mendon\u00e7a, 14 anos, assinou contrato de forma\u00e7\u00e3o com o Sporting, na quarta-feira. O jovem j\u00e1 soma cinco temporadas ao servi\u00e7o dos le\u00f5es nos v\u00e1rios escal\u00f5es da academia, em Alcochete. O sonho de ingressar na Academia ficou adiado devido \u00e0 pandemia de Covid-19, em fevereiro de 2021, quando ainda era Laurindo J\u00fanior no Praiense. Na altura, a Ilha Terceira esteve envolvida e o jogador chegou a ser alvo de refer\u00eancias a Eduardo Quaresma e Plata. Em 2026\/27, j\u00e1 ao servi\u00e7o da forma\u00e7\u00e3o do Sporting, o m\u00e9dio soma quatro golos em seis jogos pelos juvenis B.\" \/>\n<meta property=\"og:url\" content=\"https:\/\/portaltela.pt\/noticias\/2026\/03\/04\/laurindo-leao-dos-acores-assina-contrato-de-formacao-com-o-sporting\/\" \/>\n<meta property=\"og:site_name\" content=\"Portal Tela Portugal\" \/>\n<meta property=\"article:published_time\" content=\"2026-03-04T22:30:27+00:00\" \/>\n<meta name=\"author\" content=\"Telinha\" \/>\n<meta name=\"twitter:card\" content=\"summary_large_image\" \/>\n<meta name=\"twitter:label1\" content=\"Escrito por\" \/>\n\t<meta name=\"twitter:data1\" content=\"Telinha\" \/>\n\t<meta name=\"twitter:label2\" content=\"Tempo estimado de leitura\" \/>\n\t<meta name=\"twitter:data2\" content=\"1 minuto\" \/>\n<script type=\"application\/ld+json\" class=\"yoast-schema-graph\">{\"@context\":\"https:\/\/schema.org\",\"@graph\":[{\"@type\":\"Article\",\"@id\":\"https:\/\/portaltela.pt\/noticias\/2026\/03\/04\/laurindo-leao-dos-acores-assina-contrato-de-formacao-com-o-sporting\/#article\",\"isPartOf\":{\"@id\":\"https:\/\/portaltela.pt\/noticias\/2026\/03\/04\/laurindo-leao-dos-acores-assina-contrato-de-formacao-com-o-sporting\/\"},\"author\":{\"name\":\"Telinha\",\"@id\":\"https:\/\/portaltela.pt\/#\/schema\/person\/c4278d4a6028830caff9ee44b42d32ed\"},\"headline\":\"Laurindo, Le\u00e3o dos A\u00e7ores, assina contrato de forma\u00e7\u00e3o com o Sporting\",\"datePublished\":\"2026-03-04T22:30:27+00:00\",\"mainEntityOfPage\":{\"@id\":\"https:\/\/portaltela.pt\/noticias\/2026\/03\/04\/laurindo-leao-dos-acores-assina-contrato-de-formacao-com-o-sporting\/\"},\"wordCount\":230,\"image\":{\"@id\":\"https:\/\/portaltela.pt\/noticias\/2026\/03\/04\/laurindo-leao-dos-acores-assina-contrato-de-formacao-com-o-sporting\/#primaryimage\"},\"thumbnailUrl\":\"https:\/\/portaltela.pt\/s.01k8rhncp4jt1\/2026\/03\/img_920x519uu2026-03-04-22-29-23-2424980.jpg\",\"keywords\":[\"A\u00e7ores\",\"forma\u00e7\u00e3o\",\"futebol\",\"Juvenis\",\"Le\u00e3o\",\"Sporting\"],\"articleSection\":[\"Desporto\",\"Futebol\"],\"inLanguage\":\"pt-PT\"},{\"@type\":\"WebPage\",\"@id\":\"https:\/\/portaltela.pt\/noticias\/2026\/03\/04\/laurindo-leao-dos-acores-assina-contrato-de-formacao-com-o-sporting\/\",\"url\":\"https:\/\/portaltela.pt\/noticias\/2026\/03\/04\/laurindo-leao-dos-acores-assina-contrato-de-formacao-com-o-sporting\/\",\"name\":\"Laurindo, Le\u00e3o dos A\u00e7ores, assina contrato de forma\u00e7\u00e3o com o Sporting - Portal Tela Portugal\",\"isPartOf\":{\"@id\":\"https:\/\/portaltela.pt\/#website\"},\"primaryImageOfPage\":{\"@id\":\"https:\/\/portaltela.pt\/noticias\/2026\/03\/04\/laurindo-leao-dos-acores-assina-contrato-de-formacao-com-o-sporting\/#primaryimage\"},\"image\":{\"@id\":\"https:\/\/portaltela.pt\/noticias\/2026\/03\/04\/laurindo-leao-dos-acores-assina-contrato-de-formacao-com-o-sporting\/#primaryimage\"},\"thumbnailUrl\":\"https:\/\/portaltela.pt\/s.01k8rhncp4jt1\/2026\/03\/img_920x519uu2026-03-04-22-29-23-2424980.jpg\",\"datePublished\":\"2026-03-04T22:30:27+00:00\",\"author\":{\"@id\":\"https:\/\/portaltela.pt\/#\/schema\/person\/c4278d4a6028830caff9ee44b42d32ed\"},\"breadcrumb\":{\"@id\":\"https:\/\/portaltela.pt\/noticias\/2026\/03\/04\/laurindo-leao-dos-acores-assina-contrato-de-formacao-com-o-sporting\/#breadcrumb\"},\"inLanguage\":\"pt-PT\",\"potentialAction\":[{\"@type\":\"ReadAction\",\"target\":[\"https:\/\/portaltela.pt\/noticias\/2026\/03\/04\/laurindo-leao-dos-acores-assina-contrato-de-formacao-com-o-sporting\/\"]}]},{\"@type\":\"ImageObject\",\"inLanguage\":\"pt-PT\",\"@id\":\"https:\/\/portaltela.pt\/noticias\/2026\/03\/04\/laurindo-leao-dos-acores-assina-contrato-de-formacao-com-o-sporting\/#primaryimage\",\"url\":\"https:\/\/portaltela.pt\/s.01k8rhncp4jt1\/2026\/03\/img_920x519uu2026-03-04-22-29-23-2424980.jpg\",\"contentUrl\":\"https:\/\/portaltela.pt\/s.01k8rhncp4jt1\/2026\/03\/img_920x519uu2026-03-04-22-29-23-2424980.jpg\",\"width\":796,\"height\":448,\"caption\":\"Laurindo, jovem a\u00e7oriano, assina contrato de forma\u00e7\u00e3o com o Sporting\"},{\"@type\":\"BreadcrumbList\",\"@id\":\"https:\/\/portaltela.pt\/noticias\/2026\/03\/04\/laurindo-leao-dos-acores-assina-contrato-de-formacao-com-o-sporting\/#breadcrumb\",\"itemListElement\":[{\"@type\":\"ListItem\",\"position\":1,\"name\":\"In\u00edcio\",\"item\":\"https:\/\/portaltela.pt\/\"},{\"@type\":\"ListItem\",\"position\":2,\"name\":\"Laurindo, Le\u00e3o dos A\u00e7ores, assina contrato de forma\u00e7\u00e3o com o Sporting\"}]},{\"@type\":\"WebSite\",\"@id\":\"https:\/\/portaltela.pt\/#website\",\"url\":\"https:\/\/portaltela.pt\/\",\"name\":\"Portal Tela Portugal\",\"description\":\"\",\"potentialAction\":[{\"@type\":\"SearchAction\",\"target\":{\"@type\":\"EntryPoint\",\"urlTemplate\":\"https:\/\/portaltela.pt\/?s={search_term_string}\"},\"query-input\":{\"@type\":\"PropertyValueSpecification\",\"valueRequired\":true,\"valueName\":\"search_term_string\"}}],\"inLanguage\":\"pt-PT\"},{\"@type\":\"Person\",\"@id\":\"https:\/\/portaltela.pt\/#\/schema\/person\/c4278d4a6028830caff9ee44b42d32ed\",\"name\":\"Telinha\",\"image\":{\"@type\":\"ImageObject\",\"inLanguage\":\"pt-PT\",\"@id\":\"https:\/\/portaltela.pt\/s.01k8rhncp4jt1\/2025\/11\/talking-bot-125x125.png\",\"url\":\"https:\/\/portaltela.pt\/s.01k8rhncp4jt1\/2025\/11\/talking-bot-125x125.png\",\"contentUrl\":\"https:\/\/portaltela.pt\/s.01k8rhncp4jt1\/2025\/11\/talking-bot-125x125.png\",\"caption\":\"Telinha\"},\"sameAs\":[\"https:\/\/portaltela.pt\/\"],\"url\":\"https:\/\/portaltela.pt\/por\/367410592786\/\"}]}<\/script>\n<!-- \/ Yoast SEO plugin. -->","yoast_head_json":{"title":"Laurindo, Le\u00e3o dos A\u00e7ores, assina contrato de forma\u00e7\u00e3o com o Sporting - Portal Tela Portugal","robots":{"index":"index","follow":"follow","max-snippet":"max-snippet:-1","max-image-preview":"max-image-preview:large","max-video-preview":"max-video-preview:-1"},"og_locale":"pt_PT","og_type":"article","og_title":"Laurindo, Le\u00e3o dos A\u00e7ores, assina contrato de forma\u00e7\u00e3o com o Sporting - Portal Tela Portugal","og_description":"Laurindo Mendon\u00e7a, 14 anos, assinou contrato de forma\u00e7\u00e3o com o Sporting, na quarta-feira. O jovem j\u00e1 soma cinco temporadas ao servi\u00e7o dos le\u00f5es nos v\u00e1rios escal\u00f5es da academia, em Alcochete. O sonho de ingressar na Academia ficou adiado devido \u00e0 pandemia de Covid-19, em fevereiro de 2021, quando ainda era Laurindo J\u00fanior no Praiense. Na altura, a Ilha Terceira esteve envolvida e o jogador chegou a ser alvo de refer\u00eancias a Eduardo Quaresma e Plata. Em 2026\/27, j\u00e1 ao servi\u00e7o da forma\u00e7\u00e3o do Sporting, o m\u00e9dio soma quatro golos em seis jogos pelos juvenis B.","og_url":"https:\/\/portaltela.pt\/noticias\/2026\/03\/04\/laurindo-leao-dos-acores-assina-contrato-de-formacao-com-o-sporting\/","og_site_name":"Portal Tela Portugal","article_published_time":"2026-03-04T22:30:27+00:00","author":"Telinha","twitter_card":"summary_large_image","twitter_misc":{"Escrito por":"Telinha","Tempo estimado de leitura":"1 minuto"},"schema":{"@context":"https:\/\/schema.org","@graph":[{"@type":"Article","@id":"https:\/\/portaltela.pt\/noticias\/2026\/03\/04\/laurindo-leao-dos-acores-assina-contrato-de-formacao-com-o-sporting\/#article","isPartOf":{"@id":"https:\/\/portaltela.pt\/noticias\/2026\/03\/04\/laurindo-leao-dos-acores-assina-contrato-de-formacao-com-o-sporting\/"},"author":{"name":"Telinha","@id":"https:\/\/portaltela.pt\/#\/schema\/person\/c4278d4a6028830caff9ee44b42d32ed"},"headline":"Laurindo, Le\u00e3o dos A\u00e7ores, assina contrato de forma\u00e7\u00e3o com o Sporting","datePublished":"2026-03-04T22:30:27+00:00","mainEntityOfPage":{"@id":"https:\/\/portaltela.pt\/noticias\/2026\/03\/04\/laurindo-leao-dos-acores-assina-contrato-de-formacao-com-o-sporting\/"},"wordCount":230,"image":{"@id":"https:\/\/portaltela.pt\/noticias\/2026\/03\/04\/laurindo-leao-dos-acores-assina-contrato-de-formacao-com-o-sporting\/#primaryimage"},"thumbnailUrl":"https:\/\/portaltela.pt\/s.01k8rhncp4jt1\/2026\/03\/img_920x519uu2026-03-04-22-29-23-2424980.jpg","keywords":["A\u00e7ores","forma\u00e7\u00e3o","futebol","Juvenis","Le\u00e3o","Sporting"],"articleSection":["Desporto","Futebol"],"inLanguage":"pt-PT"},{"@type":"WebPage","@id":"https:\/\/portaltela.pt\/noticias\/2026\/03\/04\/laurindo-leao-dos-acores-assina-contrato-de-formacao-com-o-sporting\/","url":"https:\/\/portaltela.pt\/noticias\/2026\/03\/04\/laurindo-leao-dos-acores-assina-contrato-de-formacao-com-o-sporting\/","name":"Laurindo, Le\u00e3o dos A\u00e7ores, assina contrato de forma\u00e7\u00e3o com o Sporting - Portal Tela Portugal","isPartOf":{"@id":"https:\/\/portaltela.pt\/#website"},"primaryImageOfPage":{"@id":"https:\/\/portaltela.pt\/noticias\/2026\/03\/04\/laurindo-leao-dos-acores-assina-contrato-de-formacao-com-o-sporting\/#primaryimage"},"image":{"@id":"https:\/\/portaltela.pt\/noticias\/2026\/03\/04\/laurindo-leao-dos-acores-assina-contrato-de-formacao-com-o-sporting\/#primaryimage"},"thumbnailUrl":"https:\/\/portaltela.pt\/s.01k8rhncp4jt1\/2026\/03\/img_920x519uu2026-03-04-22-29-23-2424980.jpg","datePublished":"2026-03-04T22:30:27+00:00","author":{"@id":"https:\/\/portaltela.pt\/#\/schema\/person\/c4278d4a6028830caff9ee44b42d32ed"},"breadcrumb":{"@id":"https:\/\/portaltela.pt\/noticias\/2026\/03\/04\/laurindo-leao-dos-acores-assina-contrato-de-formacao-com-o-sporting\/#breadcrumb"},"inLanguage":"pt-PT","potentialAction":[{"@type":"ReadAction","target":["https:\/\/portaltela.pt\/noticias\/2026\/03\/04\/laurindo-leao-dos-acores-assina-contrato-de-formacao-com-o-sporting\/"]}]},{"@type":"ImageObject","inLanguage":"pt-PT","@id":"https:\/\/portaltela.pt\/noticias\/2026\/03\/04\/laurindo-leao-dos-acores-assina-contrato-de-formacao-com-o-sporting\/#primaryimage","url":"https:\/\/portaltela.pt\/s.01k8rhncp4jt1\/2026\/03\/img_920x519uu2026-03-04-22-29-23-2424980.jpg","contentUrl":"https:\/\/portaltela.pt\/s.01k8rhncp4jt1\/2026\/03\/img_920x519uu2026-03-04-22-29-23-2424980.jpg","width":796,"height":448,"caption":"Laurindo, jovem a\u00e7oriano, assina contrato de forma\u00e7\u00e3o com o Sporting"},{"@type":"BreadcrumbList","@id":"https:\/\/portaltela.pt\/noticias\/2026\/03\/04\/laurindo-leao-dos-acores-assina-contrato-de-formacao-com-o-sporting\/#breadcrumb","itemListElement":[{"@type":"ListItem","position":1,"name":"In\u00edcio","item":"https:\/\/portaltela.pt\/"},{"@type":"ListItem","position":2,"name":"Laurindo, Le\u00e3o dos A\u00e7ores, assina contrato de forma\u00e7\u00e3o com o Sporting"}]},{"@type":"WebSite","@id":"https:\/\/portaltela.pt\/#website","url":"https:\/\/portaltela.pt\/","name":"Portal Tela Portugal","description":"","potentialAction":[{"@type":"SearchAction","target":{"@type":"EntryPoint","urlTemplate":"https:\/\/portaltela.pt\/?s={search_term_string}"},"query-input":{"@type":"PropertyValueSpecification","valueRequired":true,"valueName":"search_term_string"}}],"inLanguage":"pt-PT"},{"@type":"Person","@id":"https:\/\/portaltela.pt\/#\/schema\/person\/c4278d4a6028830caff9ee44b42d32ed","name":"Telinha","image":{"@type":"ImageObject","inLanguage":"pt-PT","@id":"https:\/\/portaltela.pt\/s.01k8rhncp4jt1\/2025\/11\/talking-bot-125x125.png","url":"https:\/\/portaltela.pt\/s.01k8rhncp4jt1\/2025\/11\/talking-bot-125x125.png","contentUrl":"https:\/\/portaltela.pt\/s.01k8rhncp4jt1\/2025\/11\/talking-bot-125x125.png","caption":"Telinha"},"sameAs":["https:\/\/portaltela.pt\/"],"url":"https:\/\/portaltela.pt\/por\/367410592786\/"}]}},"_links":{"self":[{"href":"https:\/\/portaltela.pt\/api\/wp\/v2\/posts\/397946","targetHints":{"allow":["GET"]}}],"collection":[{"href":"https:\/\/portaltela.pt\/api\/wp\/v2\/posts"}],"about":[{"href":"https:\/\/portaltela.pt\/api\/wp\/v2\/types\/post"}],"author":[{"embeddable":true,"href":"https:\/\/portaltela.pt\/api\/wp\/v2\/users\/2"}],"replies":[{"embeddable":true,"href":"https:\/\/portaltela.pt\/api\/wp\/v2\/comments?post=397946"}],"version-history":[{"count":0,"href":"https:\/\/portaltela.pt\/api\/wp\/v2\/posts\/397946\/revisions"}],"wp:featuredmedia":[{"embeddable":true,"href":"https:\/\/portaltela.pt\/api\/wp\/v2\/media\/397952"}],"wp:attachment":[{"href":"https:\/\/portaltela.pt\/api\/wp\/v2\/media?parent=397946"}],"wp:term":[{"taxonomy":"category","embeddable":true,"href":"https:\/\/portaltela.pt\/api\/wp\/v2\/categories?post=397946"},{"taxonomy":"post_tag","embeddable":true,"href":"https:\/\/portaltela.pt\/api\/wp\/v2\/tags?post=397946"}],"curies":[{"name":"wp","href":"https:\/\/api.w.org\/{rel}","templated":true}]}}