{"id":397917,"date":"2026-03-04T19:13:48","date_gmt":"2026-03-04T22:13:48","guid":{"rendered":"https:\/\/portaltela.pt\/noticias\/2026\/03\/04\/area-ocupada-por-favelas-cresce-275-vezes-no-brasil-em-40-anos\/"},"modified":"2026-03-04T19:13:48","modified_gmt":"2026-03-04T22:13:48","slug":"area-ocupada-por-favelas-cresce-275-vezes-no-brasil-em-40-anos","status":"publish","type":"post","link":"https:\/\/portaltela.pt\/noticias\/2026\/03\/04\/area-ocupada-por-favelas-cresce-275-vezes-no-brasil-em-40-anos\/","title":{"rendered":"\u00c1rea ocupada por favelas cresce 2,75 vezes no Brasil em 40 anos"},"content":{"rendered":"<p>O volume de \u00e1reas ocupadas por favelas no Brasil cresceu 2,75 vezes entre 1985 e 2024, superando o ritmo de expans\u00e3o das \u00e1reas urbanizadas (2,5 vezes). O c\u00e1lculo \u00e9 do MapBiomas, que mapeia uso de terra desde 1985.<\/p>\n<p>Entre 1985 e 2024, a \u00e1rea de favelas passou de 53,7 mil hectares para 146 mil hectares, mantendo o pa\u00eds em um cen\u00e1rio de expans\u00e3o expressiva de \u00e1reas populares.<\/p>\n<p>Manaus continua no topo do ranking, tanto em 1985 como em 2024, com um crescimento de 2,6 vezes. Em 1985, Manaus j\u00e1 liderava o ranking; em 2024, manteve-se na lideran\u00e7a.<\/p>\n<h3>Mudan\u00e7as nas posi\u00e7\u00f5es<\/h3>\n<p>O Rio de Janeiro caiu da vice-lideran\u00e7a em 1985 para a quinta posi\u00e7\u00e3o em 2024, com 5,3 mil hectares em favelas, apesar do aumento de quase 1,5 vezes.<\/p>\n<p>S\u00e3o Paulo subiu da quarta posi\u00e7\u00e3o (3,1 mil hectares) para a terceira (6 mil hectares) no mesmo per\u00edodo, indicando ganho expressivo de ocupa\u00e7\u00e3o nessas \u00e1reas.<\/p>\n<h3>Observa\u00e7\u00f5es do estudo<\/h3>\n<p>Quase metade das mudan\u00e7as ocorre em regi\u00f5es metropolitanas, apontando concentra\u00e7\u00e3o de \u00e1reas pobres em grandes periurbanos. O estudo alerta para riscos clim\u00e1ticos e desigualdades estruturais associadas.<\/p>\n<p>Entre 1985 e 2024, quatro das cinco favelas que mais cresceram est\u00e3o em Bras\u00edlia, incluindo Sol Nascente, hoje a maior favela do pa\u00eds.<\/p>\n","protected":false},"excerpt":{"rendered":"<ul>\n<li>A \u00e1rea urbanizada em favelas no Brasil cresceu 2,75 vezes entre 1985 e 2024, passando de 53,7 mil hectares para 146 mil hectares.<\/li>\n<li>Manaus continua a liderar o ranking de \u00e1reas urbanizadas em favelas, tanto em 1985 como em 2024, com um crescimento de 2,6 vezes.<\/li>\n<li>O Rio de Janeiro caiu da vice-lideran\u00e7a em 1985 para a quinta posi\u00e7\u00e3o em 2024, aumentando de 3,6 mil hectares para 5,3 mil hectares.<\/li>\n<li>S\u00e3o Paulo passou da quarta para a terceira posi\u00e7\u00e3o, aumentando de 3,1 mil hectares para 6 mil hectares (crescimento de 1,9 vezes).<\/li>\n<li>Bras\u00edlia concentra as maiores expans\u00f5es entre as cinco favelas que mais cresceram, incluindo a Sol Nascente, hoje a maior favela do pa\u00eds.<\/li>\n<\/ul>\n","protected":false},"author":2,"featured_media":397926,"comment_status":"closed","ping_status":"closed","sticky":false,"template":"","format":"standard","meta":{"footnotes":""},"categories":[1],"tags":[2547,3724,5437,6642,5873,189],"class_list":["post-397917","post","type-post","status-publish","format-standard","has-post-thumbnail","hentry","category-noticias","tag-brasil","tag-desenvolvimento-urbano-sustentavel","tag-desigualdades-sociais","tag-pobreza","tag-sao-paulo","tag-urbanismo"],"yoast_head":"<!-- This site is optimized with the Yoast SEO plugin v27.2 - https:\/\/yoast.com\/product\/yoast-seo-wordpress\/ -->\n<title>\u00c1rea ocupada por favelas cresce 2,75 vezes no Brasil em 40 anos - Portal Tela Portugal<\/title>\n<meta name=\"robots\" content=\"index, follow, max-snippet:-1, max-image-preview:large, max-video-preview:-1\" \/>\n<meta property=\"og:locale\" content=\"pt_PT\" \/>\n<meta property=\"og:type\" content=\"article\" \/>\n<meta property=\"og:title\" content=\"\u00c1rea ocupada por favelas cresce 2,75 vezes no Brasil em 40 anos - Portal Tela Portugal\" \/>\n<meta property=\"og:description\" content=\"A \u00e1rea urbanizada em favelas no Brasil cresceu 2,75 vezes entre 1985 e 2024, passando de 53,7 mil hectares para 146 mil hectares. Manaus continua a liderar o ranking de \u00e1reas urbanizadas em favelas, tanto em 1985 como em 2024, com um crescimento de 2,6 vezes. O Rio de Janeiro caiu da vice-lideran\u00e7a em 1985 para a quinta posi\u00e7\u00e3o em 2024, aumentando de 3,6 mil hectares para 5,3 mil hectares. S\u00e3o Paulo passou da quarta para a terceira posi\u00e7\u00e3o, aumentando de 3,1 mil hectares para 6 mil hectares (crescimento de 1,9 vezes). Bras\u00edlia concentra as maiores expans\u00f5es entre as cinco favelas que mais cresceram, incluindo a Sol Nascente, hoje a maior favela do pa\u00eds.\" \/>\n<meta property=\"og:url\" content=\"https:\/\/portaltela.pt\/noticias\/2026\/03\/04\/area-ocupada-por-favelas-cresce-275-vezes-no-brasil-em-40-anos\/\" \/>\n<meta property=\"og:site_name\" content=\"Portal Tela Portugal\" \/>\n<meta property=\"article:published_time\" content=\"2026-03-04T22:13:48+00:00\" \/>\n<meta name=\"author\" content=\"Telinha\" \/>\n<meta name=\"twitter:card\" content=\"summary_large_image\" \/>\n<meta name=\"twitter:label1\" content=\"Escrito por\" \/>\n\t<meta name=\"twitter:data1\" content=\"Telinha\" \/>\n\t<meta name=\"twitter:label2\" content=\"Tempo estimado de leitura\" \/>\n\t<meta name=\"twitter:data2\" content=\"1 minuto\" \/>\n<script type=\"application\/ld+json\" class=\"yoast-schema-graph\">{\"@context\":\"https:\/\/schema.org\",\"@graph\":[{\"@type\":\"Article\",\"@id\":\"https:\/\/portaltela.pt\/noticias\/2026\/03\/04\/area-ocupada-por-favelas-cresce-275-vezes-no-brasil-em-40-anos\/#article\",\"isPartOf\":{\"@id\":\"https:\/\/portaltela.pt\/noticias\/2026\/03\/04\/area-ocupada-por-favelas-cresce-275-vezes-no-brasil-em-40-anos\/\"},\"author\":{\"name\":\"Telinha\",\"@id\":\"https:\/\/portaltela.pt\/#\/schema\/person\/c4278d4a6028830caff9ee44b42d32ed\"},\"headline\":\"\u00c1rea ocupada por favelas cresce 2,75 vezes no Brasil em 40 anos\",\"datePublished\":\"2026-03-04T22:13:48+00:00\",\"mainEntityOfPage\":{\"@id\":\"https:\/\/portaltela.pt\/noticias\/2026\/03\/04\/area-ocupada-por-favelas-cresce-275-vezes-no-brasil-em-40-anos\/\"},\"wordCount\":214,\"image\":{\"@id\":\"https:\/\/portaltela.pt\/noticias\/2026\/03\/04\/area-ocupada-por-favelas-cresce-275-vezes-no-brasil-em-40-anos\/#primaryimage\"},\"thumbnailUrl\":\"https:\/\/portaltela.pt\/s.01k8rhncp4jt1\/2026\/03\/img_1500x1000uu2017-08-21-17-21-00-660483.jpg\",\"keywords\":[\"Brasil\",\"desenvolvimento urbano sustent\u00e1vel\",\"desigualdades sociais\",\"pobreza\",\"S\u00e3o Paulo\",\"urbanismo\"],\"articleSection\":[\"Not\u00edcias\"],\"inLanguage\":\"pt-PT\"},{\"@type\":\"WebPage\",\"@id\":\"https:\/\/portaltela.pt\/noticias\/2026\/03\/04\/area-ocupada-por-favelas-cresce-275-vezes-no-brasil-em-40-anos\/\",\"url\":\"https:\/\/portaltela.pt\/noticias\/2026\/03\/04\/area-ocupada-por-favelas-cresce-275-vezes-no-brasil-em-40-anos\/\",\"name\":\"\u00c1rea ocupada por favelas cresce 2,75 vezes no Brasil em 40 anos - Portal Tela Portugal\",\"isPartOf\":{\"@id\":\"https:\/\/portaltela.pt\/#website\"},\"primaryImageOfPage\":{\"@id\":\"https:\/\/portaltela.pt\/noticias\/2026\/03\/04\/area-ocupada-por-favelas-cresce-275-vezes-no-brasil-em-40-anos\/#primaryimage\"},\"image\":{\"@id\":\"https:\/\/portaltela.pt\/noticias\/2026\/03\/04\/area-ocupada-por-favelas-cresce-275-vezes-no-brasil-em-40-anos\/#primaryimage\"},\"thumbnailUrl\":\"https:\/\/portaltela.pt\/s.01k8rhncp4jt1\/2026\/03\/img_1500x1000uu2017-08-21-17-21-00-660483.jpg\",\"datePublished\":\"2026-03-04T22:13:48+00:00\",\"author\":{\"@id\":\"https:\/\/portaltela.pt\/#\/schema\/person\/c4278d4a6028830caff9ee44b42d32ed\"},\"breadcrumb\":{\"@id\":\"https:\/\/portaltela.pt\/noticias\/2026\/03\/04\/area-ocupada-por-favelas-cresce-275-vezes-no-brasil-em-40-anos\/#breadcrumb\"},\"inLanguage\":\"pt-PT\",\"potentialAction\":[{\"@type\":\"ReadAction\",\"target\":[\"https:\/\/portaltela.pt\/noticias\/2026\/03\/04\/area-ocupada-por-favelas-cresce-275-vezes-no-brasil-em-40-anos\/\"]}]},{\"@type\":\"ImageObject\",\"inLanguage\":\"pt-PT\",\"@id\":\"https:\/\/portaltela.pt\/noticias\/2026\/03\/04\/area-ocupada-por-favelas-cresce-275-vezes-no-brasil-em-40-anos\/#primaryimage\",\"url\":\"https:\/\/portaltela.pt\/s.01k8rhncp4jt1\/2026\/03\/img_1500x1000uu2017-08-21-17-21-00-660483.jpg\",\"contentUrl\":\"https:\/\/portaltela.pt\/s.01k8rhncp4jt1\/2026\/03\/img_1500x1000uu2017-08-21-17-21-00-660483.jpg\",\"width\":796,\"height\":448,\"caption\":\"Favelas do Rio de Janeiro\"},{\"@type\":\"BreadcrumbList\",\"@id\":\"https:\/\/portaltela.pt\/noticias\/2026\/03\/04\/area-ocupada-por-favelas-cresce-275-vezes-no-brasil-em-40-anos\/#breadcrumb\",\"itemListElement\":[{\"@type\":\"ListItem\",\"position\":1,\"name\":\"In\u00edcio\",\"item\":\"https:\/\/portaltela.pt\/\"},{\"@type\":\"ListItem\",\"position\":2,\"name\":\"\u00c1rea ocupada por favelas cresce 2,75 vezes no Brasil em 40 anos\"}]},{\"@type\":\"WebSite\",\"@id\":\"https:\/\/portaltela.pt\/#website\",\"url\":\"https:\/\/portaltela.pt\/\",\"name\":\"Portal Tela Portugal\",\"description\":\"\",\"potentialAction\":[{\"@type\":\"SearchAction\",\"target\":{\"@type\":\"EntryPoint\",\"urlTemplate\":\"https:\/\/portaltela.pt\/?s={search_term_string}\"},\"query-input\":{\"@type\":\"PropertyValueSpecification\",\"valueRequired\":true,\"valueName\":\"search_term_string\"}}],\"inLanguage\":\"pt-PT\"},{\"@type\":\"Person\",\"@id\":\"https:\/\/portaltela.pt\/#\/schema\/person\/c4278d4a6028830caff9ee44b42d32ed\",\"name\":\"Telinha\",\"image\":{\"@type\":\"ImageObject\",\"inLanguage\":\"pt-PT\",\"@id\":\"https:\/\/portaltela.pt\/s.01k8rhncp4jt1\/2025\/11\/talking-bot-125x125.png\",\"url\":\"https:\/\/portaltela.pt\/s.01k8rhncp4jt1\/2025\/11\/talking-bot-125x125.png\",\"contentUrl\":\"https:\/\/portaltela.pt\/s.01k8rhncp4jt1\/2025\/11\/talking-bot-125x125.png\",\"caption\":\"Telinha\"},\"sameAs\":[\"https:\/\/portaltela.pt\/\"],\"url\":\"https:\/\/portaltela.pt\/por\/367410592786\/\"}]}<\/script>\n<!-- \/ Yoast SEO plugin. -->","yoast_head_json":{"title":"\u00c1rea ocupada por favelas cresce 2,75 vezes no Brasil em 40 anos - Portal Tela Portugal","robots":{"index":"index","follow":"follow","max-snippet":"max-snippet:-1","max-image-preview":"max-image-preview:large","max-video-preview":"max-video-preview:-1"},"og_locale":"pt_PT","og_type":"article","og_title":"\u00c1rea ocupada por favelas cresce 2,75 vezes no Brasil em 40 anos - Portal Tela Portugal","og_description":"A \u00e1rea urbanizada em favelas no Brasil cresceu 2,75 vezes entre 1985 e 2024, passando de 53,7 mil hectares para 146 mil hectares. Manaus continua a liderar o ranking de \u00e1reas urbanizadas em favelas, tanto em 1985 como em 2024, com um crescimento de 2,6 vezes. O Rio de Janeiro caiu da vice-lideran\u00e7a em 1985 para a quinta posi\u00e7\u00e3o em 2024, aumentando de 3,6 mil hectares para 5,3 mil hectares. S\u00e3o Paulo passou da quarta para a terceira posi\u00e7\u00e3o, aumentando de 3,1 mil hectares para 6 mil hectares (crescimento de 1,9 vezes). Bras\u00edlia concentra as maiores expans\u00f5es entre as cinco favelas que mais cresceram, incluindo a Sol Nascente, hoje a maior favela do pa\u00eds.","og_url":"https:\/\/portaltela.pt\/noticias\/2026\/03\/04\/area-ocupada-por-favelas-cresce-275-vezes-no-brasil-em-40-anos\/","og_site_name":"Portal Tela Portugal","article_published_time":"2026-03-04T22:13:48+00:00","author":"Telinha","twitter_card":"summary_large_image","twitter_misc":{"Escrito por":"Telinha","Tempo estimado de leitura":"1 minuto"},"schema":{"@context":"https:\/\/schema.org","@graph":[{"@type":"Article","@id":"https:\/\/portaltela.pt\/noticias\/2026\/03\/04\/area-ocupada-por-favelas-cresce-275-vezes-no-brasil-em-40-anos\/#article","isPartOf":{"@id":"https:\/\/portaltela.pt\/noticias\/2026\/03\/04\/area-ocupada-por-favelas-cresce-275-vezes-no-brasil-em-40-anos\/"},"author":{"name":"Telinha","@id":"https:\/\/portaltela.pt\/#\/schema\/person\/c4278d4a6028830caff9ee44b42d32ed"},"headline":"\u00c1rea ocupada por favelas cresce 2,75 vezes no Brasil em 40 anos","datePublished":"2026-03-04T22:13:48+00:00","mainEntityOfPage":{"@id":"https:\/\/portaltela.pt\/noticias\/2026\/03\/04\/area-ocupada-por-favelas-cresce-275-vezes-no-brasil-em-40-anos\/"},"wordCount":214,"image":{"@id":"https:\/\/portaltela.pt\/noticias\/2026\/03\/04\/area-ocupada-por-favelas-cresce-275-vezes-no-brasil-em-40-anos\/#primaryimage"},"thumbnailUrl":"https:\/\/portaltela.pt\/s.01k8rhncp4jt1\/2026\/03\/img_1500x1000uu2017-08-21-17-21-00-660483.jpg","keywords":["Brasil","desenvolvimento urbano sustent\u00e1vel","desigualdades sociais","pobreza","S\u00e3o Paulo","urbanismo"],"articleSection":["Not\u00edcias"],"inLanguage":"pt-PT"},{"@type":"WebPage","@id":"https:\/\/portaltela.pt\/noticias\/2026\/03\/04\/area-ocupada-por-favelas-cresce-275-vezes-no-brasil-em-40-anos\/","url":"https:\/\/portaltela.pt\/noticias\/2026\/03\/04\/area-ocupada-por-favelas-cresce-275-vezes-no-brasil-em-40-anos\/","name":"\u00c1rea ocupada por favelas cresce 2,75 vezes no Brasil em 40 anos - Portal Tela Portugal","isPartOf":{"@id":"https:\/\/portaltela.pt\/#website"},"primaryImageOfPage":{"@id":"https:\/\/portaltela.pt\/noticias\/2026\/03\/04\/area-ocupada-por-favelas-cresce-275-vezes-no-brasil-em-40-anos\/#primaryimage"},"image":{"@id":"https:\/\/portaltela.pt\/noticias\/2026\/03\/04\/area-ocupada-por-favelas-cresce-275-vezes-no-brasil-em-40-anos\/#primaryimage"},"thumbnailUrl":"https:\/\/portaltela.pt\/s.01k8rhncp4jt1\/2026\/03\/img_1500x1000uu2017-08-21-17-21-00-660483.jpg","datePublished":"2026-03-04T22:13:48+00:00","author":{"@id":"https:\/\/portaltela.pt\/#\/schema\/person\/c4278d4a6028830caff9ee44b42d32ed"},"breadcrumb":{"@id":"https:\/\/portaltela.pt\/noticias\/2026\/03\/04\/area-ocupada-por-favelas-cresce-275-vezes-no-brasil-em-40-anos\/#breadcrumb"},"inLanguage":"pt-PT","potentialAction":[{"@type":"ReadAction","target":["https:\/\/portaltela.pt\/noticias\/2026\/03\/04\/area-ocupada-por-favelas-cresce-275-vezes-no-brasil-em-40-anos\/"]}]},{"@type":"ImageObject","inLanguage":"pt-PT","@id":"https:\/\/portaltela.pt\/noticias\/2026\/03\/04\/area-ocupada-por-favelas-cresce-275-vezes-no-brasil-em-40-anos\/#primaryimage","url":"https:\/\/portaltela.pt\/s.01k8rhncp4jt1\/2026\/03\/img_1500x1000uu2017-08-21-17-21-00-660483.jpg","contentUrl":"https:\/\/portaltela.pt\/s.01k8rhncp4jt1\/2026\/03\/img_1500x1000uu2017-08-21-17-21-00-660483.jpg","width":796,"height":448,"caption":"Favelas do Rio de Janeiro"},{"@type":"BreadcrumbList","@id":"https:\/\/portaltela.pt\/noticias\/2026\/03\/04\/area-ocupada-por-favelas-cresce-275-vezes-no-brasil-em-40-anos\/#breadcrumb","itemListElement":[{"@type":"ListItem","position":1,"name":"In\u00edcio","item":"https:\/\/portaltela.pt\/"},{"@type":"ListItem","position":2,"name":"\u00c1rea ocupada por favelas cresce 2,75 vezes no Brasil em 40 anos"}]},{"@type":"WebSite","@id":"https:\/\/portaltela.pt\/#website","url":"https:\/\/portaltela.pt\/","name":"Portal Tela Portugal","description":"","potentialAction":[{"@type":"SearchAction","target":{"@type":"EntryPoint","urlTemplate":"https:\/\/portaltela.pt\/?s={search_term_string}"},"query-input":{"@type":"PropertyValueSpecification","valueRequired":true,"valueName":"search_term_string"}}],"inLanguage":"pt-PT"},{"@type":"Person","@id":"https:\/\/portaltela.pt\/#\/schema\/person\/c4278d4a6028830caff9ee44b42d32ed","name":"Telinha","image":{"@type":"ImageObject","inLanguage":"pt-PT","@id":"https:\/\/portaltela.pt\/s.01k8rhncp4jt1\/2025\/11\/talking-bot-125x125.png","url":"https:\/\/portaltela.pt\/s.01k8rhncp4jt1\/2025\/11\/talking-bot-125x125.png","contentUrl":"https:\/\/portaltela.pt\/s.01k8rhncp4jt1\/2025\/11\/talking-bot-125x125.png","caption":"Telinha"},"sameAs":["https:\/\/portaltela.pt\/"],"url":"https:\/\/portaltela.pt\/por\/367410592786\/"}]}},"_links":{"self":[{"href":"https:\/\/portaltela.pt\/api\/wp\/v2\/posts\/397917","targetHints":{"allow":["GET"]}}],"collection":[{"href":"https:\/\/portaltela.pt\/api\/wp\/v2\/posts"}],"about":[{"href":"https:\/\/portaltela.pt\/api\/wp\/v2\/types\/post"}],"author":[{"embeddable":true,"href":"https:\/\/portaltela.pt\/api\/wp\/v2\/users\/2"}],"replies":[{"embeddable":true,"href":"https:\/\/portaltela.pt\/api\/wp\/v2\/comments?post=397917"}],"version-history":[{"count":0,"href":"https:\/\/portaltela.pt\/api\/wp\/v2\/posts\/397917\/revisions"}],"wp:featuredmedia":[{"embeddable":true,"href":"https:\/\/portaltela.pt\/api\/wp\/v2\/media\/397926"}],"wp:attachment":[{"href":"https:\/\/portaltela.pt\/api\/wp\/v2\/media?parent=397917"}],"wp:term":[{"taxonomy":"category","embeddable":true,"href":"https:\/\/portaltela.pt\/api\/wp\/v2\/categories?post=397917"},{"taxonomy":"post_tag","embeddable":true,"href":"https:\/\/portaltela.pt\/api\/wp\/v2\/tags?post=397917"}],"curies":[{"name":"wp","href":"https:\/\/api.w.org\/{rel}","templated":true}]}}