{"id":397916,"date":"2026-03-04T19:07:00","date_gmt":"2026-03-04T22:07:00","guid":{"rendered":"https:\/\/portaltela.pt\/noticias\/2026\/03\/04\/area-ocupada-por-favelas-no-brasil-cresce-275-vezes-em-40-anos\/"},"modified":"2026-03-04T19:07:00","modified_gmt":"2026-03-04T22:07:00","slug":"area-ocupada-por-favelas-no-brasil-cresce-275-vezes-em-40-anos","status":"publish","type":"post","link":"https:\/\/portaltela.pt\/noticias\/2026\/03\/04\/area-ocupada-por-favelas-no-brasil-cresce-275-vezes-em-40-anos\/","title":{"rendered":"\u00c1rea ocupada por favelas no Brasil cresce 2,75 vezes em 40 anos"},"content":{"rendered":"<p>O espa\u00e7o ocupado por favelas no Brasil cresceu 2,75 vezes nos \u00faltimos 40 anos, segundo um estudo divulgado hoje. A an\u00e1lise aponta que o ritmo de expans\u00e3o foi superior ao observado nas \u00e1reas urbanizadas do pa\u00eds.<\/p>\n<p>Segundo o estudo, o aumento da \u00e1rea ocupada por favelas \u00e9 mais acelerado do que o crescimento das zonas urbanas formais. Os dados foram apresentados na divulga\u00e7\u00e3o, com refer\u00eancia ao per\u00edodo de quatro d\u00e9cadas.<\/p>\n<p>Os autores do estudo destacam que o crescimento ocorre em v\u00e1rias regi\u00f5es do Brasil e que o fen\u00f4meno est\u00e1 associado a fatores como demanda habitacional, informalidade e din\u00e2micas de ocupa\u00e7\u00e3o de territ\u00f3rio.<\/p>\n","protected":false},"excerpt":{"rendered":"<ul>\n<li>A \u00e1rea ocupada por favelas no Brasil cresceu 2,75 vezes em quarenta anos.<\/li>\n<li>O aumento ocorreu acima do ritmo de expans\u00e3o das \u00e1reas urbanizadas.<\/li>\n<li>O estudo foi divulgado hoje.<\/li>\n<\/ul>\n","protected":false},"author":2,"featured_media":397925,"comment_status":"closed","ping_status":"closed","sticky":false,"template":"","format":"standard","meta":{"footnotes":""},"categories":[1],"tags":[2547,4947,3724,150,1167,189],"class_list":["post-397916","post","type-post","status-publish","format-standard","has-post-thumbnail","hentry","category-noticias","tag-brasil","tag-demografia","tag-desenvolvimento-urbano-sustentavel","tag-habitacao","tag-habitacao-social","tag-urbanismo"],"yoast_head":"<!-- This site is optimized with the Yoast SEO plugin v27.2 - https:\/\/yoast.com\/product\/yoast-seo-wordpress\/ -->\n<title>\u00c1rea ocupada por favelas no Brasil cresce 2,75 vezes em 40 anos - Portal Tela Portugal<\/title>\n<meta name=\"robots\" content=\"index, follow, max-snippet:-1, max-image-preview:large, max-video-preview:-1\" \/>\n<meta property=\"og:locale\" content=\"pt_PT\" \/>\n<meta property=\"og:type\" content=\"article\" \/>\n<meta property=\"og:title\" content=\"\u00c1rea ocupada por favelas no Brasil cresce 2,75 vezes em 40 anos - Portal Tela Portugal\" \/>\n<meta property=\"og:description\" content=\"A \u00e1rea ocupada por favelas no Brasil cresceu 2,75 vezes em quarenta anos. O aumento ocorreu acima do ritmo de expans\u00e3o das \u00e1reas urbanizadas. O estudo foi divulgado hoje.\" \/>\n<meta property=\"og:url\" content=\"https:\/\/portaltela.pt\/noticias\/2026\/03\/04\/area-ocupada-por-favelas-no-brasil-cresce-275-vezes-em-40-anos\/\" \/>\n<meta property=\"og:site_name\" content=\"Portal Tela Portugal\" \/>\n<meta property=\"article:published_time\" content=\"2026-03-04T22:07:00+00:00\" \/>\n<meta name=\"author\" content=\"Telinha\" \/>\n<meta name=\"twitter:card\" content=\"summary_large_image\" \/>\n<meta name=\"twitter:label1\" content=\"Escrito por\" \/>\n\t<meta name=\"twitter:data1\" content=\"Telinha\" \/>\n\t<meta name=\"twitter:label2\" content=\"Tempo estimado de leitura\" \/>\n\t<meta name=\"twitter:data2\" content=\"1 minuto\" \/>\n<script type=\"application\/ld+json\" class=\"yoast-schema-graph\">{\"@context\":\"https:\/\/schema.org\",\"@graph\":[{\"@type\":\"Article\",\"@id\":\"https:\/\/portaltela.pt\/noticias\/2026\/03\/04\/area-ocupada-por-favelas-no-brasil-cresce-275-vezes-em-40-anos\/#article\",\"isPartOf\":{\"@id\":\"https:\/\/portaltela.pt\/noticias\/2026\/03\/04\/area-ocupada-por-favelas-no-brasil-cresce-275-vezes-em-40-anos\/\"},\"author\":{\"name\":\"Telinha\",\"@id\":\"https:\/\/portaltela.pt\/#\/schema\/person\/c4278d4a6028830caff9ee44b42d32ed\"},\"headline\":\"\u00c1rea ocupada por favelas no Brasil cresce 2,75 vezes em 40 anos\",\"datePublished\":\"2026-03-04T22:07:00+00:00\",\"mainEntityOfPage\":{\"@id\":\"https:\/\/portaltela.pt\/noticias\/2026\/03\/04\/area-ocupada-por-favelas-no-brasil-cresce-275-vezes-em-40-anos\/\"},\"wordCount\":123,\"image\":{\"@id\":\"https:\/\/portaltela.pt\/noticias\/2026\/03\/04\/area-ocupada-por-favelas-no-brasil-cresce-275-vezes-em-40-anos\/#primaryimage\"},\"thumbnailUrl\":\"https:\/\/portaltela.pt\/s.01k8rhncp4jt1\/2026\/03\/CACHE_780X1200_ANALOG_WATERMARKED_45954373_35062047290077.jpg\",\"keywords\":[\"Brasil\",\"demografia\",\"desenvolvimento urbano sustent\u00e1vel\",\"habita\u00e7\u00e3o\",\"habita\u00e7\u00e3o social\",\"urbanismo\"],\"articleSection\":[\"Not\u00edcias\"],\"inLanguage\":\"pt-PT\"},{\"@type\":\"WebPage\",\"@id\":\"https:\/\/portaltela.pt\/noticias\/2026\/03\/04\/area-ocupada-por-favelas-no-brasil-cresce-275-vezes-em-40-anos\/\",\"url\":\"https:\/\/portaltela.pt\/noticias\/2026\/03\/04\/area-ocupada-por-favelas-no-brasil-cresce-275-vezes-em-40-anos\/\",\"name\":\"\u00c1rea ocupada por favelas no Brasil cresce 2,75 vezes em 40 anos - Portal Tela Portugal\",\"isPartOf\":{\"@id\":\"https:\/\/portaltela.pt\/#website\"},\"primaryImageOfPage\":{\"@id\":\"https:\/\/portaltela.pt\/noticias\/2026\/03\/04\/area-ocupada-por-favelas-no-brasil-cresce-275-vezes-em-40-anos\/#primaryimage\"},\"image\":{\"@id\":\"https:\/\/portaltela.pt\/noticias\/2026\/03\/04\/area-ocupada-por-favelas-no-brasil-cresce-275-vezes-em-40-anos\/#primaryimage\"},\"thumbnailUrl\":\"https:\/\/portaltela.pt\/s.01k8rhncp4jt1\/2026\/03\/CACHE_780X1200_ANALOG_WATERMARKED_45954373_35062047290077.jpg\",\"datePublished\":\"2026-03-04T22:07:00+00:00\",\"author\":{\"@id\":\"https:\/\/portaltela.pt\/#\/schema\/person\/c4278d4a6028830caff9ee44b42d32ed\"},\"breadcrumb\":{\"@id\":\"https:\/\/portaltela.pt\/noticias\/2026\/03\/04\/area-ocupada-por-favelas-no-brasil-cresce-275-vezes-em-40-anos\/#breadcrumb\"},\"inLanguage\":\"pt-PT\",\"potentialAction\":[{\"@type\":\"ReadAction\",\"target\":[\"https:\/\/portaltela.pt\/noticias\/2026\/03\/04\/area-ocupada-por-favelas-no-brasil-cresce-275-vezes-em-40-anos\/\"]}]},{\"@type\":\"ImageObject\",\"inLanguage\":\"pt-PT\",\"@id\":\"https:\/\/portaltela.pt\/noticias\/2026\/03\/04\/area-ocupada-por-favelas-no-brasil-cresce-275-vezes-em-40-anos\/#primaryimage\",\"url\":\"https:\/\/portaltela.pt\/s.01k8rhncp4jt1\/2026\/03\/CACHE_780X1200_ANALOG_WATERMARKED_45954373_35062047290077.jpg\",\"contentUrl\":\"https:\/\/portaltela.pt\/s.01k8rhncp4jt1\/2026\/03\/CACHE_780X1200_ANALOG_WATERMARKED_45954373_35062047290077.jpg\",\"width\":796,\"height\":448,\"caption\":\"A\u00e9rea ocupada por favelas cresce 2,75 vezes no Brasil em 40 anos\"},{\"@type\":\"BreadcrumbList\",\"@id\":\"https:\/\/portaltela.pt\/noticias\/2026\/03\/04\/area-ocupada-por-favelas-no-brasil-cresce-275-vezes-em-40-anos\/#breadcrumb\",\"itemListElement\":[{\"@type\":\"ListItem\",\"position\":1,\"name\":\"In\u00edcio\",\"item\":\"https:\/\/portaltela.pt\/\"},{\"@type\":\"ListItem\",\"position\":2,\"name\":\"\u00c1rea ocupada por favelas no Brasil cresce 2,75 vezes em 40 anos\"}]},{\"@type\":\"WebSite\",\"@id\":\"https:\/\/portaltela.pt\/#website\",\"url\":\"https:\/\/portaltela.pt\/\",\"name\":\"Portal Tela Portugal\",\"description\":\"\",\"potentialAction\":[{\"@type\":\"SearchAction\",\"target\":{\"@type\":\"EntryPoint\",\"urlTemplate\":\"https:\/\/portaltela.pt\/?s={search_term_string}\"},\"query-input\":{\"@type\":\"PropertyValueSpecification\",\"valueRequired\":true,\"valueName\":\"search_term_string\"}}],\"inLanguage\":\"pt-PT\"},{\"@type\":\"Person\",\"@id\":\"https:\/\/portaltela.pt\/#\/schema\/person\/c4278d4a6028830caff9ee44b42d32ed\",\"name\":\"Telinha\",\"image\":{\"@type\":\"ImageObject\",\"inLanguage\":\"pt-PT\",\"@id\":\"https:\/\/portaltela.pt\/s.01k8rhncp4jt1\/2025\/11\/talking-bot-125x125.png\",\"url\":\"https:\/\/portaltela.pt\/s.01k8rhncp4jt1\/2025\/11\/talking-bot-125x125.png\",\"contentUrl\":\"https:\/\/portaltela.pt\/s.01k8rhncp4jt1\/2025\/11\/talking-bot-125x125.png\",\"caption\":\"Telinha\"},\"sameAs\":[\"https:\/\/portaltela.pt\/\"],\"url\":\"https:\/\/portaltela.pt\/por\/367410592786\/\"}]}<\/script>\n<!-- \/ Yoast SEO plugin. -->","yoast_head_json":{"title":"\u00c1rea ocupada por favelas no Brasil cresce 2,75 vezes em 40 anos - Portal Tela Portugal","robots":{"index":"index","follow":"follow","max-snippet":"max-snippet:-1","max-image-preview":"max-image-preview:large","max-video-preview":"max-video-preview:-1"},"og_locale":"pt_PT","og_type":"article","og_title":"\u00c1rea ocupada por favelas no Brasil cresce 2,75 vezes em 40 anos - Portal Tela Portugal","og_description":"A \u00e1rea ocupada por favelas no Brasil cresceu 2,75 vezes em quarenta anos. O aumento ocorreu acima do ritmo de expans\u00e3o das \u00e1reas urbanizadas. O estudo foi divulgado hoje.","og_url":"https:\/\/portaltela.pt\/noticias\/2026\/03\/04\/area-ocupada-por-favelas-no-brasil-cresce-275-vezes-em-40-anos\/","og_site_name":"Portal Tela Portugal","article_published_time":"2026-03-04T22:07:00+00:00","author":"Telinha","twitter_card":"summary_large_image","twitter_misc":{"Escrito por":"Telinha","Tempo estimado de leitura":"1 minuto"},"schema":{"@context":"https:\/\/schema.org","@graph":[{"@type":"Article","@id":"https:\/\/portaltela.pt\/noticias\/2026\/03\/04\/area-ocupada-por-favelas-no-brasil-cresce-275-vezes-em-40-anos\/#article","isPartOf":{"@id":"https:\/\/portaltela.pt\/noticias\/2026\/03\/04\/area-ocupada-por-favelas-no-brasil-cresce-275-vezes-em-40-anos\/"},"author":{"name":"Telinha","@id":"https:\/\/portaltela.pt\/#\/schema\/person\/c4278d4a6028830caff9ee44b42d32ed"},"headline":"\u00c1rea ocupada por favelas no Brasil cresce 2,75 vezes em 40 anos","datePublished":"2026-03-04T22:07:00+00:00","mainEntityOfPage":{"@id":"https:\/\/portaltela.pt\/noticias\/2026\/03\/04\/area-ocupada-por-favelas-no-brasil-cresce-275-vezes-em-40-anos\/"},"wordCount":123,"image":{"@id":"https:\/\/portaltela.pt\/noticias\/2026\/03\/04\/area-ocupada-por-favelas-no-brasil-cresce-275-vezes-em-40-anos\/#primaryimage"},"thumbnailUrl":"https:\/\/portaltela.pt\/s.01k8rhncp4jt1\/2026\/03\/CACHE_780X1200_ANALOG_WATERMARKED_45954373_35062047290077.jpg","keywords":["Brasil","demografia","desenvolvimento urbano sustent\u00e1vel","habita\u00e7\u00e3o","habita\u00e7\u00e3o social","urbanismo"],"articleSection":["Not\u00edcias"],"inLanguage":"pt-PT"},{"@type":"WebPage","@id":"https:\/\/portaltela.pt\/noticias\/2026\/03\/04\/area-ocupada-por-favelas-no-brasil-cresce-275-vezes-em-40-anos\/","url":"https:\/\/portaltela.pt\/noticias\/2026\/03\/04\/area-ocupada-por-favelas-no-brasil-cresce-275-vezes-em-40-anos\/","name":"\u00c1rea ocupada por favelas no Brasil cresce 2,75 vezes em 40 anos - Portal Tela Portugal","isPartOf":{"@id":"https:\/\/portaltela.pt\/#website"},"primaryImageOfPage":{"@id":"https:\/\/portaltela.pt\/noticias\/2026\/03\/04\/area-ocupada-por-favelas-no-brasil-cresce-275-vezes-em-40-anos\/#primaryimage"},"image":{"@id":"https:\/\/portaltela.pt\/noticias\/2026\/03\/04\/area-ocupada-por-favelas-no-brasil-cresce-275-vezes-em-40-anos\/#primaryimage"},"thumbnailUrl":"https:\/\/portaltela.pt\/s.01k8rhncp4jt1\/2026\/03\/CACHE_780X1200_ANALOG_WATERMARKED_45954373_35062047290077.jpg","datePublished":"2026-03-04T22:07:00+00:00","author":{"@id":"https:\/\/portaltela.pt\/#\/schema\/person\/c4278d4a6028830caff9ee44b42d32ed"},"breadcrumb":{"@id":"https:\/\/portaltela.pt\/noticias\/2026\/03\/04\/area-ocupada-por-favelas-no-brasil-cresce-275-vezes-em-40-anos\/#breadcrumb"},"inLanguage":"pt-PT","potentialAction":[{"@type":"ReadAction","target":["https:\/\/portaltela.pt\/noticias\/2026\/03\/04\/area-ocupada-por-favelas-no-brasil-cresce-275-vezes-em-40-anos\/"]}]},{"@type":"ImageObject","inLanguage":"pt-PT","@id":"https:\/\/portaltela.pt\/noticias\/2026\/03\/04\/area-ocupada-por-favelas-no-brasil-cresce-275-vezes-em-40-anos\/#primaryimage","url":"https:\/\/portaltela.pt\/s.01k8rhncp4jt1\/2026\/03\/CACHE_780X1200_ANALOG_WATERMARKED_45954373_35062047290077.jpg","contentUrl":"https:\/\/portaltela.pt\/s.01k8rhncp4jt1\/2026\/03\/CACHE_780X1200_ANALOG_WATERMARKED_45954373_35062047290077.jpg","width":796,"height":448,"caption":"A\u00e9rea ocupada por favelas cresce 2,75 vezes no Brasil em 40 anos"},{"@type":"BreadcrumbList","@id":"https:\/\/portaltela.pt\/noticias\/2026\/03\/04\/area-ocupada-por-favelas-no-brasil-cresce-275-vezes-em-40-anos\/#breadcrumb","itemListElement":[{"@type":"ListItem","position":1,"name":"In\u00edcio","item":"https:\/\/portaltela.pt\/"},{"@type":"ListItem","position":2,"name":"\u00c1rea ocupada por favelas no Brasil cresce 2,75 vezes em 40 anos"}]},{"@type":"WebSite","@id":"https:\/\/portaltela.pt\/#website","url":"https:\/\/portaltela.pt\/","name":"Portal Tela Portugal","description":"","potentialAction":[{"@type":"SearchAction","target":{"@type":"EntryPoint","urlTemplate":"https:\/\/portaltela.pt\/?s={search_term_string}"},"query-input":{"@type":"PropertyValueSpecification","valueRequired":true,"valueName":"search_term_string"}}],"inLanguage":"pt-PT"},{"@type":"Person","@id":"https:\/\/portaltela.pt\/#\/schema\/person\/c4278d4a6028830caff9ee44b42d32ed","name":"Telinha","image":{"@type":"ImageObject","inLanguage":"pt-PT","@id":"https:\/\/portaltela.pt\/s.01k8rhncp4jt1\/2025\/11\/talking-bot-125x125.png","url":"https:\/\/portaltela.pt\/s.01k8rhncp4jt1\/2025\/11\/talking-bot-125x125.png","contentUrl":"https:\/\/portaltela.pt\/s.01k8rhncp4jt1\/2025\/11\/talking-bot-125x125.png","caption":"Telinha"},"sameAs":["https:\/\/portaltela.pt\/"],"url":"https:\/\/portaltela.pt\/por\/367410592786\/"}]}},"_links":{"self":[{"href":"https:\/\/portaltela.pt\/api\/wp\/v2\/posts\/397916","targetHints":{"allow":["GET"]}}],"collection":[{"href":"https:\/\/portaltela.pt\/api\/wp\/v2\/posts"}],"about":[{"href":"https:\/\/portaltela.pt\/api\/wp\/v2\/types\/post"}],"author":[{"embeddable":true,"href":"https:\/\/portaltela.pt\/api\/wp\/v2\/users\/2"}],"replies":[{"embeddable":true,"href":"https:\/\/portaltela.pt\/api\/wp\/v2\/comments?post=397916"}],"version-history":[{"count":0,"href":"https:\/\/portaltela.pt\/api\/wp\/v2\/posts\/397916\/revisions"}],"wp:featuredmedia":[{"embeddable":true,"href":"https:\/\/portaltela.pt\/api\/wp\/v2\/media\/397925"}],"wp:attachment":[{"href":"https:\/\/portaltela.pt\/api\/wp\/v2\/media?parent=397916"}],"wp:term":[{"taxonomy":"category","embeddable":true,"href":"https:\/\/portaltela.pt\/api\/wp\/v2\/categories?post=397916"},{"taxonomy":"post_tag","embeddable":true,"href":"https:\/\/portaltela.pt\/api\/wp\/v2\/tags?post=397916"}],"curies":[{"name":"wp","href":"https:\/\/api.w.org\/{rel}","templated":true}]}}