{"id":397898,"date":"2026-03-04T18:39:00","date_gmt":"2026-03-04T21:39:00","guid":{"rendered":"https:\/\/portaltela.pt\/noticias\/2026\/03\/04\/primeiro-voo-de-repatriamento-de-portugueses-do-dubai-chega-a-lisboa\/"},"modified":"2026-03-04T18:39:00","modified_gmt":"2026-03-04T21:39:00","slug":"primeiro-voo-de-repatriamento-de-portugueses-do-dubai-chega-a-lisboa","status":"publish","type":"post","link":"https:\/\/portaltela.pt\/noticias\/internacional\/2026\/03\/04\/primeiro-voo-de-repatriamento-de-portugueses-do-dubai-chega-a-lisboa\/","title":{"rendered":"Primeiro voo de repatriamento de portugueses do Dubai chega a Lisboa"},"content":{"rendered":"<p>O primeiro voo de repatriamento de portugueses vindo do Dubai chegou a Lisboa, aterrando \u00e0s 19h30 no Aeroporto Humberto Delgado. A opera\u00e7\u00e3o foi desencadeada face ao agravamento da inseguran\u00e7a no Golfo e contou com 122 portugueses a bordo, num voo comercial da Emirates.<\/p>\n<p>\u00c0 chegada, um cidad\u00e3o informou que foi contactado rapidamente pelos servi\u00e7os consulares de Portugal, embora n\u00e3o fosse residente nos Emirados \u00c1rabes Unidos. O regresso aconteceu com meios pr\u00f3prios, e o viajante informou o consulado para libertar o lugar no futuro voo de outro compatriota.<\/p>\n<p>A opera\u00e7\u00e3o decorre no contexto de repatriamentos de v\u00e1rios pa\u00edses europeus, incluindo Espanha, \u00e0 medida que cresce a tens\u00e3o na regi\u00e3o. Ataques entre Estados Unidos, Israel e Ir\u00e3o, bem como reac\u00e7\u00f5es iranianas, contribu\u00edram para a suspens\u00e3o de muitos voos e restri\u00e7\u00f5es no espa\u00e7o a\u00e9reo regional.<\/p>\n<h3>Contexto regional<\/h3>\n<p>Pol\u00edticas de repatriamento t\u00eam sido adaptadas por governos europeus face \u00e0 escalada militar na regi\u00e3o, procurando facilitar o retorno de cidad\u00e3os e manter canais de comunica\u00e7\u00e3o consulares abertos.<\/p>\n<h3>Pr\u00f3ximos passos<\/h3>\n<p>Autoridades portuguesas n\u00e3o divulgaram n\u00fameros adicionais de voos previstos, mas indicam continuidade de opera\u00e7\u00f5es conforme a situa\u00e7\u00e3o regional evolua. O objetivo \u00e9 garantir transporte seguro e organizado para quem pretende regressar.<\/p>\n","protected":false},"excerpt":{"rendered":"<ul>\n<li>O primeiro voo de repatriamento de portugueses vindo do Dubai chegou a Lisboa \u00e0s 19h30, aterrando no Aeroporto Humberto Delgado, com 122 passageiros.<\/li>\n<li>\u00c0 chegada, um dos portugueses informou ter sido rapidamente contactado pelos servi\u00e7os consulares portugueses, apesar de n\u00e3o residir nos Emirados \u00c1rabes Unidos.<\/li>\n<li>O cidad\u00e3o regressou a Portugal com meios pr\u00f3prios e informou o consulado da viagem para libertar o lugar num futuro voo para outro portugu\u00eas.<\/li>\n<li>O repatriamento ocorre na sequ\u00eancia do agravamento da situa\u00e7\u00e3o de inseguran\u00e7a no Golfo, com escalada militar entre os EUA\/Israel e o Ir\u00e3o.<\/li>\n<li>Governos de v\u00e1rios pa\u00edses europeus, incluindo Espanha, est\u00e3o a realizar repatriamentos semelhantes devido \u00e0 limita\u00e7\u00e3o de voos na regi\u00e3o.<\/li>\n<\/ul>\n","protected":false},"author":2,"featured_media":397901,"comment_status":"closed","ping_status":"closed","sticky":false,"template":"","format":"standard","meta":{"footnotes":""},"categories":[4,1],"tags":[2625,3302,2333,6069,712,1014],"class_list":["post-397898","post","type-post","status-publish","format-standard","has-post-thumbnail","hentry","category-internacional","category-noticias","tag-aeronautica","tag-aeroportos","tag-consulados","tag-emirates","tag-imigracao","tag-portugal"],"yoast_head":"<!-- This site is optimized with the Yoast SEO plugin v27.2 - https:\/\/yoast.com\/product\/yoast-seo-wordpress\/ -->\n<title>Primeiro voo de repatriamento de portugueses do Dubai chega a Lisboa - Portal Tela Portugal<\/title>\n<meta name=\"robots\" content=\"index, follow, max-snippet:-1, max-image-preview:large, max-video-preview:-1\" \/>\n<meta property=\"og:locale\" content=\"pt_PT\" \/>\n<meta property=\"og:type\" content=\"article\" \/>\n<meta property=\"og:title\" content=\"Primeiro voo de repatriamento de portugueses do Dubai chega a Lisboa - Portal Tela Portugal\" \/>\n<meta property=\"og:description\" content=\"O primeiro voo de repatriamento de portugueses vindo do Dubai chegou a Lisboa \u00e0s 19h30, aterrando no Aeroporto Humberto Delgado, com 122 passageiros. \u00c0 chegada, um dos portugueses informou ter sido rapidamente contactado pelos servi\u00e7os consulares portugueses, apesar de n\u00e3o residir nos Emirados \u00c1rabes Unidos. O cidad\u00e3o regressou a Portugal com meios pr\u00f3prios e informou o consulado da viagem para libertar o lugar num futuro voo para outro portugu\u00eas. O repatriamento ocorre na sequ\u00eancia do agravamento da situa\u00e7\u00e3o de inseguran\u00e7a no Golfo, com escalada militar entre os EUA\/Israel e o Ir\u00e3o. Governos de v\u00e1rios pa\u00edses europeus, incluindo Espanha, est\u00e3o a realizar repatriamentos semelhantes devido \u00e0 limita\u00e7\u00e3o de voos na regi\u00e3o.\" \/>\n<meta property=\"og:url\" content=\"https:\/\/portaltela.pt\/noticias\/2026\/03\/04\/primeiro-voo-de-repatriamento-de-portugueses-do-dubai-chega-a-lisboa\/\" \/>\n<meta property=\"og:site_name\" content=\"Portal Tela Portugal\" \/>\n<meta property=\"article:published_time\" content=\"2026-03-04T21:39:00+00:00\" \/>\n<meta name=\"author\" content=\"Telinha\" \/>\n<meta name=\"twitter:card\" content=\"summary_large_image\" \/>\n<meta name=\"twitter:label1\" content=\"Escrito por\" \/>\n\t<meta name=\"twitter:data1\" content=\"Telinha\" \/>\n\t<meta name=\"twitter:label2\" content=\"Tempo estimado de leitura\" \/>\n\t<meta name=\"twitter:data2\" content=\"1 minuto\" \/>\n<script type=\"application\/ld+json\" class=\"yoast-schema-graph\">{\"@context\":\"https:\/\/schema.org\",\"@graph\":[{\"@type\":\"Article\",\"@id\":\"https:\/\/portaltela.pt\/noticias\/2026\/03\/04\/primeiro-voo-de-repatriamento-de-portugueses-do-dubai-chega-a-lisboa\/#article\",\"isPartOf\":{\"@id\":\"https:\/\/portaltela.pt\/noticias\/2026\/03\/04\/primeiro-voo-de-repatriamento-de-portugueses-do-dubai-chega-a-lisboa\/\"},\"author\":{\"name\":\"Telinha\",\"@id\":\"https:\/\/portaltela.pt\/#\/schema\/person\/c4278d4a6028830caff9ee44b42d32ed\"},\"headline\":\"Primeiro voo de repatriamento de portugueses do Dubai chega a Lisboa\",\"datePublished\":\"2026-03-04T21:39:00+00:00\",\"mainEntityOfPage\":{\"@id\":\"https:\/\/portaltela.pt\/noticias\/2026\/03\/04\/primeiro-voo-de-repatriamento-de-portugueses-do-dubai-chega-a-lisboa\/\"},\"wordCount\":229,\"image\":{\"@id\":\"https:\/\/portaltela.pt\/noticias\/2026\/03\/04\/primeiro-voo-de-repatriamento-de-portugueses-do-dubai-chega-a-lisboa\/#primaryimage\"},\"thumbnailUrl\":\"https:\/\/portaltela.pt\/s.01k8rhncp4jt1\/2026\/03\/image-257.jpg\",\"keywords\":[\"aeron\u00e1utica\",\"aeroportos\",\"consulados\",\"Emirates\",\"imigra\u00e7\u00e3o\",\"Portugal\"],\"articleSection\":[\"Internacional\",\"Not\u00edcias\"],\"inLanguage\":\"pt-PT\"},{\"@type\":\"WebPage\",\"@id\":\"https:\/\/portaltela.pt\/noticias\/2026\/03\/04\/primeiro-voo-de-repatriamento-de-portugueses-do-dubai-chega-a-lisboa\/\",\"url\":\"https:\/\/portaltela.pt\/noticias\/2026\/03\/04\/primeiro-voo-de-repatriamento-de-portugueses-do-dubai-chega-a-lisboa\/\",\"name\":\"Primeiro voo de repatriamento de portugueses do Dubai chega a Lisboa - Portal Tela Portugal\",\"isPartOf\":{\"@id\":\"https:\/\/portaltela.pt\/#website\"},\"primaryImageOfPage\":{\"@id\":\"https:\/\/portaltela.pt\/noticias\/2026\/03\/04\/primeiro-voo-de-repatriamento-de-portugueses-do-dubai-chega-a-lisboa\/#primaryimage\"},\"image\":{\"@id\":\"https:\/\/portaltela.pt\/noticias\/2026\/03\/04\/primeiro-voo-de-repatriamento-de-portugueses-do-dubai-chega-a-lisboa\/#primaryimage\"},\"thumbnailUrl\":\"https:\/\/portaltela.pt\/s.01k8rhncp4jt1\/2026\/03\/image-257.jpg\",\"datePublished\":\"2026-03-04T21:39:00+00:00\",\"author\":{\"@id\":\"https:\/\/portaltela.pt\/#\/schema\/person\/c4278d4a6028830caff9ee44b42d32ed\"},\"breadcrumb\":{\"@id\":\"https:\/\/portaltela.pt\/noticias\/2026\/03\/04\/primeiro-voo-de-repatriamento-de-portugueses-do-dubai-chega-a-lisboa\/#breadcrumb\"},\"inLanguage\":\"pt-PT\",\"potentialAction\":[{\"@type\":\"ReadAction\",\"target\":[\"https:\/\/portaltela.pt\/noticias\/2026\/03\/04\/primeiro-voo-de-repatriamento-de-portugueses-do-dubai-chega-a-lisboa\/\"]}]},{\"@type\":\"ImageObject\",\"inLanguage\":\"pt-PT\",\"@id\":\"https:\/\/portaltela.pt\/noticias\/2026\/03\/04\/primeiro-voo-de-repatriamento-de-portugueses-do-dubai-chega-a-lisboa\/#primaryimage\",\"url\":\"https:\/\/portaltela.pt\/s.01k8rhncp4jt1\/2026\/03\/image-257.jpg\",\"contentUrl\":\"https:\/\/portaltela.pt\/s.01k8rhncp4jt1\/2026\/03\/image-257.jpg\",\"width\":796,\"height\":448,\"caption\":\"Os 122 portugueses regressaram a Portugal num voo comercial da companhia a\u00e9rea Emirates\"},{\"@type\":\"BreadcrumbList\",\"@id\":\"https:\/\/portaltela.pt\/noticias\/2026\/03\/04\/primeiro-voo-de-repatriamento-de-portugueses-do-dubai-chega-a-lisboa\/#breadcrumb\",\"itemListElement\":[{\"@type\":\"ListItem\",\"position\":1,\"name\":\"In\u00edcio\",\"item\":\"https:\/\/portaltela.pt\/\"},{\"@type\":\"ListItem\",\"position\":2,\"name\":\"Primeiro voo de repatriamento de portugueses do Dubai chega a Lisboa\"}]},{\"@type\":\"WebSite\",\"@id\":\"https:\/\/portaltela.pt\/#website\",\"url\":\"https:\/\/portaltela.pt\/\",\"name\":\"Portal Tela Portugal\",\"description\":\"\",\"potentialAction\":[{\"@type\":\"SearchAction\",\"target\":{\"@type\":\"EntryPoint\",\"urlTemplate\":\"https:\/\/portaltela.pt\/?s={search_term_string}\"},\"query-input\":{\"@type\":\"PropertyValueSpecification\",\"valueRequired\":true,\"valueName\":\"search_term_string\"}}],\"inLanguage\":\"pt-PT\"},{\"@type\":\"Person\",\"@id\":\"https:\/\/portaltela.pt\/#\/schema\/person\/c4278d4a6028830caff9ee44b42d32ed\",\"name\":\"Telinha\",\"image\":{\"@type\":\"ImageObject\",\"inLanguage\":\"pt-PT\",\"@id\":\"https:\/\/portaltela.pt\/s.01k8rhncp4jt1\/2025\/11\/talking-bot-125x125.png\",\"url\":\"https:\/\/portaltela.pt\/s.01k8rhncp4jt1\/2025\/11\/talking-bot-125x125.png\",\"contentUrl\":\"https:\/\/portaltela.pt\/s.01k8rhncp4jt1\/2025\/11\/talking-bot-125x125.png\",\"caption\":\"Telinha\"},\"sameAs\":[\"https:\/\/portaltela.pt\/\"],\"url\":\"https:\/\/portaltela.pt\/por\/367410592786\/\"}]}<\/script>\n<!-- \/ Yoast SEO plugin. -->","yoast_head_json":{"title":"Primeiro voo de repatriamento de portugueses do Dubai chega a Lisboa - Portal Tela Portugal","robots":{"index":"index","follow":"follow","max-snippet":"max-snippet:-1","max-image-preview":"max-image-preview:large","max-video-preview":"max-video-preview:-1"},"og_locale":"pt_PT","og_type":"article","og_title":"Primeiro voo de repatriamento de portugueses do Dubai chega a Lisboa - Portal Tela Portugal","og_description":"O primeiro voo de repatriamento de portugueses vindo do Dubai chegou a Lisboa \u00e0s 19h30, aterrando no Aeroporto Humberto Delgado, com 122 passageiros. \u00c0 chegada, um dos portugueses informou ter sido rapidamente contactado pelos servi\u00e7os consulares portugueses, apesar de n\u00e3o residir nos Emirados \u00c1rabes Unidos. O cidad\u00e3o regressou a Portugal com meios pr\u00f3prios e informou o consulado da viagem para libertar o lugar num futuro voo para outro portugu\u00eas. O repatriamento ocorre na sequ\u00eancia do agravamento da situa\u00e7\u00e3o de inseguran\u00e7a no Golfo, com escalada militar entre os EUA\/Israel e o Ir\u00e3o. Governos de v\u00e1rios pa\u00edses europeus, incluindo Espanha, est\u00e3o a realizar repatriamentos semelhantes devido \u00e0 limita\u00e7\u00e3o de voos na regi\u00e3o.","og_url":"https:\/\/portaltela.pt\/noticias\/2026\/03\/04\/primeiro-voo-de-repatriamento-de-portugueses-do-dubai-chega-a-lisboa\/","og_site_name":"Portal Tela Portugal","article_published_time":"2026-03-04T21:39:00+00:00","author":"Telinha","twitter_card":"summary_large_image","twitter_misc":{"Escrito por":"Telinha","Tempo estimado de leitura":"1 minuto"},"schema":{"@context":"https:\/\/schema.org","@graph":[{"@type":"Article","@id":"https:\/\/portaltela.pt\/noticias\/2026\/03\/04\/primeiro-voo-de-repatriamento-de-portugueses-do-dubai-chega-a-lisboa\/#article","isPartOf":{"@id":"https:\/\/portaltela.pt\/noticias\/2026\/03\/04\/primeiro-voo-de-repatriamento-de-portugueses-do-dubai-chega-a-lisboa\/"},"author":{"name":"Telinha","@id":"https:\/\/portaltela.pt\/#\/schema\/person\/c4278d4a6028830caff9ee44b42d32ed"},"headline":"Primeiro voo de repatriamento de portugueses do Dubai chega a Lisboa","datePublished":"2026-03-04T21:39:00+00:00","mainEntityOfPage":{"@id":"https:\/\/portaltela.pt\/noticias\/2026\/03\/04\/primeiro-voo-de-repatriamento-de-portugueses-do-dubai-chega-a-lisboa\/"},"wordCount":229,"image":{"@id":"https:\/\/portaltela.pt\/noticias\/2026\/03\/04\/primeiro-voo-de-repatriamento-de-portugueses-do-dubai-chega-a-lisboa\/#primaryimage"},"thumbnailUrl":"https:\/\/portaltela.pt\/s.01k8rhncp4jt1\/2026\/03\/image-257.jpg","keywords":["aeron\u00e1utica","aeroportos","consulados","Emirates","imigra\u00e7\u00e3o","Portugal"],"articleSection":["Internacional","Not\u00edcias"],"inLanguage":"pt-PT"},{"@type":"WebPage","@id":"https:\/\/portaltela.pt\/noticias\/2026\/03\/04\/primeiro-voo-de-repatriamento-de-portugueses-do-dubai-chega-a-lisboa\/","url":"https:\/\/portaltela.pt\/noticias\/2026\/03\/04\/primeiro-voo-de-repatriamento-de-portugueses-do-dubai-chega-a-lisboa\/","name":"Primeiro voo de repatriamento de portugueses do Dubai chega a Lisboa - Portal Tela Portugal","isPartOf":{"@id":"https:\/\/portaltela.pt\/#website"},"primaryImageOfPage":{"@id":"https:\/\/portaltela.pt\/noticias\/2026\/03\/04\/primeiro-voo-de-repatriamento-de-portugueses-do-dubai-chega-a-lisboa\/#primaryimage"},"image":{"@id":"https:\/\/portaltela.pt\/noticias\/2026\/03\/04\/primeiro-voo-de-repatriamento-de-portugueses-do-dubai-chega-a-lisboa\/#primaryimage"},"thumbnailUrl":"https:\/\/portaltela.pt\/s.01k8rhncp4jt1\/2026\/03\/image-257.jpg","datePublished":"2026-03-04T21:39:00+00:00","author":{"@id":"https:\/\/portaltela.pt\/#\/schema\/person\/c4278d4a6028830caff9ee44b42d32ed"},"breadcrumb":{"@id":"https:\/\/portaltela.pt\/noticias\/2026\/03\/04\/primeiro-voo-de-repatriamento-de-portugueses-do-dubai-chega-a-lisboa\/#breadcrumb"},"inLanguage":"pt-PT","potentialAction":[{"@type":"ReadAction","target":["https:\/\/portaltela.pt\/noticias\/2026\/03\/04\/primeiro-voo-de-repatriamento-de-portugueses-do-dubai-chega-a-lisboa\/"]}]},{"@type":"ImageObject","inLanguage":"pt-PT","@id":"https:\/\/portaltela.pt\/noticias\/2026\/03\/04\/primeiro-voo-de-repatriamento-de-portugueses-do-dubai-chega-a-lisboa\/#primaryimage","url":"https:\/\/portaltela.pt\/s.01k8rhncp4jt1\/2026\/03\/image-257.jpg","contentUrl":"https:\/\/portaltela.pt\/s.01k8rhncp4jt1\/2026\/03\/image-257.jpg","width":796,"height":448,"caption":"Os 122 portugueses regressaram a Portugal num voo comercial da companhia a\u00e9rea Emirates"},{"@type":"BreadcrumbList","@id":"https:\/\/portaltela.pt\/noticias\/2026\/03\/04\/primeiro-voo-de-repatriamento-de-portugueses-do-dubai-chega-a-lisboa\/#breadcrumb","itemListElement":[{"@type":"ListItem","position":1,"name":"In\u00edcio","item":"https:\/\/portaltela.pt\/"},{"@type":"ListItem","position":2,"name":"Primeiro voo de repatriamento de portugueses do Dubai chega a Lisboa"}]},{"@type":"WebSite","@id":"https:\/\/portaltela.pt\/#website","url":"https:\/\/portaltela.pt\/","name":"Portal Tela Portugal","description":"","potentialAction":[{"@type":"SearchAction","target":{"@type":"EntryPoint","urlTemplate":"https:\/\/portaltela.pt\/?s={search_term_string}"},"query-input":{"@type":"PropertyValueSpecification","valueRequired":true,"valueName":"search_term_string"}}],"inLanguage":"pt-PT"},{"@type":"Person","@id":"https:\/\/portaltela.pt\/#\/schema\/person\/c4278d4a6028830caff9ee44b42d32ed","name":"Telinha","image":{"@type":"ImageObject","inLanguage":"pt-PT","@id":"https:\/\/portaltela.pt\/s.01k8rhncp4jt1\/2025\/11\/talking-bot-125x125.png","url":"https:\/\/portaltela.pt\/s.01k8rhncp4jt1\/2025\/11\/talking-bot-125x125.png","contentUrl":"https:\/\/portaltela.pt\/s.01k8rhncp4jt1\/2025\/11\/talking-bot-125x125.png","caption":"Telinha"},"sameAs":["https:\/\/portaltela.pt\/"],"url":"https:\/\/portaltela.pt\/por\/367410592786\/"}]}},"_links":{"self":[{"href":"https:\/\/portaltela.pt\/api\/wp\/v2\/posts\/397898","targetHints":{"allow":["GET"]}}],"collection":[{"href":"https:\/\/portaltela.pt\/api\/wp\/v2\/posts"}],"about":[{"href":"https:\/\/portaltela.pt\/api\/wp\/v2\/types\/post"}],"author":[{"embeddable":true,"href":"https:\/\/portaltela.pt\/api\/wp\/v2\/users\/2"}],"replies":[{"embeddable":true,"href":"https:\/\/portaltela.pt\/api\/wp\/v2\/comments?post=397898"}],"version-history":[{"count":0,"href":"https:\/\/portaltela.pt\/api\/wp\/v2\/posts\/397898\/revisions"}],"wp:featuredmedia":[{"embeddable":true,"href":"https:\/\/portaltela.pt\/api\/wp\/v2\/media\/397901"}],"wp:attachment":[{"href":"https:\/\/portaltela.pt\/api\/wp\/v2\/media?parent=397898"}],"wp:term":[{"taxonomy":"category","embeddable":true,"href":"https:\/\/portaltela.pt\/api\/wp\/v2\/categories?post=397898"},{"taxonomy":"post_tag","embeddable":true,"href":"https:\/\/portaltela.pt\/api\/wp\/v2\/tags?post=397898"}],"curies":[{"name":"wp","href":"https:\/\/api.w.org\/{rel}","templated":true}]}}