{"id":397878,"date":"2026-03-04T18:27:00","date_gmt":"2026-03-04T21:27:00","guid":{"rendered":"https:\/\/portaltela.pt\/noticias\/2026\/03\/04\/corpo-de-francisca-maria-encontrado-oito-meses-apos-o-desaparecimento-em-tabuaco\/"},"modified":"2026-03-04T18:27:00","modified_gmt":"2026-03-04T21:27:00","slug":"corpo-de-francisca-maria-encontrado-oito-meses-apos-o-desaparecimento-em-tabuaco","status":"publish","type":"post","link":"https:\/\/portaltela.pt\/noticias\/2026\/03\/04\/corpo-de-francisca-maria-encontrado-oito-meses-apos-o-desaparecimento-em-tabuaco\/","title":{"rendered":"Corpo de Francisca Maria encontrado oito meses ap\u00f3s o desaparecimento em Tabua\u00e7o"},"content":{"rendered":"<p>O corpo de Francisca Maria foi encontrado oito meses depois do seu desaparecimento em Tabua\u00e7o, segundo a investiga\u00e7\u00e3o do CM publicada a 4 de mar\u00e7o de 2025 na CMTV. A per\u00edcia identifica pertences junto ao local, mas o telem\u00f3vel da v\u00edtima continua por localizar. O caso, que motivou a participa\u00e7\u00e3o da PJ, abriu a porta a v\u00e1rias hip\u00f3teses sobre as circunst\u00e2ncias do desaparecimento.<\/p>\n<p>A investiga\u00e7\u00e3o avan\u00e7a para confirmar a causa da morte e as eventuais rela\u00e7\u00f5es entre os envolvidos. A PJ j\u00e1 ouviu o namorado de Francisca Maria, que est\u00e1 casado com outra mulher, mas ainda n\u00e3o conseguiu estabelecer uma liga\u00e7\u00e3o direta entre o homem e o sucedido. As autoridades continuam a trabalha para esclarecer todos os detalhes.<\/p>\n<h3>Corpo de Francisca Maria encontrado perto de casa<\/h3>\n<p>A localiza\u00e7\u00e3o do corpo ocorreu nas imedia\u00e7\u00f5es da resid\u00eancia da v\u00edtima, onde foram tamb\u00e9m recolhidos alguns pertences. Ainda n\u00e3o foi detetado o telem\u00f3vel, elemento identificado como relevante pela equipa de investiga\u00e7\u00e3o. As autoridades n\u00e3o avan\u00e7aram, para j\u00e1, responsabilidades sobre o caso.<\/p>\n<h3>Outros temas reportados<\/h3>\n<p>Imagens divulgadas mostram tropas israelitas em a\u00e7\u00e3o no sul do L\u00edbano, sem liga\u00e7\u00e3o direta com o caso de Tabua\u00e7o. Em not\u00edcias internacionais, um avi\u00e3o despenhou-se contra duas casas no Arizona, resultando em tr\u00eas feridos. No \u00e2mbito pol\u00edtico, o presidente norte-americano recebeu a nota 15 em 10 pela gest\u00e3o da rela\u00e7\u00e3o com o Ir\u00e3o.<\/p>\n","protected":false},"excerpt":{"rendered":"<ul>\n<li>O corpo de Francisca Maria foi encontrado oito meses ap\u00f3s o seu desaparecimento em Tabua\u00e7o, segundo a informa\u00e7\u00e3o da CM a 4 de mar\u00e7o de 2025 na CMTV.<\/li>\n<li>Foram identificados pertences junto ao corpo, mas o telem\u00f3vel continua por encontrar.<\/li>\n<li>A Pol\u00edcia Judici\u00e1ria (PJ) interrogou o namorado de Francisca Maria, que \u00e9 casado com outra mulher, mas n\u00e3o o conseguiu relacionar ao desaparecimento.<\/li>\n<li>N\u00e3o h\u00e1 ainda liga\u00e7\u00e3o comprovada entre o desaparecimento e os factos investigados pela PJ.<\/li>\n<\/ul>\n","protected":false},"author":2,"featured_media":397888,"comment_status":"closed","ping_status":"closed","sticky":false,"template":"","format":"standard","meta":{"footnotes":""},"categories":[1],"tags":[108,147,2337,215,1802,4531],"class_list":["post-397878","post","type-post","status-publish","format-standard","has-post-thumbnail","hentry","category-noticias","tag-corpo","tag-crime","tag-desaparecidos-internos","tag-investigacao","tag-policia-judiciaria","tag-tabuaco"],"yoast_head":"<!-- This site is optimized with the Yoast SEO plugin v27.2 - https:\/\/yoast.com\/product\/yoast-seo-wordpress\/ -->\n<title>Corpo de Francisca Maria encontrado oito meses ap\u00f3s o desaparecimento em Tabua\u00e7o - Portal Tela Portugal<\/title>\n<meta name=\"robots\" content=\"index, follow, max-snippet:-1, max-image-preview:large, max-video-preview:-1\" \/>\n<meta property=\"og:locale\" content=\"pt_PT\" \/>\n<meta property=\"og:type\" content=\"article\" \/>\n<meta property=\"og:title\" content=\"Corpo de Francisca Maria encontrado oito meses ap\u00f3s o desaparecimento em Tabua\u00e7o - Portal Tela Portugal\" \/>\n<meta property=\"og:description\" content=\"O corpo de Francisca Maria foi encontrado oito meses ap\u00f3s o seu desaparecimento em Tabua\u00e7o, segundo a informa\u00e7\u00e3o da CM a 4 de mar\u00e7o de 2025 na CMTV. Foram identificados pertences junto ao corpo, mas o telem\u00f3vel continua por encontrar. A Pol\u00edcia Judici\u00e1ria (PJ) interrogou o namorado de Francisca Maria, que \u00e9 casado com outra mulher, mas n\u00e3o o conseguiu relacionar ao desaparecimento. N\u00e3o h\u00e1 ainda liga\u00e7\u00e3o comprovada entre o desaparecimento e os factos investigados pela PJ.\" \/>\n<meta property=\"og:url\" content=\"https:\/\/portaltela.pt\/noticias\/2026\/03\/04\/corpo-de-francisca-maria-encontrado-oito-meses-apos-o-desaparecimento-em-tabuaco\/\" \/>\n<meta property=\"og:site_name\" content=\"Portal Tela Portugal\" \/>\n<meta property=\"article:published_time\" content=\"2026-03-04T21:27:00+00:00\" \/>\n<meta name=\"author\" content=\"Telinha\" \/>\n<meta name=\"twitter:card\" content=\"summary_large_image\" \/>\n<meta name=\"twitter:label1\" content=\"Escrito por\" \/>\n\t<meta name=\"twitter:data1\" content=\"Telinha\" \/>\n\t<meta name=\"twitter:label2\" content=\"Tempo estimado de leitura\" \/>\n\t<meta name=\"twitter:data2\" content=\"1 minuto\" \/>\n<script type=\"application\/ld+json\" class=\"yoast-schema-graph\">{\"@context\":\"https:\/\/schema.org\",\"@graph\":[{\"@type\":\"Article\",\"@id\":\"https:\/\/portaltela.pt\/noticias\/2026\/03\/04\/corpo-de-francisca-maria-encontrado-oito-meses-apos-o-desaparecimento-em-tabuaco\/#article\",\"isPartOf\":{\"@id\":\"https:\/\/portaltela.pt\/noticias\/2026\/03\/04\/corpo-de-francisca-maria-encontrado-oito-meses-apos-o-desaparecimento-em-tabuaco\/\"},\"author\":{\"name\":\"Telinha\",\"@id\":\"https:\/\/portaltela.pt\/#\/schema\/person\/c4278d4a6028830caff9ee44b42d32ed\"},\"headline\":\"Corpo de Francisca Maria encontrado oito meses ap\u00f3s o desaparecimento em Tabua\u00e7o\",\"datePublished\":\"2026-03-04T21:27:00+00:00\",\"mainEntityOfPage\":{\"@id\":\"https:\/\/portaltela.pt\/noticias\/2026\/03\/04\/corpo-de-francisca-maria-encontrado-oito-meses-apos-o-desaparecimento-em-tabuaco\/\"},\"wordCount\":269,\"image\":{\"@id\":\"https:\/\/portaltela.pt\/noticias\/2026\/03\/04\/corpo-de-francisca-maria-encontrado-oito-meses-apos-o-desaparecimento-em-tabuaco\/#primaryimage\"},\"thumbnailUrl\":\"https:\/\/portaltela.pt\/s.01k8rhncp4jt1\/2026\/03\/img_1280x722uu2026-03-04-19-13-34-2270416.jpg\",\"keywords\":[\"corpo\",\"crime\",\"desaparecidos internos\",\"investiga\u00e7\u00e3o\",\"Pol\u00edcia Judici\u00e1ria\",\"Tabua\u00e7o\"],\"articleSection\":[\"Not\u00edcias\"],\"inLanguage\":\"pt-PT\"},{\"@type\":\"WebPage\",\"@id\":\"https:\/\/portaltela.pt\/noticias\/2026\/03\/04\/corpo-de-francisca-maria-encontrado-oito-meses-apos-o-desaparecimento-em-tabuaco\/\",\"url\":\"https:\/\/portaltela.pt\/noticias\/2026\/03\/04\/corpo-de-francisca-maria-encontrado-oito-meses-apos-o-desaparecimento-em-tabuaco\/\",\"name\":\"Corpo de Francisca Maria encontrado oito meses ap\u00f3s o desaparecimento em Tabua\u00e7o - Portal Tela Portugal\",\"isPartOf\":{\"@id\":\"https:\/\/portaltela.pt\/#website\"},\"primaryImageOfPage\":{\"@id\":\"https:\/\/portaltela.pt\/noticias\/2026\/03\/04\/corpo-de-francisca-maria-encontrado-oito-meses-apos-o-desaparecimento-em-tabuaco\/#primaryimage\"},\"image\":{\"@id\":\"https:\/\/portaltela.pt\/noticias\/2026\/03\/04\/corpo-de-francisca-maria-encontrado-oito-meses-apos-o-desaparecimento-em-tabuaco\/#primaryimage\"},\"thumbnailUrl\":\"https:\/\/portaltela.pt\/s.01k8rhncp4jt1\/2026\/03\/img_1280x722uu2026-03-04-19-13-34-2270416.jpg\",\"datePublished\":\"2026-03-04T21:27:00+00:00\",\"author\":{\"@id\":\"https:\/\/portaltela.pt\/#\/schema\/person\/c4278d4a6028830caff9ee44b42d32ed\"},\"breadcrumb\":{\"@id\":\"https:\/\/portaltela.pt\/noticias\/2026\/03\/04\/corpo-de-francisca-maria-encontrado-oito-meses-apos-o-desaparecimento-em-tabuaco\/#breadcrumb\"},\"inLanguage\":\"pt-PT\",\"potentialAction\":[{\"@type\":\"ReadAction\",\"target\":[\"https:\/\/portaltela.pt\/noticias\/2026\/03\/04\/corpo-de-francisca-maria-encontrado-oito-meses-apos-o-desaparecimento-em-tabuaco\/\"]}]},{\"@type\":\"ImageObject\",\"inLanguage\":\"pt-PT\",\"@id\":\"https:\/\/portaltela.pt\/noticias\/2026\/03\/04\/corpo-de-francisca-maria-encontrado-oito-meses-apos-o-desaparecimento-em-tabuaco\/#primaryimage\",\"url\":\"https:\/\/portaltela.pt\/s.01k8rhncp4jt1\/2026\/03\/img_1280x722uu2026-03-04-19-13-34-2270416.jpg\",\"contentUrl\":\"https:\/\/portaltela.pt\/s.01k8rhncp4jt1\/2026\/03\/img_1280x722uu2026-03-04-19-13-34-2270416.jpg\",\"width\":796,\"height\":448,\"caption\":\"Photo\"},{\"@type\":\"BreadcrumbList\",\"@id\":\"https:\/\/portaltela.pt\/noticias\/2026\/03\/04\/corpo-de-francisca-maria-encontrado-oito-meses-apos-o-desaparecimento-em-tabuaco\/#breadcrumb\",\"itemListElement\":[{\"@type\":\"ListItem\",\"position\":1,\"name\":\"In\u00edcio\",\"item\":\"https:\/\/portaltela.pt\/\"},{\"@type\":\"ListItem\",\"position\":2,\"name\":\"Corpo de Francisca Maria encontrado oito meses ap\u00f3s o desaparecimento em Tabua\u00e7o\"}]},{\"@type\":\"WebSite\",\"@id\":\"https:\/\/portaltela.pt\/#website\",\"url\":\"https:\/\/portaltela.pt\/\",\"name\":\"Portal Tela Portugal\",\"description\":\"\",\"potentialAction\":[{\"@type\":\"SearchAction\",\"target\":{\"@type\":\"EntryPoint\",\"urlTemplate\":\"https:\/\/portaltela.pt\/?s={search_term_string}\"},\"query-input\":{\"@type\":\"PropertyValueSpecification\",\"valueRequired\":true,\"valueName\":\"search_term_string\"}}],\"inLanguage\":\"pt-PT\"},{\"@type\":\"Person\",\"@id\":\"https:\/\/portaltela.pt\/#\/schema\/person\/c4278d4a6028830caff9ee44b42d32ed\",\"name\":\"Telinha\",\"image\":{\"@type\":\"ImageObject\",\"inLanguage\":\"pt-PT\",\"@id\":\"https:\/\/portaltela.pt\/s.01k8rhncp4jt1\/2025\/11\/talking-bot-125x125.png\",\"url\":\"https:\/\/portaltela.pt\/s.01k8rhncp4jt1\/2025\/11\/talking-bot-125x125.png\",\"contentUrl\":\"https:\/\/portaltela.pt\/s.01k8rhncp4jt1\/2025\/11\/talking-bot-125x125.png\",\"caption\":\"Telinha\"},\"sameAs\":[\"https:\/\/portaltela.pt\/\"],\"url\":\"https:\/\/portaltela.pt\/por\/367410592786\/\"}]}<\/script>\n<!-- \/ Yoast SEO plugin. -->","yoast_head_json":{"title":"Corpo de Francisca Maria encontrado oito meses ap\u00f3s o desaparecimento em Tabua\u00e7o - Portal Tela Portugal","robots":{"index":"index","follow":"follow","max-snippet":"max-snippet:-1","max-image-preview":"max-image-preview:large","max-video-preview":"max-video-preview:-1"},"og_locale":"pt_PT","og_type":"article","og_title":"Corpo de Francisca Maria encontrado oito meses ap\u00f3s o desaparecimento em Tabua\u00e7o - Portal Tela Portugal","og_description":"O corpo de Francisca Maria foi encontrado oito meses ap\u00f3s o seu desaparecimento em Tabua\u00e7o, segundo a informa\u00e7\u00e3o da CM a 4 de mar\u00e7o de 2025 na CMTV. Foram identificados pertences junto ao corpo, mas o telem\u00f3vel continua por encontrar. A Pol\u00edcia Judici\u00e1ria (PJ) interrogou o namorado de Francisca Maria, que \u00e9 casado com outra mulher, mas n\u00e3o o conseguiu relacionar ao desaparecimento. N\u00e3o h\u00e1 ainda liga\u00e7\u00e3o comprovada entre o desaparecimento e os factos investigados pela PJ.","og_url":"https:\/\/portaltela.pt\/noticias\/2026\/03\/04\/corpo-de-francisca-maria-encontrado-oito-meses-apos-o-desaparecimento-em-tabuaco\/","og_site_name":"Portal Tela Portugal","article_published_time":"2026-03-04T21:27:00+00:00","author":"Telinha","twitter_card":"summary_large_image","twitter_misc":{"Escrito por":"Telinha","Tempo estimado de leitura":"1 minuto"},"schema":{"@context":"https:\/\/schema.org","@graph":[{"@type":"Article","@id":"https:\/\/portaltela.pt\/noticias\/2026\/03\/04\/corpo-de-francisca-maria-encontrado-oito-meses-apos-o-desaparecimento-em-tabuaco\/#article","isPartOf":{"@id":"https:\/\/portaltela.pt\/noticias\/2026\/03\/04\/corpo-de-francisca-maria-encontrado-oito-meses-apos-o-desaparecimento-em-tabuaco\/"},"author":{"name":"Telinha","@id":"https:\/\/portaltela.pt\/#\/schema\/person\/c4278d4a6028830caff9ee44b42d32ed"},"headline":"Corpo de Francisca Maria encontrado oito meses ap\u00f3s o desaparecimento em Tabua\u00e7o","datePublished":"2026-03-04T21:27:00+00:00","mainEntityOfPage":{"@id":"https:\/\/portaltela.pt\/noticias\/2026\/03\/04\/corpo-de-francisca-maria-encontrado-oito-meses-apos-o-desaparecimento-em-tabuaco\/"},"wordCount":269,"image":{"@id":"https:\/\/portaltela.pt\/noticias\/2026\/03\/04\/corpo-de-francisca-maria-encontrado-oito-meses-apos-o-desaparecimento-em-tabuaco\/#primaryimage"},"thumbnailUrl":"https:\/\/portaltela.pt\/s.01k8rhncp4jt1\/2026\/03\/img_1280x722uu2026-03-04-19-13-34-2270416.jpg","keywords":["corpo","crime","desaparecidos internos","investiga\u00e7\u00e3o","Pol\u00edcia Judici\u00e1ria","Tabua\u00e7o"],"articleSection":["Not\u00edcias"],"inLanguage":"pt-PT"},{"@type":"WebPage","@id":"https:\/\/portaltela.pt\/noticias\/2026\/03\/04\/corpo-de-francisca-maria-encontrado-oito-meses-apos-o-desaparecimento-em-tabuaco\/","url":"https:\/\/portaltela.pt\/noticias\/2026\/03\/04\/corpo-de-francisca-maria-encontrado-oito-meses-apos-o-desaparecimento-em-tabuaco\/","name":"Corpo de Francisca Maria encontrado oito meses ap\u00f3s o desaparecimento em Tabua\u00e7o - Portal Tela Portugal","isPartOf":{"@id":"https:\/\/portaltela.pt\/#website"},"primaryImageOfPage":{"@id":"https:\/\/portaltela.pt\/noticias\/2026\/03\/04\/corpo-de-francisca-maria-encontrado-oito-meses-apos-o-desaparecimento-em-tabuaco\/#primaryimage"},"image":{"@id":"https:\/\/portaltela.pt\/noticias\/2026\/03\/04\/corpo-de-francisca-maria-encontrado-oito-meses-apos-o-desaparecimento-em-tabuaco\/#primaryimage"},"thumbnailUrl":"https:\/\/portaltela.pt\/s.01k8rhncp4jt1\/2026\/03\/img_1280x722uu2026-03-04-19-13-34-2270416.jpg","datePublished":"2026-03-04T21:27:00+00:00","author":{"@id":"https:\/\/portaltela.pt\/#\/schema\/person\/c4278d4a6028830caff9ee44b42d32ed"},"breadcrumb":{"@id":"https:\/\/portaltela.pt\/noticias\/2026\/03\/04\/corpo-de-francisca-maria-encontrado-oito-meses-apos-o-desaparecimento-em-tabuaco\/#breadcrumb"},"inLanguage":"pt-PT","potentialAction":[{"@type":"ReadAction","target":["https:\/\/portaltela.pt\/noticias\/2026\/03\/04\/corpo-de-francisca-maria-encontrado-oito-meses-apos-o-desaparecimento-em-tabuaco\/"]}]},{"@type":"ImageObject","inLanguage":"pt-PT","@id":"https:\/\/portaltela.pt\/noticias\/2026\/03\/04\/corpo-de-francisca-maria-encontrado-oito-meses-apos-o-desaparecimento-em-tabuaco\/#primaryimage","url":"https:\/\/portaltela.pt\/s.01k8rhncp4jt1\/2026\/03\/img_1280x722uu2026-03-04-19-13-34-2270416.jpg","contentUrl":"https:\/\/portaltela.pt\/s.01k8rhncp4jt1\/2026\/03\/img_1280x722uu2026-03-04-19-13-34-2270416.jpg","width":796,"height":448,"caption":"Photo"},{"@type":"BreadcrumbList","@id":"https:\/\/portaltela.pt\/noticias\/2026\/03\/04\/corpo-de-francisca-maria-encontrado-oito-meses-apos-o-desaparecimento-em-tabuaco\/#breadcrumb","itemListElement":[{"@type":"ListItem","position":1,"name":"In\u00edcio","item":"https:\/\/portaltela.pt\/"},{"@type":"ListItem","position":2,"name":"Corpo de Francisca Maria encontrado oito meses ap\u00f3s o desaparecimento em Tabua\u00e7o"}]},{"@type":"WebSite","@id":"https:\/\/portaltela.pt\/#website","url":"https:\/\/portaltela.pt\/","name":"Portal Tela Portugal","description":"","potentialAction":[{"@type":"SearchAction","target":{"@type":"EntryPoint","urlTemplate":"https:\/\/portaltela.pt\/?s={search_term_string}"},"query-input":{"@type":"PropertyValueSpecification","valueRequired":true,"valueName":"search_term_string"}}],"inLanguage":"pt-PT"},{"@type":"Person","@id":"https:\/\/portaltela.pt\/#\/schema\/person\/c4278d4a6028830caff9ee44b42d32ed","name":"Telinha","image":{"@type":"ImageObject","inLanguage":"pt-PT","@id":"https:\/\/portaltela.pt\/s.01k8rhncp4jt1\/2025\/11\/talking-bot-125x125.png","url":"https:\/\/portaltela.pt\/s.01k8rhncp4jt1\/2025\/11\/talking-bot-125x125.png","contentUrl":"https:\/\/portaltela.pt\/s.01k8rhncp4jt1\/2025\/11\/talking-bot-125x125.png","caption":"Telinha"},"sameAs":["https:\/\/portaltela.pt\/"],"url":"https:\/\/portaltela.pt\/por\/367410592786\/"}]}},"_links":{"self":[{"href":"https:\/\/portaltela.pt\/api\/wp\/v2\/posts\/397878","targetHints":{"allow":["GET"]}}],"collection":[{"href":"https:\/\/portaltela.pt\/api\/wp\/v2\/posts"}],"about":[{"href":"https:\/\/portaltela.pt\/api\/wp\/v2\/types\/post"}],"author":[{"embeddable":true,"href":"https:\/\/portaltela.pt\/api\/wp\/v2\/users\/2"}],"replies":[{"embeddable":true,"href":"https:\/\/portaltela.pt\/api\/wp\/v2\/comments?post=397878"}],"version-history":[{"count":0,"href":"https:\/\/portaltela.pt\/api\/wp\/v2\/posts\/397878\/revisions"}],"wp:featuredmedia":[{"embeddable":true,"href":"https:\/\/portaltela.pt\/api\/wp\/v2\/media\/397888"}],"wp:attachment":[{"href":"https:\/\/portaltela.pt\/api\/wp\/v2\/media?parent=397878"}],"wp:term":[{"taxonomy":"category","embeddable":true,"href":"https:\/\/portaltela.pt\/api\/wp\/v2\/categories?post=397878"},{"taxonomy":"post_tag","embeddable":true,"href":"https:\/\/portaltela.pt\/api\/wp\/v2\/tags?post=397878"}],"curies":[{"name":"wp","href":"https:\/\/api.w.org\/{rel}","templated":true}]}}