{"id":397856,"date":"2026-03-04T18:11:00","date_gmt":"2026-03-04T21:11:00","guid":{"rendered":"https:\/\/portaltela.pt\/noticias\/2026\/03\/04\/primeiras-impressoes-dos-oculos-samsung-frente-aos-apple-vision-pro\/"},"modified":"2026-03-04T18:11:00","modified_gmt":"2026-03-04T21:11:00","slug":"primeiras-impressoes-dos-oculos-samsung-frente-aos-apple-vision-pro","status":"publish","type":"post","link":"https:\/\/portaltela.pt\/noticias\/2026\/03\/04\/primeiras-impressoes-dos-oculos-samsung-frente-aos-apple-vision-pro\/","title":{"rendered":"Primeiras impress\u00f5es dos \u00f3culos Samsung frente aos Apple Vision Pro"},"content":{"rendered":"<p>O Mobile World Congress em Barcelona foi o palco escolhido pela Samsung para apresentar, pela primeira vez na Europa, os Galaxy XR. Os \u00f3culos prometem redefinir a realidade alargada atrav\u00e9s do Android XR, desenvolvido com a Google e com o apoio da Qualcomm. A parceria facilita um ecossistema de computa\u00e7\u00e3o espacial, sem depender do iOS da Apple.<\/p>\n<p>Os Galaxy XR chegam com peso de 545 gramas e um design que prioriza o conforto, facilitado por uma bateria externa. O visor usa dois pain\u00e9is Micro-OLED com 3552 por 3840 p\u00edxeis por olho, oferecendo alta densidade de imagem e suavidade nos elementos virtuais.<\/p>\n<p>O processador Qualcomm Snapdragon XR2+ Gen 2 garante baixa lat\u00eancia, com mapeamento espacial quase instant\u00e2neo. Em Barcelona, a tecnologia permitiu posicionar janelas de aplica\u00e7\u00f5es e objetos 3D com estabilidade em mesas e paredes.<\/p>\n<p>O pre\u00e7o de refer\u00eancia para o mercado dos EUA \u00e9 de 1799,99 d\u00f3lares, sem impostos. Na Europa, ainda sem confirma\u00e7\u00e3o oficial, surgem rumores de valores entre 1899 e 1999 euros, situando o dispositivo num segmento premium, mas mais acess\u00edvel que a concorr\u00eancia direta.<\/p>\n<p>A alma do projeto \u00e9 o Android XR, sistema operativo criado para a nova fase da computa\u00e7\u00e3o espacial. A interface, batizada de Glimmer, usa \u00edcones arredondados e tons de verde, com foco na poupan\u00e7a de energia e conforto visual.<\/p>\n<p>A intera\u00e7\u00e3o \u00e9 dominada por gestos: toque entre polegar e indicador para confirmar, e comandos no ar para navegar. A integra\u00e7\u00e3o com o Gemini Live permite perguntar ao assistente sobre o que se v\u00ea no mundo real, atrav\u00e9s de um bot\u00e3o lateral.<\/p>\n<p>A Samsung refor\u00e7a a privacidade com a Knox Matrix, isolando dados biom\u00e9tricos num chip seguro, incluindo o desbloqueio por \u00edris. H\u00e1 um LED externo que indica quando o dispositivo grava v\u00eddeo ou capta imagens.<\/p>\n<p>As pol\u00edticas de privacidade do Android XR asseguram que os dados brutos das c\u00e2maras n\u00e3o s\u00e3o partilhados com aplica\u00e7\u00f5es de terceiros sem autoriza\u00e7\u00e3o expl\u00edcita, fortalecendo a confian\u00e7a no uso fora de feiras.<\/p>\n<p>A chegada europeia deve ocorrer de forma faseada nos pr\u00f3ximos meses, marcando o in\u00edcio de uma nova corrida entre olhos humanos e realidade digital, com a Samsung a posicionar-se ao lado da Google e da Qualcomm.<\/p>\n","protected":false},"excerpt":{"rendered":"<ul>\n<li>A Samsung revelou os Galaxy XR no Mobile World Congress, em Barcelona, numa colabora\u00e7\u00e3o com Google e Qualcomm para criar um ecossistema de computa\u00e7\u00e3o espacial, concorrente dos Apple Vision Pro.<\/li>\n<li>O dispositivo pesa 545 g, tem bateria externa, utiliza dois pain\u00e9is Micro-OLED com 3552 por 3840 p\u00edxeis por olho e processador Snapdragon XR2+ Gen 2, oferecendo mapeamento de espa\u00e7o quase instant\u00e2neo e janelas est\u00e1veis de apps.<\/li>\n<li>O pre\u00e7o nos EUA \u00e9 $1799,99; na Europa, rumores apontam entre \u20ac1899 e \u20ac1999, situando o produto num patamar premium.<\/li>\n<li>O software \u00e9 o Android XR com a interface Glimmer; a navega\u00e7\u00e3o \u00e9 via gestos e o Gemini Live integra intelig\u00eancia artificial para permitir consultas r\u00e1pidas sobre o que se v\u00ea no mundo real.<\/li>\n<li>A Samsung refor\u00e7a a privacidade com a Knox Matrix e um LED externo que acende quando grava; o Google assegura que dados brutos captados pelas c\u00e2maras n\u00e3o s\u00e3o partilhados sem autoriza\u00e7\u00e3o, com lan\u00e7amento europeu gradual nos pr\u00f3ximos meses.<\/li>\n<\/ul>\n","protected":false},"author":2,"featured_media":397866,"comment_status":"closed","ping_status":"closed","sticky":false,"template":"","format":"standard","meta":{"footnotes":""},"categories":[1],"tags":[33,3562,1677,4536,153],"class_list":["post-397856","post","type-post","status-publish","format-standard","has-post-thumbnail","hentry","category-noticias","tag-inovacao","tag-privacidade","tag-realidade-virtual","tag-seguranca","tag-tecnologia"],"yoast_head":"<!-- This site is optimized with the Yoast SEO plugin v27.2 - https:\/\/yoast.com\/product\/yoast-seo-wordpress\/ -->\n<title>Primeiras impress\u00f5es dos \u00f3culos Samsung frente aos Apple Vision Pro - Portal Tela Portugal<\/title>\n<meta name=\"robots\" content=\"index, follow, max-snippet:-1, max-image-preview:large, max-video-preview:-1\" \/>\n<meta property=\"og:locale\" content=\"pt_PT\" \/>\n<meta property=\"og:type\" content=\"article\" \/>\n<meta property=\"og:title\" content=\"Primeiras impress\u00f5es dos \u00f3culos Samsung frente aos Apple Vision Pro - Portal Tela Portugal\" \/>\n<meta property=\"og:description\" content=\"A Samsung revelou os Galaxy XR no Mobile World Congress, em Barcelona, numa colabora\u00e7\u00e3o com Google e Qualcomm para criar um ecossistema de computa\u00e7\u00e3o espacial, concorrente dos Apple Vision Pro. O dispositivo pesa 545 g, tem bateria externa, utiliza dois pain\u00e9is Micro-OLED com 3552 por 3840 p\u00edxeis por olho e processador Snapdragon XR2+ Gen 2, oferecendo mapeamento de espa\u00e7o quase instant\u00e2neo e janelas est\u00e1veis de apps. O pre\u00e7o nos EUA \u00e9 $1799,99; na Europa, rumores apontam entre \u20ac1899 e \u20ac1999, situando o produto num patamar premium. O software \u00e9 o Android XR com a interface Glimmer; a navega\u00e7\u00e3o \u00e9 via gestos e o Gemini Live integra intelig\u00eancia artificial para permitir consultas r\u00e1pidas sobre o que se v\u00ea no mundo real. A Samsung refor\u00e7a a privacidade com a Knox Matrix e um LED externo que acende quando grava; o Google assegura que dados brutos captados pelas c\u00e2maras n\u00e3o s\u00e3o partilhados sem autoriza\u00e7\u00e3o, com lan\u00e7amento europeu gradual nos pr\u00f3ximos meses.\" \/>\n<meta property=\"og:url\" content=\"https:\/\/portaltela.pt\/noticias\/2026\/03\/04\/primeiras-impressoes-dos-oculos-samsung-frente-aos-apple-vision-pro\/\" \/>\n<meta property=\"og:site_name\" content=\"Portal Tela Portugal\" \/>\n<meta property=\"article:published_time\" content=\"2026-03-04T21:11:00+00:00\" \/>\n<meta name=\"author\" content=\"Telinha\" \/>\n<meta name=\"twitter:card\" content=\"summary_large_image\" \/>\n<meta name=\"twitter:label1\" content=\"Escrito por\" \/>\n\t<meta name=\"twitter:data1\" content=\"Telinha\" \/>\n\t<meta name=\"twitter:label2\" content=\"Tempo estimado de leitura\" \/>\n\t<meta name=\"twitter:data2\" content=\"2 minutos\" \/>\n<script type=\"application\/ld+json\" class=\"yoast-schema-graph\">{\"@context\":\"https:\/\/schema.org\",\"@graph\":[{\"@type\":\"Article\",\"@id\":\"https:\/\/portaltela.pt\/noticias\/2026\/03\/04\/primeiras-impressoes-dos-oculos-samsung-frente-aos-apple-vision-pro\/#article\",\"isPartOf\":{\"@id\":\"https:\/\/portaltela.pt\/noticias\/2026\/03\/04\/primeiras-impressoes-dos-oculos-samsung-frente-aos-apple-vision-pro\/\"},\"author\":{\"name\":\"Telinha\",\"@id\":\"https:\/\/portaltela.pt\/#\/schema\/person\/c4278d4a6028830caff9ee44b42d32ed\"},\"headline\":\"Primeiras impress\u00f5es dos \u00f3culos Samsung frente aos Apple Vision Pro\",\"datePublished\":\"2026-03-04T21:11:00+00:00\",\"mainEntityOfPage\":{\"@id\":\"https:\/\/portaltela.pt\/noticias\/2026\/03\/04\/primeiras-impressoes-dos-oculos-samsung-frente-aos-apple-vision-pro\/\"},\"wordCount\":393,\"image\":{\"@id\":\"https:\/\/portaltela.pt\/noticias\/2026\/03\/04\/primeiras-impressoes-dos-oculos-samsung-frente-aos-apple-vision-pro\/#primaryimage\"},\"thumbnailUrl\":\"https:\/\/portaltela.pt\/s.01k8rhncp4jt1\/2026\/03\/PXL_20260303_14342248397682.jpg\",\"keywords\":[\"inova\u00e7\u00e3o\",\"privacidade\",\"Realidade Virtual\",\"seguran\u00e7a\",\"tecnologia\"],\"articleSection\":[\"Not\u00edcias\"],\"inLanguage\":\"pt-PT\"},{\"@type\":\"WebPage\",\"@id\":\"https:\/\/portaltela.pt\/noticias\/2026\/03\/04\/primeiras-impressoes-dos-oculos-samsung-frente-aos-apple-vision-pro\/\",\"url\":\"https:\/\/portaltela.pt\/noticias\/2026\/03\/04\/primeiras-impressoes-dos-oculos-samsung-frente-aos-apple-vision-pro\/\",\"name\":\"Primeiras impress\u00f5es dos \u00f3culos Samsung frente aos Apple Vision Pro - Portal Tela Portugal\",\"isPartOf\":{\"@id\":\"https:\/\/portaltela.pt\/#website\"},\"primaryImageOfPage\":{\"@id\":\"https:\/\/portaltela.pt\/noticias\/2026\/03\/04\/primeiras-impressoes-dos-oculos-samsung-frente-aos-apple-vision-pro\/#primaryimage\"},\"image\":{\"@id\":\"https:\/\/portaltela.pt\/noticias\/2026\/03\/04\/primeiras-impressoes-dos-oculos-samsung-frente-aos-apple-vision-pro\/#primaryimage\"},\"thumbnailUrl\":\"https:\/\/portaltela.pt\/s.01k8rhncp4jt1\/2026\/03\/PXL_20260303_14342248397682.jpg\",\"datePublished\":\"2026-03-04T21:11:00+00:00\",\"author\":{\"@id\":\"https:\/\/portaltela.pt\/#\/schema\/person\/c4278d4a6028830caff9ee44b42d32ed\"},\"breadcrumb\":{\"@id\":\"https:\/\/portaltela.pt\/noticias\/2026\/03\/04\/primeiras-impressoes-dos-oculos-samsung-frente-aos-apple-vision-pro\/#breadcrumb\"},\"inLanguage\":\"pt-PT\",\"potentialAction\":[{\"@type\":\"ReadAction\",\"target\":[\"https:\/\/portaltela.pt\/noticias\/2026\/03\/04\/primeiras-impressoes-dos-oculos-samsung-frente-aos-apple-vision-pro\/\"]}]},{\"@type\":\"ImageObject\",\"inLanguage\":\"pt-PT\",\"@id\":\"https:\/\/portaltela.pt\/noticias\/2026\/03\/04\/primeiras-impressoes-dos-oculos-samsung-frente-aos-apple-vision-pro\/#primaryimage\",\"url\":\"https:\/\/portaltela.pt\/s.01k8rhncp4jt1\/2026\/03\/PXL_20260303_14342248397682.jpg\",\"contentUrl\":\"https:\/\/portaltela.pt\/s.01k8rhncp4jt1\/2026\/03\/PXL_20260303_14342248397682.jpg\",\"width\":796,\"height\":448,\"caption\":\"Photo\"},{\"@type\":\"BreadcrumbList\",\"@id\":\"https:\/\/portaltela.pt\/noticias\/2026\/03\/04\/primeiras-impressoes-dos-oculos-samsung-frente-aos-apple-vision-pro\/#breadcrumb\",\"itemListElement\":[{\"@type\":\"ListItem\",\"position\":1,\"name\":\"In\u00edcio\",\"item\":\"https:\/\/portaltela.pt\/\"},{\"@type\":\"ListItem\",\"position\":2,\"name\":\"Primeiras impress\u00f5es dos \u00f3culos Samsung frente aos Apple Vision Pro\"}]},{\"@type\":\"WebSite\",\"@id\":\"https:\/\/portaltela.pt\/#website\",\"url\":\"https:\/\/portaltela.pt\/\",\"name\":\"Portal Tela Portugal\",\"description\":\"\",\"potentialAction\":[{\"@type\":\"SearchAction\",\"target\":{\"@type\":\"EntryPoint\",\"urlTemplate\":\"https:\/\/portaltela.pt\/?s={search_term_string}\"},\"query-input\":{\"@type\":\"PropertyValueSpecification\",\"valueRequired\":true,\"valueName\":\"search_term_string\"}}],\"inLanguage\":\"pt-PT\"},{\"@type\":\"Person\",\"@id\":\"https:\/\/portaltela.pt\/#\/schema\/person\/c4278d4a6028830caff9ee44b42d32ed\",\"name\":\"Telinha\",\"image\":{\"@type\":\"ImageObject\",\"inLanguage\":\"pt-PT\",\"@id\":\"https:\/\/portaltela.pt\/s.01k8rhncp4jt1\/2025\/11\/talking-bot-125x125.png\",\"url\":\"https:\/\/portaltela.pt\/s.01k8rhncp4jt1\/2025\/11\/talking-bot-125x125.png\",\"contentUrl\":\"https:\/\/portaltela.pt\/s.01k8rhncp4jt1\/2025\/11\/talking-bot-125x125.png\",\"caption\":\"Telinha\"},\"sameAs\":[\"https:\/\/portaltela.pt\/\"],\"url\":\"https:\/\/portaltela.pt\/por\/367410592786\/\"}]}<\/script>\n<!-- \/ Yoast SEO plugin. -->","yoast_head_json":{"title":"Primeiras impress\u00f5es dos \u00f3culos Samsung frente aos Apple Vision Pro - Portal Tela Portugal","robots":{"index":"index","follow":"follow","max-snippet":"max-snippet:-1","max-image-preview":"max-image-preview:large","max-video-preview":"max-video-preview:-1"},"og_locale":"pt_PT","og_type":"article","og_title":"Primeiras impress\u00f5es dos \u00f3culos Samsung frente aos Apple Vision Pro - Portal Tela Portugal","og_description":"A Samsung revelou os Galaxy XR no Mobile World Congress, em Barcelona, numa colabora\u00e7\u00e3o com Google e Qualcomm para criar um ecossistema de computa\u00e7\u00e3o espacial, concorrente dos Apple Vision Pro. O dispositivo pesa 545 g, tem bateria externa, utiliza dois pain\u00e9is Micro-OLED com 3552 por 3840 p\u00edxeis por olho e processador Snapdragon XR2+ Gen 2, oferecendo mapeamento de espa\u00e7o quase instant\u00e2neo e janelas est\u00e1veis de apps. O pre\u00e7o nos EUA \u00e9 $1799,99; na Europa, rumores apontam entre \u20ac1899 e \u20ac1999, situando o produto num patamar premium. O software \u00e9 o Android XR com a interface Glimmer; a navega\u00e7\u00e3o \u00e9 via gestos e o Gemini Live integra intelig\u00eancia artificial para permitir consultas r\u00e1pidas sobre o que se v\u00ea no mundo real. A Samsung refor\u00e7a a privacidade com a Knox Matrix e um LED externo que acende quando grava; o Google assegura que dados brutos captados pelas c\u00e2maras n\u00e3o s\u00e3o partilhados sem autoriza\u00e7\u00e3o, com lan\u00e7amento europeu gradual nos pr\u00f3ximos meses.","og_url":"https:\/\/portaltela.pt\/noticias\/2026\/03\/04\/primeiras-impressoes-dos-oculos-samsung-frente-aos-apple-vision-pro\/","og_site_name":"Portal Tela Portugal","article_published_time":"2026-03-04T21:11:00+00:00","author":"Telinha","twitter_card":"summary_large_image","twitter_misc":{"Escrito por":"Telinha","Tempo estimado de leitura":"2 minutos"},"schema":{"@context":"https:\/\/schema.org","@graph":[{"@type":"Article","@id":"https:\/\/portaltela.pt\/noticias\/2026\/03\/04\/primeiras-impressoes-dos-oculos-samsung-frente-aos-apple-vision-pro\/#article","isPartOf":{"@id":"https:\/\/portaltela.pt\/noticias\/2026\/03\/04\/primeiras-impressoes-dos-oculos-samsung-frente-aos-apple-vision-pro\/"},"author":{"name":"Telinha","@id":"https:\/\/portaltela.pt\/#\/schema\/person\/c4278d4a6028830caff9ee44b42d32ed"},"headline":"Primeiras impress\u00f5es dos \u00f3culos Samsung frente aos Apple Vision Pro","datePublished":"2026-03-04T21:11:00+00:00","mainEntityOfPage":{"@id":"https:\/\/portaltela.pt\/noticias\/2026\/03\/04\/primeiras-impressoes-dos-oculos-samsung-frente-aos-apple-vision-pro\/"},"wordCount":393,"image":{"@id":"https:\/\/portaltela.pt\/noticias\/2026\/03\/04\/primeiras-impressoes-dos-oculos-samsung-frente-aos-apple-vision-pro\/#primaryimage"},"thumbnailUrl":"https:\/\/portaltela.pt\/s.01k8rhncp4jt1\/2026\/03\/PXL_20260303_14342248397682.jpg","keywords":["inova\u00e7\u00e3o","privacidade","Realidade Virtual","seguran\u00e7a","tecnologia"],"articleSection":["Not\u00edcias"],"inLanguage":"pt-PT"},{"@type":"WebPage","@id":"https:\/\/portaltela.pt\/noticias\/2026\/03\/04\/primeiras-impressoes-dos-oculos-samsung-frente-aos-apple-vision-pro\/","url":"https:\/\/portaltela.pt\/noticias\/2026\/03\/04\/primeiras-impressoes-dos-oculos-samsung-frente-aos-apple-vision-pro\/","name":"Primeiras impress\u00f5es dos \u00f3culos Samsung frente aos Apple Vision Pro - Portal Tela Portugal","isPartOf":{"@id":"https:\/\/portaltela.pt\/#website"},"primaryImageOfPage":{"@id":"https:\/\/portaltela.pt\/noticias\/2026\/03\/04\/primeiras-impressoes-dos-oculos-samsung-frente-aos-apple-vision-pro\/#primaryimage"},"image":{"@id":"https:\/\/portaltela.pt\/noticias\/2026\/03\/04\/primeiras-impressoes-dos-oculos-samsung-frente-aos-apple-vision-pro\/#primaryimage"},"thumbnailUrl":"https:\/\/portaltela.pt\/s.01k8rhncp4jt1\/2026\/03\/PXL_20260303_14342248397682.jpg","datePublished":"2026-03-04T21:11:00+00:00","author":{"@id":"https:\/\/portaltela.pt\/#\/schema\/person\/c4278d4a6028830caff9ee44b42d32ed"},"breadcrumb":{"@id":"https:\/\/portaltela.pt\/noticias\/2026\/03\/04\/primeiras-impressoes-dos-oculos-samsung-frente-aos-apple-vision-pro\/#breadcrumb"},"inLanguage":"pt-PT","potentialAction":[{"@type":"ReadAction","target":["https:\/\/portaltela.pt\/noticias\/2026\/03\/04\/primeiras-impressoes-dos-oculos-samsung-frente-aos-apple-vision-pro\/"]}]},{"@type":"ImageObject","inLanguage":"pt-PT","@id":"https:\/\/portaltela.pt\/noticias\/2026\/03\/04\/primeiras-impressoes-dos-oculos-samsung-frente-aos-apple-vision-pro\/#primaryimage","url":"https:\/\/portaltela.pt\/s.01k8rhncp4jt1\/2026\/03\/PXL_20260303_14342248397682.jpg","contentUrl":"https:\/\/portaltela.pt\/s.01k8rhncp4jt1\/2026\/03\/PXL_20260303_14342248397682.jpg","width":796,"height":448,"caption":"Photo"},{"@type":"BreadcrumbList","@id":"https:\/\/portaltela.pt\/noticias\/2026\/03\/04\/primeiras-impressoes-dos-oculos-samsung-frente-aos-apple-vision-pro\/#breadcrumb","itemListElement":[{"@type":"ListItem","position":1,"name":"In\u00edcio","item":"https:\/\/portaltela.pt\/"},{"@type":"ListItem","position":2,"name":"Primeiras impress\u00f5es dos \u00f3culos Samsung frente aos Apple Vision Pro"}]},{"@type":"WebSite","@id":"https:\/\/portaltela.pt\/#website","url":"https:\/\/portaltela.pt\/","name":"Portal Tela Portugal","description":"","potentialAction":[{"@type":"SearchAction","target":{"@type":"EntryPoint","urlTemplate":"https:\/\/portaltela.pt\/?s={search_term_string}"},"query-input":{"@type":"PropertyValueSpecification","valueRequired":true,"valueName":"search_term_string"}}],"inLanguage":"pt-PT"},{"@type":"Person","@id":"https:\/\/portaltela.pt\/#\/schema\/person\/c4278d4a6028830caff9ee44b42d32ed","name":"Telinha","image":{"@type":"ImageObject","inLanguage":"pt-PT","@id":"https:\/\/portaltela.pt\/s.01k8rhncp4jt1\/2025\/11\/talking-bot-125x125.png","url":"https:\/\/portaltela.pt\/s.01k8rhncp4jt1\/2025\/11\/talking-bot-125x125.png","contentUrl":"https:\/\/portaltela.pt\/s.01k8rhncp4jt1\/2025\/11\/talking-bot-125x125.png","caption":"Telinha"},"sameAs":["https:\/\/portaltela.pt\/"],"url":"https:\/\/portaltela.pt\/por\/367410592786\/"}]}},"_links":{"self":[{"href":"https:\/\/portaltela.pt\/api\/wp\/v2\/posts\/397856","targetHints":{"allow":["GET"]}}],"collection":[{"href":"https:\/\/portaltela.pt\/api\/wp\/v2\/posts"}],"about":[{"href":"https:\/\/portaltela.pt\/api\/wp\/v2\/types\/post"}],"author":[{"embeddable":true,"href":"https:\/\/portaltela.pt\/api\/wp\/v2\/users\/2"}],"replies":[{"embeddable":true,"href":"https:\/\/portaltela.pt\/api\/wp\/v2\/comments?post=397856"}],"version-history":[{"count":0,"href":"https:\/\/portaltela.pt\/api\/wp\/v2\/posts\/397856\/revisions"}],"wp:featuredmedia":[{"embeddable":true,"href":"https:\/\/portaltela.pt\/api\/wp\/v2\/media\/397866"}],"wp:attachment":[{"href":"https:\/\/portaltela.pt\/api\/wp\/v2\/media?parent=397856"}],"wp:term":[{"taxonomy":"category","embeddable":true,"href":"https:\/\/portaltela.pt\/api\/wp\/v2\/categories?post=397856"},{"taxonomy":"post_tag","embeddable":true,"href":"https:\/\/portaltela.pt\/api\/wp\/v2\/tags?post=397856"}],"curies":[{"name":"wp","href":"https:\/\/api.w.org\/{rel}","templated":true}]}}