{"id":397827,"date":"2026-03-04T17:31:00","date_gmt":"2026-03-04T20:31:00","guid":{"rendered":"https:\/\/portaltela.pt\/noticias\/2026\/03\/04\/hospitais-privados-denunciam-omissao-legislativa-sobre-ipss\/"},"modified":"2026-03-04T17:31:00","modified_gmt":"2026-03-04T20:31:00","slug":"hospitais-privados-denunciam-omissao-legislativa-sobre-ipss","status":"publish","type":"post","link":"https:\/\/portaltela.pt\/noticias\/politica\/2026\/03\/04\/hospitais-privados-denunciam-omissao-legislativa-sobre-ipss\/","title":{"rendered":"Hospitais privados denunciam omiss\u00e3o legislativa sobre IPSS"},"content":{"rendered":"<p>A Associa\u00e7\u00e3o Portuguesa de Hospitaliza\u00e7\u00e3o Privada (APHP) denuncia que as Institui\u00e7\u00f5es Particulares de Solidariedade Social (IPSS) est\u00e3o a beneficiar no licenciamento de unidades de sa\u00fade. A queixa assenta na omiss\u00e3o de uma portaria que, na pr\u00e1tica, regula o processo.<\/p>\n<p>A APHP afirma que a falha legislativa est\u00e1 a desvirtuar as regras da concorr\u00eancia entre os diferentes intervenientes do setor. Segundo a associa\u00e7\u00e3o, os crit\u00e9rios de licenciamento n\u00e3o est\u00e3o a ser aplicados de forma consistente entre privados e IPSS.<\/p>\n<p>Consoante a APHP, a diferen\u00e7a de tratamento pode favorecer as IPSS no acesso \u00e0s licen\u00e7as para abrir novas unidades. A entidade representa os hospitais privados em Portugal e pretende clarificar o enquadramento regulat\u00f3rio.<\/p>\n<p>Ainda sem confirma\u00e7\u00e3o oficial, a posi\u00e7\u00e3o da APHP surge num contexto de fiscaliza\u00e7\u00e3o e poss\u00edveis altera\u00e7\u00f5es normativas que visam assegurar igualdade de condi\u00e7\u00f5es no licenciamento de unidades de sa\u00fade. A associa\u00e7\u00e3o aguarda responde de entidades competentes para esclarecer o regime aplic\u00e1vel.<\/p>\n","protected":false},"excerpt":{"rendered":"<ul>\n<li>A Associa\u00e7\u00e3o Portuguesa de Hospitaliza\u00e7\u00e3o Privada (APHP) denuncia que as IPSS est\u00e3o a ser beneficiadas no licenciamento de unidades de sa\u00fade.<\/li>\n<li>A den\u00fancia baseia-se na omiss\u00e3o de uma portaria que regula o processo de licenciamento.<\/li>\n<li>A APHP alega que essa omiss\u00e3o desvirtua as regras de concorr\u00eancia entre prestadores de servi\u00e7os de sa\u00fade.<\/li>\n<\/ul>\n","protected":false},"author":2,"featured_media":397835,"comment_status":"closed","ping_status":"closed","sticky":false,"template":"","format":"standard","meta":{"footnotes":""},"categories":[1,5],"tags":[2207,1144,3129,5706,172,2824],"class_list":["post-397827","post","type-post","status-publish","format-standard","has-post-thumbnail","hentry","category-noticias","category-politica","tag-concorrencia","tag-instituicoes","tag-ipss","tag-licenciamentos","tag-saude","tag-setor-publico"],"yoast_head":"<!-- This site is optimized with the Yoast SEO plugin v27.2 - https:\/\/yoast.com\/product\/yoast-seo-wordpress\/ -->\n<title>Hospitais privados denunciam omiss\u00e3o legislativa sobre IPSS - Portal Tela Portugal<\/title>\n<meta name=\"robots\" content=\"index, follow, max-snippet:-1, max-image-preview:large, max-video-preview:-1\" \/>\n<meta property=\"og:locale\" content=\"pt_PT\" \/>\n<meta property=\"og:type\" content=\"article\" \/>\n<meta property=\"og:title\" content=\"Hospitais privados denunciam omiss\u00e3o legislativa sobre IPSS - Portal Tela Portugal\" \/>\n<meta property=\"og:description\" content=\"A Associa\u00e7\u00e3o Portuguesa de Hospitaliza\u00e7\u00e3o Privada (APHP) denuncia que as IPSS est\u00e3o a ser beneficiadas no licenciamento de unidades de sa\u00fade. A den\u00fancia baseia-se na omiss\u00e3o de uma portaria que regula o processo de licenciamento. A APHP alega que essa omiss\u00e3o desvirtua as regras de concorr\u00eancia entre prestadores de servi\u00e7os de sa\u00fade.\" \/>\n<meta property=\"og:url\" content=\"https:\/\/portaltela.pt\/noticias\/2026\/03\/04\/hospitais-privados-denunciam-omissao-legislativa-sobre-ipss\/\" \/>\n<meta property=\"og:site_name\" content=\"Portal Tela Portugal\" \/>\n<meta property=\"article:published_time\" content=\"2026-03-04T20:31:00+00:00\" \/>\n<meta name=\"author\" content=\"Telinha\" \/>\n<meta name=\"twitter:card\" content=\"summary_large_image\" \/>\n<meta name=\"twitter:label1\" content=\"Escrito por\" \/>\n\t<meta name=\"twitter:data1\" content=\"Telinha\" \/>\n\t<meta name=\"twitter:label2\" content=\"Tempo estimado de leitura\" \/>\n\t<meta name=\"twitter:data2\" content=\"1 minuto\" \/>\n<script type=\"application\/ld+json\" class=\"yoast-schema-graph\">{\"@context\":\"https:\/\/schema.org\",\"@graph\":[{\"@type\":\"Article\",\"@id\":\"https:\/\/portaltela.pt\/noticias\/2026\/03\/04\/hospitais-privados-denunciam-omissao-legislativa-sobre-ipss\/#article\",\"isPartOf\":{\"@id\":\"https:\/\/portaltela.pt\/noticias\/2026\/03\/04\/hospitais-privados-denunciam-omissao-legislativa-sobre-ipss\/\"},\"author\":{\"name\":\"Telinha\",\"@id\":\"https:\/\/portaltela.pt\/#\/schema\/person\/c4278d4a6028830caff9ee44b42d32ed\"},\"headline\":\"Hospitais privados denunciam omiss\u00e3o legislativa sobre IPSS\",\"datePublished\":\"2026-03-04T20:31:00+00:00\",\"mainEntityOfPage\":{\"@id\":\"https:\/\/portaltela.pt\/noticias\/2026\/03\/04\/hospitais-privados-denunciam-omissao-legislativa-sobre-ipss\/\"},\"wordCount\":184,\"image\":{\"@id\":\"https:\/\/portaltela.pt\/noticias\/2026\/03\/04\/hospitais-privados-denunciam-omissao-legislativa-sobre-ipss\/#primaryimage\"},\"thumbnailUrl\":\"https:\/\/portaltela.pt\/s.01k8rhncp4jt1\/2026\/03\/image-255.jpg\",\"keywords\":[\"concorr\u00eancia\",\"institui\u00e7\u00f5es\",\"IPSS\",\"licenciamentos\",\"sa\u00fade\",\"setor p\u00fablico\"],\"articleSection\":[\"Not\u00edcias\",\"Pol\u00edtica\"],\"inLanguage\":\"pt-PT\"},{\"@type\":\"WebPage\",\"@id\":\"https:\/\/portaltela.pt\/noticias\/2026\/03\/04\/hospitais-privados-denunciam-omissao-legislativa-sobre-ipss\/\",\"url\":\"https:\/\/portaltela.pt\/noticias\/2026\/03\/04\/hospitais-privados-denunciam-omissao-legislativa-sobre-ipss\/\",\"name\":\"Hospitais privados denunciam omiss\u00e3o legislativa sobre IPSS - Portal Tela Portugal\",\"isPartOf\":{\"@id\":\"https:\/\/portaltela.pt\/#website\"},\"primaryImageOfPage\":{\"@id\":\"https:\/\/portaltela.pt\/noticias\/2026\/03\/04\/hospitais-privados-denunciam-omissao-legislativa-sobre-ipss\/#primaryimage\"},\"image\":{\"@id\":\"https:\/\/portaltela.pt\/noticias\/2026\/03\/04\/hospitais-privados-denunciam-omissao-legislativa-sobre-ipss\/#primaryimage\"},\"thumbnailUrl\":\"https:\/\/portaltela.pt\/s.01k8rhncp4jt1\/2026\/03\/image-255.jpg\",\"datePublished\":\"2026-03-04T20:31:00+00:00\",\"author\":{\"@id\":\"https:\/\/portaltela.pt\/#\/schema\/person\/c4278d4a6028830caff9ee44b42d32ed\"},\"breadcrumb\":{\"@id\":\"https:\/\/portaltela.pt\/noticias\/2026\/03\/04\/hospitais-privados-denunciam-omissao-legislativa-sobre-ipss\/#breadcrumb\"},\"inLanguage\":\"pt-PT\",\"potentialAction\":[{\"@type\":\"ReadAction\",\"target\":[\"https:\/\/portaltela.pt\/noticias\/2026\/03\/04\/hospitais-privados-denunciam-omissao-legislativa-sobre-ipss\/\"]}]},{\"@type\":\"ImageObject\",\"inLanguage\":\"pt-PT\",\"@id\":\"https:\/\/portaltela.pt\/noticias\/2026\/03\/04\/hospitais-privados-denunciam-omissao-legislativa-sobre-ipss\/#primaryimage\",\"url\":\"https:\/\/portaltela.pt\/s.01k8rhncp4jt1\/2026\/03\/image-255.jpg\",\"contentUrl\":\"https:\/\/portaltela.pt\/s.01k8rhncp4jt1\/2026\/03\/image-255.jpg\",\"width\":796,\"height\":448,\"caption\":\"\u00d3scar Gaspar diz que \\\"hospitais do setor social funcionam sem licenciamento\\\"\"},{\"@type\":\"BreadcrumbList\",\"@id\":\"https:\/\/portaltela.pt\/noticias\/2026\/03\/04\/hospitais-privados-denunciam-omissao-legislativa-sobre-ipss\/#breadcrumb\",\"itemListElement\":[{\"@type\":\"ListItem\",\"position\":1,\"name\":\"In\u00edcio\",\"item\":\"https:\/\/portaltela.pt\/\"},{\"@type\":\"ListItem\",\"position\":2,\"name\":\"Hospitais privados denunciam omiss\u00e3o legislativa sobre IPSS\"}]},{\"@type\":\"WebSite\",\"@id\":\"https:\/\/portaltela.pt\/#website\",\"url\":\"https:\/\/portaltela.pt\/\",\"name\":\"Portal Tela Portugal\",\"description\":\"\",\"potentialAction\":[{\"@type\":\"SearchAction\",\"target\":{\"@type\":\"EntryPoint\",\"urlTemplate\":\"https:\/\/portaltela.pt\/?s={search_term_string}\"},\"query-input\":{\"@type\":\"PropertyValueSpecification\",\"valueRequired\":true,\"valueName\":\"search_term_string\"}}],\"inLanguage\":\"pt-PT\"},{\"@type\":\"Person\",\"@id\":\"https:\/\/portaltela.pt\/#\/schema\/person\/c4278d4a6028830caff9ee44b42d32ed\",\"name\":\"Telinha\",\"image\":{\"@type\":\"ImageObject\",\"inLanguage\":\"pt-PT\",\"@id\":\"https:\/\/portaltela.pt\/s.01k8rhncp4jt1\/2025\/11\/talking-bot-125x125.png\",\"url\":\"https:\/\/portaltela.pt\/s.01k8rhncp4jt1\/2025\/11\/talking-bot-125x125.png\",\"contentUrl\":\"https:\/\/portaltela.pt\/s.01k8rhncp4jt1\/2025\/11\/talking-bot-125x125.png\",\"caption\":\"Telinha\"},\"sameAs\":[\"https:\/\/portaltela.pt\/\"],\"url\":\"https:\/\/portaltela.pt\/por\/367410592786\/\"}]}<\/script>\n<!-- \/ Yoast SEO plugin. -->","yoast_head_json":{"title":"Hospitais privados denunciam omiss\u00e3o legislativa sobre IPSS - Portal Tela Portugal","robots":{"index":"index","follow":"follow","max-snippet":"max-snippet:-1","max-image-preview":"max-image-preview:large","max-video-preview":"max-video-preview:-1"},"og_locale":"pt_PT","og_type":"article","og_title":"Hospitais privados denunciam omiss\u00e3o legislativa sobre IPSS - Portal Tela Portugal","og_description":"A Associa\u00e7\u00e3o Portuguesa de Hospitaliza\u00e7\u00e3o Privada (APHP) denuncia que as IPSS est\u00e3o a ser beneficiadas no licenciamento de unidades de sa\u00fade. A den\u00fancia baseia-se na omiss\u00e3o de uma portaria que regula o processo de licenciamento. A APHP alega que essa omiss\u00e3o desvirtua as regras de concorr\u00eancia entre prestadores de servi\u00e7os de sa\u00fade.","og_url":"https:\/\/portaltela.pt\/noticias\/2026\/03\/04\/hospitais-privados-denunciam-omissao-legislativa-sobre-ipss\/","og_site_name":"Portal Tela Portugal","article_published_time":"2026-03-04T20:31:00+00:00","author":"Telinha","twitter_card":"summary_large_image","twitter_misc":{"Escrito por":"Telinha","Tempo estimado de leitura":"1 minuto"},"schema":{"@context":"https:\/\/schema.org","@graph":[{"@type":"Article","@id":"https:\/\/portaltela.pt\/noticias\/2026\/03\/04\/hospitais-privados-denunciam-omissao-legislativa-sobre-ipss\/#article","isPartOf":{"@id":"https:\/\/portaltela.pt\/noticias\/2026\/03\/04\/hospitais-privados-denunciam-omissao-legislativa-sobre-ipss\/"},"author":{"name":"Telinha","@id":"https:\/\/portaltela.pt\/#\/schema\/person\/c4278d4a6028830caff9ee44b42d32ed"},"headline":"Hospitais privados denunciam omiss\u00e3o legislativa sobre IPSS","datePublished":"2026-03-04T20:31:00+00:00","mainEntityOfPage":{"@id":"https:\/\/portaltela.pt\/noticias\/2026\/03\/04\/hospitais-privados-denunciam-omissao-legislativa-sobre-ipss\/"},"wordCount":184,"image":{"@id":"https:\/\/portaltela.pt\/noticias\/2026\/03\/04\/hospitais-privados-denunciam-omissao-legislativa-sobre-ipss\/#primaryimage"},"thumbnailUrl":"https:\/\/portaltela.pt\/s.01k8rhncp4jt1\/2026\/03\/image-255.jpg","keywords":["concorr\u00eancia","institui\u00e7\u00f5es","IPSS","licenciamentos","sa\u00fade","setor p\u00fablico"],"articleSection":["Not\u00edcias","Pol\u00edtica"],"inLanguage":"pt-PT"},{"@type":"WebPage","@id":"https:\/\/portaltela.pt\/noticias\/2026\/03\/04\/hospitais-privados-denunciam-omissao-legislativa-sobre-ipss\/","url":"https:\/\/portaltela.pt\/noticias\/2026\/03\/04\/hospitais-privados-denunciam-omissao-legislativa-sobre-ipss\/","name":"Hospitais privados denunciam omiss\u00e3o legislativa sobre IPSS - Portal Tela Portugal","isPartOf":{"@id":"https:\/\/portaltela.pt\/#website"},"primaryImageOfPage":{"@id":"https:\/\/portaltela.pt\/noticias\/2026\/03\/04\/hospitais-privados-denunciam-omissao-legislativa-sobre-ipss\/#primaryimage"},"image":{"@id":"https:\/\/portaltela.pt\/noticias\/2026\/03\/04\/hospitais-privados-denunciam-omissao-legislativa-sobre-ipss\/#primaryimage"},"thumbnailUrl":"https:\/\/portaltela.pt\/s.01k8rhncp4jt1\/2026\/03\/image-255.jpg","datePublished":"2026-03-04T20:31:00+00:00","author":{"@id":"https:\/\/portaltela.pt\/#\/schema\/person\/c4278d4a6028830caff9ee44b42d32ed"},"breadcrumb":{"@id":"https:\/\/portaltela.pt\/noticias\/2026\/03\/04\/hospitais-privados-denunciam-omissao-legislativa-sobre-ipss\/#breadcrumb"},"inLanguage":"pt-PT","potentialAction":[{"@type":"ReadAction","target":["https:\/\/portaltela.pt\/noticias\/2026\/03\/04\/hospitais-privados-denunciam-omissao-legislativa-sobre-ipss\/"]}]},{"@type":"ImageObject","inLanguage":"pt-PT","@id":"https:\/\/portaltela.pt\/noticias\/2026\/03\/04\/hospitais-privados-denunciam-omissao-legislativa-sobre-ipss\/#primaryimage","url":"https:\/\/portaltela.pt\/s.01k8rhncp4jt1\/2026\/03\/image-255.jpg","contentUrl":"https:\/\/portaltela.pt\/s.01k8rhncp4jt1\/2026\/03\/image-255.jpg","width":796,"height":448,"caption":"\u00d3scar Gaspar diz que \"hospitais do setor social funcionam sem licenciamento\""},{"@type":"BreadcrumbList","@id":"https:\/\/portaltela.pt\/noticias\/2026\/03\/04\/hospitais-privados-denunciam-omissao-legislativa-sobre-ipss\/#breadcrumb","itemListElement":[{"@type":"ListItem","position":1,"name":"In\u00edcio","item":"https:\/\/portaltela.pt\/"},{"@type":"ListItem","position":2,"name":"Hospitais privados denunciam omiss\u00e3o legislativa sobre IPSS"}]},{"@type":"WebSite","@id":"https:\/\/portaltela.pt\/#website","url":"https:\/\/portaltela.pt\/","name":"Portal Tela Portugal","description":"","potentialAction":[{"@type":"SearchAction","target":{"@type":"EntryPoint","urlTemplate":"https:\/\/portaltela.pt\/?s={search_term_string}"},"query-input":{"@type":"PropertyValueSpecification","valueRequired":true,"valueName":"search_term_string"}}],"inLanguage":"pt-PT"},{"@type":"Person","@id":"https:\/\/portaltela.pt\/#\/schema\/person\/c4278d4a6028830caff9ee44b42d32ed","name":"Telinha","image":{"@type":"ImageObject","inLanguage":"pt-PT","@id":"https:\/\/portaltela.pt\/s.01k8rhncp4jt1\/2025\/11\/talking-bot-125x125.png","url":"https:\/\/portaltela.pt\/s.01k8rhncp4jt1\/2025\/11\/talking-bot-125x125.png","contentUrl":"https:\/\/portaltela.pt\/s.01k8rhncp4jt1\/2025\/11\/talking-bot-125x125.png","caption":"Telinha"},"sameAs":["https:\/\/portaltela.pt\/"],"url":"https:\/\/portaltela.pt\/por\/367410592786\/"}]}},"_links":{"self":[{"href":"https:\/\/portaltela.pt\/api\/wp\/v2\/posts\/397827","targetHints":{"allow":["GET"]}}],"collection":[{"href":"https:\/\/portaltela.pt\/api\/wp\/v2\/posts"}],"about":[{"href":"https:\/\/portaltela.pt\/api\/wp\/v2\/types\/post"}],"author":[{"embeddable":true,"href":"https:\/\/portaltela.pt\/api\/wp\/v2\/users\/2"}],"replies":[{"embeddable":true,"href":"https:\/\/portaltela.pt\/api\/wp\/v2\/comments?post=397827"}],"version-history":[{"count":0,"href":"https:\/\/portaltela.pt\/api\/wp\/v2\/posts\/397827\/revisions"}],"wp:featuredmedia":[{"embeddable":true,"href":"https:\/\/portaltela.pt\/api\/wp\/v2\/media\/397835"}],"wp:attachment":[{"href":"https:\/\/portaltela.pt\/api\/wp\/v2\/media?parent=397827"}],"wp:term":[{"taxonomy":"category","embeddable":true,"href":"https:\/\/portaltela.pt\/api\/wp\/v2\/categories?post=397827"},{"taxonomy":"post_tag","embeddable":true,"href":"https:\/\/portaltela.pt\/api\/wp\/v2\/tags?post=397827"}],"curies":[{"name":"wp","href":"https:\/\/api.w.org\/{rel}","templated":true}]}}