{"id":397824,"date":"2026-03-04T17:40:42","date_gmt":"2026-03-04T20:40:42","guid":{"rendered":"https:\/\/portaltela.pt\/noticias\/2026\/03\/04\/marcelo-apresenta-quadro-oficial-da-presidencia-criado-por-vhils\/"},"modified":"2026-03-04T17:40:42","modified_gmt":"2026-03-04T20:40:42","slug":"marcelo-apresenta-quadro-oficial-da-presidencia-criado-por-vhils","status":"publish","type":"post","link":"https:\/\/portaltela.pt\/noticias\/2026\/03\/04\/marcelo-apresenta-quadro-oficial-da-presidencia-criado-por-vhils\/","title":{"rendered":"Marcelo apresenta quadro oficial da Presid\u00eancia criado por Vhils"},"content":{"rendered":"<p>Marcelo Rebelo de Sousa tem um retrato oficial criado por Alexandre Farto, conhecido como Vhils. A apresenta\u00e7\u00e3o ocorreu esta quarta-feira no Museu da Presid\u00eancia, com a presen\u00e7a da fam\u00edlia, amigos, equipa presidencial e uma professora de inf\u00e2ncia do artista. A cerim\u00f3nia reuniu tamb\u00e9m o rep\u00f3rter fotogr\u00e1fico Rui Ochoa, fot\u00f3grafo oficial do Presidente.<\/p>\n<p>A obra \u00e9 fruto de uma escolha de Marcelo para Vhils, segundo a Presid\u00eancia. O processo criativo decorreu durante cerca de seis meses, no est\u00fadio do artista no Barreiro, com v\u00e1rios estudos e vers\u00f5es em paralello. O retrato nasce a partir de uma fotografia de Ochoa e de uma sele\u00e7\u00e3o de jornais e revistas sobre acontecimentos relevantes do pa\u00eds e dos mandatos presidenciais.<\/p>\n<p>A t\u00e9cnica usada pela obra \u00e9 de colagem de recortes de imprensa, criados entre 2016 e 2026. Assim, o retrato torna-se o primeiro da galeria do museu a n\u00e3o recorrer \u00e0 pintura. A pe\u00e7a passa a integrar a cole\u00e7\u00e3o do museu, substituindo retratos anteriores de Cavaco Silva, Sampaio e Soares.<\/p>\n<h3>Aquisi\u00e7\u00e3o para a cole\u00e7\u00e3o do museu<\/h3>\n<p>Vhils ofereceu o retrato \u00e0 Presid\u00eancia, propondo que o valor resultante fosse utilizado para adquirir obras de artistas emergentes. A sugest\u00e3o foi aceite, com a pretens\u00e3o de criar uma tradi\u00e7\u00e3o no museu. A compra j\u00e1 abrange 11 obras de artistas como \u00b1MaisMenos\u00b1, Mantraste, Fidel \u00c9vora, Unidigrazz, Pantonio, Marta Pinto Machado, Jo\u00e3o Amado, Ana Arag\u00e3o, Ana Malta, Francisco Vidal e Kindumba.<\/p>\n<p>Depois da primeira aquisi\u00e7\u00e3o, a Presid\u00eancia planeia ainda adquirir duas obras para reserva e uma de rota\u00e7\u00e3o, de artistas AKA Corleone, Tamara Alves e Raquel Belli, de acordo com as recomenda\u00e7\u00f5es do artista.<\/p>\n","protected":false},"excerpt":{"rendered":"<ul>\n<li>Marcelo Rebelo de Sousa apresentou o retrato oficial criado por Alexandre Farto (Vhils) no Museu da Presid\u00eancia.<\/li>\n<li>A obra, produzida em cerca de seis meses no est\u00fadio de Vhils no Barreiro, \u00e9 uma colagem de recortes de jornais sobre acontecimentos do pa\u00eds entre 2016 e 2026, a partir de uma fotografia de Rui Ochoa.<\/li>\n<li>Este \u00e9 o primeiro retrato oficial da Presid\u00eancia portuguesa que n\u00e3o \u00e9 pintado, passando a integrar a galeria de retratos do museu.<\/li>\n<li>Vhils ofereceu o retrato \u00e0 Presid\u00eancia, propondo que o valor seja utilizado para adquirir obras de artistas emergentes para a cole\u00e7\u00e3o do museu; j\u00e1 foram adquiridas 11 pe\u00e7as por recomenda\u00e7\u00e3o.<\/li>\n<li>As obras adquiridas incluem trabalhos de \u00b1MaisMenos\u00b1, Mantraste, Fidel \u00c9vora, Unidigrazz, Pantonio, Marta Pinto Machado, Jo\u00e3o Amado, Ana Arag\u00e3o, Ana Malta, Francisco Vidal e Kindumba, com mais aquisi\u00e7\u00f5es previstas para reserva e rota\u00e7\u00e3o.<\/li>\n<\/ul>\n","protected":false},"author":2,"featured_media":397831,"comment_status":"closed","ping_status":"closed","sticky":false,"template":"","format":"standard","meta":{"footnotes":""},"categories":[1],"tags":[70,1056,145,3278,5751,5367],"class_list":["post-397824","post","type-post","status-publish","format-standard","has-post-thumbnail","hentry","category-noticias","tag-arte","tag-barreiro","tag-cultura","tag-marcelo","tag-museus-e-arquivos","tag-vhils"],"yoast_head":"<!-- This site is optimized with the Yoast SEO plugin v27.2 - https:\/\/yoast.com\/product\/yoast-seo-wordpress\/ -->\n<title>Marcelo apresenta quadro oficial da Presid\u00eancia criado por Vhils - Portal Tela Portugal<\/title>\n<meta name=\"robots\" content=\"index, follow, max-snippet:-1, max-image-preview:large, max-video-preview:-1\" \/>\n<meta property=\"og:locale\" content=\"pt_PT\" \/>\n<meta property=\"og:type\" content=\"article\" \/>\n<meta property=\"og:title\" content=\"Marcelo apresenta quadro oficial da Presid\u00eancia criado por Vhils - Portal Tela Portugal\" \/>\n<meta property=\"og:description\" content=\"Marcelo Rebelo de Sousa apresentou o retrato oficial criado por Alexandre Farto (Vhils) no Museu da Presid\u00eancia. A obra, produzida em cerca de seis meses no est\u00fadio de Vhils no Barreiro, \u00e9 uma colagem de recortes de jornais sobre acontecimentos do pa\u00eds entre 2016 e 2026, a partir de uma fotografia de Rui Ochoa. Este \u00e9 o primeiro retrato oficial da Presid\u00eancia portuguesa que n\u00e3o \u00e9 pintado, passando a integrar a galeria de retratos do museu. Vhils ofereceu o retrato \u00e0 Presid\u00eancia, propondo que o valor seja utilizado para adquirir obras de artistas emergentes para a cole\u00e7\u00e3o do museu; j\u00e1 foram adquiridas 11 pe\u00e7as por recomenda\u00e7\u00e3o. As obras adquiridas incluem trabalhos de \u00b1MaisMenos\u00b1, Mantraste, Fidel \u00c9vora, Unidigrazz, Pantonio, Marta Pinto Machado, Jo\u00e3o Amado, Ana Arag\u00e3o, Ana Malta, Francisco Vidal e Kindumba, com mais aquisi\u00e7\u00f5es previstas para reserva e rota\u00e7\u00e3o.\" \/>\n<meta property=\"og:url\" content=\"https:\/\/portaltela.pt\/noticias\/2026\/03\/04\/marcelo-apresenta-quadro-oficial-da-presidencia-criado-por-vhils\/\" \/>\n<meta property=\"og:site_name\" content=\"Portal Tela Portugal\" \/>\n<meta property=\"article:published_time\" content=\"2026-03-04T20:40:42+00:00\" \/>\n<meta name=\"author\" content=\"Telinha\" \/>\n<meta name=\"twitter:card\" content=\"summary_large_image\" \/>\n<meta name=\"twitter:label1\" content=\"Escrito por\" \/>\n\t<meta name=\"twitter:data1\" content=\"Telinha\" \/>\n\t<meta name=\"twitter:label2\" content=\"Tempo estimado de leitura\" \/>\n\t<meta name=\"twitter:data2\" content=\"1 minuto\" \/>\n<script type=\"application\/ld+json\" class=\"yoast-schema-graph\">{\"@context\":\"https:\/\/schema.org\",\"@graph\":[{\"@type\":\"Article\",\"@id\":\"https:\/\/portaltela.pt\/noticias\/2026\/03\/04\/marcelo-apresenta-quadro-oficial-da-presidencia-criado-por-vhils\/#article\",\"isPartOf\":{\"@id\":\"https:\/\/portaltela.pt\/noticias\/2026\/03\/04\/marcelo-apresenta-quadro-oficial-da-presidencia-criado-por-vhils\/\"},\"author\":{\"name\":\"Telinha\",\"@id\":\"https:\/\/portaltela.pt\/#\/schema\/person\/c4278d4a6028830caff9ee44b42d32ed\"},\"headline\":\"Marcelo apresenta quadro oficial da Presid\u00eancia criado por Vhils\",\"datePublished\":\"2026-03-04T20:40:42+00:00\",\"mainEntityOfPage\":{\"@id\":\"https:\/\/portaltela.pt\/noticias\/2026\/03\/04\/marcelo-apresenta-quadro-oficial-da-presidencia-criado-por-vhils\/\"},\"wordCount\":299,\"image\":{\"@id\":\"https:\/\/portaltela.pt\/noticias\/2026\/03\/04\/marcelo-apresenta-quadro-oficial-da-presidencia-criado-por-vhils\/#primaryimage\"},\"thumbnailUrl\":\"https:\/\/portaltela.pt\/s.01k8rhncp4jt1\/2026\/03\/img_920x518uu2026-03-04-20-40-23-2424927.jpg\",\"keywords\":[\"arte\",\"Barreiro\",\"cultura\",\"Marcelo\",\"museus e arquivos\",\"Vhils\"],\"articleSection\":[\"Not\u00edcias\"],\"inLanguage\":\"pt-PT\"},{\"@type\":\"WebPage\",\"@id\":\"https:\/\/portaltela.pt\/noticias\/2026\/03\/04\/marcelo-apresenta-quadro-oficial-da-presidencia-criado-por-vhils\/\",\"url\":\"https:\/\/portaltela.pt\/noticias\/2026\/03\/04\/marcelo-apresenta-quadro-oficial-da-presidencia-criado-por-vhils\/\",\"name\":\"Marcelo apresenta quadro oficial da Presid\u00eancia criado por Vhils - Portal Tela Portugal\",\"isPartOf\":{\"@id\":\"https:\/\/portaltela.pt\/#website\"},\"primaryImageOfPage\":{\"@id\":\"https:\/\/portaltela.pt\/noticias\/2026\/03\/04\/marcelo-apresenta-quadro-oficial-da-presidencia-criado-por-vhils\/#primaryimage\"},\"image\":{\"@id\":\"https:\/\/portaltela.pt\/noticias\/2026\/03\/04\/marcelo-apresenta-quadro-oficial-da-presidencia-criado-por-vhils\/#primaryimage\"},\"thumbnailUrl\":\"https:\/\/portaltela.pt\/s.01k8rhncp4jt1\/2026\/03\/img_920x518uu2026-03-04-20-40-23-2424927.jpg\",\"datePublished\":\"2026-03-04T20:40:42+00:00\",\"author\":{\"@id\":\"https:\/\/portaltela.pt\/#\/schema\/person\/c4278d4a6028830caff9ee44b42d32ed\"},\"breadcrumb\":{\"@id\":\"https:\/\/portaltela.pt\/noticias\/2026\/03\/04\/marcelo-apresenta-quadro-oficial-da-presidencia-criado-por-vhils\/#breadcrumb\"},\"inLanguage\":\"pt-PT\",\"potentialAction\":[{\"@type\":\"ReadAction\",\"target\":[\"https:\/\/portaltela.pt\/noticias\/2026\/03\/04\/marcelo-apresenta-quadro-oficial-da-presidencia-criado-por-vhils\/\"]}]},{\"@type\":\"ImageObject\",\"inLanguage\":\"pt-PT\",\"@id\":\"https:\/\/portaltela.pt\/noticias\/2026\/03\/04\/marcelo-apresenta-quadro-oficial-da-presidencia-criado-por-vhils\/#primaryimage\",\"url\":\"https:\/\/portaltela.pt\/s.01k8rhncp4jt1\/2026\/03\/img_920x518uu2026-03-04-20-40-23-2424927.jpg\",\"contentUrl\":\"https:\/\/portaltela.pt\/s.01k8rhncp4jt1\/2026\/03\/img_920x518uu2026-03-04-20-40-23-2424927.jpg\",\"width\":796,\"height\":448,\"caption\":\"Vhils e Marcelo Rebelo de Sousa\"},{\"@type\":\"BreadcrumbList\",\"@id\":\"https:\/\/portaltela.pt\/noticias\/2026\/03\/04\/marcelo-apresenta-quadro-oficial-da-presidencia-criado-por-vhils\/#breadcrumb\",\"itemListElement\":[{\"@type\":\"ListItem\",\"position\":1,\"name\":\"In\u00edcio\",\"item\":\"https:\/\/portaltela.pt\/\"},{\"@type\":\"ListItem\",\"position\":2,\"name\":\"Marcelo apresenta quadro oficial da Presid\u00eancia criado por Vhils\"}]},{\"@type\":\"WebSite\",\"@id\":\"https:\/\/portaltela.pt\/#website\",\"url\":\"https:\/\/portaltela.pt\/\",\"name\":\"Portal Tela Portugal\",\"description\":\"\",\"potentialAction\":[{\"@type\":\"SearchAction\",\"target\":{\"@type\":\"EntryPoint\",\"urlTemplate\":\"https:\/\/portaltela.pt\/?s={search_term_string}\"},\"query-input\":{\"@type\":\"PropertyValueSpecification\",\"valueRequired\":true,\"valueName\":\"search_term_string\"}}],\"inLanguage\":\"pt-PT\"},{\"@type\":\"Person\",\"@id\":\"https:\/\/portaltela.pt\/#\/schema\/person\/c4278d4a6028830caff9ee44b42d32ed\",\"name\":\"Telinha\",\"image\":{\"@type\":\"ImageObject\",\"inLanguage\":\"pt-PT\",\"@id\":\"https:\/\/portaltela.pt\/s.01k8rhncp4jt1\/2025\/11\/talking-bot-125x125.png\",\"url\":\"https:\/\/portaltela.pt\/s.01k8rhncp4jt1\/2025\/11\/talking-bot-125x125.png\",\"contentUrl\":\"https:\/\/portaltela.pt\/s.01k8rhncp4jt1\/2025\/11\/talking-bot-125x125.png\",\"caption\":\"Telinha\"},\"sameAs\":[\"https:\/\/portaltela.pt\/\"],\"url\":\"https:\/\/portaltela.pt\/por\/367410592786\/\"}]}<\/script>\n<!-- \/ Yoast SEO plugin. -->","yoast_head_json":{"title":"Marcelo apresenta quadro oficial da Presid\u00eancia criado por Vhils - Portal Tela Portugal","robots":{"index":"index","follow":"follow","max-snippet":"max-snippet:-1","max-image-preview":"max-image-preview:large","max-video-preview":"max-video-preview:-1"},"og_locale":"pt_PT","og_type":"article","og_title":"Marcelo apresenta quadro oficial da Presid\u00eancia criado por Vhils - Portal Tela Portugal","og_description":"Marcelo Rebelo de Sousa apresentou o retrato oficial criado por Alexandre Farto (Vhils) no Museu da Presid\u00eancia. A obra, produzida em cerca de seis meses no est\u00fadio de Vhils no Barreiro, \u00e9 uma colagem de recortes de jornais sobre acontecimentos do pa\u00eds entre 2016 e 2026, a partir de uma fotografia de Rui Ochoa. Este \u00e9 o primeiro retrato oficial da Presid\u00eancia portuguesa que n\u00e3o \u00e9 pintado, passando a integrar a galeria de retratos do museu. Vhils ofereceu o retrato \u00e0 Presid\u00eancia, propondo que o valor seja utilizado para adquirir obras de artistas emergentes para a cole\u00e7\u00e3o do museu; j\u00e1 foram adquiridas 11 pe\u00e7as por recomenda\u00e7\u00e3o. As obras adquiridas incluem trabalhos de \u00b1MaisMenos\u00b1, Mantraste, Fidel \u00c9vora, Unidigrazz, Pantonio, Marta Pinto Machado, Jo\u00e3o Amado, Ana Arag\u00e3o, Ana Malta, Francisco Vidal e Kindumba, com mais aquisi\u00e7\u00f5es previstas para reserva e rota\u00e7\u00e3o.","og_url":"https:\/\/portaltela.pt\/noticias\/2026\/03\/04\/marcelo-apresenta-quadro-oficial-da-presidencia-criado-por-vhils\/","og_site_name":"Portal Tela Portugal","article_published_time":"2026-03-04T20:40:42+00:00","author":"Telinha","twitter_card":"summary_large_image","twitter_misc":{"Escrito por":"Telinha","Tempo estimado de leitura":"1 minuto"},"schema":{"@context":"https:\/\/schema.org","@graph":[{"@type":"Article","@id":"https:\/\/portaltela.pt\/noticias\/2026\/03\/04\/marcelo-apresenta-quadro-oficial-da-presidencia-criado-por-vhils\/#article","isPartOf":{"@id":"https:\/\/portaltela.pt\/noticias\/2026\/03\/04\/marcelo-apresenta-quadro-oficial-da-presidencia-criado-por-vhils\/"},"author":{"name":"Telinha","@id":"https:\/\/portaltela.pt\/#\/schema\/person\/c4278d4a6028830caff9ee44b42d32ed"},"headline":"Marcelo apresenta quadro oficial da Presid\u00eancia criado por Vhils","datePublished":"2026-03-04T20:40:42+00:00","mainEntityOfPage":{"@id":"https:\/\/portaltela.pt\/noticias\/2026\/03\/04\/marcelo-apresenta-quadro-oficial-da-presidencia-criado-por-vhils\/"},"wordCount":299,"image":{"@id":"https:\/\/portaltela.pt\/noticias\/2026\/03\/04\/marcelo-apresenta-quadro-oficial-da-presidencia-criado-por-vhils\/#primaryimage"},"thumbnailUrl":"https:\/\/portaltela.pt\/s.01k8rhncp4jt1\/2026\/03\/img_920x518uu2026-03-04-20-40-23-2424927.jpg","keywords":["arte","Barreiro","cultura","Marcelo","museus e arquivos","Vhils"],"articleSection":["Not\u00edcias"],"inLanguage":"pt-PT"},{"@type":"WebPage","@id":"https:\/\/portaltela.pt\/noticias\/2026\/03\/04\/marcelo-apresenta-quadro-oficial-da-presidencia-criado-por-vhils\/","url":"https:\/\/portaltela.pt\/noticias\/2026\/03\/04\/marcelo-apresenta-quadro-oficial-da-presidencia-criado-por-vhils\/","name":"Marcelo apresenta quadro oficial da Presid\u00eancia criado por Vhils - Portal Tela Portugal","isPartOf":{"@id":"https:\/\/portaltela.pt\/#website"},"primaryImageOfPage":{"@id":"https:\/\/portaltela.pt\/noticias\/2026\/03\/04\/marcelo-apresenta-quadro-oficial-da-presidencia-criado-por-vhils\/#primaryimage"},"image":{"@id":"https:\/\/portaltela.pt\/noticias\/2026\/03\/04\/marcelo-apresenta-quadro-oficial-da-presidencia-criado-por-vhils\/#primaryimage"},"thumbnailUrl":"https:\/\/portaltela.pt\/s.01k8rhncp4jt1\/2026\/03\/img_920x518uu2026-03-04-20-40-23-2424927.jpg","datePublished":"2026-03-04T20:40:42+00:00","author":{"@id":"https:\/\/portaltela.pt\/#\/schema\/person\/c4278d4a6028830caff9ee44b42d32ed"},"breadcrumb":{"@id":"https:\/\/portaltela.pt\/noticias\/2026\/03\/04\/marcelo-apresenta-quadro-oficial-da-presidencia-criado-por-vhils\/#breadcrumb"},"inLanguage":"pt-PT","potentialAction":[{"@type":"ReadAction","target":["https:\/\/portaltela.pt\/noticias\/2026\/03\/04\/marcelo-apresenta-quadro-oficial-da-presidencia-criado-por-vhils\/"]}]},{"@type":"ImageObject","inLanguage":"pt-PT","@id":"https:\/\/portaltela.pt\/noticias\/2026\/03\/04\/marcelo-apresenta-quadro-oficial-da-presidencia-criado-por-vhils\/#primaryimage","url":"https:\/\/portaltela.pt\/s.01k8rhncp4jt1\/2026\/03\/img_920x518uu2026-03-04-20-40-23-2424927.jpg","contentUrl":"https:\/\/portaltela.pt\/s.01k8rhncp4jt1\/2026\/03\/img_920x518uu2026-03-04-20-40-23-2424927.jpg","width":796,"height":448,"caption":"Vhils e Marcelo Rebelo de Sousa"},{"@type":"BreadcrumbList","@id":"https:\/\/portaltela.pt\/noticias\/2026\/03\/04\/marcelo-apresenta-quadro-oficial-da-presidencia-criado-por-vhils\/#breadcrumb","itemListElement":[{"@type":"ListItem","position":1,"name":"In\u00edcio","item":"https:\/\/portaltela.pt\/"},{"@type":"ListItem","position":2,"name":"Marcelo apresenta quadro oficial da Presid\u00eancia criado por Vhils"}]},{"@type":"WebSite","@id":"https:\/\/portaltela.pt\/#website","url":"https:\/\/portaltela.pt\/","name":"Portal Tela Portugal","description":"","potentialAction":[{"@type":"SearchAction","target":{"@type":"EntryPoint","urlTemplate":"https:\/\/portaltela.pt\/?s={search_term_string}"},"query-input":{"@type":"PropertyValueSpecification","valueRequired":true,"valueName":"search_term_string"}}],"inLanguage":"pt-PT"},{"@type":"Person","@id":"https:\/\/portaltela.pt\/#\/schema\/person\/c4278d4a6028830caff9ee44b42d32ed","name":"Telinha","image":{"@type":"ImageObject","inLanguage":"pt-PT","@id":"https:\/\/portaltela.pt\/s.01k8rhncp4jt1\/2025\/11\/talking-bot-125x125.png","url":"https:\/\/portaltela.pt\/s.01k8rhncp4jt1\/2025\/11\/talking-bot-125x125.png","contentUrl":"https:\/\/portaltela.pt\/s.01k8rhncp4jt1\/2025\/11\/talking-bot-125x125.png","caption":"Telinha"},"sameAs":["https:\/\/portaltela.pt\/"],"url":"https:\/\/portaltela.pt\/por\/367410592786\/"}]}},"_links":{"self":[{"href":"https:\/\/portaltela.pt\/api\/wp\/v2\/posts\/397824","targetHints":{"allow":["GET"]}}],"collection":[{"href":"https:\/\/portaltela.pt\/api\/wp\/v2\/posts"}],"about":[{"href":"https:\/\/portaltela.pt\/api\/wp\/v2\/types\/post"}],"author":[{"embeddable":true,"href":"https:\/\/portaltela.pt\/api\/wp\/v2\/users\/2"}],"replies":[{"embeddable":true,"href":"https:\/\/portaltela.pt\/api\/wp\/v2\/comments?post=397824"}],"version-history":[{"count":0,"href":"https:\/\/portaltela.pt\/api\/wp\/v2\/posts\/397824\/revisions"}],"wp:featuredmedia":[{"embeddable":true,"href":"https:\/\/portaltela.pt\/api\/wp\/v2\/media\/397831"}],"wp:attachment":[{"href":"https:\/\/portaltela.pt\/api\/wp\/v2\/media?parent=397824"}],"wp:term":[{"taxonomy":"category","embeddable":true,"href":"https:\/\/portaltela.pt\/api\/wp\/v2\/categories?post=397824"},{"taxonomy":"post_tag","embeddable":true,"href":"https:\/\/portaltela.pt\/api\/wp\/v2\/tags?post=397824"}],"curies":[{"name":"wp","href":"https:\/\/api.w.org\/{rel}","templated":true}]}}