{"id":397812,"date":"2026-03-04T17:20:00","date_gmt":"2026-03-04T20:20:00","guid":{"rendered":"https:\/\/portaltela.pt\/noticias\/2026\/03\/04\/montenegro-mantem-postura-firme-com-eua-diante-criticas-da-esquerda\/"},"modified":"2026-03-04T17:20:00","modified_gmt":"2026-03-04T20:20:00","slug":"montenegro-mantem-postura-firme-com-eua-diante-criticas-da-esquerda","status":"publish","type":"post","link":"https:\/\/portaltela.pt\/noticias\/politica\/2026\/03\/04\/montenegro-mantem-postura-firme-com-eua-diante-criticas-da-esquerda\/","title":{"rendered":"Montenegro mant\u00e9m postura firme com EUA diante cr\u00edticas da esquerda"},"content":{"rendered":"<p>O primeiro-ministro Lu\u00eds Montenegro foi desafiado, na antev\u00e9spera da cimeira ib\u00e9rica, a solidarizar-se com Espanha e a clarificar se condena o ataque dos EUA ao Ir\u00e3o. N\u00e3o houve condena\u00e7\u00e3o nem confirma\u00e7\u00e3o de posi\u00e7\u00e3o formal.<\/p>\n<p>Montenegro afirmou ter ficado na posi\u00e7\u00e3o de n\u00e3o acompanhar, n\u00e3o subscrever e n\u00e3o estar envolvido na mat\u00e9ria. A declara\u00e7\u00e3o surgiu ap\u00f3s cr\u00edticas da esquerda e elogios da direita, num debate parlamentar.<\/p>\n<p>Apesar da contesta\u00e7\u00e3o externa, Montenegro optou por manter a linha de condena\u00e7\u00e3o ao regime dos ayatollah e refor\u00e7ou a posi\u00e7\u00e3o portuguesa sobre a utiliza\u00e7\u00e3o norte\u2011americana da base das Lajes. N\u00e3o pretende, segundo disse, arrepender-se de nada.<\/p>\n<h3>Contexto internacional<\/h3>\n<p>Em rea\u00e7\u00e3o ao ataque ocorrido no fim de semana anterior, o Governo reiterou que o foco \u00e9 a preserva\u00e7\u00e3o de interesses nacionais, destacando o direito internacional. As avalia\u00e7\u00f5es sobre o epis\u00f3dio permanecem divididas entre os partidos.<\/p>\n","protected":false},"excerpt":{"rendered":"<ul>\n<li>Na antev\u00e9spera da cimeira ib\u00e9rica, o primeiro-ministro foi desafiado a solidarizar-se com Espanha e a clarificar se condena o ataque dos EUA ao Ir\u00e3o, o que n\u00e3o fez.<\/li>\n<li>No debate quinzenal, Lu\u00eds Montenegro afirmou que \u201cn\u00e3o acompanhou, n\u00e3o subscreveu e n\u00e3o esteve envolvido\u201d na mat\u00e9ria.<\/li>\n<li>O Governo mant\u00e9m a posi\u00e7\u00e3o sobre a utiliza\u00e7\u00e3o da base das Lajes e n\u00e3o condena, nem admite, viola\u00e7\u00e3o do direito internacional pelo ataque ao Ir\u00e3o.<\/li>\n<li>Montenegro disse ainda que n\u00e3o se vai arrepender de nada, em meio a cr\u00edticas da esquerda e elogios da direita.<\/li>\n<li>A mat\u00e9ria destaca o equil\u00edbrio do Executivo entre condenar o regime iraniano e n\u00e3o antagonizar os EUA.<\/li>\n<\/ul>\n","protected":false},"author":2,"featured_media":397819,"comment_status":"closed","ping_status":"closed","sticky":false,"template":"","format":"standard","meta":{"footnotes":""},"categories":[1,5],"tags":[1465,1600,2470,6504,5698,1014],"class_list":["post-397812","post","type-post","status-publish","format-standard","has-post-thumbnail","hentry","category-noticias","category-politica","tag-direitos-internacionais","tag-estados-unidos","tag-irao","tag-lajes","tag-politica-internacional","tag-portugal"],"yoast_head":"<!-- This site is optimized with the Yoast SEO plugin v27.2 - https:\/\/yoast.com\/product\/yoast-seo-wordpress\/ -->\n<title>Montenegro mant\u00e9m postura firme com EUA diante cr\u00edticas da esquerda - Portal Tela Portugal<\/title>\n<meta name=\"robots\" content=\"index, follow, max-snippet:-1, max-image-preview:large, max-video-preview:-1\" \/>\n<meta property=\"og:locale\" content=\"pt_PT\" \/>\n<meta property=\"og:type\" content=\"article\" \/>\n<meta property=\"og:title\" content=\"Montenegro mant\u00e9m postura firme com EUA diante cr\u00edticas da esquerda - Portal Tela Portugal\" \/>\n<meta property=\"og:description\" content=\"Na antev\u00e9spera da cimeira ib\u00e9rica, o primeiro-ministro foi desafiado a solidarizar-se com Espanha e a clarificar se condena o ataque dos EUA ao Ir\u00e3o, o que n\u00e3o fez. No debate quinzenal, Lu\u00eds Montenegro afirmou que \u201cn\u00e3o acompanhou, n\u00e3o subscreveu e n\u00e3o esteve envolvido\u201d na mat\u00e9ria. O Governo mant\u00e9m a posi\u00e7\u00e3o sobre a utiliza\u00e7\u00e3o da base das Lajes e n\u00e3o condena, nem admite, viola\u00e7\u00e3o do direito internacional pelo ataque ao Ir\u00e3o. Montenegro disse ainda que n\u00e3o se vai arrepender de nada, em meio a cr\u00edticas da esquerda e elogios da direita. A mat\u00e9ria destaca o equil\u00edbrio do Executivo entre condenar o regime iraniano e n\u00e3o antagonizar os EUA.\" \/>\n<meta property=\"og:url\" content=\"https:\/\/portaltela.pt\/noticias\/2026\/03\/04\/montenegro-mantem-postura-firme-com-eua-diante-criticas-da-esquerda\/\" \/>\n<meta property=\"og:site_name\" content=\"Portal Tela Portugal\" \/>\n<meta property=\"article:published_time\" content=\"2026-03-04T20:20:00+00:00\" \/>\n<meta name=\"author\" content=\"Telinha\" \/>\n<meta name=\"twitter:card\" content=\"summary_large_image\" \/>\n<meta name=\"twitter:label1\" content=\"Escrito por\" \/>\n\t<meta name=\"twitter:data1\" content=\"Telinha\" \/>\n\t<meta name=\"twitter:label2\" content=\"Tempo estimado de leitura\" \/>\n\t<meta name=\"twitter:data2\" content=\"1 minuto\" \/>\n<script type=\"application\/ld+json\" class=\"yoast-schema-graph\">{\"@context\":\"https:\/\/schema.org\",\"@graph\":[{\"@type\":\"Article\",\"@id\":\"https:\/\/portaltela.pt\/noticias\/2026\/03\/04\/montenegro-mantem-postura-firme-com-eua-diante-criticas-da-esquerda\/#article\",\"isPartOf\":{\"@id\":\"https:\/\/portaltela.pt\/noticias\/2026\/03\/04\/montenegro-mantem-postura-firme-com-eua-diante-criticas-da-esquerda\/\"},\"author\":{\"name\":\"Telinha\",\"@id\":\"https:\/\/portaltela.pt\/#\/schema\/person\/c4278d4a6028830caff9ee44b42d32ed\"},\"headline\":\"Montenegro mant\u00e9m postura firme com EUA diante cr\u00edticas da esquerda\",\"datePublished\":\"2026-03-04T20:20:00+00:00\",\"mainEntityOfPage\":{\"@id\":\"https:\/\/portaltela.pt\/noticias\/2026\/03\/04\/montenegro-mantem-postura-firme-com-eua-diante-criticas-da-esquerda\/\"},\"wordCount\":177,\"image\":{\"@id\":\"https:\/\/portaltela.pt\/noticias\/2026\/03\/04\/montenegro-mantem-postura-firme-com-eua-diante-criticas-da-esquerda\/#primaryimage\"},\"thumbnailUrl\":\"https:\/\/portaltela.pt\/s.01k8rhncp4jt1\/2026\/03\/2071877.jpg\",\"keywords\":[\"direitos internacionais\",\"Estados Unidos\",\"Ir\u00e3o\",\"Lajes\",\"pol\u00edtica internacional\",\"Portugal\"],\"articleSection\":[\"Not\u00edcias\",\"Pol\u00edtica\"],\"inLanguage\":\"pt-PT\"},{\"@type\":\"WebPage\",\"@id\":\"https:\/\/portaltela.pt\/noticias\/2026\/03\/04\/montenegro-mantem-postura-firme-com-eua-diante-criticas-da-esquerda\/\",\"url\":\"https:\/\/portaltela.pt\/noticias\/2026\/03\/04\/montenegro-mantem-postura-firme-com-eua-diante-criticas-da-esquerda\/\",\"name\":\"Montenegro mant\u00e9m postura firme com EUA diante cr\u00edticas da esquerda - Portal Tela Portugal\",\"isPartOf\":{\"@id\":\"https:\/\/portaltela.pt\/#website\"},\"primaryImageOfPage\":{\"@id\":\"https:\/\/portaltela.pt\/noticias\/2026\/03\/04\/montenegro-mantem-postura-firme-com-eua-diante-criticas-da-esquerda\/#primaryimage\"},\"image\":{\"@id\":\"https:\/\/portaltela.pt\/noticias\/2026\/03\/04\/montenegro-mantem-postura-firme-com-eua-diante-criticas-da-esquerda\/#primaryimage\"},\"thumbnailUrl\":\"https:\/\/portaltela.pt\/s.01k8rhncp4jt1\/2026\/03\/2071877.jpg\",\"datePublished\":\"2026-03-04T20:20:00+00:00\",\"author\":{\"@id\":\"https:\/\/portaltela.pt\/#\/schema\/person\/c4278d4a6028830caff9ee44b42d32ed\"},\"breadcrumb\":{\"@id\":\"https:\/\/portaltela.pt\/noticias\/2026\/03\/04\/montenegro-mantem-postura-firme-com-eua-diante-criticas-da-esquerda\/#breadcrumb\"},\"inLanguage\":\"pt-PT\",\"potentialAction\":[{\"@type\":\"ReadAction\",\"target\":[\"https:\/\/portaltela.pt\/noticias\/2026\/03\/04\/montenegro-mantem-postura-firme-com-eua-diante-criticas-da-esquerda\/\"]}]},{\"@type\":\"ImageObject\",\"inLanguage\":\"pt-PT\",\"@id\":\"https:\/\/portaltela.pt\/noticias\/2026\/03\/04\/montenegro-mantem-postura-firme-com-eua-diante-criticas-da-esquerda\/#primaryimage\",\"url\":\"https:\/\/portaltela.pt\/s.01k8rhncp4jt1\/2026\/03\/2071877.jpg\",\"contentUrl\":\"https:\/\/portaltela.pt\/s.01k8rhncp4jt1\/2026\/03\/2071877.jpg\",\"width\":796,\"height\":448,\"caption\":\"Lu\u00eds Montenegro regressou ao Parlamento para um debate marcado pela guerra no Ir\u00e3o\"},{\"@type\":\"BreadcrumbList\",\"@id\":\"https:\/\/portaltela.pt\/noticias\/2026\/03\/04\/montenegro-mantem-postura-firme-com-eua-diante-criticas-da-esquerda\/#breadcrumb\",\"itemListElement\":[{\"@type\":\"ListItem\",\"position\":1,\"name\":\"In\u00edcio\",\"item\":\"https:\/\/portaltela.pt\/\"},{\"@type\":\"ListItem\",\"position\":2,\"name\":\"Montenegro mant\u00e9m postura firme com EUA diante cr\u00edticas da esquerda\"}]},{\"@type\":\"WebSite\",\"@id\":\"https:\/\/portaltela.pt\/#website\",\"url\":\"https:\/\/portaltela.pt\/\",\"name\":\"Portal Tela Portugal\",\"description\":\"\",\"potentialAction\":[{\"@type\":\"SearchAction\",\"target\":{\"@type\":\"EntryPoint\",\"urlTemplate\":\"https:\/\/portaltela.pt\/?s={search_term_string}\"},\"query-input\":{\"@type\":\"PropertyValueSpecification\",\"valueRequired\":true,\"valueName\":\"search_term_string\"}}],\"inLanguage\":\"pt-PT\"},{\"@type\":\"Person\",\"@id\":\"https:\/\/portaltela.pt\/#\/schema\/person\/c4278d4a6028830caff9ee44b42d32ed\",\"name\":\"Telinha\",\"image\":{\"@type\":\"ImageObject\",\"inLanguage\":\"pt-PT\",\"@id\":\"https:\/\/portaltela.pt\/s.01k8rhncp4jt1\/2025\/11\/talking-bot-125x125.png\",\"url\":\"https:\/\/portaltela.pt\/s.01k8rhncp4jt1\/2025\/11\/talking-bot-125x125.png\",\"contentUrl\":\"https:\/\/portaltela.pt\/s.01k8rhncp4jt1\/2025\/11\/talking-bot-125x125.png\",\"caption\":\"Telinha\"},\"sameAs\":[\"https:\/\/portaltela.pt\/\"],\"url\":\"https:\/\/portaltela.pt\/por\/367410592786\/\"}]}<\/script>\n<!-- \/ Yoast SEO plugin. -->","yoast_head_json":{"title":"Montenegro mant\u00e9m postura firme com EUA diante cr\u00edticas da esquerda - Portal Tela Portugal","robots":{"index":"index","follow":"follow","max-snippet":"max-snippet:-1","max-image-preview":"max-image-preview:large","max-video-preview":"max-video-preview:-1"},"og_locale":"pt_PT","og_type":"article","og_title":"Montenegro mant\u00e9m postura firme com EUA diante cr\u00edticas da esquerda - Portal Tela Portugal","og_description":"Na antev\u00e9spera da cimeira ib\u00e9rica, o primeiro-ministro foi desafiado a solidarizar-se com Espanha e a clarificar se condena o ataque dos EUA ao Ir\u00e3o, o que n\u00e3o fez. No debate quinzenal, Lu\u00eds Montenegro afirmou que \u201cn\u00e3o acompanhou, n\u00e3o subscreveu e n\u00e3o esteve envolvido\u201d na mat\u00e9ria. O Governo mant\u00e9m a posi\u00e7\u00e3o sobre a utiliza\u00e7\u00e3o da base das Lajes e n\u00e3o condena, nem admite, viola\u00e7\u00e3o do direito internacional pelo ataque ao Ir\u00e3o. Montenegro disse ainda que n\u00e3o se vai arrepender de nada, em meio a cr\u00edticas da esquerda e elogios da direita. A mat\u00e9ria destaca o equil\u00edbrio do Executivo entre condenar o regime iraniano e n\u00e3o antagonizar os EUA.","og_url":"https:\/\/portaltela.pt\/noticias\/2026\/03\/04\/montenegro-mantem-postura-firme-com-eua-diante-criticas-da-esquerda\/","og_site_name":"Portal Tela Portugal","article_published_time":"2026-03-04T20:20:00+00:00","author":"Telinha","twitter_card":"summary_large_image","twitter_misc":{"Escrito por":"Telinha","Tempo estimado de leitura":"1 minuto"},"schema":{"@context":"https:\/\/schema.org","@graph":[{"@type":"Article","@id":"https:\/\/portaltela.pt\/noticias\/2026\/03\/04\/montenegro-mantem-postura-firme-com-eua-diante-criticas-da-esquerda\/#article","isPartOf":{"@id":"https:\/\/portaltela.pt\/noticias\/2026\/03\/04\/montenegro-mantem-postura-firme-com-eua-diante-criticas-da-esquerda\/"},"author":{"name":"Telinha","@id":"https:\/\/portaltela.pt\/#\/schema\/person\/c4278d4a6028830caff9ee44b42d32ed"},"headline":"Montenegro mant\u00e9m postura firme com EUA diante cr\u00edticas da esquerda","datePublished":"2026-03-04T20:20:00+00:00","mainEntityOfPage":{"@id":"https:\/\/portaltela.pt\/noticias\/2026\/03\/04\/montenegro-mantem-postura-firme-com-eua-diante-criticas-da-esquerda\/"},"wordCount":177,"image":{"@id":"https:\/\/portaltela.pt\/noticias\/2026\/03\/04\/montenegro-mantem-postura-firme-com-eua-diante-criticas-da-esquerda\/#primaryimage"},"thumbnailUrl":"https:\/\/portaltela.pt\/s.01k8rhncp4jt1\/2026\/03\/2071877.jpg","keywords":["direitos internacionais","Estados Unidos","Ir\u00e3o","Lajes","pol\u00edtica internacional","Portugal"],"articleSection":["Not\u00edcias","Pol\u00edtica"],"inLanguage":"pt-PT"},{"@type":"WebPage","@id":"https:\/\/portaltela.pt\/noticias\/2026\/03\/04\/montenegro-mantem-postura-firme-com-eua-diante-criticas-da-esquerda\/","url":"https:\/\/portaltela.pt\/noticias\/2026\/03\/04\/montenegro-mantem-postura-firme-com-eua-diante-criticas-da-esquerda\/","name":"Montenegro mant\u00e9m postura firme com EUA diante cr\u00edticas da esquerda - Portal Tela Portugal","isPartOf":{"@id":"https:\/\/portaltela.pt\/#website"},"primaryImageOfPage":{"@id":"https:\/\/portaltela.pt\/noticias\/2026\/03\/04\/montenegro-mantem-postura-firme-com-eua-diante-criticas-da-esquerda\/#primaryimage"},"image":{"@id":"https:\/\/portaltela.pt\/noticias\/2026\/03\/04\/montenegro-mantem-postura-firme-com-eua-diante-criticas-da-esquerda\/#primaryimage"},"thumbnailUrl":"https:\/\/portaltela.pt\/s.01k8rhncp4jt1\/2026\/03\/2071877.jpg","datePublished":"2026-03-04T20:20:00+00:00","author":{"@id":"https:\/\/portaltela.pt\/#\/schema\/person\/c4278d4a6028830caff9ee44b42d32ed"},"breadcrumb":{"@id":"https:\/\/portaltela.pt\/noticias\/2026\/03\/04\/montenegro-mantem-postura-firme-com-eua-diante-criticas-da-esquerda\/#breadcrumb"},"inLanguage":"pt-PT","potentialAction":[{"@type":"ReadAction","target":["https:\/\/portaltela.pt\/noticias\/2026\/03\/04\/montenegro-mantem-postura-firme-com-eua-diante-criticas-da-esquerda\/"]}]},{"@type":"ImageObject","inLanguage":"pt-PT","@id":"https:\/\/portaltela.pt\/noticias\/2026\/03\/04\/montenegro-mantem-postura-firme-com-eua-diante-criticas-da-esquerda\/#primaryimage","url":"https:\/\/portaltela.pt\/s.01k8rhncp4jt1\/2026\/03\/2071877.jpg","contentUrl":"https:\/\/portaltela.pt\/s.01k8rhncp4jt1\/2026\/03\/2071877.jpg","width":796,"height":448,"caption":"Lu\u00eds Montenegro regressou ao Parlamento para um debate marcado pela guerra no Ir\u00e3o"},{"@type":"BreadcrumbList","@id":"https:\/\/portaltela.pt\/noticias\/2026\/03\/04\/montenegro-mantem-postura-firme-com-eua-diante-criticas-da-esquerda\/#breadcrumb","itemListElement":[{"@type":"ListItem","position":1,"name":"In\u00edcio","item":"https:\/\/portaltela.pt\/"},{"@type":"ListItem","position":2,"name":"Montenegro mant\u00e9m postura firme com EUA diante cr\u00edticas da esquerda"}]},{"@type":"WebSite","@id":"https:\/\/portaltela.pt\/#website","url":"https:\/\/portaltela.pt\/","name":"Portal Tela Portugal","description":"","potentialAction":[{"@type":"SearchAction","target":{"@type":"EntryPoint","urlTemplate":"https:\/\/portaltela.pt\/?s={search_term_string}"},"query-input":{"@type":"PropertyValueSpecification","valueRequired":true,"valueName":"search_term_string"}}],"inLanguage":"pt-PT"},{"@type":"Person","@id":"https:\/\/portaltela.pt\/#\/schema\/person\/c4278d4a6028830caff9ee44b42d32ed","name":"Telinha","image":{"@type":"ImageObject","inLanguage":"pt-PT","@id":"https:\/\/portaltela.pt\/s.01k8rhncp4jt1\/2025\/11\/talking-bot-125x125.png","url":"https:\/\/portaltela.pt\/s.01k8rhncp4jt1\/2025\/11\/talking-bot-125x125.png","contentUrl":"https:\/\/portaltela.pt\/s.01k8rhncp4jt1\/2025\/11\/talking-bot-125x125.png","caption":"Telinha"},"sameAs":["https:\/\/portaltela.pt\/"],"url":"https:\/\/portaltela.pt\/por\/367410592786\/"}]}},"_links":{"self":[{"href":"https:\/\/portaltela.pt\/api\/wp\/v2\/posts\/397812","targetHints":{"allow":["GET"]}}],"collection":[{"href":"https:\/\/portaltela.pt\/api\/wp\/v2\/posts"}],"about":[{"href":"https:\/\/portaltela.pt\/api\/wp\/v2\/types\/post"}],"author":[{"embeddable":true,"href":"https:\/\/portaltela.pt\/api\/wp\/v2\/users\/2"}],"replies":[{"embeddable":true,"href":"https:\/\/portaltela.pt\/api\/wp\/v2\/comments?post=397812"}],"version-history":[{"count":0,"href":"https:\/\/portaltela.pt\/api\/wp\/v2\/posts\/397812\/revisions"}],"wp:featuredmedia":[{"embeddable":true,"href":"https:\/\/portaltela.pt\/api\/wp\/v2\/media\/397819"}],"wp:attachment":[{"href":"https:\/\/portaltela.pt\/api\/wp\/v2\/media?parent=397812"}],"wp:term":[{"taxonomy":"category","embeddable":true,"href":"https:\/\/portaltela.pt\/api\/wp\/v2\/categories?post=397812"},{"taxonomy":"post_tag","embeddable":true,"href":"https:\/\/portaltela.pt\/api\/wp\/v2\/tags?post=397812"}],"curies":[{"name":"wp","href":"https:\/\/api.w.org\/{rel}","templated":true}]}}