{"id":397811,"date":"2026-03-04T17:18:41","date_gmt":"2026-03-04T20:18:41","guid":{"rendered":"https:\/\/portaltela.pt\/noticias\/2026\/03\/04\/ministro-de-estado-de-angola-participa-no-radar-africa-do-negocios\/"},"modified":"2026-03-04T17:18:41","modified_gmt":"2026-03-04T20:18:41","slug":"ministro-de-estado-de-angola-participa-no-radar-africa-do-negocios","status":"publish","type":"post","link":"https:\/\/portaltela.pt\/noticias\/economia\/2026\/03\/04\/ministro-de-estado-de-angola-participa-no-radar-africa-do-negocios\/","title":{"rendered":"Ministro de Estado de Angola participa no Radar \u00c1frica do Neg\u00f3cios"},"content":{"rendered":"<p>O Jornal Neg\u00f3cios organiza a confer\u00eancia Radar \u00c1frica \u2013 Os Caminhos Para Angola, realizada na manh\u00e3 de sexta-feira, 6 de mar\u00e7o. O evento decorre no hotel Epic Sana Amoreiras, em Lisboa. O convidado principal \u00e9 Jos\u00e9 de Lima Massano, ministro de Estado para a Coordena\u00e7\u00e3o Econ\u00f3mica de Angola. Massano debater\u00e1 o desenvolvimento de Angola, a coopera\u00e7\u00e3o com Portugal e o Corredor do Lobito.<\/p>\n<p>O encontro pretende apresentar perspetivas econ\u00f3micas do pa\u00eds e o papel da coopera\u00e7\u00e3o com a Europa. Massano \u00e9 considerado o respons\u00e1vel pol\u00edtico pela \u00e1rea financeira e econ\u00f3mica no governo angolano. O evento contar\u00e1 com transmiss\u00e3o em streaming pelo site do Neg\u00f3cios.<\/p>\n<h3>Participantes-chave<\/h3>\n<p>Arlindo das Chagas Rangel, presidente da AIPEX, marca presen\u00e7a para falar sobre promo\u00e7\u00e3o de investimento em Angola. Do lado empresarial, destacam-se Carlos Mota Santos (CEO da Mota-Engil), Rui Miguel Nabeiro (CEO da Delta Caf\u00e9s) e Omar Guerra (presidente da comiss\u00e3o executiva do BAI Europa).<\/p>\n<p>Outros nomes incluem Vitor Ribeirinho (senior partner do cluster KPMG Portugal e Angola) e Ricardo Gon\u00e7alves (administrador). A confer\u00eancia oferece uma perspetiva integrada de desenvolvimento econ\u00f3mico e oportunidades de investimento entre Angola e Portugal. A participa\u00e7\u00e3o pode seguir-se via streaming no site do Neg\u00f3cios.<\/p>\n","protected":false},"excerpt":{"rendered":"<ul>\n<li>Jos\u00e9 de Lima Massano, ministro de Estado para a Coordena\u00e7\u00e3o Econ\u00f3mica de Angola, \u00e9 o convidado especial da confer\u00eancia Radar \u00c1frica \u2013 Os Caminhos Para Angola, em Lisboa, no dia 6 de mar\u00e7o, no Epic Sana Amoreiras.<\/li>\n<li>O evento aborda o desenvolvimento de Angola, a coopera\u00e7\u00e3o com Portugal e o Corredor do Lobito.<\/li>\n<li>Arlindo das Chagas Rangel, presidente da AIPEX, marca presen\u00e7a.<\/li>\n<li>Estar\u00e3o presentes figuras empresariais como Carlos Mota Santos (CEO da Mota-Engil), Rui Miguel Nabeiro (CEO da Delta Caf\u00e9s), Omar Guerra (presidente da comiss\u00e3o executiva do BAI Europa), Vitor Ribeirinho (senior partner da KPMG Portugal e Angola) e Ricardo Gon\u00e7alves (administrador).<\/li>\n<li>A confer\u00eancia pode ser acompanhada em streaming no site do Neg\u00f3cios.<\/li>\n<\/ul>\n","protected":false},"author":2,"featured_media":397818,"comment_status":"closed","ping_status":"closed","sticky":false,"template":"","format":"standard","meta":{"footnotes":""},"categories":[2,1],"tags":[6115,5227,4837,256,2487,2156],"class_list":["post-397811","post","type-post","status-publish","format-standard","has-post-thumbnail","hentry","category-economia","category-noticias","tag-_economia","tag-africa","tag-angola","tag-cooperacao-internacional","tag-europa","tag-investimento-direto-estrangeiro"],"yoast_head":"<!-- This site is optimized with the Yoast SEO plugin v27.2 - https:\/\/yoast.com\/product\/yoast-seo-wordpress\/ -->\n<title>Ministro de Estado de Angola participa no Radar \u00c1frica do Neg\u00f3cios - Portal Tela Portugal<\/title>\n<meta name=\"robots\" content=\"index, follow, max-snippet:-1, max-image-preview:large, max-video-preview:-1\" \/>\n<meta property=\"og:locale\" content=\"pt_PT\" \/>\n<meta property=\"og:type\" content=\"article\" \/>\n<meta property=\"og:title\" content=\"Ministro de Estado de Angola participa no Radar \u00c1frica do Neg\u00f3cios - Portal Tela Portugal\" \/>\n<meta property=\"og:description\" content=\"Jos\u00e9 de Lima Massano, ministro de Estado para a Coordena\u00e7\u00e3o Econ\u00f3mica de Angola, \u00e9 o convidado especial da confer\u00eancia Radar \u00c1frica \u2013 Os Caminhos Para Angola, em Lisboa, no dia 6 de mar\u00e7o, no Epic Sana Amoreiras. O evento aborda o desenvolvimento de Angola, a coopera\u00e7\u00e3o com Portugal e o Corredor do Lobito. Arlindo das Chagas Rangel, presidente da AIPEX, marca presen\u00e7a. Estar\u00e3o presentes figuras empresariais como Carlos Mota Santos (CEO da Mota-Engil), Rui Miguel Nabeiro (CEO da Delta Caf\u00e9s), Omar Guerra (presidente da comiss\u00e3o executiva do BAI Europa), Vitor Ribeirinho (senior partner da KPMG Portugal e Angola) e Ricardo Gon\u00e7alves (administrador). A confer\u00eancia pode ser acompanhada em streaming no site do Neg\u00f3cios.\" \/>\n<meta property=\"og:url\" content=\"https:\/\/portaltela.pt\/noticias\/2026\/03\/04\/ministro-de-estado-de-angola-participa-no-radar-africa-do-negocios\/\" \/>\n<meta property=\"og:site_name\" content=\"Portal Tela Portugal\" \/>\n<meta property=\"article:published_time\" content=\"2026-03-04T20:18:41+00:00\" \/>\n<meta name=\"author\" content=\"Telinha\" \/>\n<meta name=\"twitter:card\" content=\"summary_large_image\" \/>\n<meta name=\"twitter:label1\" content=\"Escrito por\" \/>\n\t<meta name=\"twitter:data1\" content=\"Telinha\" \/>\n\t<meta name=\"twitter:label2\" content=\"Tempo estimado de leitura\" \/>\n\t<meta name=\"twitter:data2\" content=\"1 minuto\" \/>\n<script type=\"application\/ld+json\" class=\"yoast-schema-graph\">{\"@context\":\"https:\/\/schema.org\",\"@graph\":[{\"@type\":\"Article\",\"@id\":\"https:\/\/portaltela.pt\/noticias\/2026\/03\/04\/ministro-de-estado-de-angola-participa-no-radar-africa-do-negocios\/#article\",\"isPartOf\":{\"@id\":\"https:\/\/portaltela.pt\/noticias\/2026\/03\/04\/ministro-de-estado-de-angola-participa-no-radar-africa-do-negocios\/\"},\"author\":{\"name\":\"Telinha\",\"@id\":\"https:\/\/portaltela.pt\/#\/schema\/person\/c4278d4a6028830caff9ee44b42d32ed\"},\"headline\":\"Ministro de Estado de Angola participa no Radar \u00c1frica do Neg\u00f3cios\",\"datePublished\":\"2026-03-04T20:18:41+00:00\",\"mainEntityOfPage\":{\"@id\":\"https:\/\/portaltela.pt\/noticias\/2026\/03\/04\/ministro-de-estado-de-angola-participa-no-radar-africa-do-negocios\/\"},\"wordCount\":224,\"image\":{\"@id\":\"https:\/\/portaltela.pt\/noticias\/2026\/03\/04\/ministro-de-estado-de-angola-participa-no-radar-africa-do-negocios\/#primaryimage\"},\"thumbnailUrl\":\"https:\/\/portaltela.pt\/s.01k8rhncp4jt1\/2026\/03\/img_1500x1000uu2023-07-14-17-31-21-1394883.jpg\",\"keywords\":[\"_economia\",\"\u00c1frica\",\"Angola\",\"coopera\u00e7\u00e3o internacional\",\"Europa\",\"Investimento Direto Estrangeiro\"],\"articleSection\":[\"Economia\",\"Not\u00edcias\"],\"inLanguage\":\"pt-PT\"},{\"@type\":\"WebPage\",\"@id\":\"https:\/\/portaltela.pt\/noticias\/2026\/03\/04\/ministro-de-estado-de-angola-participa-no-radar-africa-do-negocios\/\",\"url\":\"https:\/\/portaltela.pt\/noticias\/2026\/03\/04\/ministro-de-estado-de-angola-participa-no-radar-africa-do-negocios\/\",\"name\":\"Ministro de Estado de Angola participa no Radar \u00c1frica do Neg\u00f3cios - Portal Tela Portugal\",\"isPartOf\":{\"@id\":\"https:\/\/portaltela.pt\/#website\"},\"primaryImageOfPage\":{\"@id\":\"https:\/\/portaltela.pt\/noticias\/2026\/03\/04\/ministro-de-estado-de-angola-participa-no-radar-africa-do-negocios\/#primaryimage\"},\"image\":{\"@id\":\"https:\/\/portaltela.pt\/noticias\/2026\/03\/04\/ministro-de-estado-de-angola-participa-no-radar-africa-do-negocios\/#primaryimage\"},\"thumbnailUrl\":\"https:\/\/portaltela.pt\/s.01k8rhncp4jt1\/2026\/03\/img_1500x1000uu2023-07-14-17-31-21-1394883.jpg\",\"datePublished\":\"2026-03-04T20:18:41+00:00\",\"author\":{\"@id\":\"https:\/\/portaltela.pt\/#\/schema\/person\/c4278d4a6028830caff9ee44b42d32ed\"},\"breadcrumb\":{\"@id\":\"https:\/\/portaltela.pt\/noticias\/2026\/03\/04\/ministro-de-estado-de-angola-participa-no-radar-africa-do-negocios\/#breadcrumb\"},\"inLanguage\":\"pt-PT\",\"potentialAction\":[{\"@type\":\"ReadAction\",\"target\":[\"https:\/\/portaltela.pt\/noticias\/2026\/03\/04\/ministro-de-estado-de-angola-participa-no-radar-africa-do-negocios\/\"]}]},{\"@type\":\"ImageObject\",\"inLanguage\":\"pt-PT\",\"@id\":\"https:\/\/portaltela.pt\/noticias\/2026\/03\/04\/ministro-de-estado-de-angola-participa-no-radar-africa-do-negocios\/#primaryimage\",\"url\":\"https:\/\/portaltela.pt\/s.01k8rhncp4jt1\/2026\/03\/img_1500x1000uu2023-07-14-17-31-21-1394883.jpg\",\"contentUrl\":\"https:\/\/portaltela.pt\/s.01k8rhncp4jt1\/2026\/03\/img_1500x1000uu2023-07-14-17-31-21-1394883.jpg\",\"width\":1500,\"height\":1000,\"caption\":\"Jos\u00e9 de Lima Massano\"},{\"@type\":\"BreadcrumbList\",\"@id\":\"https:\/\/portaltela.pt\/noticias\/2026\/03\/04\/ministro-de-estado-de-angola-participa-no-radar-africa-do-negocios\/#breadcrumb\",\"itemListElement\":[{\"@type\":\"ListItem\",\"position\":1,\"name\":\"In\u00edcio\",\"item\":\"https:\/\/portaltela.pt\/\"},{\"@type\":\"ListItem\",\"position\":2,\"name\":\"Ministro de Estado de Angola participa no Radar \u00c1frica do Neg\u00f3cios\"}]},{\"@type\":\"WebSite\",\"@id\":\"https:\/\/portaltela.pt\/#website\",\"url\":\"https:\/\/portaltela.pt\/\",\"name\":\"Portal Tela Portugal\",\"description\":\"\",\"potentialAction\":[{\"@type\":\"SearchAction\",\"target\":{\"@type\":\"EntryPoint\",\"urlTemplate\":\"https:\/\/portaltela.pt\/?s={search_term_string}\"},\"query-input\":{\"@type\":\"PropertyValueSpecification\",\"valueRequired\":true,\"valueName\":\"search_term_string\"}}],\"inLanguage\":\"pt-PT\"},{\"@type\":\"Person\",\"@id\":\"https:\/\/portaltela.pt\/#\/schema\/person\/c4278d4a6028830caff9ee44b42d32ed\",\"name\":\"Telinha\",\"image\":{\"@type\":\"ImageObject\",\"inLanguage\":\"pt-PT\",\"@id\":\"https:\/\/portaltela.pt\/s.01k8rhncp4jt1\/2025\/11\/talking-bot-125x125.png\",\"url\":\"https:\/\/portaltela.pt\/s.01k8rhncp4jt1\/2025\/11\/talking-bot-125x125.png\",\"contentUrl\":\"https:\/\/portaltela.pt\/s.01k8rhncp4jt1\/2025\/11\/talking-bot-125x125.png\",\"caption\":\"Telinha\"},\"sameAs\":[\"https:\/\/portaltela.pt\/\"],\"url\":\"https:\/\/portaltela.pt\/por\/367410592786\/\"}]}<\/script>\n<!-- \/ Yoast SEO plugin. -->","yoast_head_json":{"title":"Ministro de Estado de Angola participa no Radar \u00c1frica do Neg\u00f3cios - Portal Tela Portugal","robots":{"index":"index","follow":"follow","max-snippet":"max-snippet:-1","max-image-preview":"max-image-preview:large","max-video-preview":"max-video-preview:-1"},"og_locale":"pt_PT","og_type":"article","og_title":"Ministro de Estado de Angola participa no Radar \u00c1frica do Neg\u00f3cios - Portal Tela Portugal","og_description":"Jos\u00e9 de Lima Massano, ministro de Estado para a Coordena\u00e7\u00e3o Econ\u00f3mica de Angola, \u00e9 o convidado especial da confer\u00eancia Radar \u00c1frica \u2013 Os Caminhos Para Angola, em Lisboa, no dia 6 de mar\u00e7o, no Epic Sana Amoreiras. O evento aborda o desenvolvimento de Angola, a coopera\u00e7\u00e3o com Portugal e o Corredor do Lobito. Arlindo das Chagas Rangel, presidente da AIPEX, marca presen\u00e7a. Estar\u00e3o presentes figuras empresariais como Carlos Mota Santos (CEO da Mota-Engil), Rui Miguel Nabeiro (CEO da Delta Caf\u00e9s), Omar Guerra (presidente da comiss\u00e3o executiva do BAI Europa), Vitor Ribeirinho (senior partner da KPMG Portugal e Angola) e Ricardo Gon\u00e7alves (administrador). A confer\u00eancia pode ser acompanhada em streaming no site do Neg\u00f3cios.","og_url":"https:\/\/portaltela.pt\/noticias\/2026\/03\/04\/ministro-de-estado-de-angola-participa-no-radar-africa-do-negocios\/","og_site_name":"Portal Tela Portugal","article_published_time":"2026-03-04T20:18:41+00:00","author":"Telinha","twitter_card":"summary_large_image","twitter_misc":{"Escrito por":"Telinha","Tempo estimado de leitura":"1 minuto"},"schema":{"@context":"https:\/\/schema.org","@graph":[{"@type":"Article","@id":"https:\/\/portaltela.pt\/noticias\/2026\/03\/04\/ministro-de-estado-de-angola-participa-no-radar-africa-do-negocios\/#article","isPartOf":{"@id":"https:\/\/portaltela.pt\/noticias\/2026\/03\/04\/ministro-de-estado-de-angola-participa-no-radar-africa-do-negocios\/"},"author":{"name":"Telinha","@id":"https:\/\/portaltela.pt\/#\/schema\/person\/c4278d4a6028830caff9ee44b42d32ed"},"headline":"Ministro de Estado de Angola participa no Radar \u00c1frica do Neg\u00f3cios","datePublished":"2026-03-04T20:18:41+00:00","mainEntityOfPage":{"@id":"https:\/\/portaltela.pt\/noticias\/2026\/03\/04\/ministro-de-estado-de-angola-participa-no-radar-africa-do-negocios\/"},"wordCount":224,"image":{"@id":"https:\/\/portaltela.pt\/noticias\/2026\/03\/04\/ministro-de-estado-de-angola-participa-no-radar-africa-do-negocios\/#primaryimage"},"thumbnailUrl":"https:\/\/portaltela.pt\/s.01k8rhncp4jt1\/2026\/03\/img_1500x1000uu2023-07-14-17-31-21-1394883.jpg","keywords":["_economia","\u00c1frica","Angola","coopera\u00e7\u00e3o internacional","Europa","Investimento Direto Estrangeiro"],"articleSection":["Economia","Not\u00edcias"],"inLanguage":"pt-PT"},{"@type":"WebPage","@id":"https:\/\/portaltela.pt\/noticias\/2026\/03\/04\/ministro-de-estado-de-angola-participa-no-radar-africa-do-negocios\/","url":"https:\/\/portaltela.pt\/noticias\/2026\/03\/04\/ministro-de-estado-de-angola-participa-no-radar-africa-do-negocios\/","name":"Ministro de Estado de Angola participa no Radar \u00c1frica do Neg\u00f3cios - Portal Tela Portugal","isPartOf":{"@id":"https:\/\/portaltela.pt\/#website"},"primaryImageOfPage":{"@id":"https:\/\/portaltela.pt\/noticias\/2026\/03\/04\/ministro-de-estado-de-angola-participa-no-radar-africa-do-negocios\/#primaryimage"},"image":{"@id":"https:\/\/portaltela.pt\/noticias\/2026\/03\/04\/ministro-de-estado-de-angola-participa-no-radar-africa-do-negocios\/#primaryimage"},"thumbnailUrl":"https:\/\/portaltela.pt\/s.01k8rhncp4jt1\/2026\/03\/img_1500x1000uu2023-07-14-17-31-21-1394883.jpg","datePublished":"2026-03-04T20:18:41+00:00","author":{"@id":"https:\/\/portaltela.pt\/#\/schema\/person\/c4278d4a6028830caff9ee44b42d32ed"},"breadcrumb":{"@id":"https:\/\/portaltela.pt\/noticias\/2026\/03\/04\/ministro-de-estado-de-angola-participa-no-radar-africa-do-negocios\/#breadcrumb"},"inLanguage":"pt-PT","potentialAction":[{"@type":"ReadAction","target":["https:\/\/portaltela.pt\/noticias\/2026\/03\/04\/ministro-de-estado-de-angola-participa-no-radar-africa-do-negocios\/"]}]},{"@type":"ImageObject","inLanguage":"pt-PT","@id":"https:\/\/portaltela.pt\/noticias\/2026\/03\/04\/ministro-de-estado-de-angola-participa-no-radar-africa-do-negocios\/#primaryimage","url":"https:\/\/portaltela.pt\/s.01k8rhncp4jt1\/2026\/03\/img_1500x1000uu2023-07-14-17-31-21-1394883.jpg","contentUrl":"https:\/\/portaltela.pt\/s.01k8rhncp4jt1\/2026\/03\/img_1500x1000uu2023-07-14-17-31-21-1394883.jpg","width":1500,"height":1000,"caption":"Jos\u00e9 de Lima Massano"},{"@type":"BreadcrumbList","@id":"https:\/\/portaltela.pt\/noticias\/2026\/03\/04\/ministro-de-estado-de-angola-participa-no-radar-africa-do-negocios\/#breadcrumb","itemListElement":[{"@type":"ListItem","position":1,"name":"In\u00edcio","item":"https:\/\/portaltela.pt\/"},{"@type":"ListItem","position":2,"name":"Ministro de Estado de Angola participa no Radar \u00c1frica do Neg\u00f3cios"}]},{"@type":"WebSite","@id":"https:\/\/portaltela.pt\/#website","url":"https:\/\/portaltela.pt\/","name":"Portal Tela Portugal","description":"","potentialAction":[{"@type":"SearchAction","target":{"@type":"EntryPoint","urlTemplate":"https:\/\/portaltela.pt\/?s={search_term_string}"},"query-input":{"@type":"PropertyValueSpecification","valueRequired":true,"valueName":"search_term_string"}}],"inLanguage":"pt-PT"},{"@type":"Person","@id":"https:\/\/portaltela.pt\/#\/schema\/person\/c4278d4a6028830caff9ee44b42d32ed","name":"Telinha","image":{"@type":"ImageObject","inLanguage":"pt-PT","@id":"https:\/\/portaltela.pt\/s.01k8rhncp4jt1\/2025\/11\/talking-bot-125x125.png","url":"https:\/\/portaltela.pt\/s.01k8rhncp4jt1\/2025\/11\/talking-bot-125x125.png","contentUrl":"https:\/\/portaltela.pt\/s.01k8rhncp4jt1\/2025\/11\/talking-bot-125x125.png","caption":"Telinha"},"sameAs":["https:\/\/portaltela.pt\/"],"url":"https:\/\/portaltela.pt\/por\/367410592786\/"}]}},"_links":{"self":[{"href":"https:\/\/portaltela.pt\/api\/wp\/v2\/posts\/397811","targetHints":{"allow":["GET"]}}],"collection":[{"href":"https:\/\/portaltela.pt\/api\/wp\/v2\/posts"}],"about":[{"href":"https:\/\/portaltela.pt\/api\/wp\/v2\/types\/post"}],"author":[{"embeddable":true,"href":"https:\/\/portaltela.pt\/api\/wp\/v2\/users\/2"}],"replies":[{"embeddable":true,"href":"https:\/\/portaltela.pt\/api\/wp\/v2\/comments?post=397811"}],"version-history":[{"count":0,"href":"https:\/\/portaltela.pt\/api\/wp\/v2\/posts\/397811\/revisions"}],"wp:featuredmedia":[{"embeddable":true,"href":"https:\/\/portaltela.pt\/api\/wp\/v2\/media\/397818"}],"wp:attachment":[{"href":"https:\/\/portaltela.pt\/api\/wp\/v2\/media?parent=397811"}],"wp:term":[{"taxonomy":"category","embeddable":true,"href":"https:\/\/portaltela.pt\/api\/wp\/v2\/categories?post=397811"},{"taxonomy":"post_tag","embeddable":true,"href":"https:\/\/portaltela.pt\/api\/wp\/v2\/tags?post=397811"}],"curies":[{"name":"wp","href":"https:\/\/api.w.org\/{rel}","templated":true}]}}