{"id":397738,"date":"2026-03-04T16:28:48","date_gmt":"2026-03-04T19:28:48","guid":{"rendered":"https:\/\/portaltela.pt\/noticias\/2026\/03\/04\/vhils-retrata-marcelo-com-camadas-de-jornais-dos-ultimos-dez-anos-3\/"},"modified":"2026-03-04T16:28:48","modified_gmt":"2026-03-04T19:28:48","slug":"vhils-retrata-marcelo-com-camadas-de-jornais-dos-ultimos-dez-anos-3","status":"publish","type":"post","link":"https:\/\/portaltela.pt\/noticias\/2026\/03\/04\/vhils-retrata-marcelo-com-camadas-de-jornais-dos-ultimos-dez-anos-3\/","title":{"rendered":"Vhils retrata Marcelo com camadas de jornais dos \u00faltimos dez anos"},"content":{"rendered":"<p>O retrato oficial do Presidente da Rep\u00fablica, Marcelo Rebelo de Sousa, criado por Vhils, recorre a camadas de jornais nacionais dos \u00faltimos dez anos para transmitir o peso de dois mandatos. A apresenta\u00e7\u00e3o ocorreu nesta quarta-feira, na galeria de retratos do Museu da Presid\u00eancia da Rep\u00fablica, em Lisboa.<\/p>\n<p>A obra, feita com a t\u00e9cnica de relevo caracter\u00edstica do artista, foi apresentada numa cerim\u00f3nia com a presen\u00e7a de Marcelo Rebelo de Sousa, de Vhils e de convidados. O retrato n\u00e3o \u00e9 pintura: \u00e9 volume, mat\u00e9ria e escava\u00e7\u00e3o de superf\u00edcies.<\/p>\n<p>Alexandre Farto explicou que a composi\u00e7\u00e3o nasceu do pedido de representar o Presidente com o peso de dois mandatos. Utilizou jornais de 2016 a 2026, sobrepostos e incisos, cobertos de branco no fim do processo, repetindo a t\u00e9cnica que aplica em muros e fachadas.<\/p>\n<h3>Contexto da obra<\/h3>\n<p>Segundo o artista, os inc\u00eandios, a pandemia, as crises pol\u00edticas e as rupturas do atual contexto global de populismo aparecem nas camadas do retrato, que busca revelar o que est\u00e1 por baixo da superf\u00edcie. O resultado \u00e9 apresentado como uma escava\u00e7\u00e3o, n\u00e3o apenas uma homenagem.<\/p>\n<p>Vhils destacou a origem humilde e a trajet\u00f3ria de grafiteiro de Arrentela, Seixal, salientando que, apesar de inicialmente n\u00e3o ter aceitado o desafio, decidiu avan\u00e7ar. O objetivo foi mostrar as camadas que moldaram o Presidente ao longo de dois mandatos.<\/p>\n<h3>Envolvimento e legado<\/h3>\n<p>O artista apontou que o retrato n\u00e3o procura domesticar, mas incluir a contemporaneidade nas institui\u00e7\u00f5es, ao lado da hist\u00f3ria j\u00e1 presente na pr\u00f3pria galeria. Al\u00e9m disso, informou ter abdicado da remunera\u00e7\u00e3o para que o valor sirva para adquirir obras de artistas emergentes para a cole\u00e7\u00e3o do museu.<\/p>\n<p>Conforme nota de imprensa, as obras adquiridas para a cole\u00e7\u00e3o, a partir das recomenda\u00e7\u00f5es de Vhils, incluem 11 trabalhos de artistas como \u00b1MaisMenos\u00b1, Mantraste, Fidel \u00c9vora, Unidigrazz, Pantonio, Marta Pinto Machado, Jo\u00e3o Amado, Ana Arag\u00e3o, Ana Malta, Francisco Vidal e Kindumba. Novas aquisi\u00e7\u00f5es est\u00e3o previstas para reserva e rota\u00e7\u00e3o, envolvendo AKA Corleone, Tamara Alves e Raquel Belli.<\/p>\n","protected":false},"excerpt":{"rendered":"<ul>\n<li>O retrato oficial do Presidente Marcelo Rebelo de Sousa, criado por Vhils, usa camadas de jornais nacionais de 2016 a 2026 para expressar \u201co peso de dois mandatos\u201d e foi apresentado no Museu da Presid\u00eancia da Rep\u00fablica, em Lisboa.<\/li>\n<li>A obra n\u00e3o \u00e9 pintura: \u00e9 relevo com camadas de jornal, sobrepostas e escavadas por incis\u00e3o, cobertas de branco no final, mantendo a t\u00e9cnica habitual do artista.<\/li>\n<li>Vhils afirma que a pe\u00e7a reflete inc\u00eandios, pandemia, crises pol\u00edticas e rupturas do atual contexto global de populismo e disrup\u00e7\u00e3o tecnol\u00f3gica, apresentando tudo em camadas que se revelam por dentro.<\/li>\n<li>O artista, natural de Arrentela, Seixal, contou ter aceitado o desafio ap\u00f3s a resposta do Presidente, que pediu \u201co peso de dois mandatos\u201d para a obra.<\/li>\n<li>Compromisso com a cole\u00e7\u00e3o p\u00fablica: Vhils abriu m\u00e3o da remunera\u00e7\u00e3o para permitir a aquisi\u00e7\u00e3o de obras de artistas emergentes; foram j\u00e1 adquiridas 11 pe\u00e7as, com mais duas para reserva e uma de rota\u00e7\u00e3o, conforme nota de imprensa.<\/li>\n<\/ul>\n","protected":false},"author":2,"featured_media":397748,"comment_status":"closed","ping_status":"closed","sticky":false,"template":"","format":"standard","meta":{"footnotes":""},"categories":[1],"tags":[3359,70,981,3278,5751,5367],"class_list":["post-397738","post","type-post","status-publish","format-standard","has-post-thumbnail","hentry","category-noticias","tag-arrentela","tag-arte","tag-lisboa","tag-marcelo","tag-museus-e-arquivos","tag-vhils"],"yoast_head":"<!-- This site is optimized with the Yoast SEO plugin v27.2 - https:\/\/yoast.com\/product\/yoast-seo-wordpress\/ -->\n<title>Vhils retrata Marcelo com camadas de jornais dos \u00faltimos dez anos - Portal Tela Portugal<\/title>\n<meta name=\"robots\" content=\"index, follow, max-snippet:-1, max-image-preview:large, max-video-preview:-1\" \/>\n<meta property=\"og:locale\" content=\"pt_PT\" \/>\n<meta property=\"og:type\" content=\"article\" \/>\n<meta property=\"og:title\" content=\"Vhils retrata Marcelo com camadas de jornais dos \u00faltimos dez anos - Portal Tela Portugal\" \/>\n<meta property=\"og:description\" content=\"O retrato oficial do Presidente Marcelo Rebelo de Sousa, criado por Vhils, usa camadas de jornais nacionais de 2016 a 2026 para expressar \u201co peso de dois mandatos\u201d e foi apresentado no Museu da Presid\u00eancia da Rep\u00fablica, em Lisboa. A obra n\u00e3o \u00e9 pintura: \u00e9 relevo com camadas de jornal, sobrepostas e escavadas por incis\u00e3o, cobertas de branco no final, mantendo a t\u00e9cnica habitual do artista. Vhils afirma que a pe\u00e7a reflete inc\u00eandios, pandemia, crises pol\u00edticas e rupturas do atual contexto global de populismo e disrup\u00e7\u00e3o tecnol\u00f3gica, apresentando tudo em camadas que se revelam por dentro. O artista, natural de Arrentela, Seixal, contou ter aceitado o desafio ap\u00f3s a resposta do Presidente, que pediu \u201co peso de dois mandatos\u201d para a obra. Compromisso com a cole\u00e7\u00e3o p\u00fablica: Vhils abriu m\u00e3o da remunera\u00e7\u00e3o para permitir a aquisi\u00e7\u00e3o de obras de artistas emergentes; foram j\u00e1 adquiridas 11 pe\u00e7as, com mais duas para reserva e uma de rota\u00e7\u00e3o, conforme nota de imprensa.\" \/>\n<meta property=\"og:url\" content=\"https:\/\/portaltela.pt\/noticias\/2026\/03\/04\/vhils-retrata-marcelo-com-camadas-de-jornais-dos-ultimos-dez-anos-3\/\" \/>\n<meta property=\"og:site_name\" content=\"Portal Tela Portugal\" \/>\n<meta property=\"article:published_time\" content=\"2026-03-04T19:28:48+00:00\" \/>\n<meta name=\"author\" content=\"Telinha\" \/>\n<meta name=\"twitter:card\" content=\"summary_large_image\" \/>\n<meta name=\"twitter:label1\" content=\"Escrito por\" \/>\n\t<meta name=\"twitter:data1\" content=\"Telinha\" \/>\n\t<meta name=\"twitter:label2\" content=\"Tempo estimado de leitura\" \/>\n\t<meta name=\"twitter:data2\" content=\"2 minutos\" \/>\n<script type=\"application\/ld+json\" class=\"yoast-schema-graph\">{\"@context\":\"https:\/\/schema.org\",\"@graph\":[{\"@type\":\"Article\",\"@id\":\"https:\/\/portaltela.pt\/noticias\/2026\/03\/04\/vhils-retrata-marcelo-com-camadas-de-jornais-dos-ultimos-dez-anos-3\/#article\",\"isPartOf\":{\"@id\":\"https:\/\/portaltela.pt\/noticias\/2026\/03\/04\/vhils-retrata-marcelo-com-camadas-de-jornais-dos-ultimos-dez-anos-3\/\"},\"author\":{\"name\":\"Telinha\",\"@id\":\"https:\/\/portaltela.pt\/#\/schema\/person\/c4278d4a6028830caff9ee44b42d32ed\"},\"headline\":\"Vhils retrata Marcelo com camadas de jornais dos \u00faltimos dez anos\",\"datePublished\":\"2026-03-04T19:28:48+00:00\",\"mainEntityOfPage\":{\"@id\":\"https:\/\/portaltela.pt\/noticias\/2026\/03\/04\/vhils-retrata-marcelo-com-camadas-de-jornais-dos-ultimos-dez-anos-3\/\"},\"wordCount\":368,\"image\":{\"@id\":\"https:\/\/portaltela.pt\/noticias\/2026\/03\/04\/vhils-retrata-marcelo-com-camadas-de-jornais-dos-ultimos-dez-anos-3\/#primaryimage\"},\"thumbnailUrl\":\"https:\/\/portaltela.pt\/s.01k8rhncp4jt1\/2026\/03\/img_1500x1000uu2026-03-04-19-27-00-2270433.jpg\",\"keywords\":[\"Arrentela\",\"arte\",\"Lisboa\",\"Marcelo\",\"museus e arquivos\",\"Vhils\"],\"articleSection\":[\"Not\u00edcias\"],\"inLanguage\":\"pt-PT\"},{\"@type\":\"WebPage\",\"@id\":\"https:\/\/portaltela.pt\/noticias\/2026\/03\/04\/vhils-retrata-marcelo-com-camadas-de-jornais-dos-ultimos-dez-anos-3\/\",\"url\":\"https:\/\/portaltela.pt\/noticias\/2026\/03\/04\/vhils-retrata-marcelo-com-camadas-de-jornais-dos-ultimos-dez-anos-3\/\",\"name\":\"Vhils retrata Marcelo com camadas de jornais dos \u00faltimos dez anos - Portal Tela Portugal\",\"isPartOf\":{\"@id\":\"https:\/\/portaltela.pt\/#website\"},\"primaryImageOfPage\":{\"@id\":\"https:\/\/portaltela.pt\/noticias\/2026\/03\/04\/vhils-retrata-marcelo-com-camadas-de-jornais-dos-ultimos-dez-anos-3\/#primaryimage\"},\"image\":{\"@id\":\"https:\/\/portaltela.pt\/noticias\/2026\/03\/04\/vhils-retrata-marcelo-com-camadas-de-jornais-dos-ultimos-dez-anos-3\/#primaryimage\"},\"thumbnailUrl\":\"https:\/\/portaltela.pt\/s.01k8rhncp4jt1\/2026\/03\/img_1500x1000uu2026-03-04-19-27-00-2270433.jpg\",\"datePublished\":\"2026-03-04T19:28:48+00:00\",\"author\":{\"@id\":\"https:\/\/portaltela.pt\/#\/schema\/person\/c4278d4a6028830caff9ee44b42d32ed\"},\"breadcrumb\":{\"@id\":\"https:\/\/portaltela.pt\/noticias\/2026\/03\/04\/vhils-retrata-marcelo-com-camadas-de-jornais-dos-ultimos-dez-anos-3\/#breadcrumb\"},\"inLanguage\":\"pt-PT\",\"potentialAction\":[{\"@type\":\"ReadAction\",\"target\":[\"https:\/\/portaltela.pt\/noticias\/2026\/03\/04\/vhils-retrata-marcelo-com-camadas-de-jornais-dos-ultimos-dez-anos-3\/\"]}]},{\"@type\":\"ImageObject\",\"inLanguage\":\"pt-PT\",\"@id\":\"https:\/\/portaltela.pt\/noticias\/2026\/03\/04\/vhils-retrata-marcelo-com-camadas-de-jornais-dos-ultimos-dez-anos-3\/#primaryimage\",\"url\":\"https:\/\/portaltela.pt\/s.01k8rhncp4jt1\/2026\/03\/img_1500x1000uu2026-03-04-19-27-00-2270433.jpg\",\"contentUrl\":\"https:\/\/portaltela.pt\/s.01k8rhncp4jt1\/2026\/03\/img_1500x1000uu2026-03-04-19-27-00-2270433.jpg\",\"width\":796,\"height\":448,\"caption\":\"Vhils fez retrato oficial de Marcelo com camadas de jornais dos \u00faltimos dez anos\"},{\"@type\":\"BreadcrumbList\",\"@id\":\"https:\/\/portaltela.pt\/noticias\/2026\/03\/04\/vhils-retrata-marcelo-com-camadas-de-jornais-dos-ultimos-dez-anos-3\/#breadcrumb\",\"itemListElement\":[{\"@type\":\"ListItem\",\"position\":1,\"name\":\"In\u00edcio\",\"item\":\"https:\/\/portaltela.pt\/\"},{\"@type\":\"ListItem\",\"position\":2,\"name\":\"Vhils retrata Marcelo com camadas de jornais dos \u00faltimos dez anos\"}]},{\"@type\":\"WebSite\",\"@id\":\"https:\/\/portaltela.pt\/#website\",\"url\":\"https:\/\/portaltela.pt\/\",\"name\":\"Portal Tela Portugal\",\"description\":\"\",\"potentialAction\":[{\"@type\":\"SearchAction\",\"target\":{\"@type\":\"EntryPoint\",\"urlTemplate\":\"https:\/\/portaltela.pt\/?s={search_term_string}\"},\"query-input\":{\"@type\":\"PropertyValueSpecification\",\"valueRequired\":true,\"valueName\":\"search_term_string\"}}],\"inLanguage\":\"pt-PT\"},{\"@type\":\"Person\",\"@id\":\"https:\/\/portaltela.pt\/#\/schema\/person\/c4278d4a6028830caff9ee44b42d32ed\",\"name\":\"Telinha\",\"image\":{\"@type\":\"ImageObject\",\"inLanguage\":\"pt-PT\",\"@id\":\"https:\/\/portaltela.pt\/s.01k8rhncp4jt1\/2025\/11\/talking-bot-125x125.png\",\"url\":\"https:\/\/portaltela.pt\/s.01k8rhncp4jt1\/2025\/11\/talking-bot-125x125.png\",\"contentUrl\":\"https:\/\/portaltela.pt\/s.01k8rhncp4jt1\/2025\/11\/talking-bot-125x125.png\",\"caption\":\"Telinha\"},\"sameAs\":[\"https:\/\/portaltela.pt\/\"],\"url\":\"https:\/\/portaltela.pt\/por\/367410592786\/\"}]}<\/script>\n<!-- \/ Yoast SEO plugin. -->","yoast_head_json":{"title":"Vhils retrata Marcelo com camadas de jornais dos \u00faltimos dez anos - Portal Tela Portugal","robots":{"index":"index","follow":"follow","max-snippet":"max-snippet:-1","max-image-preview":"max-image-preview:large","max-video-preview":"max-video-preview:-1"},"og_locale":"pt_PT","og_type":"article","og_title":"Vhils retrata Marcelo com camadas de jornais dos \u00faltimos dez anos - Portal Tela Portugal","og_description":"O retrato oficial do Presidente Marcelo Rebelo de Sousa, criado por Vhils, usa camadas de jornais nacionais de 2016 a 2026 para expressar \u201co peso de dois mandatos\u201d e foi apresentado no Museu da Presid\u00eancia da Rep\u00fablica, em Lisboa. A obra n\u00e3o \u00e9 pintura: \u00e9 relevo com camadas de jornal, sobrepostas e escavadas por incis\u00e3o, cobertas de branco no final, mantendo a t\u00e9cnica habitual do artista. Vhils afirma que a pe\u00e7a reflete inc\u00eandios, pandemia, crises pol\u00edticas e rupturas do atual contexto global de populismo e disrup\u00e7\u00e3o tecnol\u00f3gica, apresentando tudo em camadas que se revelam por dentro. O artista, natural de Arrentela, Seixal, contou ter aceitado o desafio ap\u00f3s a resposta do Presidente, que pediu \u201co peso de dois mandatos\u201d para a obra. Compromisso com a cole\u00e7\u00e3o p\u00fablica: Vhils abriu m\u00e3o da remunera\u00e7\u00e3o para permitir a aquisi\u00e7\u00e3o de obras de artistas emergentes; foram j\u00e1 adquiridas 11 pe\u00e7as, com mais duas para reserva e uma de rota\u00e7\u00e3o, conforme nota de imprensa.","og_url":"https:\/\/portaltela.pt\/noticias\/2026\/03\/04\/vhils-retrata-marcelo-com-camadas-de-jornais-dos-ultimos-dez-anos-3\/","og_site_name":"Portal Tela Portugal","article_published_time":"2026-03-04T19:28:48+00:00","author":"Telinha","twitter_card":"summary_large_image","twitter_misc":{"Escrito por":"Telinha","Tempo estimado de leitura":"2 minutos"},"schema":{"@context":"https:\/\/schema.org","@graph":[{"@type":"Article","@id":"https:\/\/portaltela.pt\/noticias\/2026\/03\/04\/vhils-retrata-marcelo-com-camadas-de-jornais-dos-ultimos-dez-anos-3\/#article","isPartOf":{"@id":"https:\/\/portaltela.pt\/noticias\/2026\/03\/04\/vhils-retrata-marcelo-com-camadas-de-jornais-dos-ultimos-dez-anos-3\/"},"author":{"name":"Telinha","@id":"https:\/\/portaltela.pt\/#\/schema\/person\/c4278d4a6028830caff9ee44b42d32ed"},"headline":"Vhils retrata Marcelo com camadas de jornais dos \u00faltimos dez anos","datePublished":"2026-03-04T19:28:48+00:00","mainEntityOfPage":{"@id":"https:\/\/portaltela.pt\/noticias\/2026\/03\/04\/vhils-retrata-marcelo-com-camadas-de-jornais-dos-ultimos-dez-anos-3\/"},"wordCount":368,"image":{"@id":"https:\/\/portaltela.pt\/noticias\/2026\/03\/04\/vhils-retrata-marcelo-com-camadas-de-jornais-dos-ultimos-dez-anos-3\/#primaryimage"},"thumbnailUrl":"https:\/\/portaltela.pt\/s.01k8rhncp4jt1\/2026\/03\/img_1500x1000uu2026-03-04-19-27-00-2270433.jpg","keywords":["Arrentela","arte","Lisboa","Marcelo","museus e arquivos","Vhils"],"articleSection":["Not\u00edcias"],"inLanguage":"pt-PT"},{"@type":"WebPage","@id":"https:\/\/portaltela.pt\/noticias\/2026\/03\/04\/vhils-retrata-marcelo-com-camadas-de-jornais-dos-ultimos-dez-anos-3\/","url":"https:\/\/portaltela.pt\/noticias\/2026\/03\/04\/vhils-retrata-marcelo-com-camadas-de-jornais-dos-ultimos-dez-anos-3\/","name":"Vhils retrata Marcelo com camadas de jornais dos \u00faltimos dez anos - Portal Tela Portugal","isPartOf":{"@id":"https:\/\/portaltela.pt\/#website"},"primaryImageOfPage":{"@id":"https:\/\/portaltela.pt\/noticias\/2026\/03\/04\/vhils-retrata-marcelo-com-camadas-de-jornais-dos-ultimos-dez-anos-3\/#primaryimage"},"image":{"@id":"https:\/\/portaltela.pt\/noticias\/2026\/03\/04\/vhils-retrata-marcelo-com-camadas-de-jornais-dos-ultimos-dez-anos-3\/#primaryimage"},"thumbnailUrl":"https:\/\/portaltela.pt\/s.01k8rhncp4jt1\/2026\/03\/img_1500x1000uu2026-03-04-19-27-00-2270433.jpg","datePublished":"2026-03-04T19:28:48+00:00","author":{"@id":"https:\/\/portaltela.pt\/#\/schema\/person\/c4278d4a6028830caff9ee44b42d32ed"},"breadcrumb":{"@id":"https:\/\/portaltela.pt\/noticias\/2026\/03\/04\/vhils-retrata-marcelo-com-camadas-de-jornais-dos-ultimos-dez-anos-3\/#breadcrumb"},"inLanguage":"pt-PT","potentialAction":[{"@type":"ReadAction","target":["https:\/\/portaltela.pt\/noticias\/2026\/03\/04\/vhils-retrata-marcelo-com-camadas-de-jornais-dos-ultimos-dez-anos-3\/"]}]},{"@type":"ImageObject","inLanguage":"pt-PT","@id":"https:\/\/portaltela.pt\/noticias\/2026\/03\/04\/vhils-retrata-marcelo-com-camadas-de-jornais-dos-ultimos-dez-anos-3\/#primaryimage","url":"https:\/\/portaltela.pt\/s.01k8rhncp4jt1\/2026\/03\/img_1500x1000uu2026-03-04-19-27-00-2270433.jpg","contentUrl":"https:\/\/portaltela.pt\/s.01k8rhncp4jt1\/2026\/03\/img_1500x1000uu2026-03-04-19-27-00-2270433.jpg","width":796,"height":448,"caption":"Vhils fez retrato oficial de Marcelo com camadas de jornais dos \u00faltimos dez anos"},{"@type":"BreadcrumbList","@id":"https:\/\/portaltela.pt\/noticias\/2026\/03\/04\/vhils-retrata-marcelo-com-camadas-de-jornais-dos-ultimos-dez-anos-3\/#breadcrumb","itemListElement":[{"@type":"ListItem","position":1,"name":"In\u00edcio","item":"https:\/\/portaltela.pt\/"},{"@type":"ListItem","position":2,"name":"Vhils retrata Marcelo com camadas de jornais dos \u00faltimos dez anos"}]},{"@type":"WebSite","@id":"https:\/\/portaltela.pt\/#website","url":"https:\/\/portaltela.pt\/","name":"Portal Tela Portugal","description":"","potentialAction":[{"@type":"SearchAction","target":{"@type":"EntryPoint","urlTemplate":"https:\/\/portaltela.pt\/?s={search_term_string}"},"query-input":{"@type":"PropertyValueSpecification","valueRequired":true,"valueName":"search_term_string"}}],"inLanguage":"pt-PT"},{"@type":"Person","@id":"https:\/\/portaltela.pt\/#\/schema\/person\/c4278d4a6028830caff9ee44b42d32ed","name":"Telinha","image":{"@type":"ImageObject","inLanguage":"pt-PT","@id":"https:\/\/portaltela.pt\/s.01k8rhncp4jt1\/2025\/11\/talking-bot-125x125.png","url":"https:\/\/portaltela.pt\/s.01k8rhncp4jt1\/2025\/11\/talking-bot-125x125.png","contentUrl":"https:\/\/portaltela.pt\/s.01k8rhncp4jt1\/2025\/11\/talking-bot-125x125.png","caption":"Telinha"},"sameAs":["https:\/\/portaltela.pt\/"],"url":"https:\/\/portaltela.pt\/por\/367410592786\/"}]}},"_links":{"self":[{"href":"https:\/\/portaltela.pt\/api\/wp\/v2\/posts\/397738","targetHints":{"allow":["GET"]}}],"collection":[{"href":"https:\/\/portaltela.pt\/api\/wp\/v2\/posts"}],"about":[{"href":"https:\/\/portaltela.pt\/api\/wp\/v2\/types\/post"}],"author":[{"embeddable":true,"href":"https:\/\/portaltela.pt\/api\/wp\/v2\/users\/2"}],"replies":[{"embeddable":true,"href":"https:\/\/portaltela.pt\/api\/wp\/v2\/comments?post=397738"}],"version-history":[{"count":0,"href":"https:\/\/portaltela.pt\/api\/wp\/v2\/posts\/397738\/revisions"}],"wp:featuredmedia":[{"embeddable":true,"href":"https:\/\/portaltela.pt\/api\/wp\/v2\/media\/397748"}],"wp:attachment":[{"href":"https:\/\/portaltela.pt\/api\/wp\/v2\/media?parent=397738"}],"wp:term":[{"taxonomy":"category","embeddable":true,"href":"https:\/\/portaltela.pt\/api\/wp\/v2\/categories?post=397738"},{"taxonomy":"post_tag","embeddable":true,"href":"https:\/\/portaltela.pt\/api\/wp\/v2\/tags?post=397738"}],"curies":[{"name":"wp","href":"https:\/\/api.w.org\/{rel}","templated":true}]}}