{"id":397735,"date":"2026-03-04T16:21:22","date_gmt":"2026-03-04T19:21:22","guid":{"rendered":"https:\/\/portaltela.pt\/noticias\/2026\/03\/04\/grande-parte-do-territorio-afetado-pelo-mau-tempo-continua-sem-comunicacoes\/"},"modified":"2026-03-04T16:21:22","modified_gmt":"2026-03-04T19:21:22","slug":"grande-parte-do-territorio-afetado-pelo-mau-tempo-continua-sem-comunicacoes","status":"publish","type":"post","link":"https:\/\/portaltela.pt\/noticias\/2026\/03\/04\/grande-parte-do-territorio-afetado-pelo-mau-tempo-continua-sem-comunicacoes\/","title":{"rendered":"Grande parte do territ\u00f3rio afetado pelo mau tempo continua sem comunica\u00e7\u00f5es"},"content":{"rendered":"<p>Parte significativa do territ\u00f3rio afectado pelo mau tempo continua sem comunica\u00e7\u00f5es, mais de um m\u00eas ap\u00f3s o fen\u00f3meno. A situa\u00e7\u00e3o persiste em diversas regi\u00f5es, dificultando a vida das pessoas e o funcionamento das empresas.<\/p>\n<p>Em Coimbra, mais de 150 munic\u00edpios da regi\u00e3o Centro reuniram-se para debater o assunto. Participaram as regi\u00f5es de Aveiro, Coimbra, Leiria, Viseu e D\u00e3o Laf\u00f5es, Beira Baixa, Beiras e Serra da Estrela.<\/p>\n<p>Estiveram presentes os secret\u00e1rios de Estado da Administra\u00e7\u00e3o Local e Ordenamento do Territ\u00f3rio, Silv\u00e9rio Regalado, e do Planeamento e Desenvolvimento Regional, H\u00e9lder Reis, bem como o respons\u00e1vel da Estrutura de Miss\u00e3o para a Reconstru\u00e7\u00e3o do Centro do Pa\u00eds, Paulo Fernandes.<\/p>\n<p>A falta de comunica\u00e7\u00f5es mant\u00e9m-se a afectar fam\u00edlias e empresas, mesmo com a eletricidade quase totalmente restabelecida. Em alguns casos, o retorno de energia s\u00f3 ocorreu recentemente, agravando impactos na vida quotidiana.<\/p>\n<p>Pedro Pimp\u00e3o, presidente da ANMP e da C\u00e2mara Municipal de Pombal, frisou que as \u00e1reas ainda em emerg\u00eancia necessitam de apoio adicional. A popula\u00e7\u00e3o, especialmente em territ\u00f3rios com popula\u00e7\u00e3o envelhecida, tem tamb\u00e9m efeitos na sa\u00fade mental.<\/p>\n<p>Foi feito um apelo \u00e0s operadoras para refor\u00e7arem as equipas no terreno e acelerarem o restabelecimento das redes de comunica\u00e7\u00f5es. A mobiliza\u00e7\u00e3o visa reduzir o tempo de repara\u00e7\u00e3o e estabilizar os servi\u00e7os.<\/p>\n<p>Entre as preocupa\u00e7\u00f5es est\u00e3o a limpeza de caminhos florestais e a requalifica\u00e7\u00e3o da rede vi\u00e1ria, muito danificada pelo mau tempo. O custo da recupera\u00e7\u00e3o \u00e9 elevado e exige apoios espec\u00edficos para as vias di\u00e1rias.<\/p>\n","protected":false},"excerpt":{"rendered":"<ul>\n<li>Ainda hoje parte significativa dos territ\u00f3rios afetados pelo mau tempo continua sem comunica\u00e7\u00f5es, mais de um m\u00eas depois.<\/li>\n<li>A ANMP reuniu-se em Coimbra com mais de 150 munic\u00edpios da regi\u00e3o Centro, contando com a presen\u00e7a de secret\u00e1rios de Estado e do respons\u00e1vel pela Estrutura de Miss\u00e3o para a Reconstru\u00e7\u00e3o do Centro do Pa\u00eds.<\/li>\n<li>O presidente da ANMP, Pedro Pimp\u00e3o, afirmou que, embora a eletricidade esteja praticamente reestabelecida, algumas fam\u00edlias e empresas ficaram sem energia el\u00e9trica durante largos per\u00edodos, com impacto na vida di\u00e1ria e na atividade econ\u00f3mica.<\/li>\n<li>Os munic\u00edpios mant\u00eam os territ\u00f3rios em situa\u00e7\u00e3o de emerg\u00eancia e pedem apoio adicional, especialmente devido ao aumento de dificuldades em popula\u00e7\u00f5es envelhecidas e aos efeitos na sa\u00fade mental.<\/li>\n<li>Foi feito um apelo \u00e0s operadoras para refor\u00e7ar as equipas no terreno e, ainda, ressalvada a necessidade de requalificar caminhos florestais e a rede vi\u00e1ria, devido aos custos e impactos financeiros.<\/li>\n<\/ul>\n","protected":false},"author":2,"featured_media":397745,"comment_status":"closed","ping_status":"closed","sticky":false,"template":"","format":"standard","meta":{"footnotes":""},"categories":[1],"tags":[1059,3670,1070,1385,4650,1171],"class_list":["post-397735","post","type-post","status-publish","format-standard","has-post-thumbnail","hentry","category-noticias","tag-aveiro","tag-beira-baixa","tag-coimbra","tag-leiria","tag-regiao-centro","tag-viseu"],"yoast_head":"<!-- This site is optimized with the Yoast SEO plugin v27.2 - https:\/\/yoast.com\/product\/yoast-seo-wordpress\/ -->\n<title>Grande parte do territ\u00f3rio afetado pelo mau tempo continua sem comunica\u00e7\u00f5es - Portal Tela Portugal<\/title>\n<meta name=\"robots\" content=\"index, follow, max-snippet:-1, max-image-preview:large, max-video-preview:-1\" \/>\n<meta property=\"og:locale\" content=\"pt_PT\" \/>\n<meta property=\"og:type\" content=\"article\" \/>\n<meta property=\"og:title\" content=\"Grande parte do territ\u00f3rio afetado pelo mau tempo continua sem comunica\u00e7\u00f5es - Portal Tela Portugal\" \/>\n<meta property=\"og:description\" content=\"Ainda hoje parte significativa dos territ\u00f3rios afetados pelo mau tempo continua sem comunica\u00e7\u00f5es, mais de um m\u00eas depois. A ANMP reuniu-se em Coimbra com mais de 150 munic\u00edpios da regi\u00e3o Centro, contando com a presen\u00e7a de secret\u00e1rios de Estado e do respons\u00e1vel pela Estrutura de Miss\u00e3o para a Reconstru\u00e7\u00e3o do Centro do Pa\u00eds. O presidente da ANMP, Pedro Pimp\u00e3o, afirmou que, embora a eletricidade esteja praticamente reestabelecida, algumas fam\u00edlias e empresas ficaram sem energia el\u00e9trica durante largos per\u00edodos, com impacto na vida di\u00e1ria e na atividade econ\u00f3mica. Os munic\u00edpios mant\u00eam os territ\u00f3rios em situa\u00e7\u00e3o de emerg\u00eancia e pedem apoio adicional, especialmente devido ao aumento de dificuldades em popula\u00e7\u00f5es envelhecidas e aos efeitos na sa\u00fade mental. Foi feito um apelo \u00e0s operadoras para refor\u00e7ar as equipas no terreno e, ainda, ressalvada a necessidade de requalificar caminhos florestais e a rede vi\u00e1ria, devido aos custos e impactos financeiros.\" \/>\n<meta property=\"og:url\" content=\"https:\/\/portaltela.pt\/noticias\/2026\/03\/04\/grande-parte-do-territorio-afetado-pelo-mau-tempo-continua-sem-comunicacoes\/\" \/>\n<meta property=\"og:site_name\" content=\"Portal Tela Portugal\" \/>\n<meta property=\"article:published_time\" content=\"2026-03-04T19:21:22+00:00\" \/>\n<meta name=\"author\" content=\"Telinha\" \/>\n<meta name=\"twitter:card\" content=\"summary_large_image\" \/>\n<meta name=\"twitter:label1\" content=\"Escrito por\" \/>\n\t<meta name=\"twitter:data1\" content=\"Telinha\" \/>\n\t<meta name=\"twitter:label2\" content=\"Tempo estimado de leitura\" \/>\n\t<meta name=\"twitter:data2\" content=\"1 minuto\" \/>\n<script type=\"application\/ld+json\" class=\"yoast-schema-graph\">{\"@context\":\"https:\/\/schema.org\",\"@graph\":[{\"@type\":\"Article\",\"@id\":\"https:\/\/portaltela.pt\/noticias\/2026\/03\/04\/grande-parte-do-territorio-afetado-pelo-mau-tempo-continua-sem-comunicacoes\/#article\",\"isPartOf\":{\"@id\":\"https:\/\/portaltela.pt\/noticias\/2026\/03\/04\/grande-parte-do-territorio-afetado-pelo-mau-tempo-continua-sem-comunicacoes\/\"},\"author\":{\"name\":\"Telinha\",\"@id\":\"https:\/\/portaltela.pt\/#\/schema\/person\/c4278d4a6028830caff9ee44b42d32ed\"},\"headline\":\"Grande parte do territ\u00f3rio afetado pelo mau tempo continua sem comunica\u00e7\u00f5es\",\"datePublished\":\"2026-03-04T19:21:22+00:00\",\"mainEntityOfPage\":{\"@id\":\"https:\/\/portaltela.pt\/noticias\/2026\/03\/04\/grande-parte-do-territorio-afetado-pelo-mau-tempo-continua-sem-comunicacoes\/\"},\"wordCount\":295,\"image\":{\"@id\":\"https:\/\/portaltela.pt\/noticias\/2026\/03\/04\/grande-parte-do-territorio-afetado-pelo-mau-tempo-continua-sem-comunicacoes\/#primaryimage\"},\"thumbnailUrl\":\"https:\/\/portaltela.pt\/s.01k8rhncp4jt1\/2026\/03\/img_1280x721uu2025-04-28-12-27-00-2205426.jpg\",\"keywords\":[\"Aveiro\",\"Beira Baixa\",\"Coimbra\",\"Leiria\",\"Regi\u00e3o Centro\",\"Viseu\"],\"articleSection\":[\"Not\u00edcias\"],\"inLanguage\":\"pt-PT\"},{\"@type\":\"WebPage\",\"@id\":\"https:\/\/portaltela.pt\/noticias\/2026\/03\/04\/grande-parte-do-territorio-afetado-pelo-mau-tempo-continua-sem-comunicacoes\/\",\"url\":\"https:\/\/portaltela.pt\/noticias\/2026\/03\/04\/grande-parte-do-territorio-afetado-pelo-mau-tempo-continua-sem-comunicacoes\/\",\"name\":\"Grande parte do territ\u00f3rio afetado pelo mau tempo continua sem comunica\u00e7\u00f5es - Portal Tela Portugal\",\"isPartOf\":{\"@id\":\"https:\/\/portaltela.pt\/#website\"},\"primaryImageOfPage\":{\"@id\":\"https:\/\/portaltela.pt\/noticias\/2026\/03\/04\/grande-parte-do-territorio-afetado-pelo-mau-tempo-continua-sem-comunicacoes\/#primaryimage\"},\"image\":{\"@id\":\"https:\/\/portaltela.pt\/noticias\/2026\/03\/04\/grande-parte-do-territorio-afetado-pelo-mau-tempo-continua-sem-comunicacoes\/#primaryimage\"},\"thumbnailUrl\":\"https:\/\/portaltela.pt\/s.01k8rhncp4jt1\/2026\/03\/img_1280x721uu2025-04-28-12-27-00-2205426.jpg\",\"datePublished\":\"2026-03-04T19:21:22+00:00\",\"author\":{\"@id\":\"https:\/\/portaltela.pt\/#\/schema\/person\/c4278d4a6028830caff9ee44b42d32ed\"},\"breadcrumb\":{\"@id\":\"https:\/\/portaltela.pt\/noticias\/2026\/03\/04\/grande-parte-do-territorio-afetado-pelo-mau-tempo-continua-sem-comunicacoes\/#breadcrumb\"},\"inLanguage\":\"pt-PT\",\"potentialAction\":[{\"@type\":\"ReadAction\",\"target\":[\"https:\/\/portaltela.pt\/noticias\/2026\/03\/04\/grande-parte-do-territorio-afetado-pelo-mau-tempo-continua-sem-comunicacoes\/\"]}]},{\"@type\":\"ImageObject\",\"inLanguage\":\"pt-PT\",\"@id\":\"https:\/\/portaltela.pt\/noticias\/2026\/03\/04\/grande-parte-do-territorio-afetado-pelo-mau-tempo-continua-sem-comunicacoes\/#primaryimage\",\"url\":\"https:\/\/portaltela.pt\/s.01k8rhncp4jt1\/2026\/03\/img_1280x721uu2025-04-28-12-27-00-2205426.jpg\",\"contentUrl\":\"https:\/\/portaltela.pt\/s.01k8rhncp4jt1\/2026\/03\/img_1280x721uu2025-04-28-12-27-00-2205426.jpg\",\"width\":796,\"height\":448,\"caption\":\"Energia, eletricidade\"},{\"@type\":\"BreadcrumbList\",\"@id\":\"https:\/\/portaltela.pt\/noticias\/2026\/03\/04\/grande-parte-do-territorio-afetado-pelo-mau-tempo-continua-sem-comunicacoes\/#breadcrumb\",\"itemListElement\":[{\"@type\":\"ListItem\",\"position\":1,\"name\":\"In\u00edcio\",\"item\":\"https:\/\/portaltela.pt\/\"},{\"@type\":\"ListItem\",\"position\":2,\"name\":\"Grande parte do territ\u00f3rio afetado pelo mau tempo continua sem comunica\u00e7\u00f5es\"}]},{\"@type\":\"WebSite\",\"@id\":\"https:\/\/portaltela.pt\/#website\",\"url\":\"https:\/\/portaltela.pt\/\",\"name\":\"Portal Tela Portugal\",\"description\":\"\",\"potentialAction\":[{\"@type\":\"SearchAction\",\"target\":{\"@type\":\"EntryPoint\",\"urlTemplate\":\"https:\/\/portaltela.pt\/?s={search_term_string}\"},\"query-input\":{\"@type\":\"PropertyValueSpecification\",\"valueRequired\":true,\"valueName\":\"search_term_string\"}}],\"inLanguage\":\"pt-PT\"},{\"@type\":\"Person\",\"@id\":\"https:\/\/portaltela.pt\/#\/schema\/person\/c4278d4a6028830caff9ee44b42d32ed\",\"name\":\"Telinha\",\"image\":{\"@type\":\"ImageObject\",\"inLanguage\":\"pt-PT\",\"@id\":\"https:\/\/portaltela.pt\/s.01k8rhncp4jt1\/2025\/11\/talking-bot-125x125.png\",\"url\":\"https:\/\/portaltela.pt\/s.01k8rhncp4jt1\/2025\/11\/talking-bot-125x125.png\",\"contentUrl\":\"https:\/\/portaltela.pt\/s.01k8rhncp4jt1\/2025\/11\/talking-bot-125x125.png\",\"caption\":\"Telinha\"},\"sameAs\":[\"https:\/\/portaltela.pt\/\"],\"url\":\"https:\/\/portaltela.pt\/por\/367410592786\/\"}]}<\/script>\n<!-- \/ Yoast SEO plugin. -->","yoast_head_json":{"title":"Grande parte do territ\u00f3rio afetado pelo mau tempo continua sem comunica\u00e7\u00f5es - Portal Tela Portugal","robots":{"index":"index","follow":"follow","max-snippet":"max-snippet:-1","max-image-preview":"max-image-preview:large","max-video-preview":"max-video-preview:-1"},"og_locale":"pt_PT","og_type":"article","og_title":"Grande parte do territ\u00f3rio afetado pelo mau tempo continua sem comunica\u00e7\u00f5es - Portal Tela Portugal","og_description":"Ainda hoje parte significativa dos territ\u00f3rios afetados pelo mau tempo continua sem comunica\u00e7\u00f5es, mais de um m\u00eas depois. A ANMP reuniu-se em Coimbra com mais de 150 munic\u00edpios da regi\u00e3o Centro, contando com a presen\u00e7a de secret\u00e1rios de Estado e do respons\u00e1vel pela Estrutura de Miss\u00e3o para a Reconstru\u00e7\u00e3o do Centro do Pa\u00eds. O presidente da ANMP, Pedro Pimp\u00e3o, afirmou que, embora a eletricidade esteja praticamente reestabelecida, algumas fam\u00edlias e empresas ficaram sem energia el\u00e9trica durante largos per\u00edodos, com impacto na vida di\u00e1ria e na atividade econ\u00f3mica. Os munic\u00edpios mant\u00eam os territ\u00f3rios em situa\u00e7\u00e3o de emerg\u00eancia e pedem apoio adicional, especialmente devido ao aumento de dificuldades em popula\u00e7\u00f5es envelhecidas e aos efeitos na sa\u00fade mental. Foi feito um apelo \u00e0s operadoras para refor\u00e7ar as equipas no terreno e, ainda, ressalvada a necessidade de requalificar caminhos florestais e a rede vi\u00e1ria, devido aos custos e impactos financeiros.","og_url":"https:\/\/portaltela.pt\/noticias\/2026\/03\/04\/grande-parte-do-territorio-afetado-pelo-mau-tempo-continua-sem-comunicacoes\/","og_site_name":"Portal Tela Portugal","article_published_time":"2026-03-04T19:21:22+00:00","author":"Telinha","twitter_card":"summary_large_image","twitter_misc":{"Escrito por":"Telinha","Tempo estimado de leitura":"1 minuto"},"schema":{"@context":"https:\/\/schema.org","@graph":[{"@type":"Article","@id":"https:\/\/portaltela.pt\/noticias\/2026\/03\/04\/grande-parte-do-territorio-afetado-pelo-mau-tempo-continua-sem-comunicacoes\/#article","isPartOf":{"@id":"https:\/\/portaltela.pt\/noticias\/2026\/03\/04\/grande-parte-do-territorio-afetado-pelo-mau-tempo-continua-sem-comunicacoes\/"},"author":{"name":"Telinha","@id":"https:\/\/portaltela.pt\/#\/schema\/person\/c4278d4a6028830caff9ee44b42d32ed"},"headline":"Grande parte do territ\u00f3rio afetado pelo mau tempo continua sem comunica\u00e7\u00f5es","datePublished":"2026-03-04T19:21:22+00:00","mainEntityOfPage":{"@id":"https:\/\/portaltela.pt\/noticias\/2026\/03\/04\/grande-parte-do-territorio-afetado-pelo-mau-tempo-continua-sem-comunicacoes\/"},"wordCount":295,"image":{"@id":"https:\/\/portaltela.pt\/noticias\/2026\/03\/04\/grande-parte-do-territorio-afetado-pelo-mau-tempo-continua-sem-comunicacoes\/#primaryimage"},"thumbnailUrl":"https:\/\/portaltela.pt\/s.01k8rhncp4jt1\/2026\/03\/img_1280x721uu2025-04-28-12-27-00-2205426.jpg","keywords":["Aveiro","Beira Baixa","Coimbra","Leiria","Regi\u00e3o Centro","Viseu"],"articleSection":["Not\u00edcias"],"inLanguage":"pt-PT"},{"@type":"WebPage","@id":"https:\/\/portaltela.pt\/noticias\/2026\/03\/04\/grande-parte-do-territorio-afetado-pelo-mau-tempo-continua-sem-comunicacoes\/","url":"https:\/\/portaltela.pt\/noticias\/2026\/03\/04\/grande-parte-do-territorio-afetado-pelo-mau-tempo-continua-sem-comunicacoes\/","name":"Grande parte do territ\u00f3rio afetado pelo mau tempo continua sem comunica\u00e7\u00f5es - Portal Tela Portugal","isPartOf":{"@id":"https:\/\/portaltela.pt\/#website"},"primaryImageOfPage":{"@id":"https:\/\/portaltela.pt\/noticias\/2026\/03\/04\/grande-parte-do-territorio-afetado-pelo-mau-tempo-continua-sem-comunicacoes\/#primaryimage"},"image":{"@id":"https:\/\/portaltela.pt\/noticias\/2026\/03\/04\/grande-parte-do-territorio-afetado-pelo-mau-tempo-continua-sem-comunicacoes\/#primaryimage"},"thumbnailUrl":"https:\/\/portaltela.pt\/s.01k8rhncp4jt1\/2026\/03\/img_1280x721uu2025-04-28-12-27-00-2205426.jpg","datePublished":"2026-03-04T19:21:22+00:00","author":{"@id":"https:\/\/portaltela.pt\/#\/schema\/person\/c4278d4a6028830caff9ee44b42d32ed"},"breadcrumb":{"@id":"https:\/\/portaltela.pt\/noticias\/2026\/03\/04\/grande-parte-do-territorio-afetado-pelo-mau-tempo-continua-sem-comunicacoes\/#breadcrumb"},"inLanguage":"pt-PT","potentialAction":[{"@type":"ReadAction","target":["https:\/\/portaltela.pt\/noticias\/2026\/03\/04\/grande-parte-do-territorio-afetado-pelo-mau-tempo-continua-sem-comunicacoes\/"]}]},{"@type":"ImageObject","inLanguage":"pt-PT","@id":"https:\/\/portaltela.pt\/noticias\/2026\/03\/04\/grande-parte-do-territorio-afetado-pelo-mau-tempo-continua-sem-comunicacoes\/#primaryimage","url":"https:\/\/portaltela.pt\/s.01k8rhncp4jt1\/2026\/03\/img_1280x721uu2025-04-28-12-27-00-2205426.jpg","contentUrl":"https:\/\/portaltela.pt\/s.01k8rhncp4jt1\/2026\/03\/img_1280x721uu2025-04-28-12-27-00-2205426.jpg","width":796,"height":448,"caption":"Energia, eletricidade"},{"@type":"BreadcrumbList","@id":"https:\/\/portaltela.pt\/noticias\/2026\/03\/04\/grande-parte-do-territorio-afetado-pelo-mau-tempo-continua-sem-comunicacoes\/#breadcrumb","itemListElement":[{"@type":"ListItem","position":1,"name":"In\u00edcio","item":"https:\/\/portaltela.pt\/"},{"@type":"ListItem","position":2,"name":"Grande parte do territ\u00f3rio afetado pelo mau tempo continua sem comunica\u00e7\u00f5es"}]},{"@type":"WebSite","@id":"https:\/\/portaltela.pt\/#website","url":"https:\/\/portaltela.pt\/","name":"Portal Tela Portugal","description":"","potentialAction":[{"@type":"SearchAction","target":{"@type":"EntryPoint","urlTemplate":"https:\/\/portaltela.pt\/?s={search_term_string}"},"query-input":{"@type":"PropertyValueSpecification","valueRequired":true,"valueName":"search_term_string"}}],"inLanguage":"pt-PT"},{"@type":"Person","@id":"https:\/\/portaltela.pt\/#\/schema\/person\/c4278d4a6028830caff9ee44b42d32ed","name":"Telinha","image":{"@type":"ImageObject","inLanguage":"pt-PT","@id":"https:\/\/portaltela.pt\/s.01k8rhncp4jt1\/2025\/11\/talking-bot-125x125.png","url":"https:\/\/portaltela.pt\/s.01k8rhncp4jt1\/2025\/11\/talking-bot-125x125.png","contentUrl":"https:\/\/portaltela.pt\/s.01k8rhncp4jt1\/2025\/11\/talking-bot-125x125.png","caption":"Telinha"},"sameAs":["https:\/\/portaltela.pt\/"],"url":"https:\/\/portaltela.pt\/por\/367410592786\/"}]}},"_links":{"self":[{"href":"https:\/\/portaltela.pt\/api\/wp\/v2\/posts\/397735","targetHints":{"allow":["GET"]}}],"collection":[{"href":"https:\/\/portaltela.pt\/api\/wp\/v2\/posts"}],"about":[{"href":"https:\/\/portaltela.pt\/api\/wp\/v2\/types\/post"}],"author":[{"embeddable":true,"href":"https:\/\/portaltela.pt\/api\/wp\/v2\/users\/2"}],"replies":[{"embeddable":true,"href":"https:\/\/portaltela.pt\/api\/wp\/v2\/comments?post=397735"}],"version-history":[{"count":0,"href":"https:\/\/portaltela.pt\/api\/wp\/v2\/posts\/397735\/revisions"}],"wp:featuredmedia":[{"embeddable":true,"href":"https:\/\/portaltela.pt\/api\/wp\/v2\/media\/397745"}],"wp:attachment":[{"href":"https:\/\/portaltela.pt\/api\/wp\/v2\/media?parent=397735"}],"wp:term":[{"taxonomy":"category","embeddable":true,"href":"https:\/\/portaltela.pt\/api\/wp\/v2\/categories?post=397735"},{"taxonomy":"post_tag","embeddable":true,"href":"https:\/\/portaltela.pt\/api\/wp\/v2\/tags?post=397735"}],"curies":[{"name":"wp","href":"https:\/\/api.w.org\/{rel}","templated":true}]}}