{"id":397720,"date":"2026-03-04T16:07:00","date_gmt":"2026-03-04T19:07:00","guid":{"rendered":"https:\/\/portaltela.pt\/noticias\/2026\/03\/04\/vhils-retrata-marcelo-com-camadas-de-jornais-dos-ultimos-dez-anos-2\/"},"modified":"2026-03-04T16:07:00","modified_gmt":"2026-03-04T19:07:00","slug":"vhils-retrata-marcelo-com-camadas-de-jornais-dos-ultimos-dez-anos-2","status":"publish","type":"post","link":"https:\/\/portaltela.pt\/noticias\/2026\/03\/04\/vhils-retrata-marcelo-com-camadas-de-jornais-dos-ultimos-dez-anos-2\/","title":{"rendered":"Vhils retrata Marcelo com camadas de jornais dos \u00faltimos dez anos"},"content":{"rendered":"<p>O retrato oficial do presidente da Rep\u00fablica, Marcelo Rebelo de Sousa, assinado por Vhils, \u00e9 composto por camadas de jornais nacionais dos \u00faltimos dez anos. A obra foi apresentada hoje numa cerim\u00f3nia no Museu da Presid\u00eancia da Rep\u00fablica, em Lisboa, com a presen\u00e7a do presidente, do artista e convidados.<\/p>\n<p>O autor explicou que a pe\u00e7a pretende reproduzir o peso de dois mandatos. O m\u00e9todo envolve jornais entre 2016 e 2026, colados e sobrepostos, escavados por incis\u00e3o e, no fim, cobertos de branco, uma t\u00e9cnica de relevo que o artista usa em paredes e fachadas.<\/p>\n<p>A obra reflete, segundo Vhils, eventos como inc\u00eandios, pandemia e crises pol\u00edticas, bem como mudan\u00e7as no panorama global resultantes do populismo tecnol\u00f3gico. O retrato \u00e9 visto como uma escava\u00e7\u00e3o, revelando camadas que moldaram o presidente ao longo dos anos.<\/p>\n<h3>Contexto art\u00edstico e percurso do autor<\/h3>\n<p>Vhils, que veio da margem sul de Lisboa, explicou a sua vincula\u00e7\u00e3o ao projeto, apesar de ter iniciado o trabalho com reservas. A cerim\u00f3nia contou com agradecimentos \u00e0 escola p\u00fablica e refer\u00eancias \u00e0 import\u00e2ncia do Estado no elevador social, conforme descreveu o artista.<\/p>\n<h3>Din\u00e2mica de aquisi\u00e7\u00e3o para o museu<\/h3>\n<p>O criador n\u00e3o recebeu pagamento pela obra, pedindo que o valor fosse usado para adquirir obras de artistas emergentes para a cole\u00e7\u00e3o do museu. A iniciativa foi aceite, com a aquisi\u00e7\u00e3o de 11 pe\u00e7as de artistas nacionais, conforme nota de imprensa do artista, e a previs\u00e3o de novas adi\u00e7\u00f5es.<\/p>\n","protected":false},"excerpt":{"rendered":"<ul>\n<li>O retrato oficial do presidente Marcelo Rebelo de Sousa, de Vhils, foi criado com camadas de jornais nacionais dos \u00faltimos dez anos, para mostrar o peso de dois mandatos.<\/li>\n<li>A obra fica desde hoje na galeria de retratos do Museu da Presid\u00eancia da Rep\u00fablica, em Lisboa, apresentada numa cerim\u00f3nia com a presen\u00e7a de Marcelo Rebelo de Sousa e do artista.<\/li>\n<li>Vhils usou jornais de 2016 a 2026, colados, sobrepostos, escavados por incis\u00e3o e cobertos de branco, recorrendo \u00e0 sua t\u00e9cnica de relevo.<\/li>\n<li>O artista afirma que o retrato \u00e9 uma escava\u00e7\u00e3o da superf\u00edcie, que re\u00fane inc\u00eandios, pandemia, crises pol\u00edticas e o atual contexto de populismo e disrup\u00e7\u00e3o tecnol\u00f3gica.<\/li>\n<li>O artista abdicou da remunera\u00e7\u00e3o para que o valor fosse usado na compra de obras de artistas emergentes para a cole\u00e7\u00e3o do museu, que j\u00e1 inclui onze pe\u00e7as (com mais para reserva e rota\u00e7\u00e3o).<\/li>\n<\/ul>\n","protected":false},"author":2,"featured_media":397727,"comment_status":"closed","ping_status":"closed","sticky":false,"template":"","format":"standard","meta":{"footnotes":""},"categories":[1],"tags":[70,1397,981,3278,30,5367],"class_list":["post-397720","post","type-post","status-publish","format-standard","has-post-thumbnail","hentry","category-noticias","tag-arte","tag-exposicoes","tag-lisboa","tag-marcelo","tag-presidente","tag-vhils"],"yoast_head":"<!-- This site is optimized with the Yoast SEO plugin v27.2 - https:\/\/yoast.com\/product\/yoast-seo-wordpress\/ -->\n<title>Vhils retrata Marcelo com camadas de jornais dos \u00faltimos dez anos - Portal Tela Portugal<\/title>\n<meta name=\"robots\" content=\"index, follow, max-snippet:-1, max-image-preview:large, max-video-preview:-1\" \/>\n<meta property=\"og:locale\" content=\"pt_PT\" \/>\n<meta property=\"og:type\" content=\"article\" \/>\n<meta property=\"og:title\" content=\"Vhils retrata Marcelo com camadas de jornais dos \u00faltimos dez anos - Portal Tela Portugal\" \/>\n<meta property=\"og:description\" content=\"O retrato oficial do presidente Marcelo Rebelo de Sousa, de Vhils, foi criado com camadas de jornais nacionais dos \u00faltimos dez anos, para mostrar o peso de dois mandatos. A obra fica desde hoje na galeria de retratos do Museu da Presid\u00eancia da Rep\u00fablica, em Lisboa, apresentada numa cerim\u00f3nia com a presen\u00e7a de Marcelo Rebelo de Sousa e do artista. Vhils usou jornais de 2016 a 2026, colados, sobrepostos, escavados por incis\u00e3o e cobertos de branco, recorrendo \u00e0 sua t\u00e9cnica de relevo. O artista afirma que o retrato \u00e9 uma escava\u00e7\u00e3o da superf\u00edcie, que re\u00fane inc\u00eandios, pandemia, crises pol\u00edticas e o atual contexto de populismo e disrup\u00e7\u00e3o tecnol\u00f3gica. O artista abdicou da remunera\u00e7\u00e3o para que o valor fosse usado na compra de obras de artistas emergentes para a cole\u00e7\u00e3o do museu, que j\u00e1 inclui onze pe\u00e7as (com mais para reserva e rota\u00e7\u00e3o).\" \/>\n<meta property=\"og:url\" content=\"https:\/\/portaltela.pt\/noticias\/2026\/03\/04\/vhils-retrata-marcelo-com-camadas-de-jornais-dos-ultimos-dez-anos-2\/\" \/>\n<meta property=\"og:site_name\" content=\"Portal Tela Portugal\" \/>\n<meta property=\"article:published_time\" content=\"2026-03-04T19:07:00+00:00\" \/>\n<meta name=\"author\" content=\"Telinha\" \/>\n<meta name=\"twitter:card\" content=\"summary_large_image\" \/>\n<meta name=\"twitter:label1\" content=\"Escrito por\" \/>\n\t<meta name=\"twitter:data1\" content=\"Telinha\" \/>\n\t<meta name=\"twitter:label2\" content=\"Tempo estimado de leitura\" \/>\n\t<meta name=\"twitter:data2\" content=\"1 minuto\" \/>\n<script type=\"application\/ld+json\" class=\"yoast-schema-graph\">{\"@context\":\"https:\/\/schema.org\",\"@graph\":[{\"@type\":\"Article\",\"@id\":\"https:\/\/portaltela.pt\/noticias\/2026\/03\/04\/vhils-retrata-marcelo-com-camadas-de-jornais-dos-ultimos-dez-anos-2\/#article\",\"isPartOf\":{\"@id\":\"https:\/\/portaltela.pt\/noticias\/2026\/03\/04\/vhils-retrata-marcelo-com-camadas-de-jornais-dos-ultimos-dez-anos-2\/\"},\"author\":{\"name\":\"Telinha\",\"@id\":\"https:\/\/portaltela.pt\/#\/schema\/person\/c4278d4a6028830caff9ee44b42d32ed\"},\"headline\":\"Vhils retrata Marcelo com camadas de jornais dos \u00faltimos dez anos\",\"datePublished\":\"2026-03-04T19:07:00+00:00\",\"mainEntityOfPage\":{\"@id\":\"https:\/\/portaltela.pt\/noticias\/2026\/03\/04\/vhils-retrata-marcelo-com-camadas-de-jornais-dos-ultimos-dez-anos-2\/\"},\"wordCount\":269,\"image\":{\"@id\":\"https:\/\/portaltela.pt\/noticias\/2026\/03\/04\/vhils-retrata-marcelo-com-camadas-de-jornais-dos-ultimos-dez-anos-2\/#primaryimage\"},\"thumbnailUrl\":\"https:\/\/portaltela.pt\/s.01k8rhncp4jt1\/2026\/03\/image-21.webp\",\"keywords\":[\"arte\",\"exposi\u00e7\u00f5es\",\"Lisboa\",\"Marcelo\",\"presidente\",\"Vhils\"],\"articleSection\":[\"Not\u00edcias\"],\"inLanguage\":\"pt-PT\"},{\"@type\":\"WebPage\",\"@id\":\"https:\/\/portaltela.pt\/noticias\/2026\/03\/04\/vhils-retrata-marcelo-com-camadas-de-jornais-dos-ultimos-dez-anos-2\/\",\"url\":\"https:\/\/portaltela.pt\/noticias\/2026\/03\/04\/vhils-retrata-marcelo-com-camadas-de-jornais-dos-ultimos-dez-anos-2\/\",\"name\":\"Vhils retrata Marcelo com camadas de jornais dos \u00faltimos dez anos - Portal Tela Portugal\",\"isPartOf\":{\"@id\":\"https:\/\/portaltela.pt\/#website\"},\"primaryImageOfPage\":{\"@id\":\"https:\/\/portaltela.pt\/noticias\/2026\/03\/04\/vhils-retrata-marcelo-com-camadas-de-jornais-dos-ultimos-dez-anos-2\/#primaryimage\"},\"image\":{\"@id\":\"https:\/\/portaltela.pt\/noticias\/2026\/03\/04\/vhils-retrata-marcelo-com-camadas-de-jornais-dos-ultimos-dez-anos-2\/#primaryimage\"},\"thumbnailUrl\":\"https:\/\/portaltela.pt\/s.01k8rhncp4jt1\/2026\/03\/image-21.webp\",\"datePublished\":\"2026-03-04T19:07:00+00:00\",\"author\":{\"@id\":\"https:\/\/portaltela.pt\/#\/schema\/person\/c4278d4a6028830caff9ee44b42d32ed\"},\"breadcrumb\":{\"@id\":\"https:\/\/portaltela.pt\/noticias\/2026\/03\/04\/vhils-retrata-marcelo-com-camadas-de-jornais-dos-ultimos-dez-anos-2\/#breadcrumb\"},\"inLanguage\":\"pt-PT\",\"potentialAction\":[{\"@type\":\"ReadAction\",\"target\":[\"https:\/\/portaltela.pt\/noticias\/2026\/03\/04\/vhils-retrata-marcelo-com-camadas-de-jornais-dos-ultimos-dez-anos-2\/\"]}]},{\"@type\":\"ImageObject\",\"inLanguage\":\"pt-PT\",\"@id\":\"https:\/\/portaltela.pt\/noticias\/2026\/03\/04\/vhils-retrata-marcelo-com-camadas-de-jornais-dos-ultimos-dez-anos-2\/#primaryimage\",\"url\":\"https:\/\/portaltela.pt\/s.01k8rhncp4jt1\/2026\/03\/image-21.webp\",\"contentUrl\":\"https:\/\/portaltela.pt\/s.01k8rhncp4jt1\/2026\/03\/image-21.webp\",\"width\":1200,\"height\":800,\"caption\":\"A obra foi apresentada numa curta cerim\u00f3nia\"},{\"@type\":\"BreadcrumbList\",\"@id\":\"https:\/\/portaltela.pt\/noticias\/2026\/03\/04\/vhils-retrata-marcelo-com-camadas-de-jornais-dos-ultimos-dez-anos-2\/#breadcrumb\",\"itemListElement\":[{\"@type\":\"ListItem\",\"position\":1,\"name\":\"In\u00edcio\",\"item\":\"https:\/\/portaltela.pt\/\"},{\"@type\":\"ListItem\",\"position\":2,\"name\":\"Vhils retrata Marcelo com camadas de jornais dos \u00faltimos dez anos\"}]},{\"@type\":\"WebSite\",\"@id\":\"https:\/\/portaltela.pt\/#website\",\"url\":\"https:\/\/portaltela.pt\/\",\"name\":\"Portal Tela Portugal\",\"description\":\"\",\"potentialAction\":[{\"@type\":\"SearchAction\",\"target\":{\"@type\":\"EntryPoint\",\"urlTemplate\":\"https:\/\/portaltela.pt\/?s={search_term_string}\"},\"query-input\":{\"@type\":\"PropertyValueSpecification\",\"valueRequired\":true,\"valueName\":\"search_term_string\"}}],\"inLanguage\":\"pt-PT\"},{\"@type\":\"Person\",\"@id\":\"https:\/\/portaltela.pt\/#\/schema\/person\/c4278d4a6028830caff9ee44b42d32ed\",\"name\":\"Telinha\",\"image\":{\"@type\":\"ImageObject\",\"inLanguage\":\"pt-PT\",\"@id\":\"https:\/\/portaltela.pt\/s.01k8rhncp4jt1\/2025\/11\/talking-bot-125x125.png\",\"url\":\"https:\/\/portaltela.pt\/s.01k8rhncp4jt1\/2025\/11\/talking-bot-125x125.png\",\"contentUrl\":\"https:\/\/portaltela.pt\/s.01k8rhncp4jt1\/2025\/11\/talking-bot-125x125.png\",\"caption\":\"Telinha\"},\"sameAs\":[\"https:\/\/portaltela.pt\/\"],\"url\":\"https:\/\/portaltela.pt\/por\/367410592786\/\"}]}<\/script>\n<!-- \/ Yoast SEO plugin. -->","yoast_head_json":{"title":"Vhils retrata Marcelo com camadas de jornais dos \u00faltimos dez anos - Portal Tela Portugal","robots":{"index":"index","follow":"follow","max-snippet":"max-snippet:-1","max-image-preview":"max-image-preview:large","max-video-preview":"max-video-preview:-1"},"og_locale":"pt_PT","og_type":"article","og_title":"Vhils retrata Marcelo com camadas de jornais dos \u00faltimos dez anos - Portal Tela Portugal","og_description":"O retrato oficial do presidente Marcelo Rebelo de Sousa, de Vhils, foi criado com camadas de jornais nacionais dos \u00faltimos dez anos, para mostrar o peso de dois mandatos. A obra fica desde hoje na galeria de retratos do Museu da Presid\u00eancia da Rep\u00fablica, em Lisboa, apresentada numa cerim\u00f3nia com a presen\u00e7a de Marcelo Rebelo de Sousa e do artista. Vhils usou jornais de 2016 a 2026, colados, sobrepostos, escavados por incis\u00e3o e cobertos de branco, recorrendo \u00e0 sua t\u00e9cnica de relevo. O artista afirma que o retrato \u00e9 uma escava\u00e7\u00e3o da superf\u00edcie, que re\u00fane inc\u00eandios, pandemia, crises pol\u00edticas e o atual contexto de populismo e disrup\u00e7\u00e3o tecnol\u00f3gica. O artista abdicou da remunera\u00e7\u00e3o para que o valor fosse usado na compra de obras de artistas emergentes para a cole\u00e7\u00e3o do museu, que j\u00e1 inclui onze pe\u00e7as (com mais para reserva e rota\u00e7\u00e3o).","og_url":"https:\/\/portaltela.pt\/noticias\/2026\/03\/04\/vhils-retrata-marcelo-com-camadas-de-jornais-dos-ultimos-dez-anos-2\/","og_site_name":"Portal Tela Portugal","article_published_time":"2026-03-04T19:07:00+00:00","author":"Telinha","twitter_card":"summary_large_image","twitter_misc":{"Escrito por":"Telinha","Tempo estimado de leitura":"1 minuto"},"schema":{"@context":"https:\/\/schema.org","@graph":[{"@type":"Article","@id":"https:\/\/portaltela.pt\/noticias\/2026\/03\/04\/vhils-retrata-marcelo-com-camadas-de-jornais-dos-ultimos-dez-anos-2\/#article","isPartOf":{"@id":"https:\/\/portaltela.pt\/noticias\/2026\/03\/04\/vhils-retrata-marcelo-com-camadas-de-jornais-dos-ultimos-dez-anos-2\/"},"author":{"name":"Telinha","@id":"https:\/\/portaltela.pt\/#\/schema\/person\/c4278d4a6028830caff9ee44b42d32ed"},"headline":"Vhils retrata Marcelo com camadas de jornais dos \u00faltimos dez anos","datePublished":"2026-03-04T19:07:00+00:00","mainEntityOfPage":{"@id":"https:\/\/portaltela.pt\/noticias\/2026\/03\/04\/vhils-retrata-marcelo-com-camadas-de-jornais-dos-ultimos-dez-anos-2\/"},"wordCount":269,"image":{"@id":"https:\/\/portaltela.pt\/noticias\/2026\/03\/04\/vhils-retrata-marcelo-com-camadas-de-jornais-dos-ultimos-dez-anos-2\/#primaryimage"},"thumbnailUrl":"https:\/\/portaltela.pt\/s.01k8rhncp4jt1\/2026\/03\/image-21.webp","keywords":["arte","exposi\u00e7\u00f5es","Lisboa","Marcelo","presidente","Vhils"],"articleSection":["Not\u00edcias"],"inLanguage":"pt-PT"},{"@type":"WebPage","@id":"https:\/\/portaltela.pt\/noticias\/2026\/03\/04\/vhils-retrata-marcelo-com-camadas-de-jornais-dos-ultimos-dez-anos-2\/","url":"https:\/\/portaltela.pt\/noticias\/2026\/03\/04\/vhils-retrata-marcelo-com-camadas-de-jornais-dos-ultimos-dez-anos-2\/","name":"Vhils retrata Marcelo com camadas de jornais dos \u00faltimos dez anos - Portal Tela Portugal","isPartOf":{"@id":"https:\/\/portaltela.pt\/#website"},"primaryImageOfPage":{"@id":"https:\/\/portaltela.pt\/noticias\/2026\/03\/04\/vhils-retrata-marcelo-com-camadas-de-jornais-dos-ultimos-dez-anos-2\/#primaryimage"},"image":{"@id":"https:\/\/portaltela.pt\/noticias\/2026\/03\/04\/vhils-retrata-marcelo-com-camadas-de-jornais-dos-ultimos-dez-anos-2\/#primaryimage"},"thumbnailUrl":"https:\/\/portaltela.pt\/s.01k8rhncp4jt1\/2026\/03\/image-21.webp","datePublished":"2026-03-04T19:07:00+00:00","author":{"@id":"https:\/\/portaltela.pt\/#\/schema\/person\/c4278d4a6028830caff9ee44b42d32ed"},"breadcrumb":{"@id":"https:\/\/portaltela.pt\/noticias\/2026\/03\/04\/vhils-retrata-marcelo-com-camadas-de-jornais-dos-ultimos-dez-anos-2\/#breadcrumb"},"inLanguage":"pt-PT","potentialAction":[{"@type":"ReadAction","target":["https:\/\/portaltela.pt\/noticias\/2026\/03\/04\/vhils-retrata-marcelo-com-camadas-de-jornais-dos-ultimos-dez-anos-2\/"]}]},{"@type":"ImageObject","inLanguage":"pt-PT","@id":"https:\/\/portaltela.pt\/noticias\/2026\/03\/04\/vhils-retrata-marcelo-com-camadas-de-jornais-dos-ultimos-dez-anos-2\/#primaryimage","url":"https:\/\/portaltela.pt\/s.01k8rhncp4jt1\/2026\/03\/image-21.webp","contentUrl":"https:\/\/portaltela.pt\/s.01k8rhncp4jt1\/2026\/03\/image-21.webp","width":1200,"height":800,"caption":"A obra foi apresentada numa curta cerim\u00f3nia"},{"@type":"BreadcrumbList","@id":"https:\/\/portaltela.pt\/noticias\/2026\/03\/04\/vhils-retrata-marcelo-com-camadas-de-jornais-dos-ultimos-dez-anos-2\/#breadcrumb","itemListElement":[{"@type":"ListItem","position":1,"name":"In\u00edcio","item":"https:\/\/portaltela.pt\/"},{"@type":"ListItem","position":2,"name":"Vhils retrata Marcelo com camadas de jornais dos \u00faltimos dez anos"}]},{"@type":"WebSite","@id":"https:\/\/portaltela.pt\/#website","url":"https:\/\/portaltela.pt\/","name":"Portal Tela Portugal","description":"","potentialAction":[{"@type":"SearchAction","target":{"@type":"EntryPoint","urlTemplate":"https:\/\/portaltela.pt\/?s={search_term_string}"},"query-input":{"@type":"PropertyValueSpecification","valueRequired":true,"valueName":"search_term_string"}}],"inLanguage":"pt-PT"},{"@type":"Person","@id":"https:\/\/portaltela.pt\/#\/schema\/person\/c4278d4a6028830caff9ee44b42d32ed","name":"Telinha","image":{"@type":"ImageObject","inLanguage":"pt-PT","@id":"https:\/\/portaltela.pt\/s.01k8rhncp4jt1\/2025\/11\/talking-bot-125x125.png","url":"https:\/\/portaltela.pt\/s.01k8rhncp4jt1\/2025\/11\/talking-bot-125x125.png","contentUrl":"https:\/\/portaltela.pt\/s.01k8rhncp4jt1\/2025\/11\/talking-bot-125x125.png","caption":"Telinha"},"sameAs":["https:\/\/portaltela.pt\/"],"url":"https:\/\/portaltela.pt\/por\/367410592786\/"}]}},"_links":{"self":[{"href":"https:\/\/portaltela.pt\/api\/wp\/v2\/posts\/397720","targetHints":{"allow":["GET"]}}],"collection":[{"href":"https:\/\/portaltela.pt\/api\/wp\/v2\/posts"}],"about":[{"href":"https:\/\/portaltela.pt\/api\/wp\/v2\/types\/post"}],"author":[{"embeddable":true,"href":"https:\/\/portaltela.pt\/api\/wp\/v2\/users\/2"}],"replies":[{"embeddable":true,"href":"https:\/\/portaltela.pt\/api\/wp\/v2\/comments?post=397720"}],"version-history":[{"count":0,"href":"https:\/\/portaltela.pt\/api\/wp\/v2\/posts\/397720\/revisions"}],"wp:featuredmedia":[{"embeddable":true,"href":"https:\/\/portaltela.pt\/api\/wp\/v2\/media\/397727"}],"wp:attachment":[{"href":"https:\/\/portaltela.pt\/api\/wp\/v2\/media?parent=397720"}],"wp:term":[{"taxonomy":"category","embeddable":true,"href":"https:\/\/portaltela.pt\/api\/wp\/v2\/categories?post=397720"},{"taxonomy":"post_tag","embeddable":true,"href":"https:\/\/portaltela.pt\/api\/wp\/v2\/tags?post=397720"}],"curies":[{"name":"wp","href":"https:\/\/api.w.org\/{rel}","templated":true}]}}