{"id":397697,"date":"2026-03-04T15:55:00","date_gmt":"2026-03-04T18:55:00","guid":{"rendered":"https:\/\/portaltela.pt\/noticias\/2026\/03\/04\/caritas-alerta-para-pobreza-invisivel-as-estatisticas\/"},"modified":"2026-03-04T15:55:00","modified_gmt":"2026-03-04T18:55:00","slug":"caritas-alerta-para-pobreza-invisivel-as-estatisticas","status":"publish","type":"post","link":"https:\/\/portaltela.pt\/noticias\/2026\/03\/04\/caritas-alerta-para-pobreza-invisivel-as-estatisticas\/","title":{"rendered":"C\u00e1ritas alerta para pobreza invis\u00edvel \u00e0s estat\u00edsticas"},"content":{"rendered":"<p>C\u00e1ritas Portuguesa afirma que as estat\u00edsticas subestimam a verdadeira extens\u00e3o da pobreza e da exclus\u00e3o em Portugal, destacando casos de imigrantes que vivem em condi\u00e7\u00f5es delicadas. A organiza\u00e7\u00e3o aponta para uma leitura que n\u00e3o reflete a realidade de muitos cidad\u00e3os.<\/p>\n<p>No relat\u00f3rio &#8220;Pobreza e Exclus\u00e3o em Portugal&#8221;, a institui\u00e7\u00e3o alerta que o aumento de imigrantes em situa\u00e7\u00e3o de exclus\u00e3o nos \u00faltimos anos requer aten\u00e7\u00e3o. Estas pessoas, muitas vezes em situa\u00e7\u00f5es indignas, permanecem invis\u00edveis aos olhos da sociedade.<\/p>\n<h3>Dados do relat\u00f3rio<\/h3>\n<p>Nem tudo o que acontece no terreno aparece nos dados oficiais, admite a C\u00e1ritas. Os n\u00fameros p\u00fablicos baseiam-se em inqu\u00e9ritos sobre alojamentos familiares habituais e nos censos, n\u00e3o incluindo sem-abrigo, reclusos, quem vive em alojamentos tempor\u00e1rios ou comunidades n\u00f3madas.<\/p>\n<p>O documento considera a pobreza uma realidade persistente, que n\u00e3o deveria ocorrer numa economia desenvolvida com recursos para participa\u00e7\u00e3o digna de todos. O relat\u00f3rio aponta falhas no combate \u00e0 pobreza infantil e recorda que Portugal \u00e9 um dos pa\u00edses europeus com menos apoio social para a redu\u00e7\u00e3o dessa pobreza.<\/p>\n<p>Em 2024, a C\u00e1ritas sublinha que cerca de 200 mil pessoas n\u00e3o tinham capacidade econ\u00f3mica para uma alimenta\u00e7\u00e3o adequada. Al\u00e9m disso, o n\u00famero de pessoas sem-abrigo tinha j\u00e1 mais do que duplicado desde 2019, segundo o estudo.<\/p>\n<h3>Contexto e trajet\u00f3ria<\/h3>\n<p>Fundada em 1945, a C\u00e1ritas Portuguesa \u00e9 uma organiza\u00e7\u00e3o da Igreja Cat\u00f3lica dedicada a prestar assist\u00eancia social, com foco em quem enfrenta pobreza e exclus\u00e3o. O relat\u00f3rio chama \u00e0 aten\u00e7\u00e3o para a necessidade de redes de apoio mais abrangentes e de dados que reflitam melhor a realidade no terreno.<\/p>\n","protected":false},"excerpt":{"rendered":"<ul>\n<li>A C\u00e1ritas Portuguesa afirma que as estat\u00edsticas subestimam a verdadeira extens\u00e3o da pobreza e da exclus\u00e3o em Portugal, destacando a situa\u00e7\u00e3o de imigrantes em condi\u00e7\u00f5es delicadas.<\/li>\n<li>O relat\u00f3rio \u201cPobreza e Exclus\u00e3o em Portugal\u201d diz que os dados oficiais s\u00e3o um retrato incompleto, porque se baseiam em inqu\u00e9ritos a alojamentos familiares habituais e n\u00e3o incluem sem-abrigo, pessoas em pris\u00f5es, residentes em alojamentos tempor\u00e1rios ou comunidades n\u00f3madas.<\/li>\n<li>O documento considera a persist\u00eancia da pobreza uma situa\u00e7\u00e3o intoler\u00e1vel numa economia desenvolvida que tem recursos para assegurar participa\u00e7\u00e3o digna de todos na vida em sociedade.<\/li>\n<li>Lamenta que o combate \u00e0 pobreza infantil tenha sido muito insuficiente, apontando que Portugal continua entre os pa\u00edses europeus com menos apoios sociais para reduzir a pobreza infantil.<\/li>\n<li>Em dois mil e vinte e quatro, cerca de duzentas mil pessoas n\u00e3o tinham capacidade econ\u00f3mica para uma alimenta\u00e7\u00e3o adequada, e o n\u00famero de sem-abrigo mais que duplicou desde dois mil e dezenove.<\/li>\n<\/ul>\n","protected":false},"author":2,"featured_media":397705,"comment_status":"closed","ping_status":"closed","sticky":false,"template":"","format":"standard","meta":{"footnotes":""},"categories":[1],"tags":[5952,903,6616,712,6642,1014],"class_list":["post-397697","post","type-post","status-publish","format-standard","has-post-thumbnail","hentry","category-noticias","tag-caritas-diocesana","tag-comunidades","tag-exclusao-social","tag-imigracao","tag-pobreza","tag-portugal"],"yoast_head":"<!-- This site is optimized with the Yoast SEO plugin v27.2 - https:\/\/yoast.com\/product\/yoast-seo-wordpress\/ -->\n<title>C\u00e1ritas alerta para pobreza invis\u00edvel \u00e0s estat\u00edsticas - Portal Tela Portugal<\/title>\n<meta name=\"robots\" content=\"index, follow, max-snippet:-1, max-image-preview:large, max-video-preview:-1\" \/>\n<meta property=\"og:locale\" content=\"pt_PT\" \/>\n<meta property=\"og:type\" content=\"article\" \/>\n<meta property=\"og:title\" content=\"C\u00e1ritas alerta para pobreza invis\u00edvel \u00e0s estat\u00edsticas - Portal Tela Portugal\" \/>\n<meta property=\"og:description\" content=\"A C\u00e1ritas Portuguesa afirma que as estat\u00edsticas subestimam a verdadeira extens\u00e3o da pobreza e da exclus\u00e3o em Portugal, destacando a situa\u00e7\u00e3o de imigrantes em condi\u00e7\u00f5es delicadas. O relat\u00f3rio \u201cPobreza e Exclus\u00e3o em Portugal\u201d diz que os dados oficiais s\u00e3o um retrato incompleto, porque se baseiam em inqu\u00e9ritos a alojamentos familiares habituais e n\u00e3o incluem sem-abrigo, pessoas em pris\u00f5es, residentes em alojamentos tempor\u00e1rios ou comunidades n\u00f3madas. O documento considera a persist\u00eancia da pobreza uma situa\u00e7\u00e3o intoler\u00e1vel numa economia desenvolvida que tem recursos para assegurar participa\u00e7\u00e3o digna de todos na vida em sociedade. Lamenta que o combate \u00e0 pobreza infantil tenha sido muito insuficiente, apontando que Portugal continua entre os pa\u00edses europeus com menos apoios sociais para reduzir a pobreza infantil. Em dois mil e vinte e quatro, cerca de duzentas mil pessoas n\u00e3o tinham capacidade econ\u00f3mica para uma alimenta\u00e7\u00e3o adequada, e o n\u00famero de sem-abrigo mais que duplicou desde dois mil e dezenove.\" \/>\n<meta property=\"og:url\" content=\"https:\/\/portaltela.pt\/noticias\/2026\/03\/04\/caritas-alerta-para-pobreza-invisivel-as-estatisticas\/\" \/>\n<meta property=\"og:site_name\" content=\"Portal Tela Portugal\" \/>\n<meta property=\"article:published_time\" content=\"2026-03-04T18:55:00+00:00\" \/>\n<meta name=\"author\" content=\"Telinha\" \/>\n<meta name=\"twitter:card\" content=\"summary_large_image\" \/>\n<meta name=\"twitter:label1\" content=\"Escrito por\" \/>\n\t<meta name=\"twitter:data1\" content=\"Telinha\" \/>\n\t<meta name=\"twitter:label2\" content=\"Tempo estimado de leitura\" \/>\n\t<meta name=\"twitter:data2\" content=\"1 minuto\" \/>\n<script type=\"application\/ld+json\" class=\"yoast-schema-graph\">{\"@context\":\"https:\/\/schema.org\",\"@graph\":[{\"@type\":\"Article\",\"@id\":\"https:\/\/portaltela.pt\/noticias\/2026\/03\/04\/caritas-alerta-para-pobreza-invisivel-as-estatisticas\/#article\",\"isPartOf\":{\"@id\":\"https:\/\/portaltela.pt\/noticias\/2026\/03\/04\/caritas-alerta-para-pobreza-invisivel-as-estatisticas\/\"},\"author\":{\"name\":\"Telinha\",\"@id\":\"https:\/\/portaltela.pt\/#\/schema\/person\/c4278d4a6028830caff9ee44b42d32ed\"},\"headline\":\"C\u00e1ritas alerta para pobreza invis\u00edvel \u00e0s estat\u00edsticas\",\"datePublished\":\"2026-03-04T18:55:00+00:00\",\"mainEntityOfPage\":{\"@id\":\"https:\/\/portaltela.pt\/noticias\/2026\/03\/04\/caritas-alerta-para-pobreza-invisivel-as-estatisticas\/\"},\"wordCount\":302,\"image\":{\"@id\":\"https:\/\/portaltela.pt\/noticias\/2026\/03\/04\/caritas-alerta-para-pobreza-invisivel-as-estatisticas\/#primaryimage\"},\"thumbnailUrl\":\"https:\/\/portaltela.pt\/s.01k8rhncp4jt1\/2026\/03\/image-247.jpg\",\"keywords\":[\"C\u00e1ritas Diocesana\",\"comunidades\",\"exclus\u00e3o social\",\"imigra\u00e7\u00e3o\",\"pobreza\",\"Portugal\"],\"articleSection\":[\"Not\u00edcias\"],\"inLanguage\":\"pt-PT\"},{\"@type\":\"WebPage\",\"@id\":\"https:\/\/portaltela.pt\/noticias\/2026\/03\/04\/caritas-alerta-para-pobreza-invisivel-as-estatisticas\/\",\"url\":\"https:\/\/portaltela.pt\/noticias\/2026\/03\/04\/caritas-alerta-para-pobreza-invisivel-as-estatisticas\/\",\"name\":\"C\u00e1ritas alerta para pobreza invis\u00edvel \u00e0s estat\u00edsticas - Portal Tela Portugal\",\"isPartOf\":{\"@id\":\"https:\/\/portaltela.pt\/#website\"},\"primaryImageOfPage\":{\"@id\":\"https:\/\/portaltela.pt\/noticias\/2026\/03\/04\/caritas-alerta-para-pobreza-invisivel-as-estatisticas\/#primaryimage\"},\"image\":{\"@id\":\"https:\/\/portaltela.pt\/noticias\/2026\/03\/04\/caritas-alerta-para-pobreza-invisivel-as-estatisticas\/#primaryimage\"},\"thumbnailUrl\":\"https:\/\/portaltela.pt\/s.01k8rhncp4jt1\/2026\/03\/image-247.jpg\",\"datePublished\":\"2026-03-04T18:55:00+00:00\",\"author\":{\"@id\":\"https:\/\/portaltela.pt\/#\/schema\/person\/c4278d4a6028830caff9ee44b42d32ed\"},\"breadcrumb\":{\"@id\":\"https:\/\/portaltela.pt\/noticias\/2026\/03\/04\/caritas-alerta-para-pobreza-invisivel-as-estatisticas\/#breadcrumb\"},\"inLanguage\":\"pt-PT\",\"potentialAction\":[{\"@type\":\"ReadAction\",\"target\":[\"https:\/\/portaltela.pt\/noticias\/2026\/03\/04\/caritas-alerta-para-pobreza-invisivel-as-estatisticas\/\"]}]},{\"@type\":\"ImageObject\",\"inLanguage\":\"pt-PT\",\"@id\":\"https:\/\/portaltela.pt\/noticias\/2026\/03\/04\/caritas-alerta-para-pobreza-invisivel-as-estatisticas\/#primaryimage\",\"url\":\"https:\/\/portaltela.pt\/s.01k8rhncp4jt1\/2026\/03\/image-247.jpg\",\"contentUrl\":\"https:\/\/portaltela.pt\/s.01k8rhncp4jt1\/2026\/03\/image-247.jpg\",\"width\":796,\"height\":448,\"caption\":\"C\u00e1ritas diz que a pobreza de imigrantes \\\"permanece invis\u00edvel\\\" ao nosso olhar\"},{\"@type\":\"BreadcrumbList\",\"@id\":\"https:\/\/portaltela.pt\/noticias\/2026\/03\/04\/caritas-alerta-para-pobreza-invisivel-as-estatisticas\/#breadcrumb\",\"itemListElement\":[{\"@type\":\"ListItem\",\"position\":1,\"name\":\"In\u00edcio\",\"item\":\"https:\/\/portaltela.pt\/\"},{\"@type\":\"ListItem\",\"position\":2,\"name\":\"C\u00e1ritas alerta para pobreza invis\u00edvel \u00e0s estat\u00edsticas\"}]},{\"@type\":\"WebSite\",\"@id\":\"https:\/\/portaltela.pt\/#website\",\"url\":\"https:\/\/portaltela.pt\/\",\"name\":\"Portal Tela Portugal\",\"description\":\"\",\"potentialAction\":[{\"@type\":\"SearchAction\",\"target\":{\"@type\":\"EntryPoint\",\"urlTemplate\":\"https:\/\/portaltela.pt\/?s={search_term_string}\"},\"query-input\":{\"@type\":\"PropertyValueSpecification\",\"valueRequired\":true,\"valueName\":\"search_term_string\"}}],\"inLanguage\":\"pt-PT\"},{\"@type\":\"Person\",\"@id\":\"https:\/\/portaltela.pt\/#\/schema\/person\/c4278d4a6028830caff9ee44b42d32ed\",\"name\":\"Telinha\",\"image\":{\"@type\":\"ImageObject\",\"inLanguage\":\"pt-PT\",\"@id\":\"https:\/\/portaltela.pt\/s.01k8rhncp4jt1\/2025\/11\/talking-bot-125x125.png\",\"url\":\"https:\/\/portaltela.pt\/s.01k8rhncp4jt1\/2025\/11\/talking-bot-125x125.png\",\"contentUrl\":\"https:\/\/portaltela.pt\/s.01k8rhncp4jt1\/2025\/11\/talking-bot-125x125.png\",\"caption\":\"Telinha\"},\"sameAs\":[\"https:\/\/portaltela.pt\/\"],\"url\":\"https:\/\/portaltela.pt\/por\/367410592786\/\"}]}<\/script>\n<!-- \/ Yoast SEO plugin. -->","yoast_head_json":{"title":"C\u00e1ritas alerta para pobreza invis\u00edvel \u00e0s estat\u00edsticas - Portal Tela Portugal","robots":{"index":"index","follow":"follow","max-snippet":"max-snippet:-1","max-image-preview":"max-image-preview:large","max-video-preview":"max-video-preview:-1"},"og_locale":"pt_PT","og_type":"article","og_title":"C\u00e1ritas alerta para pobreza invis\u00edvel \u00e0s estat\u00edsticas - Portal Tela Portugal","og_description":"A C\u00e1ritas Portuguesa afirma que as estat\u00edsticas subestimam a verdadeira extens\u00e3o da pobreza e da exclus\u00e3o em Portugal, destacando a situa\u00e7\u00e3o de imigrantes em condi\u00e7\u00f5es delicadas. O relat\u00f3rio \u201cPobreza e Exclus\u00e3o em Portugal\u201d diz que os dados oficiais s\u00e3o um retrato incompleto, porque se baseiam em inqu\u00e9ritos a alojamentos familiares habituais e n\u00e3o incluem sem-abrigo, pessoas em pris\u00f5es, residentes em alojamentos tempor\u00e1rios ou comunidades n\u00f3madas. O documento considera a persist\u00eancia da pobreza uma situa\u00e7\u00e3o intoler\u00e1vel numa economia desenvolvida que tem recursos para assegurar participa\u00e7\u00e3o digna de todos na vida em sociedade. Lamenta que o combate \u00e0 pobreza infantil tenha sido muito insuficiente, apontando que Portugal continua entre os pa\u00edses europeus com menos apoios sociais para reduzir a pobreza infantil. Em dois mil e vinte e quatro, cerca de duzentas mil pessoas n\u00e3o tinham capacidade econ\u00f3mica para uma alimenta\u00e7\u00e3o adequada, e o n\u00famero de sem-abrigo mais que duplicou desde dois mil e dezenove.","og_url":"https:\/\/portaltela.pt\/noticias\/2026\/03\/04\/caritas-alerta-para-pobreza-invisivel-as-estatisticas\/","og_site_name":"Portal Tela Portugal","article_published_time":"2026-03-04T18:55:00+00:00","author":"Telinha","twitter_card":"summary_large_image","twitter_misc":{"Escrito por":"Telinha","Tempo estimado de leitura":"1 minuto"},"schema":{"@context":"https:\/\/schema.org","@graph":[{"@type":"Article","@id":"https:\/\/portaltela.pt\/noticias\/2026\/03\/04\/caritas-alerta-para-pobreza-invisivel-as-estatisticas\/#article","isPartOf":{"@id":"https:\/\/portaltela.pt\/noticias\/2026\/03\/04\/caritas-alerta-para-pobreza-invisivel-as-estatisticas\/"},"author":{"name":"Telinha","@id":"https:\/\/portaltela.pt\/#\/schema\/person\/c4278d4a6028830caff9ee44b42d32ed"},"headline":"C\u00e1ritas alerta para pobreza invis\u00edvel \u00e0s estat\u00edsticas","datePublished":"2026-03-04T18:55:00+00:00","mainEntityOfPage":{"@id":"https:\/\/portaltela.pt\/noticias\/2026\/03\/04\/caritas-alerta-para-pobreza-invisivel-as-estatisticas\/"},"wordCount":302,"image":{"@id":"https:\/\/portaltela.pt\/noticias\/2026\/03\/04\/caritas-alerta-para-pobreza-invisivel-as-estatisticas\/#primaryimage"},"thumbnailUrl":"https:\/\/portaltela.pt\/s.01k8rhncp4jt1\/2026\/03\/image-247.jpg","keywords":["C\u00e1ritas Diocesana","comunidades","exclus\u00e3o social","imigra\u00e7\u00e3o","pobreza","Portugal"],"articleSection":["Not\u00edcias"],"inLanguage":"pt-PT"},{"@type":"WebPage","@id":"https:\/\/portaltela.pt\/noticias\/2026\/03\/04\/caritas-alerta-para-pobreza-invisivel-as-estatisticas\/","url":"https:\/\/portaltela.pt\/noticias\/2026\/03\/04\/caritas-alerta-para-pobreza-invisivel-as-estatisticas\/","name":"C\u00e1ritas alerta para pobreza invis\u00edvel \u00e0s estat\u00edsticas - Portal Tela Portugal","isPartOf":{"@id":"https:\/\/portaltela.pt\/#website"},"primaryImageOfPage":{"@id":"https:\/\/portaltela.pt\/noticias\/2026\/03\/04\/caritas-alerta-para-pobreza-invisivel-as-estatisticas\/#primaryimage"},"image":{"@id":"https:\/\/portaltela.pt\/noticias\/2026\/03\/04\/caritas-alerta-para-pobreza-invisivel-as-estatisticas\/#primaryimage"},"thumbnailUrl":"https:\/\/portaltela.pt\/s.01k8rhncp4jt1\/2026\/03\/image-247.jpg","datePublished":"2026-03-04T18:55:00+00:00","author":{"@id":"https:\/\/portaltela.pt\/#\/schema\/person\/c4278d4a6028830caff9ee44b42d32ed"},"breadcrumb":{"@id":"https:\/\/portaltela.pt\/noticias\/2026\/03\/04\/caritas-alerta-para-pobreza-invisivel-as-estatisticas\/#breadcrumb"},"inLanguage":"pt-PT","potentialAction":[{"@type":"ReadAction","target":["https:\/\/portaltela.pt\/noticias\/2026\/03\/04\/caritas-alerta-para-pobreza-invisivel-as-estatisticas\/"]}]},{"@type":"ImageObject","inLanguage":"pt-PT","@id":"https:\/\/portaltela.pt\/noticias\/2026\/03\/04\/caritas-alerta-para-pobreza-invisivel-as-estatisticas\/#primaryimage","url":"https:\/\/portaltela.pt\/s.01k8rhncp4jt1\/2026\/03\/image-247.jpg","contentUrl":"https:\/\/portaltela.pt\/s.01k8rhncp4jt1\/2026\/03\/image-247.jpg","width":796,"height":448,"caption":"C\u00e1ritas diz que a pobreza de imigrantes \"permanece invis\u00edvel\" ao nosso olhar"},{"@type":"BreadcrumbList","@id":"https:\/\/portaltela.pt\/noticias\/2026\/03\/04\/caritas-alerta-para-pobreza-invisivel-as-estatisticas\/#breadcrumb","itemListElement":[{"@type":"ListItem","position":1,"name":"In\u00edcio","item":"https:\/\/portaltela.pt\/"},{"@type":"ListItem","position":2,"name":"C\u00e1ritas alerta para pobreza invis\u00edvel \u00e0s estat\u00edsticas"}]},{"@type":"WebSite","@id":"https:\/\/portaltela.pt\/#website","url":"https:\/\/portaltela.pt\/","name":"Portal Tela Portugal","description":"","potentialAction":[{"@type":"SearchAction","target":{"@type":"EntryPoint","urlTemplate":"https:\/\/portaltela.pt\/?s={search_term_string}"},"query-input":{"@type":"PropertyValueSpecification","valueRequired":true,"valueName":"search_term_string"}}],"inLanguage":"pt-PT"},{"@type":"Person","@id":"https:\/\/portaltela.pt\/#\/schema\/person\/c4278d4a6028830caff9ee44b42d32ed","name":"Telinha","image":{"@type":"ImageObject","inLanguage":"pt-PT","@id":"https:\/\/portaltela.pt\/s.01k8rhncp4jt1\/2025\/11\/talking-bot-125x125.png","url":"https:\/\/portaltela.pt\/s.01k8rhncp4jt1\/2025\/11\/talking-bot-125x125.png","contentUrl":"https:\/\/portaltela.pt\/s.01k8rhncp4jt1\/2025\/11\/talking-bot-125x125.png","caption":"Telinha"},"sameAs":["https:\/\/portaltela.pt\/"],"url":"https:\/\/portaltela.pt\/por\/367410592786\/"}]}},"_links":{"self":[{"href":"https:\/\/portaltela.pt\/api\/wp\/v2\/posts\/397697","targetHints":{"allow":["GET"]}}],"collection":[{"href":"https:\/\/portaltela.pt\/api\/wp\/v2\/posts"}],"about":[{"href":"https:\/\/portaltela.pt\/api\/wp\/v2\/types\/post"}],"author":[{"embeddable":true,"href":"https:\/\/portaltela.pt\/api\/wp\/v2\/users\/2"}],"replies":[{"embeddable":true,"href":"https:\/\/portaltela.pt\/api\/wp\/v2\/comments?post=397697"}],"version-history":[{"count":0,"href":"https:\/\/portaltela.pt\/api\/wp\/v2\/posts\/397697\/revisions"}],"wp:featuredmedia":[{"embeddable":true,"href":"https:\/\/portaltela.pt\/api\/wp\/v2\/media\/397705"}],"wp:attachment":[{"href":"https:\/\/portaltela.pt\/api\/wp\/v2\/media?parent=397697"}],"wp:term":[{"taxonomy":"category","embeddable":true,"href":"https:\/\/portaltela.pt\/api\/wp\/v2\/categories?post=397697"},{"taxonomy":"post_tag","embeddable":true,"href":"https:\/\/portaltela.pt\/api\/wp\/v2\/tags?post=397697"}],"curies":[{"name":"wp","href":"https:\/\/api.w.org\/{rel}","templated":true}]}}