{"id":397682,"date":"2026-03-04T15:27:00","date_gmt":"2026-03-04T18:27:00","guid":{"rendered":"https:\/\/portaltela.pt\/noticias\/2026\/03\/04\/confronto-entre-suarez-e-bednarek-leva-fc-porto-a-expor-o-incidente\/"},"modified":"2026-03-04T15:27:00","modified_gmt":"2026-03-04T18:27:00","slug":"confronto-entre-suarez-e-bednarek-leva-fc-porto-a-expor-o-incidente","status":"publish","type":"post","link":"https:\/\/portaltela.pt\/desporto\/futebol\/2026\/03\/04\/confronto-entre-suarez-e-bednarek-leva-fc-porto-a-expor-o-incidente\/","title":{"rendered":"Confronto entre Su\u00e1rez e Bednarek leva FC Porto a expor o incidente"},"content":{"rendered":"<p>Na Ta\u00e7a de Portugal, a primeira m\u00e3o das meias-finais entre Sporting e FC Porto viu um lance controverso aos 26 minutos: Lu\u00eds Su\u00e1rez entrou de forma dura sobre Bednarek, que acabou por se lesionar e j\u00e1 saiu aos 45, substitu\u00eddo por Kiwior. O jogo realizou-se em Alvalade, com o 1.\u00ba tempo a terminar ainda sem altera\u00e7\u00f5es no marcador.<\/p>\n<p>O FC Porto apresentou uma exposi\u00e7\u00e3o junto da Federa\u00e7\u00e3o Portuguesa de Futebol, centrando-se no gesto de Su\u00e1rez e nas declara\u00e7\u00f5es do presidente do Sporting, Frederico Varandas. A queixa tamb\u00e9m aborda o comportamento do avan\u00e7ado do Sporting no lance que lesionou Bednarek, segundo o jornal JN.<\/p>\n<p>Relativamente ao \u00e1rbitro Cl\u00e1udio Pereira e ao VAR, n\u00e3o houve qualquer puni\u00e7\u00e3o no lance, nem o VAR alertou o juiz. Bednarek sofreu traumatismo na regi\u00e3o da costela e foi substitu\u00eddo por Kiwior aos 45 minutos, ficando em d\u00favida para o cl\u00e1ssico com o Benfica, no domingo.<\/p>\n<h3>Desdobramentos<\/h3>\n<p>A situa\u00e7\u00e3o pode seguir para an\u00e1lise disciplinar pela Federa\u00e7\u00e3o, com o FC Porto a pedir aprecia\u00e7\u00e3o do incidente. Bednarek permanece sob avalia\u00e7\u00e3o, enquanto o Sporting continua a preparar o pr\u00f3ximo compromisso da Liga e da Ta\u00e7a. O cl\u00e1ssico com o Benfica continua sem confirma\u00e7\u00e3o de lineup.<\/p>\n","protected":false},"excerpt":{"rendered":"<ul>\n<li>Lu\u00eds Su\u00e1rez entrou duro sobre Bednarek, que ficou lesionado e saiu no cl\u00e1ssico entre Sporting e FC Porto, primeira m\u00e3o das meias-finais da Ta\u00e7a de Portugal.<\/li>\n<li>O FC Porto apresentou \u00e0 Federa\u00e7\u00e3o Portuguesa de Futebol uma queixa adicional sobre o comportamento de Su\u00e1rez no lance, alegando agress\u00e3o e empurr\u00e3o do avan\u00e7ado do Sporting ao defesa polaco, sem bola.<\/li>\n<li>O incidente ocorreu aos 26 minutos, em Alvalade, e nem o \u00e1rbitro nem o VAR puniram o lance.<\/li>\n<li>Bednarek sofreu traumatismo na grade costal e foi substitu\u00eddo por Kiwior aos 45 minutos, ficando em d\u00favida para o pr\u00f3ximo cl\u00e1ssico com o Benfica.<\/li>\n<\/ul>\n","protected":false},"author":2,"featured_media":397683,"comment_status":"closed","ping_status":"closed","sticky":false,"template":"","format":"standard","meta":{"footnotes":""},"categories":[21,24],"tags":[3160,2028,32,1652,4151,1185],"class_list":["post-397682","post","type-post","status-publish","format-standard","has-post-thumbnail","hentry","category-desporto","category-futebol","tag-bednarek","tag-fc-porto","tag-futebol","tag-sporting","tag-suarez","tag-var"],"yoast_head":"<!-- This site is optimized with the Yoast SEO plugin v27.2 - https:\/\/yoast.com\/product\/yoast-seo-wordpress\/ -->\n<title>Confronto entre Su\u00e1rez e Bednarek leva FC Porto a expor o incidente - Portal Tela Portugal<\/title>\n<meta name=\"robots\" content=\"index, follow, max-snippet:-1, max-image-preview:large, max-video-preview:-1\" \/>\n<meta property=\"og:locale\" content=\"pt_PT\" \/>\n<meta property=\"og:type\" content=\"article\" \/>\n<meta property=\"og:title\" content=\"Confronto entre Su\u00e1rez e Bednarek leva FC Porto a expor o incidente - Portal Tela Portugal\" \/>\n<meta property=\"og:description\" content=\"Lu\u00eds Su\u00e1rez entrou duro sobre Bednarek, que ficou lesionado e saiu no cl\u00e1ssico entre Sporting e FC Porto, primeira m\u00e3o das meias-finais da Ta\u00e7a de Portugal. O FC Porto apresentou \u00e0 Federa\u00e7\u00e3o Portuguesa de Futebol uma queixa adicional sobre o comportamento de Su\u00e1rez no lance, alegando agress\u00e3o e empurr\u00e3o do avan\u00e7ado do Sporting ao defesa polaco, sem bola. O incidente ocorreu aos 26 minutos, em Alvalade, e nem o \u00e1rbitro nem o VAR puniram o lance. Bednarek sofreu traumatismo na grade costal e foi substitu\u00eddo por Kiwior aos 45 minutos, ficando em d\u00favida para o pr\u00f3ximo cl\u00e1ssico com o Benfica.\" \/>\n<meta property=\"og:url\" content=\"https:\/\/portaltela.pt\/noticias\/2026\/03\/04\/confronto-entre-suarez-e-bednarek-leva-fc-porto-a-expor-o-incidente\/\" \/>\n<meta property=\"og:site_name\" content=\"Portal Tela Portugal\" \/>\n<meta property=\"article:published_time\" content=\"2026-03-04T18:27:00+00:00\" \/>\n<meta name=\"author\" content=\"Telinha\" \/>\n<meta name=\"twitter:card\" content=\"summary_large_image\" \/>\n<meta name=\"twitter:label1\" content=\"Escrito por\" \/>\n\t<meta name=\"twitter:data1\" content=\"Telinha\" \/>\n\t<meta name=\"twitter:label2\" content=\"Tempo estimado de leitura\" \/>\n\t<meta name=\"twitter:data2\" content=\"1 minuto\" \/>\n<script type=\"application\/ld+json\" class=\"yoast-schema-graph\">{\"@context\":\"https:\/\/schema.org\",\"@graph\":[{\"@type\":\"Article\",\"@id\":\"https:\/\/portaltela.pt\/noticias\/2026\/03\/04\/confronto-entre-suarez-e-bednarek-leva-fc-porto-a-expor-o-incidente\/#article\",\"isPartOf\":{\"@id\":\"https:\/\/portaltela.pt\/noticias\/2026\/03\/04\/confronto-entre-suarez-e-bednarek-leva-fc-porto-a-expor-o-incidente\/\"},\"author\":{\"name\":\"Telinha\",\"@id\":\"https:\/\/portaltela.pt\/#\/schema\/person\/c4278d4a6028830caff9ee44b42d32ed\"},\"headline\":\"Confronto entre Su\u00e1rez e Bednarek leva FC Porto a expor o incidente\",\"datePublished\":\"2026-03-04T18:27:00+00:00\",\"mainEntityOfPage\":{\"@id\":\"https:\/\/portaltela.pt\/noticias\/2026\/03\/04\/confronto-entre-suarez-e-bednarek-leva-fc-porto-a-expor-o-incidente\/\"},\"wordCount\":233,\"image\":{\"@id\":\"https:\/\/portaltela.pt\/noticias\/2026\/03\/04\/confronto-entre-suarez-e-bednarek-leva-fc-porto-a-expor-o-incidente\/#primaryimage\"},\"thumbnailUrl\":\"https:\/\/portaltela.pt\/s.01k8rhncp4jt1\/2026\/03\/fc07d9e2-7ddd-45b0-b248-15cd8fbe67ab_1200x675.jpg\",\"keywords\":[\"Bednarek\",\"FC Porto\",\"futebol\",\"Sporting\",\"Su\u00e1rez\",\"VAR\"],\"articleSection\":[\"Desporto\",\"Futebol\"],\"inLanguage\":\"pt-PT\"},{\"@type\":\"WebPage\",\"@id\":\"https:\/\/portaltela.pt\/noticias\/2026\/03\/04\/confronto-entre-suarez-e-bednarek-leva-fc-porto-a-expor-o-incidente\/\",\"url\":\"https:\/\/portaltela.pt\/noticias\/2026\/03\/04\/confronto-entre-suarez-e-bednarek-leva-fc-porto-a-expor-o-incidente\/\",\"name\":\"Confronto entre Su\u00e1rez e Bednarek leva FC Porto a expor o incidente - Portal Tela Portugal\",\"isPartOf\":{\"@id\":\"https:\/\/portaltela.pt\/#website\"},\"primaryImageOfPage\":{\"@id\":\"https:\/\/portaltela.pt\/noticias\/2026\/03\/04\/confronto-entre-suarez-e-bednarek-leva-fc-porto-a-expor-o-incidente\/#primaryimage\"},\"image\":{\"@id\":\"https:\/\/portaltela.pt\/noticias\/2026\/03\/04\/confronto-entre-suarez-e-bednarek-leva-fc-porto-a-expor-o-incidente\/#primaryimage\"},\"thumbnailUrl\":\"https:\/\/portaltela.pt\/s.01k8rhncp4jt1\/2026\/03\/fc07d9e2-7ddd-45b0-b248-15cd8fbe67ab_1200x675.jpg\",\"datePublished\":\"2026-03-04T18:27:00+00:00\",\"author\":{\"@id\":\"https:\/\/portaltela.pt\/#\/schema\/person\/c4278d4a6028830caff9ee44b42d32ed\"},\"breadcrumb\":{\"@id\":\"https:\/\/portaltela.pt\/noticias\/2026\/03\/04\/confronto-entre-suarez-e-bednarek-leva-fc-porto-a-expor-o-incidente\/#breadcrumb\"},\"inLanguage\":\"pt-PT\",\"potentialAction\":[{\"@type\":\"ReadAction\",\"target\":[\"https:\/\/portaltela.pt\/noticias\/2026\/03\/04\/confronto-entre-suarez-e-bednarek-leva-fc-porto-a-expor-o-incidente\/\"]}]},{\"@type\":\"ImageObject\",\"inLanguage\":\"pt-PT\",\"@id\":\"https:\/\/portaltela.pt\/noticias\/2026\/03\/04\/confronto-entre-suarez-e-bednarek-leva-fc-porto-a-expor-o-incidente\/#primaryimage\",\"url\":\"https:\/\/portaltela.pt\/s.01k8rhncp4jt1\/2026\/03\/fc07d9e2-7ddd-45b0-b248-15cd8fbe67ab_1200x675.jpg\",\"contentUrl\":\"https:\/\/portaltela.pt\/s.01k8rhncp4jt1\/2026\/03\/fc07d9e2-7ddd-45b0-b248-15cd8fbe67ab_1200x675.jpg\",\"width\":796,\"height\":448,\"caption\":\"Bednarek saiu lesionado\"},{\"@type\":\"BreadcrumbList\",\"@id\":\"https:\/\/portaltela.pt\/noticias\/2026\/03\/04\/confronto-entre-suarez-e-bednarek-leva-fc-porto-a-expor-o-incidente\/#breadcrumb\",\"itemListElement\":[{\"@type\":\"ListItem\",\"position\":1,\"name\":\"In\u00edcio\",\"item\":\"https:\/\/portaltela.pt\/\"},{\"@type\":\"ListItem\",\"position\":2,\"name\":\"Confronto entre Su\u00e1rez e Bednarek leva FC Porto a expor o incidente\"}]},{\"@type\":\"WebSite\",\"@id\":\"https:\/\/portaltela.pt\/#website\",\"url\":\"https:\/\/portaltela.pt\/\",\"name\":\"Portal Tela Portugal\",\"description\":\"\",\"potentialAction\":[{\"@type\":\"SearchAction\",\"target\":{\"@type\":\"EntryPoint\",\"urlTemplate\":\"https:\/\/portaltela.pt\/?s={search_term_string}\"},\"query-input\":{\"@type\":\"PropertyValueSpecification\",\"valueRequired\":true,\"valueName\":\"search_term_string\"}}],\"inLanguage\":\"pt-PT\"},{\"@type\":\"Person\",\"@id\":\"https:\/\/portaltela.pt\/#\/schema\/person\/c4278d4a6028830caff9ee44b42d32ed\",\"name\":\"Telinha\",\"image\":{\"@type\":\"ImageObject\",\"inLanguage\":\"pt-PT\",\"@id\":\"https:\/\/portaltela.pt\/s.01k8rhncp4jt1\/2025\/11\/talking-bot-125x125.png\",\"url\":\"https:\/\/portaltela.pt\/s.01k8rhncp4jt1\/2025\/11\/talking-bot-125x125.png\",\"contentUrl\":\"https:\/\/portaltela.pt\/s.01k8rhncp4jt1\/2025\/11\/talking-bot-125x125.png\",\"caption\":\"Telinha\"},\"sameAs\":[\"https:\/\/portaltela.pt\/\"],\"url\":\"https:\/\/portaltela.pt\/por\/367410592786\/\"}]}<\/script>\n<!-- \/ Yoast SEO plugin. -->","yoast_head_json":{"title":"Confronto entre Su\u00e1rez e Bednarek leva FC Porto a expor o incidente - Portal Tela Portugal","robots":{"index":"index","follow":"follow","max-snippet":"max-snippet:-1","max-image-preview":"max-image-preview:large","max-video-preview":"max-video-preview:-1"},"og_locale":"pt_PT","og_type":"article","og_title":"Confronto entre Su\u00e1rez e Bednarek leva FC Porto a expor o incidente - Portal Tela Portugal","og_description":"Lu\u00eds Su\u00e1rez entrou duro sobre Bednarek, que ficou lesionado e saiu no cl\u00e1ssico entre Sporting e FC Porto, primeira m\u00e3o das meias-finais da Ta\u00e7a de Portugal. O FC Porto apresentou \u00e0 Federa\u00e7\u00e3o Portuguesa de Futebol uma queixa adicional sobre o comportamento de Su\u00e1rez no lance, alegando agress\u00e3o e empurr\u00e3o do avan\u00e7ado do Sporting ao defesa polaco, sem bola. O incidente ocorreu aos 26 minutos, em Alvalade, e nem o \u00e1rbitro nem o VAR puniram o lance. Bednarek sofreu traumatismo na grade costal e foi substitu\u00eddo por Kiwior aos 45 minutos, ficando em d\u00favida para o pr\u00f3ximo cl\u00e1ssico com o Benfica.","og_url":"https:\/\/portaltela.pt\/noticias\/2026\/03\/04\/confronto-entre-suarez-e-bednarek-leva-fc-porto-a-expor-o-incidente\/","og_site_name":"Portal Tela Portugal","article_published_time":"2026-03-04T18:27:00+00:00","author":"Telinha","twitter_card":"summary_large_image","twitter_misc":{"Escrito por":"Telinha","Tempo estimado de leitura":"1 minuto"},"schema":{"@context":"https:\/\/schema.org","@graph":[{"@type":"Article","@id":"https:\/\/portaltela.pt\/noticias\/2026\/03\/04\/confronto-entre-suarez-e-bednarek-leva-fc-porto-a-expor-o-incidente\/#article","isPartOf":{"@id":"https:\/\/portaltela.pt\/noticias\/2026\/03\/04\/confronto-entre-suarez-e-bednarek-leva-fc-porto-a-expor-o-incidente\/"},"author":{"name":"Telinha","@id":"https:\/\/portaltela.pt\/#\/schema\/person\/c4278d4a6028830caff9ee44b42d32ed"},"headline":"Confronto entre Su\u00e1rez e Bednarek leva FC Porto a expor o incidente","datePublished":"2026-03-04T18:27:00+00:00","mainEntityOfPage":{"@id":"https:\/\/portaltela.pt\/noticias\/2026\/03\/04\/confronto-entre-suarez-e-bednarek-leva-fc-porto-a-expor-o-incidente\/"},"wordCount":233,"image":{"@id":"https:\/\/portaltela.pt\/noticias\/2026\/03\/04\/confronto-entre-suarez-e-bednarek-leva-fc-porto-a-expor-o-incidente\/#primaryimage"},"thumbnailUrl":"https:\/\/portaltela.pt\/s.01k8rhncp4jt1\/2026\/03\/fc07d9e2-7ddd-45b0-b248-15cd8fbe67ab_1200x675.jpg","keywords":["Bednarek","FC Porto","futebol","Sporting","Su\u00e1rez","VAR"],"articleSection":["Desporto","Futebol"],"inLanguage":"pt-PT"},{"@type":"WebPage","@id":"https:\/\/portaltela.pt\/noticias\/2026\/03\/04\/confronto-entre-suarez-e-bednarek-leva-fc-porto-a-expor-o-incidente\/","url":"https:\/\/portaltela.pt\/noticias\/2026\/03\/04\/confronto-entre-suarez-e-bednarek-leva-fc-porto-a-expor-o-incidente\/","name":"Confronto entre Su\u00e1rez e Bednarek leva FC Porto a expor o incidente - Portal Tela Portugal","isPartOf":{"@id":"https:\/\/portaltela.pt\/#website"},"primaryImageOfPage":{"@id":"https:\/\/portaltela.pt\/noticias\/2026\/03\/04\/confronto-entre-suarez-e-bednarek-leva-fc-porto-a-expor-o-incidente\/#primaryimage"},"image":{"@id":"https:\/\/portaltela.pt\/noticias\/2026\/03\/04\/confronto-entre-suarez-e-bednarek-leva-fc-porto-a-expor-o-incidente\/#primaryimage"},"thumbnailUrl":"https:\/\/portaltela.pt\/s.01k8rhncp4jt1\/2026\/03\/fc07d9e2-7ddd-45b0-b248-15cd8fbe67ab_1200x675.jpg","datePublished":"2026-03-04T18:27:00+00:00","author":{"@id":"https:\/\/portaltela.pt\/#\/schema\/person\/c4278d4a6028830caff9ee44b42d32ed"},"breadcrumb":{"@id":"https:\/\/portaltela.pt\/noticias\/2026\/03\/04\/confronto-entre-suarez-e-bednarek-leva-fc-porto-a-expor-o-incidente\/#breadcrumb"},"inLanguage":"pt-PT","potentialAction":[{"@type":"ReadAction","target":["https:\/\/portaltela.pt\/noticias\/2026\/03\/04\/confronto-entre-suarez-e-bednarek-leva-fc-porto-a-expor-o-incidente\/"]}]},{"@type":"ImageObject","inLanguage":"pt-PT","@id":"https:\/\/portaltela.pt\/noticias\/2026\/03\/04\/confronto-entre-suarez-e-bednarek-leva-fc-porto-a-expor-o-incidente\/#primaryimage","url":"https:\/\/portaltela.pt\/s.01k8rhncp4jt1\/2026\/03\/fc07d9e2-7ddd-45b0-b248-15cd8fbe67ab_1200x675.jpg","contentUrl":"https:\/\/portaltela.pt\/s.01k8rhncp4jt1\/2026\/03\/fc07d9e2-7ddd-45b0-b248-15cd8fbe67ab_1200x675.jpg","width":796,"height":448,"caption":"Bednarek saiu lesionado"},{"@type":"BreadcrumbList","@id":"https:\/\/portaltela.pt\/noticias\/2026\/03\/04\/confronto-entre-suarez-e-bednarek-leva-fc-porto-a-expor-o-incidente\/#breadcrumb","itemListElement":[{"@type":"ListItem","position":1,"name":"In\u00edcio","item":"https:\/\/portaltela.pt\/"},{"@type":"ListItem","position":2,"name":"Confronto entre Su\u00e1rez e Bednarek leva FC Porto a expor o incidente"}]},{"@type":"WebSite","@id":"https:\/\/portaltela.pt\/#website","url":"https:\/\/portaltela.pt\/","name":"Portal Tela Portugal","description":"","potentialAction":[{"@type":"SearchAction","target":{"@type":"EntryPoint","urlTemplate":"https:\/\/portaltela.pt\/?s={search_term_string}"},"query-input":{"@type":"PropertyValueSpecification","valueRequired":true,"valueName":"search_term_string"}}],"inLanguage":"pt-PT"},{"@type":"Person","@id":"https:\/\/portaltela.pt\/#\/schema\/person\/c4278d4a6028830caff9ee44b42d32ed","name":"Telinha","image":{"@type":"ImageObject","inLanguage":"pt-PT","@id":"https:\/\/portaltela.pt\/s.01k8rhncp4jt1\/2025\/11\/talking-bot-125x125.png","url":"https:\/\/portaltela.pt\/s.01k8rhncp4jt1\/2025\/11\/talking-bot-125x125.png","contentUrl":"https:\/\/portaltela.pt\/s.01k8rhncp4jt1\/2025\/11\/talking-bot-125x125.png","caption":"Telinha"},"sameAs":["https:\/\/portaltela.pt\/"],"url":"https:\/\/portaltela.pt\/por\/367410592786\/"}]}},"_links":{"self":[{"href":"https:\/\/portaltela.pt\/api\/wp\/v2\/posts\/397682","targetHints":{"allow":["GET"]}}],"collection":[{"href":"https:\/\/portaltela.pt\/api\/wp\/v2\/posts"}],"about":[{"href":"https:\/\/portaltela.pt\/api\/wp\/v2\/types\/post"}],"author":[{"embeddable":true,"href":"https:\/\/portaltela.pt\/api\/wp\/v2\/users\/2"}],"replies":[{"embeddable":true,"href":"https:\/\/portaltela.pt\/api\/wp\/v2\/comments?post=397682"}],"version-history":[{"count":0,"href":"https:\/\/portaltela.pt\/api\/wp\/v2\/posts\/397682\/revisions"}],"wp:featuredmedia":[{"embeddable":true,"href":"https:\/\/portaltela.pt\/api\/wp\/v2\/media\/397683"}],"wp:attachment":[{"href":"https:\/\/portaltela.pt\/api\/wp\/v2\/media?parent=397682"}],"wp:term":[{"taxonomy":"category","embeddable":true,"href":"https:\/\/portaltela.pt\/api\/wp\/v2\/categories?post=397682"},{"taxonomy":"post_tag","embeddable":true,"href":"https:\/\/portaltela.pt\/api\/wp\/v2\/tags?post=397682"}],"curies":[{"name":"wp","href":"https:\/\/api.w.org\/{rel}","templated":true}]}}