{"id":397651,"date":"2026-03-04T15:40:20","date_gmt":"2026-03-04T18:40:20","guid":{"rendered":"https:\/\/portaltela.pt\/noticias\/2026\/03\/04\/obi-mikel-pede-a-rosenior-que-coloque-cole-palmer-a-no10\/"},"modified":"2026-03-04T15:40:20","modified_gmt":"2026-03-04T18:40:20","slug":"obi-mikel-pede-a-rosenior-que-coloque-cole-palmer-a-no10","status":"publish","type":"post","link":"https:\/\/portaltela.pt\/desporto\/futebol\/2026\/03\/04\/obi-mikel-pede-a-rosenior-que-coloque-cole-palmer-a-no10\/","title":{"rendered":"Obi Mikel pede a Rosenior que coloque Cole Palmer a n\u00ba10"},"content":{"rendered":"<p>Obi Mikel criticou a posi\u00e7\u00e3o atual de Cole Palmer no Chelsea, defendendo que o jogador deveria atuar como n\u00famero 10. O coment\u00e1rio partiu do ex-jogador nigeriano durante o seu podcast, onde falou da forma como o treinador Liam Rosenior tem vindo a posicionar o camisola 9.<\/p>\n<p>O tema gerou destaque entre adeptos e interessados na atualidade do Chelsea, com Mikel a enfatizar que Palmer \u00e9, na perspetiva dele, o melhor jogador da equipa e que a posi\u00e7\u00e3o de n\u00famero 10 \u00e9 a mais adequada para explorar o seu talento. N\u00e3o houve confirma\u00e7\u00e3o de mudan\u00e7a por parte do clube at\u00e9 ao momento.<\/p>\n<p>Palmer tem sido utilizado principalmente na ala direita desde o in\u00edcio da presente temporada, tendo j\u00e1 trocado de posi\u00e7\u00e3o com Enzo Fern\u00e1ndez num jogo recente frente ao Arsenal, colocando-se no miolo do terreno. A equipa n\u00e3o confirmou altera\u00e7\u00f5es t\u00e1cteis para a posi\u00e7\u00e3o de cria\u00e7\u00e3o.<\/p>\n<h3>Contexto e impacto<\/h3>\n<p>A cr\u00edtica de Mikel surge numa altura em que o Chelsea procura consist\u00eancia ofensiva e solu\u00e7\u00f5es criativas no ataque. A dire\u00e7\u00e3o t\u00e9cnica ainda n\u00e3o indicou planos oficiais para alterar a fun\u00e7\u00e3o de Palmer, o que mant\u00e9m o debate entre analistas e f\u00e3s. A dire\u00e7\u00e3o do clube n\u00e3o se pronunciou sobre o assunto.<\/p>\n","protected":false},"excerpt":{"rendered":"<ul>\n<li>Obi Mikel pediu a Liam Rosenior para colocar Cole Palmer a jogar na posi\u00e7\u00e3o de n\u00famero 10, afirmando que \u00e9 o melhor jogador do Chelsea e que essa \u00e9 a posi\u00e7\u00e3o ideal para ele.<\/li>\n<li>O ex-jogador nigeriano, com passagem por Chelsea, Middlesbrough e Stoke City, fez o comentario no podcast The Obi One.<\/li>\n<li>Palmer tem atuado na ala direita pelo Chelsea e j\u00e1 trocou de posi\u00e7\u00e3o com Enzo Fern\u00e1ndez, incluindo no jogo contra o Arsenal.<\/li>\n<li>O Chelsea continua a depender de Palmer como figura central, mas a escolha de posi\u00e7\u00e3o tem gerado debates entre especialistas e adeptos.<\/li>\n<\/ul>\n","protected":false},"author":2,"featured_media":397663,"comment_status":"closed","ping_status":"closed","sticky":false,"template":"","format":"standard","meta":{"footnotes":""},"categories":[21,24],"tags":[72,152,5066,32,3338,3369],"class_list":["post-397651","post","type-post","status-publish","format-standard","has-post-thumbnail","hentry","category-desporto","category-futebol","tag-craques","tag-desporto","tag-enzo-fernandez","tag-futebol","tag-futebol-internacional","tag-premier-league"],"yoast_head":"<!-- This site is optimized with the Yoast SEO plugin v27.2 - https:\/\/yoast.com\/product\/yoast-seo-wordpress\/ -->\n<title>Obi Mikel pede a Rosenior que coloque Cole Palmer a n\u00ba10 - Portal Tela Portugal<\/title>\n<meta name=\"robots\" content=\"index, follow, max-snippet:-1, max-image-preview:large, max-video-preview:-1\" \/>\n<meta property=\"og:locale\" content=\"pt_PT\" \/>\n<meta property=\"og:type\" content=\"article\" \/>\n<meta property=\"og:title\" content=\"Obi Mikel pede a Rosenior que coloque Cole Palmer a n\u00ba10 - Portal Tela Portugal\" \/>\n<meta property=\"og:description\" content=\"Obi Mikel pediu a Liam Rosenior para colocar Cole Palmer a jogar na posi\u00e7\u00e3o de n\u00famero 10, afirmando que \u00e9 o melhor jogador do Chelsea e que essa \u00e9 a posi\u00e7\u00e3o ideal para ele. O ex-jogador nigeriano, com passagem por Chelsea, Middlesbrough e Stoke City, fez o comentario no podcast The Obi One. Palmer tem atuado na ala direita pelo Chelsea e j\u00e1 trocou de posi\u00e7\u00e3o com Enzo Fern\u00e1ndez, incluindo no jogo contra o Arsenal. O Chelsea continua a depender de Palmer como figura central, mas a escolha de posi\u00e7\u00e3o tem gerado debates entre especialistas e adeptos.\" \/>\n<meta property=\"og:url\" content=\"https:\/\/portaltela.pt\/noticias\/2026\/03\/04\/obi-mikel-pede-a-rosenior-que-coloque-cole-palmer-a-no10\/\" \/>\n<meta property=\"og:site_name\" content=\"Portal Tela Portugal\" \/>\n<meta property=\"article:published_time\" content=\"2026-03-04T18:40:20+00:00\" \/>\n<meta name=\"author\" content=\"Telinha\" \/>\n<meta name=\"twitter:card\" content=\"summary_large_image\" \/>\n<meta name=\"twitter:label1\" content=\"Escrito por\" \/>\n\t<meta name=\"twitter:data1\" content=\"Telinha\" \/>\n\t<meta name=\"twitter:label2\" content=\"Tempo estimado de leitura\" \/>\n\t<meta name=\"twitter:data2\" content=\"1 minuto\" \/>\n<script type=\"application\/ld+json\" class=\"yoast-schema-graph\">{\"@context\":\"https:\/\/schema.org\",\"@graph\":[{\"@type\":\"Article\",\"@id\":\"https:\/\/portaltela.pt\/noticias\/2026\/03\/04\/obi-mikel-pede-a-rosenior-que-coloque-cole-palmer-a-no10\/#article\",\"isPartOf\":{\"@id\":\"https:\/\/portaltela.pt\/noticias\/2026\/03\/04\/obi-mikel-pede-a-rosenior-que-coloque-cole-palmer-a-no10\/\"},\"author\":{\"name\":\"Telinha\",\"@id\":\"https:\/\/portaltela.pt\/#\/schema\/person\/c4278d4a6028830caff9ee44b42d32ed\"},\"headline\":\"Obi Mikel pede a Rosenior que coloque Cole Palmer a n\u00ba10\",\"datePublished\":\"2026-03-04T18:40:20+00:00\",\"mainEntityOfPage\":{\"@id\":\"https:\/\/portaltela.pt\/noticias\/2026\/03\/04\/obi-mikel-pede-a-rosenior-que-coloque-cole-palmer-a-no10\/\"},\"wordCount\":233,\"image\":{\"@id\":\"https:\/\/portaltela.pt\/noticias\/2026\/03\/04\/obi-mikel-pede-a-rosenior-que-coloque-cole-palmer-a-no10\/#primaryimage\"},\"thumbnailUrl\":\"https:\/\/portaltela.pt\/s.01k8rhncp4jt1\/2026\/03\/img_920x518uu2026-03-04-18-39-43-2424898.jpg\",\"keywords\":[\"craques\",\"desporto\",\"Enzo Fern\u00e1ndez\",\"futebol\",\"futebol internacional\",\"Premier League\"],\"articleSection\":[\"Desporto\",\"Futebol\"],\"inLanguage\":\"pt-PT\"},{\"@type\":\"WebPage\",\"@id\":\"https:\/\/portaltela.pt\/noticias\/2026\/03\/04\/obi-mikel-pede-a-rosenior-que-coloque-cole-palmer-a-no10\/\",\"url\":\"https:\/\/portaltela.pt\/noticias\/2026\/03\/04\/obi-mikel-pede-a-rosenior-que-coloque-cole-palmer-a-no10\/\",\"name\":\"Obi Mikel pede a Rosenior que coloque Cole Palmer a n\u00ba10 - Portal Tela Portugal\",\"isPartOf\":{\"@id\":\"https:\/\/portaltela.pt\/#website\"},\"primaryImageOfPage\":{\"@id\":\"https:\/\/portaltela.pt\/noticias\/2026\/03\/04\/obi-mikel-pede-a-rosenior-que-coloque-cole-palmer-a-no10\/#primaryimage\"},\"image\":{\"@id\":\"https:\/\/portaltela.pt\/noticias\/2026\/03\/04\/obi-mikel-pede-a-rosenior-que-coloque-cole-palmer-a-no10\/#primaryimage\"},\"thumbnailUrl\":\"https:\/\/portaltela.pt\/s.01k8rhncp4jt1\/2026\/03\/img_920x518uu2026-03-04-18-39-43-2424898.jpg\",\"datePublished\":\"2026-03-04T18:40:20+00:00\",\"author\":{\"@id\":\"https:\/\/portaltela.pt\/#\/schema\/person\/c4278d4a6028830caff9ee44b42d32ed\"},\"breadcrumb\":{\"@id\":\"https:\/\/portaltela.pt\/noticias\/2026\/03\/04\/obi-mikel-pede-a-rosenior-que-coloque-cole-palmer-a-no10\/#breadcrumb\"},\"inLanguage\":\"pt-PT\",\"potentialAction\":[{\"@type\":\"ReadAction\",\"target\":[\"https:\/\/portaltela.pt\/noticias\/2026\/03\/04\/obi-mikel-pede-a-rosenior-que-coloque-cole-palmer-a-no10\/\"]}]},{\"@type\":\"ImageObject\",\"inLanguage\":\"pt-PT\",\"@id\":\"https:\/\/portaltela.pt\/noticias\/2026\/03\/04\/obi-mikel-pede-a-rosenior-que-coloque-cole-palmer-a-no10\/#primaryimage\",\"url\":\"https:\/\/portaltela.pt\/s.01k8rhncp4jt1\/2026\/03\/img_920x518uu2026-03-04-18-39-43-2424898.jpg\",\"contentUrl\":\"https:\/\/portaltela.pt\/s.01k8rhncp4jt1\/2026\/03\/img_920x518uu2026-03-04-18-39-43-2424898.jpg\",\"width\":796,\"height\":448,\"caption\":\"Mikel pede a Rosenior para Cole Palmer jogar a n\u00famero 10\"},{\"@type\":\"BreadcrumbList\",\"@id\":\"https:\/\/portaltela.pt\/noticias\/2026\/03\/04\/obi-mikel-pede-a-rosenior-que-coloque-cole-palmer-a-no10\/#breadcrumb\",\"itemListElement\":[{\"@type\":\"ListItem\",\"position\":1,\"name\":\"In\u00edcio\",\"item\":\"https:\/\/portaltela.pt\/\"},{\"@type\":\"ListItem\",\"position\":2,\"name\":\"Obi Mikel pede a Rosenior que coloque Cole Palmer a n\u00ba10\"}]},{\"@type\":\"WebSite\",\"@id\":\"https:\/\/portaltela.pt\/#website\",\"url\":\"https:\/\/portaltela.pt\/\",\"name\":\"Portal Tela Portugal\",\"description\":\"\",\"potentialAction\":[{\"@type\":\"SearchAction\",\"target\":{\"@type\":\"EntryPoint\",\"urlTemplate\":\"https:\/\/portaltela.pt\/?s={search_term_string}\"},\"query-input\":{\"@type\":\"PropertyValueSpecification\",\"valueRequired\":true,\"valueName\":\"search_term_string\"}}],\"inLanguage\":\"pt-PT\"},{\"@type\":\"Person\",\"@id\":\"https:\/\/portaltela.pt\/#\/schema\/person\/c4278d4a6028830caff9ee44b42d32ed\",\"name\":\"Telinha\",\"image\":{\"@type\":\"ImageObject\",\"inLanguage\":\"pt-PT\",\"@id\":\"https:\/\/portaltela.pt\/s.01k8rhncp4jt1\/2025\/11\/talking-bot-125x125.png\",\"url\":\"https:\/\/portaltela.pt\/s.01k8rhncp4jt1\/2025\/11\/talking-bot-125x125.png\",\"contentUrl\":\"https:\/\/portaltela.pt\/s.01k8rhncp4jt1\/2025\/11\/talking-bot-125x125.png\",\"caption\":\"Telinha\"},\"sameAs\":[\"https:\/\/portaltela.pt\/\"],\"url\":\"https:\/\/portaltela.pt\/por\/367410592786\/\"}]}<\/script>\n<!-- \/ Yoast SEO plugin. -->","yoast_head_json":{"title":"Obi Mikel pede a Rosenior que coloque Cole Palmer a n\u00ba10 - Portal Tela Portugal","robots":{"index":"index","follow":"follow","max-snippet":"max-snippet:-1","max-image-preview":"max-image-preview:large","max-video-preview":"max-video-preview:-1"},"og_locale":"pt_PT","og_type":"article","og_title":"Obi Mikel pede a Rosenior que coloque Cole Palmer a n\u00ba10 - Portal Tela Portugal","og_description":"Obi Mikel pediu a Liam Rosenior para colocar Cole Palmer a jogar na posi\u00e7\u00e3o de n\u00famero 10, afirmando que \u00e9 o melhor jogador do Chelsea e que essa \u00e9 a posi\u00e7\u00e3o ideal para ele. O ex-jogador nigeriano, com passagem por Chelsea, Middlesbrough e Stoke City, fez o comentario no podcast The Obi One. Palmer tem atuado na ala direita pelo Chelsea e j\u00e1 trocou de posi\u00e7\u00e3o com Enzo Fern\u00e1ndez, incluindo no jogo contra o Arsenal. O Chelsea continua a depender de Palmer como figura central, mas a escolha de posi\u00e7\u00e3o tem gerado debates entre especialistas e adeptos.","og_url":"https:\/\/portaltela.pt\/noticias\/2026\/03\/04\/obi-mikel-pede-a-rosenior-que-coloque-cole-palmer-a-no10\/","og_site_name":"Portal Tela Portugal","article_published_time":"2026-03-04T18:40:20+00:00","author":"Telinha","twitter_card":"summary_large_image","twitter_misc":{"Escrito por":"Telinha","Tempo estimado de leitura":"1 minuto"},"schema":{"@context":"https:\/\/schema.org","@graph":[{"@type":"Article","@id":"https:\/\/portaltela.pt\/noticias\/2026\/03\/04\/obi-mikel-pede-a-rosenior-que-coloque-cole-palmer-a-no10\/#article","isPartOf":{"@id":"https:\/\/portaltela.pt\/noticias\/2026\/03\/04\/obi-mikel-pede-a-rosenior-que-coloque-cole-palmer-a-no10\/"},"author":{"name":"Telinha","@id":"https:\/\/portaltela.pt\/#\/schema\/person\/c4278d4a6028830caff9ee44b42d32ed"},"headline":"Obi Mikel pede a Rosenior que coloque Cole Palmer a n\u00ba10","datePublished":"2026-03-04T18:40:20+00:00","mainEntityOfPage":{"@id":"https:\/\/portaltela.pt\/noticias\/2026\/03\/04\/obi-mikel-pede-a-rosenior-que-coloque-cole-palmer-a-no10\/"},"wordCount":233,"image":{"@id":"https:\/\/portaltela.pt\/noticias\/2026\/03\/04\/obi-mikel-pede-a-rosenior-que-coloque-cole-palmer-a-no10\/#primaryimage"},"thumbnailUrl":"https:\/\/portaltela.pt\/s.01k8rhncp4jt1\/2026\/03\/img_920x518uu2026-03-04-18-39-43-2424898.jpg","keywords":["craques","desporto","Enzo Fern\u00e1ndez","futebol","futebol internacional","Premier League"],"articleSection":["Desporto","Futebol"],"inLanguage":"pt-PT"},{"@type":"WebPage","@id":"https:\/\/portaltela.pt\/noticias\/2026\/03\/04\/obi-mikel-pede-a-rosenior-que-coloque-cole-palmer-a-no10\/","url":"https:\/\/portaltela.pt\/noticias\/2026\/03\/04\/obi-mikel-pede-a-rosenior-que-coloque-cole-palmer-a-no10\/","name":"Obi Mikel pede a Rosenior que coloque Cole Palmer a n\u00ba10 - Portal Tela Portugal","isPartOf":{"@id":"https:\/\/portaltela.pt\/#website"},"primaryImageOfPage":{"@id":"https:\/\/portaltela.pt\/noticias\/2026\/03\/04\/obi-mikel-pede-a-rosenior-que-coloque-cole-palmer-a-no10\/#primaryimage"},"image":{"@id":"https:\/\/portaltela.pt\/noticias\/2026\/03\/04\/obi-mikel-pede-a-rosenior-que-coloque-cole-palmer-a-no10\/#primaryimage"},"thumbnailUrl":"https:\/\/portaltela.pt\/s.01k8rhncp4jt1\/2026\/03\/img_920x518uu2026-03-04-18-39-43-2424898.jpg","datePublished":"2026-03-04T18:40:20+00:00","author":{"@id":"https:\/\/portaltela.pt\/#\/schema\/person\/c4278d4a6028830caff9ee44b42d32ed"},"breadcrumb":{"@id":"https:\/\/portaltela.pt\/noticias\/2026\/03\/04\/obi-mikel-pede-a-rosenior-que-coloque-cole-palmer-a-no10\/#breadcrumb"},"inLanguage":"pt-PT","potentialAction":[{"@type":"ReadAction","target":["https:\/\/portaltela.pt\/noticias\/2026\/03\/04\/obi-mikel-pede-a-rosenior-que-coloque-cole-palmer-a-no10\/"]}]},{"@type":"ImageObject","inLanguage":"pt-PT","@id":"https:\/\/portaltela.pt\/noticias\/2026\/03\/04\/obi-mikel-pede-a-rosenior-que-coloque-cole-palmer-a-no10\/#primaryimage","url":"https:\/\/portaltela.pt\/s.01k8rhncp4jt1\/2026\/03\/img_920x518uu2026-03-04-18-39-43-2424898.jpg","contentUrl":"https:\/\/portaltela.pt\/s.01k8rhncp4jt1\/2026\/03\/img_920x518uu2026-03-04-18-39-43-2424898.jpg","width":796,"height":448,"caption":"Mikel pede a Rosenior para Cole Palmer jogar a n\u00famero 10"},{"@type":"BreadcrumbList","@id":"https:\/\/portaltela.pt\/noticias\/2026\/03\/04\/obi-mikel-pede-a-rosenior-que-coloque-cole-palmer-a-no10\/#breadcrumb","itemListElement":[{"@type":"ListItem","position":1,"name":"In\u00edcio","item":"https:\/\/portaltela.pt\/"},{"@type":"ListItem","position":2,"name":"Obi Mikel pede a Rosenior que coloque Cole Palmer a n\u00ba10"}]},{"@type":"WebSite","@id":"https:\/\/portaltela.pt\/#website","url":"https:\/\/portaltela.pt\/","name":"Portal Tela Portugal","description":"","potentialAction":[{"@type":"SearchAction","target":{"@type":"EntryPoint","urlTemplate":"https:\/\/portaltela.pt\/?s={search_term_string}"},"query-input":{"@type":"PropertyValueSpecification","valueRequired":true,"valueName":"search_term_string"}}],"inLanguage":"pt-PT"},{"@type":"Person","@id":"https:\/\/portaltela.pt\/#\/schema\/person\/c4278d4a6028830caff9ee44b42d32ed","name":"Telinha","image":{"@type":"ImageObject","inLanguage":"pt-PT","@id":"https:\/\/portaltela.pt\/s.01k8rhncp4jt1\/2025\/11\/talking-bot-125x125.png","url":"https:\/\/portaltela.pt\/s.01k8rhncp4jt1\/2025\/11\/talking-bot-125x125.png","contentUrl":"https:\/\/portaltela.pt\/s.01k8rhncp4jt1\/2025\/11\/talking-bot-125x125.png","caption":"Telinha"},"sameAs":["https:\/\/portaltela.pt\/"],"url":"https:\/\/portaltela.pt\/por\/367410592786\/"}]}},"_links":{"self":[{"href":"https:\/\/portaltela.pt\/api\/wp\/v2\/posts\/397651","targetHints":{"allow":["GET"]}}],"collection":[{"href":"https:\/\/portaltela.pt\/api\/wp\/v2\/posts"}],"about":[{"href":"https:\/\/portaltela.pt\/api\/wp\/v2\/types\/post"}],"author":[{"embeddable":true,"href":"https:\/\/portaltela.pt\/api\/wp\/v2\/users\/2"}],"replies":[{"embeddable":true,"href":"https:\/\/portaltela.pt\/api\/wp\/v2\/comments?post=397651"}],"version-history":[{"count":0,"href":"https:\/\/portaltela.pt\/api\/wp\/v2\/posts\/397651\/revisions"}],"wp:featuredmedia":[{"embeddable":true,"href":"https:\/\/portaltela.pt\/api\/wp\/v2\/media\/397663"}],"wp:attachment":[{"href":"https:\/\/portaltela.pt\/api\/wp\/v2\/media?parent=397651"}],"wp:term":[{"taxonomy":"category","embeddable":true,"href":"https:\/\/portaltela.pt\/api\/wp\/v2\/categories?post=397651"},{"taxonomy":"post_tag","embeddable":true,"href":"https:\/\/portaltela.pt\/api\/wp\/v2\/tags?post=397651"}],"curies":[{"name":"wp","href":"https:\/\/api.w.org\/{rel}","templated":true}]}}