{"id":397647,"date":"2026-03-04T14:09:00","date_gmt":"2026-03-04T17:09:00","guid":{"rendered":"https:\/\/portaltela.pt\/noticias\/2026\/03\/04\/intoxicacoes-intencionais-entre-jovens-aumentam-20-segundo-inem\/"},"modified":"2026-03-04T14:09:00","modified_gmt":"2026-03-04T17:09:00","slug":"intoxicacoes-intencionais-entre-jovens-aumentam-20-segundo-inem","status":"publish","type":"post","link":"https:\/\/portaltela.pt\/noticias\/2026\/03\/04\/intoxicacoes-intencionais-entre-jovens-aumentam-20-segundo-inem\/","title":{"rendered":"Intoxica\u00e7\u00f5es intencionais entre jovens aumentam 20% segundo INEM"},"content":{"rendered":"<p>O Instituto Nacional de Emerg\u00eancia M\u00e9dica (INEM) informa que as intoxica\u00e7\u00f5es intencionais entre jovens aumentaram 20%. A evolu\u00e7\u00e3o foi verificada no \u00faltimo per\u00edodo analisado, em Portugal, segundo o organismo. O relat\u00f3rio p\u00fablico n\u00e3o inclui detalhes sobre as causas.<\/p>\n<p>Dados completos est\u00e3o dispon\u00edveis apenas para subscritores, com acesso mediante assinatura. A divulga\u00e7\u00e3o p\u00fablica limita-se aos n\u00fameros agregados apresentados pelo INEM.<\/p>\n<p>Especialistas destacam a import\u00e2ncia de preven\u00e7\u00e3o e de apoio precoce, sem entrar em julgamentos ou conclus\u00f5es sobre causas espec\u00edficas. A continuidade da investiga\u00e7\u00e3o depende de dados adicionais do relat\u00f3rio completo.<\/p>\n","protected":false},"excerpt":{"rendered":"<ul>\n<li>O INEM reporta um aumento de 20% nas intoxica\u00e7\u00f5es intencionais entre jovens.<\/li>\n<li>O conte\u00fado completo da not\u00edcia est\u00e1 dispon\u00edvel apenas para subscritores.<\/li>\n<li>A not\u00edcia aborda quest\u00f5es de sa\u00fade p\u00fablica entre a popula\u00e7\u00e3o jovem.<\/li>\n<li>N\u00e3o h\u00e1 dados adicionais fornecidos no texto dispon\u00edvel.<\/li>\n<\/ul>\n","protected":false},"author":2,"featured_media":397657,"comment_status":"closed","ping_status":"closed","sticky":false,"template":"","format":"standard","meta":{"footnotes":""},"categories":[1],"tags":[5563,5296,2844,74,271,250],"class_list":["post-397647","post","type-post","status-publish","format-standard","has-post-thumbnail","hentry","category-noticias","tag-informacao-publica","tag-intoxicacoes","tag-jovens","tag-prevencao","tag-saude-publica","tag-seguranca-publica"],"yoast_head":"<!-- This site is optimized with the Yoast SEO plugin v27.2 - https:\/\/yoast.com\/product\/yoast-seo-wordpress\/ -->\n<title>Intoxica\u00e7\u00f5es intencionais entre jovens aumentam 20% segundo INEM - Portal Tela Portugal<\/title>\n<meta name=\"robots\" content=\"index, follow, max-snippet:-1, max-image-preview:large, max-video-preview:-1\" \/>\n<meta property=\"og:locale\" content=\"pt_PT\" \/>\n<meta property=\"og:type\" content=\"article\" \/>\n<meta property=\"og:title\" content=\"Intoxica\u00e7\u00f5es intencionais entre jovens aumentam 20% segundo INEM - Portal Tela Portugal\" \/>\n<meta property=\"og:description\" content=\"O INEM reporta um aumento de 20% nas intoxica\u00e7\u00f5es intencionais entre jovens. O conte\u00fado completo da not\u00edcia est\u00e1 dispon\u00edvel apenas para subscritores. A not\u00edcia aborda quest\u00f5es de sa\u00fade p\u00fablica entre a popula\u00e7\u00e3o jovem. N\u00e3o h\u00e1 dados adicionais fornecidos no texto dispon\u00edvel.\" \/>\n<meta property=\"og:url\" content=\"https:\/\/portaltela.pt\/noticias\/2026\/03\/04\/intoxicacoes-intencionais-entre-jovens-aumentam-20-segundo-inem\/\" \/>\n<meta property=\"og:site_name\" content=\"Portal Tela Portugal\" \/>\n<meta property=\"article:published_time\" content=\"2026-03-04T17:09:00+00:00\" \/>\n<meta name=\"author\" content=\"Telinha\" \/>\n<meta name=\"twitter:card\" content=\"summary_large_image\" \/>\n<meta name=\"twitter:label1\" content=\"Escrito por\" \/>\n\t<meta name=\"twitter:data1\" content=\"Telinha\" \/>\n\t<meta name=\"twitter:label2\" content=\"Tempo estimado de leitura\" \/>\n\t<meta name=\"twitter:data2\" content=\"1 minuto\" \/>\n<script type=\"application\/ld+json\" class=\"yoast-schema-graph\">{\"@context\":\"https:\/\/schema.org\",\"@graph\":[{\"@type\":\"Article\",\"@id\":\"https:\/\/portaltela.pt\/noticias\/2026\/03\/04\/intoxicacoes-intencionais-entre-jovens-aumentam-20-segundo-inem\/#article\",\"isPartOf\":{\"@id\":\"https:\/\/portaltela.pt\/noticias\/2026\/03\/04\/intoxicacoes-intencionais-entre-jovens-aumentam-20-segundo-inem\/\"},\"author\":{\"name\":\"Telinha\",\"@id\":\"https:\/\/portaltela.pt\/#\/schema\/person\/c4278d4a6028830caff9ee44b42d32ed\"},\"headline\":\"Intoxica\u00e7\u00f5es intencionais entre jovens aumentam 20% segundo INEM\",\"datePublished\":\"2026-03-04T17:09:00+00:00\",\"mainEntityOfPage\":{\"@id\":\"https:\/\/portaltela.pt\/noticias\/2026\/03\/04\/intoxicacoes-intencionais-entre-jovens-aumentam-20-segundo-inem\/\"},\"wordCount\":115,\"image\":{\"@id\":\"https:\/\/portaltela.pt\/noticias\/2026\/03\/04\/intoxicacoes-intencionais-entre-jovens-aumentam-20-segundo-inem\/#primaryimage\"},\"thumbnailUrl\":\"https:\/\/portaltela.pt\/s.01k8rhncp4jt1\/2026\/03\/CACHE_780X1200_ANALOG_WATERMARKED_40834250_3325348_26052023121245.jpg\",\"keywords\":[\"informa\u00e7\u00e3o p\u00fablica\",\"intoxica\u00e7\u00f5es\",\"jovens\",\"preven\u00e7\u00e3o\",\"sa\u00fade p\u00fablica\",\"seguran\u00e7a p\u00fablica\"],\"articleSection\":[\"Not\u00edcias\"],\"inLanguage\":\"pt-PT\"},{\"@type\":\"WebPage\",\"@id\":\"https:\/\/portaltela.pt\/noticias\/2026\/03\/04\/intoxicacoes-intencionais-entre-jovens-aumentam-20-segundo-inem\/\",\"url\":\"https:\/\/portaltela.pt\/noticias\/2026\/03\/04\/intoxicacoes-intencionais-entre-jovens-aumentam-20-segundo-inem\/\",\"name\":\"Intoxica\u00e7\u00f5es intencionais entre jovens aumentam 20% segundo INEM - Portal Tela Portugal\",\"isPartOf\":{\"@id\":\"https:\/\/portaltela.pt\/#website\"},\"primaryImageOfPage\":{\"@id\":\"https:\/\/portaltela.pt\/noticias\/2026\/03\/04\/intoxicacoes-intencionais-entre-jovens-aumentam-20-segundo-inem\/#primaryimage\"},\"image\":{\"@id\":\"https:\/\/portaltela.pt\/noticias\/2026\/03\/04\/intoxicacoes-intencionais-entre-jovens-aumentam-20-segundo-inem\/#primaryimage\"},\"thumbnailUrl\":\"https:\/\/portaltela.pt\/s.01k8rhncp4jt1\/2026\/03\/CACHE_780X1200_ANALOG_WATERMARKED_40834250_3325348_26052023121245.jpg\",\"datePublished\":\"2026-03-04T17:09:00+00:00\",\"author\":{\"@id\":\"https:\/\/portaltela.pt\/#\/schema\/person\/c4278d4a6028830caff9ee44b42d32ed\"},\"breadcrumb\":{\"@id\":\"https:\/\/portaltela.pt\/noticias\/2026\/03\/04\/intoxicacoes-intencionais-entre-jovens-aumentam-20-segundo-inem\/#breadcrumb\"},\"inLanguage\":\"pt-PT\",\"potentialAction\":[{\"@type\":\"ReadAction\",\"target\":[\"https:\/\/portaltela.pt\/noticias\/2026\/03\/04\/intoxicacoes-intencionais-entre-jovens-aumentam-20-segundo-inem\/\"]}]},{\"@type\":\"ImageObject\",\"inLanguage\":\"pt-PT\",\"@id\":\"https:\/\/portaltela.pt\/noticias\/2026\/03\/04\/intoxicacoes-intencionais-entre-jovens-aumentam-20-segundo-inem\/#primaryimage\",\"url\":\"https:\/\/portaltela.pt\/s.01k8rhncp4jt1\/2026\/03\/CACHE_780X1200_ANALOG_WATERMARKED_40834250_3325348_26052023121245.jpg\",\"contentUrl\":\"https:\/\/portaltela.pt\/s.01k8rhncp4jt1\/2026\/03\/CACHE_780X1200_ANALOG_WATERMARKED_40834250_3325348_26052023121245.jpg\",\"width\":768,\"height\":521,\"caption\":\"Intoxica\u00e7\u00f5es intencionais entre jovens aumentam 20% - INEM\"},{\"@type\":\"BreadcrumbList\",\"@id\":\"https:\/\/portaltela.pt\/noticias\/2026\/03\/04\/intoxicacoes-intencionais-entre-jovens-aumentam-20-segundo-inem\/#breadcrumb\",\"itemListElement\":[{\"@type\":\"ListItem\",\"position\":1,\"name\":\"In\u00edcio\",\"item\":\"https:\/\/portaltela.pt\/\"},{\"@type\":\"ListItem\",\"position\":2,\"name\":\"Intoxica\u00e7\u00f5es intencionais entre jovens aumentam 20% segundo INEM\"}]},{\"@type\":\"WebSite\",\"@id\":\"https:\/\/portaltela.pt\/#website\",\"url\":\"https:\/\/portaltela.pt\/\",\"name\":\"Portal Tela Portugal\",\"description\":\"\",\"potentialAction\":[{\"@type\":\"SearchAction\",\"target\":{\"@type\":\"EntryPoint\",\"urlTemplate\":\"https:\/\/portaltela.pt\/?s={search_term_string}\"},\"query-input\":{\"@type\":\"PropertyValueSpecification\",\"valueRequired\":true,\"valueName\":\"search_term_string\"}}],\"inLanguage\":\"pt-PT\"},{\"@type\":\"Person\",\"@id\":\"https:\/\/portaltela.pt\/#\/schema\/person\/c4278d4a6028830caff9ee44b42d32ed\",\"name\":\"Telinha\",\"image\":{\"@type\":\"ImageObject\",\"inLanguage\":\"pt-PT\",\"@id\":\"https:\/\/portaltela.pt\/s.01k8rhncp4jt1\/2025\/11\/talking-bot-125x125.png\",\"url\":\"https:\/\/portaltela.pt\/s.01k8rhncp4jt1\/2025\/11\/talking-bot-125x125.png\",\"contentUrl\":\"https:\/\/portaltela.pt\/s.01k8rhncp4jt1\/2025\/11\/talking-bot-125x125.png\",\"caption\":\"Telinha\"},\"sameAs\":[\"https:\/\/portaltela.pt\/\"],\"url\":\"https:\/\/portaltela.pt\/por\/367410592786\/\"}]}<\/script>\n<!-- \/ Yoast SEO plugin. -->","yoast_head_json":{"title":"Intoxica\u00e7\u00f5es intencionais entre jovens aumentam 20% segundo INEM - Portal Tela Portugal","robots":{"index":"index","follow":"follow","max-snippet":"max-snippet:-1","max-image-preview":"max-image-preview:large","max-video-preview":"max-video-preview:-1"},"og_locale":"pt_PT","og_type":"article","og_title":"Intoxica\u00e7\u00f5es intencionais entre jovens aumentam 20% segundo INEM - Portal Tela Portugal","og_description":"O INEM reporta um aumento de 20% nas intoxica\u00e7\u00f5es intencionais entre jovens. O conte\u00fado completo da not\u00edcia est\u00e1 dispon\u00edvel apenas para subscritores. A not\u00edcia aborda quest\u00f5es de sa\u00fade p\u00fablica entre a popula\u00e7\u00e3o jovem. N\u00e3o h\u00e1 dados adicionais fornecidos no texto dispon\u00edvel.","og_url":"https:\/\/portaltela.pt\/noticias\/2026\/03\/04\/intoxicacoes-intencionais-entre-jovens-aumentam-20-segundo-inem\/","og_site_name":"Portal Tela Portugal","article_published_time":"2026-03-04T17:09:00+00:00","author":"Telinha","twitter_card":"summary_large_image","twitter_misc":{"Escrito por":"Telinha","Tempo estimado de leitura":"1 minuto"},"schema":{"@context":"https:\/\/schema.org","@graph":[{"@type":"Article","@id":"https:\/\/portaltela.pt\/noticias\/2026\/03\/04\/intoxicacoes-intencionais-entre-jovens-aumentam-20-segundo-inem\/#article","isPartOf":{"@id":"https:\/\/portaltela.pt\/noticias\/2026\/03\/04\/intoxicacoes-intencionais-entre-jovens-aumentam-20-segundo-inem\/"},"author":{"name":"Telinha","@id":"https:\/\/portaltela.pt\/#\/schema\/person\/c4278d4a6028830caff9ee44b42d32ed"},"headline":"Intoxica\u00e7\u00f5es intencionais entre jovens aumentam 20% segundo INEM","datePublished":"2026-03-04T17:09:00+00:00","mainEntityOfPage":{"@id":"https:\/\/portaltela.pt\/noticias\/2026\/03\/04\/intoxicacoes-intencionais-entre-jovens-aumentam-20-segundo-inem\/"},"wordCount":115,"image":{"@id":"https:\/\/portaltela.pt\/noticias\/2026\/03\/04\/intoxicacoes-intencionais-entre-jovens-aumentam-20-segundo-inem\/#primaryimage"},"thumbnailUrl":"https:\/\/portaltela.pt\/s.01k8rhncp4jt1\/2026\/03\/CACHE_780X1200_ANALOG_WATERMARKED_40834250_3325348_26052023121245.jpg","keywords":["informa\u00e7\u00e3o p\u00fablica","intoxica\u00e7\u00f5es","jovens","preven\u00e7\u00e3o","sa\u00fade p\u00fablica","seguran\u00e7a p\u00fablica"],"articleSection":["Not\u00edcias"],"inLanguage":"pt-PT"},{"@type":"WebPage","@id":"https:\/\/portaltela.pt\/noticias\/2026\/03\/04\/intoxicacoes-intencionais-entre-jovens-aumentam-20-segundo-inem\/","url":"https:\/\/portaltela.pt\/noticias\/2026\/03\/04\/intoxicacoes-intencionais-entre-jovens-aumentam-20-segundo-inem\/","name":"Intoxica\u00e7\u00f5es intencionais entre jovens aumentam 20% segundo INEM - Portal Tela Portugal","isPartOf":{"@id":"https:\/\/portaltela.pt\/#website"},"primaryImageOfPage":{"@id":"https:\/\/portaltela.pt\/noticias\/2026\/03\/04\/intoxicacoes-intencionais-entre-jovens-aumentam-20-segundo-inem\/#primaryimage"},"image":{"@id":"https:\/\/portaltela.pt\/noticias\/2026\/03\/04\/intoxicacoes-intencionais-entre-jovens-aumentam-20-segundo-inem\/#primaryimage"},"thumbnailUrl":"https:\/\/portaltela.pt\/s.01k8rhncp4jt1\/2026\/03\/CACHE_780X1200_ANALOG_WATERMARKED_40834250_3325348_26052023121245.jpg","datePublished":"2026-03-04T17:09:00+00:00","author":{"@id":"https:\/\/portaltela.pt\/#\/schema\/person\/c4278d4a6028830caff9ee44b42d32ed"},"breadcrumb":{"@id":"https:\/\/portaltela.pt\/noticias\/2026\/03\/04\/intoxicacoes-intencionais-entre-jovens-aumentam-20-segundo-inem\/#breadcrumb"},"inLanguage":"pt-PT","potentialAction":[{"@type":"ReadAction","target":["https:\/\/portaltela.pt\/noticias\/2026\/03\/04\/intoxicacoes-intencionais-entre-jovens-aumentam-20-segundo-inem\/"]}]},{"@type":"ImageObject","inLanguage":"pt-PT","@id":"https:\/\/portaltela.pt\/noticias\/2026\/03\/04\/intoxicacoes-intencionais-entre-jovens-aumentam-20-segundo-inem\/#primaryimage","url":"https:\/\/portaltela.pt\/s.01k8rhncp4jt1\/2026\/03\/CACHE_780X1200_ANALOG_WATERMARKED_40834250_3325348_26052023121245.jpg","contentUrl":"https:\/\/portaltela.pt\/s.01k8rhncp4jt1\/2026\/03\/CACHE_780X1200_ANALOG_WATERMARKED_40834250_3325348_26052023121245.jpg","width":768,"height":521,"caption":"Intoxica\u00e7\u00f5es intencionais entre jovens aumentam 20% - INEM"},{"@type":"BreadcrumbList","@id":"https:\/\/portaltela.pt\/noticias\/2026\/03\/04\/intoxicacoes-intencionais-entre-jovens-aumentam-20-segundo-inem\/#breadcrumb","itemListElement":[{"@type":"ListItem","position":1,"name":"In\u00edcio","item":"https:\/\/portaltela.pt\/"},{"@type":"ListItem","position":2,"name":"Intoxica\u00e7\u00f5es intencionais entre jovens aumentam 20% segundo INEM"}]},{"@type":"WebSite","@id":"https:\/\/portaltela.pt\/#website","url":"https:\/\/portaltela.pt\/","name":"Portal Tela Portugal","description":"","potentialAction":[{"@type":"SearchAction","target":{"@type":"EntryPoint","urlTemplate":"https:\/\/portaltela.pt\/?s={search_term_string}"},"query-input":{"@type":"PropertyValueSpecification","valueRequired":true,"valueName":"search_term_string"}}],"inLanguage":"pt-PT"},{"@type":"Person","@id":"https:\/\/portaltela.pt\/#\/schema\/person\/c4278d4a6028830caff9ee44b42d32ed","name":"Telinha","image":{"@type":"ImageObject","inLanguage":"pt-PT","@id":"https:\/\/portaltela.pt\/s.01k8rhncp4jt1\/2025\/11\/talking-bot-125x125.png","url":"https:\/\/portaltela.pt\/s.01k8rhncp4jt1\/2025\/11\/talking-bot-125x125.png","contentUrl":"https:\/\/portaltela.pt\/s.01k8rhncp4jt1\/2025\/11\/talking-bot-125x125.png","caption":"Telinha"},"sameAs":["https:\/\/portaltela.pt\/"],"url":"https:\/\/portaltela.pt\/por\/367410592786\/"}]}},"_links":{"self":[{"href":"https:\/\/portaltela.pt\/api\/wp\/v2\/posts\/397647","targetHints":{"allow":["GET"]}}],"collection":[{"href":"https:\/\/portaltela.pt\/api\/wp\/v2\/posts"}],"about":[{"href":"https:\/\/portaltela.pt\/api\/wp\/v2\/types\/post"}],"author":[{"embeddable":true,"href":"https:\/\/portaltela.pt\/api\/wp\/v2\/users\/2"}],"replies":[{"embeddable":true,"href":"https:\/\/portaltela.pt\/api\/wp\/v2\/comments?post=397647"}],"version-history":[{"count":0,"href":"https:\/\/portaltela.pt\/api\/wp\/v2\/posts\/397647\/revisions"}],"wp:featuredmedia":[{"embeddable":true,"href":"https:\/\/portaltela.pt\/api\/wp\/v2\/media\/397657"}],"wp:attachment":[{"href":"https:\/\/portaltela.pt\/api\/wp\/v2\/media?parent=397647"}],"wp:term":[{"taxonomy":"category","embeddable":true,"href":"https:\/\/portaltela.pt\/api\/wp\/v2\/categories?post=397647"},{"taxonomy":"post_tag","embeddable":true,"href":"https:\/\/portaltela.pt\/api\/wp\/v2\/tags?post=397647"}],"curies":[{"name":"wp","href":"https:\/\/api.w.org\/{rel}","templated":true}]}}