{"id":397620,"date":"2026-03-04T15:10:16","date_gmt":"2026-03-04T18:10:16","guid":{"rendered":"https:\/\/portaltela.pt\/noticias\/2026\/03\/04\/il-acusa-ps-de-ceder-a-regime-ditatorial-no-irao-e-pede-descida-do-isp\/"},"modified":"2026-03-04T15:10:16","modified_gmt":"2026-03-04T18:10:16","slug":"il-acusa-ps-de-ceder-a-regime-ditatorial-no-irao-e-pede-descida-do-isp","status":"publish","type":"post","link":"https:\/\/portaltela.pt\/noticias\/politica\/2026\/03\/04\/il-acusa-ps-de-ceder-a-regime-ditatorial-no-irao-e-pede-descida-do-isp\/","title":{"rendered":"IL acusa PS de ceder a regime ditatorial no Ir\u00e3o e pede descida do ISP"},"content":{"rendered":"<p>Oposi\u00e7\u00e3o acusa PS de apoiar regime ditatorial no Ir\u00e3o e exige descida permanente do ISP. A l\u00edder da Iniciativa Liberal (IL), Mariana Leit\u00e3o, usou o debate quinzenal no Parlamento para expressar solidariedade com o povo iraniano e criticar a posi\u00e7\u00e3o do PS, afirmando que o pa\u00eds tem agido em defesa de um regime repressivo.<\/p>\n<p>Leit\u00e3o questionou o PS sobre a rela\u00e7\u00e3o com o Ir\u00e3o e indicou que Portugal n\u00e3o deve justificar a\u00e7\u00f5es apenas pela alian\u00e7a com os Estados Unidos. A dirigente liberal pediu ainda esclarecimentos ao Governo sobre a utiliza\u00e7\u00e3o da Base da Lajes e refor\u00e7ou o apelo por uma descida permanente do ISP, em vez de medidas pontuais.<\/p>\n<h3>Resposta do Governo e contexto fiscal<\/h3>\n<p>O primeiro-ministro, Lu\u00eds Montenegro, respondeu que o Governo est\u00e1 a reduzir o IRS e o IRC e que o pa\u00eds n\u00e3o pode abdicar de receita fiscal. Afirmou que \u00e9 necess\u00e1rio manter equil\u00edbrio entre receita e despesas para enfrentar crises.<\/p>\n<p>A l\u00edder da IL reiterou que o modelo de governa\u00e7\u00e3o atual demonstra fragilidades e questionou se Portugal est\u00e1 preparado para crises financeiras internacionais. Montenegro defendeu que o programa governamental visa tornar o Estado mais eficiente e impulsionar a produtividade privada, apontando resultados em 2024 e 2025.<\/p>\n","protected":false},"excerpt":{"rendered":"<ul>\n<li>A l\u00edder da Iniciativa Liberal, Mariana Leit\u00e3o, criticou o PS por supostamente se agachar a um regime ditatorial no Ir\u00e3o e expressou solidariedade com o povo iraniano.<\/li>\n<li>Pediu ao Governo, em especial ao Primeiro-Ministro, uma descida permanente do imposto sobre produtos petrol\u00edferos (ISP), em vez de descontos provis\u00f3rios.<\/li>\n<li>Leit\u00e3o questionou ainda o PS sobre a Base da Lajes e questionou a atua\u00e7\u00e3o do Governo perante uma poss\u00edvel crise financeira internacional.<\/li>\n<li>O Primeiro-Ministro, Lu\u00eds Montenegro, respondeu que o esfor\u00e7o fiscal inclui a redu\u00e7\u00e3o de IRS e IRC e que n\u00e3o se pode abdicar de toda a receita p\u00fablica, defendendo equil\u00edbrio or\u00e7amental.<\/li>\n<li>Montenegro afirmou que o projeto governamental \u00e9 reformista e n\u00e3o esgotado, referindo melhorias como o aumento do rendimento l\u00edquido em 2024 e 2025, enquanto Leit\u00e3o acusou o Governo de calculismo pol\u00edtico.<\/li>\n<\/ul>\n","protected":false},"author":2,"featured_media":397627,"comment_status":"closed","ping_status":"closed","sticky":false,"template":"","format":"standard","meta":{"footnotes":""},"categories":[1,5],"tags":[1600,1482,3153,6504,2832,5698],"class_list":["post-397620","post","type-post","status-publish","format-standard","has-post-thumbnail","hentry","category-noticias","category-politica","tag-estados-unidos","tag-iniciativa-liberal","tag-ira","tag-lajes","tag-politica","tag-politica-internacional"],"yoast_head":"<!-- This site is optimized with the Yoast SEO plugin v27.2 - https:\/\/yoast.com\/product\/yoast-seo-wordpress\/ -->\n<title>IL acusa PS de ceder a regime ditatorial no Ir\u00e3o e pede descida do ISP - Portal Tela Portugal<\/title>\n<meta name=\"robots\" content=\"index, follow, max-snippet:-1, max-image-preview:large, max-video-preview:-1\" \/>\n<meta property=\"og:locale\" content=\"pt_PT\" \/>\n<meta property=\"og:type\" content=\"article\" \/>\n<meta property=\"og:title\" content=\"IL acusa PS de ceder a regime ditatorial no Ir\u00e3o e pede descida do ISP - Portal Tela Portugal\" \/>\n<meta property=\"og:description\" content=\"A l\u00edder da Iniciativa Liberal, Mariana Leit\u00e3o, criticou o PS por supostamente se agachar a um regime ditatorial no Ir\u00e3o e expressou solidariedade com o povo iraniano. Pediu ao Governo, em especial ao Primeiro-Ministro, uma descida permanente do imposto sobre produtos petrol\u00edferos (ISP), em vez de descontos provis\u00f3rios. Leit\u00e3o questionou ainda o PS sobre a Base da Lajes e questionou a atua\u00e7\u00e3o do Governo perante uma poss\u00edvel crise financeira internacional. O Primeiro-Ministro, Lu\u00eds Montenegro, respondeu que o esfor\u00e7o fiscal inclui a redu\u00e7\u00e3o de IRS e IRC e que n\u00e3o se pode abdicar de toda a receita p\u00fablica, defendendo equil\u00edbrio or\u00e7amental. Montenegro afirmou que o projeto governamental \u00e9 reformista e n\u00e3o esgotado, referindo melhorias como o aumento do rendimento l\u00edquido em 2024 e 2025, enquanto Leit\u00e3o acusou o Governo de calculismo pol\u00edtico.\" \/>\n<meta property=\"og:url\" content=\"https:\/\/portaltela.pt\/noticias\/2026\/03\/04\/il-acusa-ps-de-ceder-a-regime-ditatorial-no-irao-e-pede-descida-do-isp\/\" \/>\n<meta property=\"og:site_name\" content=\"Portal Tela Portugal\" \/>\n<meta property=\"article:published_time\" content=\"2026-03-04T18:10:16+00:00\" \/>\n<meta name=\"author\" content=\"Telinha\" \/>\n<meta name=\"twitter:card\" content=\"summary_large_image\" \/>\n<meta name=\"twitter:label1\" content=\"Escrito por\" \/>\n\t<meta name=\"twitter:data1\" content=\"Telinha\" \/>\n\t<meta name=\"twitter:label2\" content=\"Tempo estimado de leitura\" \/>\n\t<meta name=\"twitter:data2\" content=\"1 minuto\" \/>\n<script type=\"application\/ld+json\" class=\"yoast-schema-graph\">{\"@context\":\"https:\/\/schema.org\",\"@graph\":[{\"@type\":\"Article\",\"@id\":\"https:\/\/portaltela.pt\/noticias\/2026\/03\/04\/il-acusa-ps-de-ceder-a-regime-ditatorial-no-irao-e-pede-descida-do-isp\/#article\",\"isPartOf\":{\"@id\":\"https:\/\/portaltela.pt\/noticias\/2026\/03\/04\/il-acusa-ps-de-ceder-a-regime-ditatorial-no-irao-e-pede-descida-do-isp\/\"},\"author\":{\"name\":\"Telinha\",\"@id\":\"https:\/\/portaltela.pt\/#\/schema\/person\/c4278d4a6028830caff9ee44b42d32ed\"},\"headline\":\"IL acusa PS de ceder a regime ditatorial no Ir\u00e3o e pede descida do ISP\",\"datePublished\":\"2026-03-04T18:10:16+00:00\",\"mainEntityOfPage\":{\"@id\":\"https:\/\/portaltela.pt\/noticias\/2026\/03\/04\/il-acusa-ps-de-ceder-a-regime-ditatorial-no-irao-e-pede-descida-do-isp\/\"},\"wordCount\":234,\"image\":{\"@id\":\"https:\/\/portaltela.pt\/noticias\/2026\/03\/04\/il-acusa-ps-de-ceder-a-regime-ditatorial-no-irao-e-pede-descida-do-isp\/#primaryimage\"},\"thumbnailUrl\":\"https:\/\/portaltela.pt\/s.01k8rhncp4jt1\/2026\/03\/img_1500x1000uu2026-03-04-18-04-59-2270401.jpg\",\"keywords\":[\"Estados Unidos\",\"Iniciativa Liberal\",\"Ir\u00e3\",\"Lajes\",\"pol\u00edtica\",\"pol\u00edtica internacional\"],\"articleSection\":[\"Not\u00edcias\",\"Pol\u00edtica\"],\"inLanguage\":\"pt-PT\"},{\"@type\":\"WebPage\",\"@id\":\"https:\/\/portaltela.pt\/noticias\/2026\/03\/04\/il-acusa-ps-de-ceder-a-regime-ditatorial-no-irao-e-pede-descida-do-isp\/\",\"url\":\"https:\/\/portaltela.pt\/noticias\/2026\/03\/04\/il-acusa-ps-de-ceder-a-regime-ditatorial-no-irao-e-pede-descida-do-isp\/\",\"name\":\"IL acusa PS de ceder a regime ditatorial no Ir\u00e3o e pede descida do ISP - Portal Tela Portugal\",\"isPartOf\":{\"@id\":\"https:\/\/portaltela.pt\/#website\"},\"primaryImageOfPage\":{\"@id\":\"https:\/\/portaltela.pt\/noticias\/2026\/03\/04\/il-acusa-ps-de-ceder-a-regime-ditatorial-no-irao-e-pede-descida-do-isp\/#primaryimage\"},\"image\":{\"@id\":\"https:\/\/portaltela.pt\/noticias\/2026\/03\/04\/il-acusa-ps-de-ceder-a-regime-ditatorial-no-irao-e-pede-descida-do-isp\/#primaryimage\"},\"thumbnailUrl\":\"https:\/\/portaltela.pt\/s.01k8rhncp4jt1\/2026\/03\/img_1500x1000uu2026-03-04-18-04-59-2270401.jpg\",\"datePublished\":\"2026-03-04T18:10:16+00:00\",\"author\":{\"@id\":\"https:\/\/portaltela.pt\/#\/schema\/person\/c4278d4a6028830caff9ee44b42d32ed\"},\"breadcrumb\":{\"@id\":\"https:\/\/portaltela.pt\/noticias\/2026\/03\/04\/il-acusa-ps-de-ceder-a-regime-ditatorial-no-irao-e-pede-descida-do-isp\/#breadcrumb\"},\"inLanguage\":\"pt-PT\",\"potentialAction\":[{\"@type\":\"ReadAction\",\"target\":[\"https:\/\/portaltela.pt\/noticias\/2026\/03\/04\/il-acusa-ps-de-ceder-a-regime-ditatorial-no-irao-e-pede-descida-do-isp\/\"]}]},{\"@type\":\"ImageObject\",\"inLanguage\":\"pt-PT\",\"@id\":\"https:\/\/portaltela.pt\/noticias\/2026\/03\/04\/il-acusa-ps-de-ceder-a-regime-ditatorial-no-irao-e-pede-descida-do-isp\/#primaryimage\",\"url\":\"https:\/\/portaltela.pt\/s.01k8rhncp4jt1\/2026\/03\/img_1500x1000uu2026-03-04-18-04-59-2270401.jpg\",\"contentUrl\":\"https:\/\/portaltela.pt\/s.01k8rhncp4jt1\/2026\/03\/img_1500x1000uu2026-03-04-18-04-59-2270401.jpg\",\"width\":796,\"height\":448,\"caption\":\"Presidente da IL, Mariana Leit\u00e3o\"},{\"@type\":\"BreadcrumbList\",\"@id\":\"https:\/\/portaltela.pt\/noticias\/2026\/03\/04\/il-acusa-ps-de-ceder-a-regime-ditatorial-no-irao-e-pede-descida-do-isp\/#breadcrumb\",\"itemListElement\":[{\"@type\":\"ListItem\",\"position\":1,\"name\":\"In\u00edcio\",\"item\":\"https:\/\/portaltela.pt\/\"},{\"@type\":\"ListItem\",\"position\":2,\"name\":\"IL acusa PS de ceder a regime ditatorial no Ir\u00e3o e pede descida do ISP\"}]},{\"@type\":\"WebSite\",\"@id\":\"https:\/\/portaltela.pt\/#website\",\"url\":\"https:\/\/portaltela.pt\/\",\"name\":\"Portal Tela Portugal\",\"description\":\"\",\"potentialAction\":[{\"@type\":\"SearchAction\",\"target\":{\"@type\":\"EntryPoint\",\"urlTemplate\":\"https:\/\/portaltela.pt\/?s={search_term_string}\"},\"query-input\":{\"@type\":\"PropertyValueSpecification\",\"valueRequired\":true,\"valueName\":\"search_term_string\"}}],\"inLanguage\":\"pt-PT\"},{\"@type\":\"Person\",\"@id\":\"https:\/\/portaltela.pt\/#\/schema\/person\/c4278d4a6028830caff9ee44b42d32ed\",\"name\":\"Telinha\",\"image\":{\"@type\":\"ImageObject\",\"inLanguage\":\"pt-PT\",\"@id\":\"https:\/\/portaltela.pt\/s.01k8rhncp4jt1\/2025\/11\/talking-bot-125x125.png\",\"url\":\"https:\/\/portaltela.pt\/s.01k8rhncp4jt1\/2025\/11\/talking-bot-125x125.png\",\"contentUrl\":\"https:\/\/portaltela.pt\/s.01k8rhncp4jt1\/2025\/11\/talking-bot-125x125.png\",\"caption\":\"Telinha\"},\"sameAs\":[\"https:\/\/portaltela.pt\/\"],\"url\":\"https:\/\/portaltela.pt\/por\/367410592786\/\"}]}<\/script>\n<!-- \/ Yoast SEO plugin. -->","yoast_head_json":{"title":"IL acusa PS de ceder a regime ditatorial no Ir\u00e3o e pede descida do ISP - Portal Tela Portugal","robots":{"index":"index","follow":"follow","max-snippet":"max-snippet:-1","max-image-preview":"max-image-preview:large","max-video-preview":"max-video-preview:-1"},"og_locale":"pt_PT","og_type":"article","og_title":"IL acusa PS de ceder a regime ditatorial no Ir\u00e3o e pede descida do ISP - Portal Tela Portugal","og_description":"A l\u00edder da Iniciativa Liberal, Mariana Leit\u00e3o, criticou o PS por supostamente se agachar a um regime ditatorial no Ir\u00e3o e expressou solidariedade com o povo iraniano. Pediu ao Governo, em especial ao Primeiro-Ministro, uma descida permanente do imposto sobre produtos petrol\u00edferos (ISP), em vez de descontos provis\u00f3rios. Leit\u00e3o questionou ainda o PS sobre a Base da Lajes e questionou a atua\u00e7\u00e3o do Governo perante uma poss\u00edvel crise financeira internacional. O Primeiro-Ministro, Lu\u00eds Montenegro, respondeu que o esfor\u00e7o fiscal inclui a redu\u00e7\u00e3o de IRS e IRC e que n\u00e3o se pode abdicar de toda a receita p\u00fablica, defendendo equil\u00edbrio or\u00e7amental. Montenegro afirmou que o projeto governamental \u00e9 reformista e n\u00e3o esgotado, referindo melhorias como o aumento do rendimento l\u00edquido em 2024 e 2025, enquanto Leit\u00e3o acusou o Governo de calculismo pol\u00edtico.","og_url":"https:\/\/portaltela.pt\/noticias\/2026\/03\/04\/il-acusa-ps-de-ceder-a-regime-ditatorial-no-irao-e-pede-descida-do-isp\/","og_site_name":"Portal Tela Portugal","article_published_time":"2026-03-04T18:10:16+00:00","author":"Telinha","twitter_card":"summary_large_image","twitter_misc":{"Escrito por":"Telinha","Tempo estimado de leitura":"1 minuto"},"schema":{"@context":"https:\/\/schema.org","@graph":[{"@type":"Article","@id":"https:\/\/portaltela.pt\/noticias\/2026\/03\/04\/il-acusa-ps-de-ceder-a-regime-ditatorial-no-irao-e-pede-descida-do-isp\/#article","isPartOf":{"@id":"https:\/\/portaltela.pt\/noticias\/2026\/03\/04\/il-acusa-ps-de-ceder-a-regime-ditatorial-no-irao-e-pede-descida-do-isp\/"},"author":{"name":"Telinha","@id":"https:\/\/portaltela.pt\/#\/schema\/person\/c4278d4a6028830caff9ee44b42d32ed"},"headline":"IL acusa PS de ceder a regime ditatorial no Ir\u00e3o e pede descida do ISP","datePublished":"2026-03-04T18:10:16+00:00","mainEntityOfPage":{"@id":"https:\/\/portaltela.pt\/noticias\/2026\/03\/04\/il-acusa-ps-de-ceder-a-regime-ditatorial-no-irao-e-pede-descida-do-isp\/"},"wordCount":234,"image":{"@id":"https:\/\/portaltela.pt\/noticias\/2026\/03\/04\/il-acusa-ps-de-ceder-a-regime-ditatorial-no-irao-e-pede-descida-do-isp\/#primaryimage"},"thumbnailUrl":"https:\/\/portaltela.pt\/s.01k8rhncp4jt1\/2026\/03\/img_1500x1000uu2026-03-04-18-04-59-2270401.jpg","keywords":["Estados Unidos","Iniciativa Liberal","Ir\u00e3","Lajes","pol\u00edtica","pol\u00edtica internacional"],"articleSection":["Not\u00edcias","Pol\u00edtica"],"inLanguage":"pt-PT"},{"@type":"WebPage","@id":"https:\/\/portaltela.pt\/noticias\/2026\/03\/04\/il-acusa-ps-de-ceder-a-regime-ditatorial-no-irao-e-pede-descida-do-isp\/","url":"https:\/\/portaltela.pt\/noticias\/2026\/03\/04\/il-acusa-ps-de-ceder-a-regime-ditatorial-no-irao-e-pede-descida-do-isp\/","name":"IL acusa PS de ceder a regime ditatorial no Ir\u00e3o e pede descida do ISP - Portal Tela Portugal","isPartOf":{"@id":"https:\/\/portaltela.pt\/#website"},"primaryImageOfPage":{"@id":"https:\/\/portaltela.pt\/noticias\/2026\/03\/04\/il-acusa-ps-de-ceder-a-regime-ditatorial-no-irao-e-pede-descida-do-isp\/#primaryimage"},"image":{"@id":"https:\/\/portaltela.pt\/noticias\/2026\/03\/04\/il-acusa-ps-de-ceder-a-regime-ditatorial-no-irao-e-pede-descida-do-isp\/#primaryimage"},"thumbnailUrl":"https:\/\/portaltela.pt\/s.01k8rhncp4jt1\/2026\/03\/img_1500x1000uu2026-03-04-18-04-59-2270401.jpg","datePublished":"2026-03-04T18:10:16+00:00","author":{"@id":"https:\/\/portaltela.pt\/#\/schema\/person\/c4278d4a6028830caff9ee44b42d32ed"},"breadcrumb":{"@id":"https:\/\/portaltela.pt\/noticias\/2026\/03\/04\/il-acusa-ps-de-ceder-a-regime-ditatorial-no-irao-e-pede-descida-do-isp\/#breadcrumb"},"inLanguage":"pt-PT","potentialAction":[{"@type":"ReadAction","target":["https:\/\/portaltela.pt\/noticias\/2026\/03\/04\/il-acusa-ps-de-ceder-a-regime-ditatorial-no-irao-e-pede-descida-do-isp\/"]}]},{"@type":"ImageObject","inLanguage":"pt-PT","@id":"https:\/\/portaltela.pt\/noticias\/2026\/03\/04\/il-acusa-ps-de-ceder-a-regime-ditatorial-no-irao-e-pede-descida-do-isp\/#primaryimage","url":"https:\/\/portaltela.pt\/s.01k8rhncp4jt1\/2026\/03\/img_1500x1000uu2026-03-04-18-04-59-2270401.jpg","contentUrl":"https:\/\/portaltela.pt\/s.01k8rhncp4jt1\/2026\/03\/img_1500x1000uu2026-03-04-18-04-59-2270401.jpg","width":796,"height":448,"caption":"Presidente da IL, Mariana Leit\u00e3o"},{"@type":"BreadcrumbList","@id":"https:\/\/portaltela.pt\/noticias\/2026\/03\/04\/il-acusa-ps-de-ceder-a-regime-ditatorial-no-irao-e-pede-descida-do-isp\/#breadcrumb","itemListElement":[{"@type":"ListItem","position":1,"name":"In\u00edcio","item":"https:\/\/portaltela.pt\/"},{"@type":"ListItem","position":2,"name":"IL acusa PS de ceder a regime ditatorial no Ir\u00e3o e pede descida do ISP"}]},{"@type":"WebSite","@id":"https:\/\/portaltela.pt\/#website","url":"https:\/\/portaltela.pt\/","name":"Portal Tela Portugal","description":"","potentialAction":[{"@type":"SearchAction","target":{"@type":"EntryPoint","urlTemplate":"https:\/\/portaltela.pt\/?s={search_term_string}"},"query-input":{"@type":"PropertyValueSpecification","valueRequired":true,"valueName":"search_term_string"}}],"inLanguage":"pt-PT"},{"@type":"Person","@id":"https:\/\/portaltela.pt\/#\/schema\/person\/c4278d4a6028830caff9ee44b42d32ed","name":"Telinha","image":{"@type":"ImageObject","inLanguage":"pt-PT","@id":"https:\/\/portaltela.pt\/s.01k8rhncp4jt1\/2025\/11\/talking-bot-125x125.png","url":"https:\/\/portaltela.pt\/s.01k8rhncp4jt1\/2025\/11\/talking-bot-125x125.png","contentUrl":"https:\/\/portaltela.pt\/s.01k8rhncp4jt1\/2025\/11\/talking-bot-125x125.png","caption":"Telinha"},"sameAs":["https:\/\/portaltela.pt\/"],"url":"https:\/\/portaltela.pt\/por\/367410592786\/"}]}},"_links":{"self":[{"href":"https:\/\/portaltela.pt\/api\/wp\/v2\/posts\/397620","targetHints":{"allow":["GET"]}}],"collection":[{"href":"https:\/\/portaltela.pt\/api\/wp\/v2\/posts"}],"about":[{"href":"https:\/\/portaltela.pt\/api\/wp\/v2\/types\/post"}],"author":[{"embeddable":true,"href":"https:\/\/portaltela.pt\/api\/wp\/v2\/users\/2"}],"replies":[{"embeddable":true,"href":"https:\/\/portaltela.pt\/api\/wp\/v2\/comments?post=397620"}],"version-history":[{"count":0,"href":"https:\/\/portaltela.pt\/api\/wp\/v2\/posts\/397620\/revisions"}],"wp:featuredmedia":[{"embeddable":true,"href":"https:\/\/portaltela.pt\/api\/wp\/v2\/media\/397627"}],"wp:attachment":[{"href":"https:\/\/portaltela.pt\/api\/wp\/v2\/media?parent=397620"}],"wp:term":[{"taxonomy":"category","embeddable":true,"href":"https:\/\/portaltela.pt\/api\/wp\/v2\/categories?post=397620"},{"taxonomy":"post_tag","embeddable":true,"href":"https:\/\/portaltela.pt\/api\/wp\/v2\/tags?post=397620"}],"curies":[{"name":"wp","href":"https:\/\/api.w.org\/{rel}","templated":true}]}}