{"id":397591,"date":"2026-03-04T14:47:00","date_gmt":"2026-03-04T17:47:00","guid":{"rendered":"https:\/\/portaltela.pt\/noticias\/2026\/03\/04\/idosos-de-rio-de-onor-passam-a-viver-numa-aldeia-pedagogica-digital\/"},"modified":"2026-03-04T14:47:00","modified_gmt":"2026-03-04T17:47:00","slug":"idosos-de-rio-de-onor-passam-a-viver-numa-aldeia-pedagogica-digital","status":"publish","type":"post","link":"https:\/\/portaltela.pt\/noticias\/2026\/03\/04\/idosos-de-rio-de-onor-passam-a-viver-numa-aldeia-pedagogica-digital\/","title":{"rendered":"Idosos de Rio de Onor passam a viver numa aldeia pedag\u00f3gica digital"},"content":{"rendered":"<p>O projeto Aldeias Pedag\u00f3gicas Digitais foi apresentado nesta quarta-feira em Rio de Onor, Bragan\u00e7a. A iniciativa visa permitir que os idosos envelhe\u00e7am em casa com qualidade, segundo afirmou o presidente da Azimute, Jo\u00e3o Cameira. A Azimute-Associa\u00e7\u00e3o de Desportos de Aventura, Juventude e Ambiente \u00e9 a entidade respons\u00e1vel pela candidatura ao Portugal Inova\u00e7\u00e3o Social.<\/p>\n<p>Na pr\u00e1tica, os idosos das aldeias da Uni\u00e3o das Freguesias de Aveleda e Rio de Onor v\u00e3o receber tablets com acesso a uma plataforma multival\u00eancias. A solu\u00e7\u00e3o permite monitoriza\u00e7\u00e3o de sa\u00fade, videochamadas, jogos de estimula\u00e7\u00e3o cognitiva e acesso \u00e0 Internet.<\/p>\n<p>O projeto surge com financiamento nacional e tem como objetivo ampliar a autonomia dos moradores seniores. A iniciativa envolve entidades locais e pretende adaptar-se \u00e0s necessidades da popula\u00e7\u00e3o idosa da regi\u00e3o. O lan\u00e7amento ocorreu durante uma sess\u00e3o p\u00fablica em Rio de Onor.<\/p>\n<h3>O que muda para os idosos<\/h3>\n<p>Os tablets entregues aos residentes integram uma plataforma capaz de acompanhar sa\u00fade e bem\u2011estar. O acesso \u00e0 internet facilita comunica\u00e7\u00e3o com familiares e servi\u00e7os de sa\u00fade, sem sair de casa. As ferramentas de estimula\u00e7\u00e3o cognitiva visam manter a mem\u00f3ria e a funcionalidade mental.<\/p>\n","protected":false},"excerpt":{"rendered":"<ul>\n<li>O Projeto Aldeias Pedag\u00f3gicas Digitais foi apresentado nesta quarta-feira em Rio de Onor, com o objetivo de permitir que os idosos envelhe\u00e7am em casa com qualidade.<\/li>\n<li>A iniciativa \u00e9 da Azimute-Associa\u00e7\u00e3o de Desportos de Aventura, Juventude e Ambiente e beneficia de uma candidatura ao Portugal Inova\u00e7\u00e3o Social.<\/li>\n<li>Os idosos das aldeias da Uni\u00e3o das Freguesias de Aveleda e Rio de Onor, Bragan\u00e7a, v\u00e3o receber tablets com acesso a uma plataforma tecnol\u00f3gica multival\u00eancia.<\/li>\n<li>A plataforma permite monitoriza\u00e7\u00e3o da sa\u00fade, videochamadas, jogos de estimula\u00e7\u00e3o cognitiva e acesso \u00e0 Internet.<\/li>\n<li>O presidente da Azimute, Jo\u00e3o Cameira, sublinhou o objetivo de apoiar o envelhecimento ativo em casa.<\/li>\n<\/ul>\n","protected":false},"author":2,"featured_media":397602,"comment_status":"closed","ping_status":"closed","sticky":false,"template":"","format":"standard","meta":{"footnotes":""},"categories":[1],"tags":[5640,906,163,2736,172,153],"class_list":["post-397591","post","type-post","status-publish","format-standard","has-post-thumbnail","hentry","category-noticias","tag-aldeias","tag-braganca","tag-educacao","tag-idosos","tag-saude","tag-tecnologia"],"yoast_head":"<!-- This site is optimized with the Yoast SEO plugin v27.2 - https:\/\/yoast.com\/product\/yoast-seo-wordpress\/ -->\n<title>Idosos de Rio de Onor passam a viver numa aldeia pedag\u00f3gica digital - Portal Tela Portugal<\/title>\n<meta name=\"robots\" content=\"index, follow, max-snippet:-1, max-image-preview:large, max-video-preview:-1\" \/>\n<meta property=\"og:locale\" content=\"pt_PT\" \/>\n<meta property=\"og:type\" content=\"article\" \/>\n<meta property=\"og:title\" content=\"Idosos de Rio de Onor passam a viver numa aldeia pedag\u00f3gica digital - Portal Tela Portugal\" \/>\n<meta property=\"og:description\" content=\"O Projeto Aldeias Pedag\u00f3gicas Digitais foi apresentado nesta quarta-feira em Rio de Onor, com o objetivo de permitir que os idosos envelhe\u00e7am em casa com qualidade. A iniciativa \u00e9 da Azimute-Associa\u00e7\u00e3o de Desportos de Aventura, Juventude e Ambiente e beneficia de uma candidatura ao Portugal Inova\u00e7\u00e3o Social. Os idosos das aldeias da Uni\u00e3o das Freguesias de Aveleda e Rio de Onor, Bragan\u00e7a, v\u00e3o receber tablets com acesso a uma plataforma tecnol\u00f3gica multival\u00eancia. A plataforma permite monitoriza\u00e7\u00e3o da sa\u00fade, videochamadas, jogos de estimula\u00e7\u00e3o cognitiva e acesso \u00e0 Internet. O presidente da Azimute, Jo\u00e3o Cameira, sublinhou o objetivo de apoiar o envelhecimento ativo em casa.\" \/>\n<meta property=\"og:url\" content=\"https:\/\/portaltela.pt\/noticias\/2026\/03\/04\/idosos-de-rio-de-onor-passam-a-viver-numa-aldeia-pedagogica-digital\/\" \/>\n<meta property=\"og:site_name\" content=\"Portal Tela Portugal\" \/>\n<meta property=\"article:published_time\" content=\"2026-03-04T17:47:00+00:00\" \/>\n<meta name=\"author\" content=\"Telinha\" \/>\n<meta name=\"twitter:card\" content=\"summary_large_image\" \/>\n<meta name=\"twitter:label1\" content=\"Escrito por\" \/>\n\t<meta name=\"twitter:data1\" content=\"Telinha\" \/>\n\t<meta name=\"twitter:label2\" content=\"Tempo estimado de leitura\" \/>\n\t<meta name=\"twitter:data2\" content=\"1 minuto\" \/>\n<script type=\"application\/ld+json\" class=\"yoast-schema-graph\">{\"@context\":\"https:\/\/schema.org\",\"@graph\":[{\"@type\":\"Article\",\"@id\":\"https:\/\/portaltela.pt\/noticias\/2026\/03\/04\/idosos-de-rio-de-onor-passam-a-viver-numa-aldeia-pedagogica-digital\/#article\",\"isPartOf\":{\"@id\":\"https:\/\/portaltela.pt\/noticias\/2026\/03\/04\/idosos-de-rio-de-onor-passam-a-viver-numa-aldeia-pedagogica-digital\/\"},\"author\":{\"name\":\"Telinha\",\"@id\":\"https:\/\/portaltela.pt\/#\/schema\/person\/c4278d4a6028830caff9ee44b42d32ed\"},\"headline\":\"Idosos de Rio de Onor passam a viver numa aldeia pedag\u00f3gica digital\",\"datePublished\":\"2026-03-04T17:47:00+00:00\",\"mainEntityOfPage\":{\"@id\":\"https:\/\/portaltela.pt\/noticias\/2026\/03\/04\/idosos-de-rio-de-onor-passam-a-viver-numa-aldeia-pedagogica-digital\/\"},\"wordCount\":221,\"image\":{\"@id\":\"https:\/\/portaltela.pt\/noticias\/2026\/03\/04\/idosos-de-rio-de-onor-passam-a-viver-numa-aldeia-pedagogica-digital\/#primaryimage\"},\"thumbnailUrl\":\"https:\/\/portaltela.pt\/s.01k8rhncp4jt1\/2026\/03\/image-243.jpg\",\"keywords\":[\"aldeias\",\"Bragan\u00e7a\",\"educa\u00e7\u00e3o\",\"idosos\",\"sa\u00fade\",\"tecnologia\"],\"articleSection\":[\"Not\u00edcias\"],\"inLanguage\":\"pt-PT\"},{\"@type\":\"WebPage\",\"@id\":\"https:\/\/portaltela.pt\/noticias\/2026\/03\/04\/idosos-de-rio-de-onor-passam-a-viver-numa-aldeia-pedagogica-digital\/\",\"url\":\"https:\/\/portaltela.pt\/noticias\/2026\/03\/04\/idosos-de-rio-de-onor-passam-a-viver-numa-aldeia-pedagogica-digital\/\",\"name\":\"Idosos de Rio de Onor passam a viver numa aldeia pedag\u00f3gica digital - Portal Tela Portugal\",\"isPartOf\":{\"@id\":\"https:\/\/portaltela.pt\/#website\"},\"primaryImageOfPage\":{\"@id\":\"https:\/\/portaltela.pt\/noticias\/2026\/03\/04\/idosos-de-rio-de-onor-passam-a-viver-numa-aldeia-pedagogica-digital\/#primaryimage\"},\"image\":{\"@id\":\"https:\/\/portaltela.pt\/noticias\/2026\/03\/04\/idosos-de-rio-de-onor-passam-a-viver-numa-aldeia-pedagogica-digital\/#primaryimage\"},\"thumbnailUrl\":\"https:\/\/portaltela.pt\/s.01k8rhncp4jt1\/2026\/03\/image-243.jpg\",\"datePublished\":\"2026-03-04T17:47:00+00:00\",\"author\":{\"@id\":\"https:\/\/portaltela.pt\/#\/schema\/person\/c4278d4a6028830caff9ee44b42d32ed\"},\"breadcrumb\":{\"@id\":\"https:\/\/portaltela.pt\/noticias\/2026\/03\/04\/idosos-de-rio-de-onor-passam-a-viver-numa-aldeia-pedagogica-digital\/#breadcrumb\"},\"inLanguage\":\"pt-PT\",\"potentialAction\":[{\"@type\":\"ReadAction\",\"target\":[\"https:\/\/portaltela.pt\/noticias\/2026\/03\/04\/idosos-de-rio-de-onor-passam-a-viver-numa-aldeia-pedagogica-digital\/\"]}]},{\"@type\":\"ImageObject\",\"inLanguage\":\"pt-PT\",\"@id\":\"https:\/\/portaltela.pt\/noticias\/2026\/03\/04\/idosos-de-rio-de-onor-passam-a-viver-numa-aldeia-pedagogica-digital\/#primaryimage\",\"url\":\"https:\/\/portaltela.pt\/s.01k8rhncp4jt1\/2026\/03\/image-243.jpg\",\"contentUrl\":\"https:\/\/portaltela.pt\/s.01k8rhncp4jt1\/2026\/03\/image-243.jpg\",\"width\":796,\"height\":448,\"caption\":\"Respons\u00e1veis das entidades envolvidas no projeto em Rio de Onor\"},{\"@type\":\"BreadcrumbList\",\"@id\":\"https:\/\/portaltela.pt\/noticias\/2026\/03\/04\/idosos-de-rio-de-onor-passam-a-viver-numa-aldeia-pedagogica-digital\/#breadcrumb\",\"itemListElement\":[{\"@type\":\"ListItem\",\"position\":1,\"name\":\"In\u00edcio\",\"item\":\"https:\/\/portaltela.pt\/\"},{\"@type\":\"ListItem\",\"position\":2,\"name\":\"Idosos de Rio de Onor passam a viver numa aldeia pedag\u00f3gica digital\"}]},{\"@type\":\"WebSite\",\"@id\":\"https:\/\/portaltela.pt\/#website\",\"url\":\"https:\/\/portaltela.pt\/\",\"name\":\"Portal Tela Portugal\",\"description\":\"\",\"potentialAction\":[{\"@type\":\"SearchAction\",\"target\":{\"@type\":\"EntryPoint\",\"urlTemplate\":\"https:\/\/portaltela.pt\/?s={search_term_string}\"},\"query-input\":{\"@type\":\"PropertyValueSpecification\",\"valueRequired\":true,\"valueName\":\"search_term_string\"}}],\"inLanguage\":\"pt-PT\"},{\"@type\":\"Person\",\"@id\":\"https:\/\/portaltela.pt\/#\/schema\/person\/c4278d4a6028830caff9ee44b42d32ed\",\"name\":\"Telinha\",\"image\":{\"@type\":\"ImageObject\",\"inLanguage\":\"pt-PT\",\"@id\":\"https:\/\/portaltela.pt\/s.01k8rhncp4jt1\/2025\/11\/talking-bot-125x125.png\",\"url\":\"https:\/\/portaltela.pt\/s.01k8rhncp4jt1\/2025\/11\/talking-bot-125x125.png\",\"contentUrl\":\"https:\/\/portaltela.pt\/s.01k8rhncp4jt1\/2025\/11\/talking-bot-125x125.png\",\"caption\":\"Telinha\"},\"sameAs\":[\"https:\/\/portaltela.pt\/\"],\"url\":\"https:\/\/portaltela.pt\/por\/367410592786\/\"}]}<\/script>\n<!-- \/ Yoast SEO plugin. -->","yoast_head_json":{"title":"Idosos de Rio de Onor passam a viver numa aldeia pedag\u00f3gica digital - Portal Tela Portugal","robots":{"index":"index","follow":"follow","max-snippet":"max-snippet:-1","max-image-preview":"max-image-preview:large","max-video-preview":"max-video-preview:-1"},"og_locale":"pt_PT","og_type":"article","og_title":"Idosos de Rio de Onor passam a viver numa aldeia pedag\u00f3gica digital - Portal Tela Portugal","og_description":"O Projeto Aldeias Pedag\u00f3gicas Digitais foi apresentado nesta quarta-feira em Rio de Onor, com o objetivo de permitir que os idosos envelhe\u00e7am em casa com qualidade. A iniciativa \u00e9 da Azimute-Associa\u00e7\u00e3o de Desportos de Aventura, Juventude e Ambiente e beneficia de uma candidatura ao Portugal Inova\u00e7\u00e3o Social. Os idosos das aldeias da Uni\u00e3o das Freguesias de Aveleda e Rio de Onor, Bragan\u00e7a, v\u00e3o receber tablets com acesso a uma plataforma tecnol\u00f3gica multival\u00eancia. A plataforma permite monitoriza\u00e7\u00e3o da sa\u00fade, videochamadas, jogos de estimula\u00e7\u00e3o cognitiva e acesso \u00e0 Internet. O presidente da Azimute, Jo\u00e3o Cameira, sublinhou o objetivo de apoiar o envelhecimento ativo em casa.","og_url":"https:\/\/portaltela.pt\/noticias\/2026\/03\/04\/idosos-de-rio-de-onor-passam-a-viver-numa-aldeia-pedagogica-digital\/","og_site_name":"Portal Tela Portugal","article_published_time":"2026-03-04T17:47:00+00:00","author":"Telinha","twitter_card":"summary_large_image","twitter_misc":{"Escrito por":"Telinha","Tempo estimado de leitura":"1 minuto"},"schema":{"@context":"https:\/\/schema.org","@graph":[{"@type":"Article","@id":"https:\/\/portaltela.pt\/noticias\/2026\/03\/04\/idosos-de-rio-de-onor-passam-a-viver-numa-aldeia-pedagogica-digital\/#article","isPartOf":{"@id":"https:\/\/portaltela.pt\/noticias\/2026\/03\/04\/idosos-de-rio-de-onor-passam-a-viver-numa-aldeia-pedagogica-digital\/"},"author":{"name":"Telinha","@id":"https:\/\/portaltela.pt\/#\/schema\/person\/c4278d4a6028830caff9ee44b42d32ed"},"headline":"Idosos de Rio de Onor passam a viver numa aldeia pedag\u00f3gica digital","datePublished":"2026-03-04T17:47:00+00:00","mainEntityOfPage":{"@id":"https:\/\/portaltela.pt\/noticias\/2026\/03\/04\/idosos-de-rio-de-onor-passam-a-viver-numa-aldeia-pedagogica-digital\/"},"wordCount":221,"image":{"@id":"https:\/\/portaltela.pt\/noticias\/2026\/03\/04\/idosos-de-rio-de-onor-passam-a-viver-numa-aldeia-pedagogica-digital\/#primaryimage"},"thumbnailUrl":"https:\/\/portaltela.pt\/s.01k8rhncp4jt1\/2026\/03\/image-243.jpg","keywords":["aldeias","Bragan\u00e7a","educa\u00e7\u00e3o","idosos","sa\u00fade","tecnologia"],"articleSection":["Not\u00edcias"],"inLanguage":"pt-PT"},{"@type":"WebPage","@id":"https:\/\/portaltela.pt\/noticias\/2026\/03\/04\/idosos-de-rio-de-onor-passam-a-viver-numa-aldeia-pedagogica-digital\/","url":"https:\/\/portaltela.pt\/noticias\/2026\/03\/04\/idosos-de-rio-de-onor-passam-a-viver-numa-aldeia-pedagogica-digital\/","name":"Idosos de Rio de Onor passam a viver numa aldeia pedag\u00f3gica digital - Portal Tela Portugal","isPartOf":{"@id":"https:\/\/portaltela.pt\/#website"},"primaryImageOfPage":{"@id":"https:\/\/portaltela.pt\/noticias\/2026\/03\/04\/idosos-de-rio-de-onor-passam-a-viver-numa-aldeia-pedagogica-digital\/#primaryimage"},"image":{"@id":"https:\/\/portaltela.pt\/noticias\/2026\/03\/04\/idosos-de-rio-de-onor-passam-a-viver-numa-aldeia-pedagogica-digital\/#primaryimage"},"thumbnailUrl":"https:\/\/portaltela.pt\/s.01k8rhncp4jt1\/2026\/03\/image-243.jpg","datePublished":"2026-03-04T17:47:00+00:00","author":{"@id":"https:\/\/portaltela.pt\/#\/schema\/person\/c4278d4a6028830caff9ee44b42d32ed"},"breadcrumb":{"@id":"https:\/\/portaltela.pt\/noticias\/2026\/03\/04\/idosos-de-rio-de-onor-passam-a-viver-numa-aldeia-pedagogica-digital\/#breadcrumb"},"inLanguage":"pt-PT","potentialAction":[{"@type":"ReadAction","target":["https:\/\/portaltela.pt\/noticias\/2026\/03\/04\/idosos-de-rio-de-onor-passam-a-viver-numa-aldeia-pedagogica-digital\/"]}]},{"@type":"ImageObject","inLanguage":"pt-PT","@id":"https:\/\/portaltela.pt\/noticias\/2026\/03\/04\/idosos-de-rio-de-onor-passam-a-viver-numa-aldeia-pedagogica-digital\/#primaryimage","url":"https:\/\/portaltela.pt\/s.01k8rhncp4jt1\/2026\/03\/image-243.jpg","contentUrl":"https:\/\/portaltela.pt\/s.01k8rhncp4jt1\/2026\/03\/image-243.jpg","width":796,"height":448,"caption":"Respons\u00e1veis das entidades envolvidas no projeto em Rio de Onor"},{"@type":"BreadcrumbList","@id":"https:\/\/portaltela.pt\/noticias\/2026\/03\/04\/idosos-de-rio-de-onor-passam-a-viver-numa-aldeia-pedagogica-digital\/#breadcrumb","itemListElement":[{"@type":"ListItem","position":1,"name":"In\u00edcio","item":"https:\/\/portaltela.pt\/"},{"@type":"ListItem","position":2,"name":"Idosos de Rio de Onor passam a viver numa aldeia pedag\u00f3gica digital"}]},{"@type":"WebSite","@id":"https:\/\/portaltela.pt\/#website","url":"https:\/\/portaltela.pt\/","name":"Portal Tela Portugal","description":"","potentialAction":[{"@type":"SearchAction","target":{"@type":"EntryPoint","urlTemplate":"https:\/\/portaltela.pt\/?s={search_term_string}"},"query-input":{"@type":"PropertyValueSpecification","valueRequired":true,"valueName":"search_term_string"}}],"inLanguage":"pt-PT"},{"@type":"Person","@id":"https:\/\/portaltela.pt\/#\/schema\/person\/c4278d4a6028830caff9ee44b42d32ed","name":"Telinha","image":{"@type":"ImageObject","inLanguage":"pt-PT","@id":"https:\/\/portaltela.pt\/s.01k8rhncp4jt1\/2025\/11\/talking-bot-125x125.png","url":"https:\/\/portaltela.pt\/s.01k8rhncp4jt1\/2025\/11\/talking-bot-125x125.png","contentUrl":"https:\/\/portaltela.pt\/s.01k8rhncp4jt1\/2025\/11\/talking-bot-125x125.png","caption":"Telinha"},"sameAs":["https:\/\/portaltela.pt\/"],"url":"https:\/\/portaltela.pt\/por\/367410592786\/"}]}},"_links":{"self":[{"href":"https:\/\/portaltela.pt\/api\/wp\/v2\/posts\/397591","targetHints":{"allow":["GET"]}}],"collection":[{"href":"https:\/\/portaltela.pt\/api\/wp\/v2\/posts"}],"about":[{"href":"https:\/\/portaltela.pt\/api\/wp\/v2\/types\/post"}],"author":[{"embeddable":true,"href":"https:\/\/portaltela.pt\/api\/wp\/v2\/users\/2"}],"replies":[{"embeddable":true,"href":"https:\/\/portaltela.pt\/api\/wp\/v2\/comments?post=397591"}],"version-history":[{"count":0,"href":"https:\/\/portaltela.pt\/api\/wp\/v2\/posts\/397591\/revisions"}],"wp:featuredmedia":[{"embeddable":true,"href":"https:\/\/portaltela.pt\/api\/wp\/v2\/media\/397602"}],"wp:attachment":[{"href":"https:\/\/portaltela.pt\/api\/wp\/v2\/media?parent=397591"}],"wp:term":[{"taxonomy":"category","embeddable":true,"href":"https:\/\/portaltela.pt\/api\/wp\/v2\/categories?post=397591"},{"taxonomy":"post_tag","embeddable":true,"href":"https:\/\/portaltela.pt\/api\/wp\/v2\/tags?post=397591"}],"curies":[{"name":"wp","href":"https:\/\/api.w.org\/{rel}","templated":true}]}}