{"id":397589,"date":"2026-03-04T14:44:00","date_gmt":"2026-03-04T17:44:00","guid":{"rendered":"https:\/\/portaltela.pt\/noticias\/2026\/03\/04\/participacoes-do-fc-porto-contra-varandas-e-luis-suarez-ja-estao-na-federacao\/"},"modified":"2026-03-04T14:44:00","modified_gmt":"2026-03-04T17:44:00","slug":"participacoes-do-fc-porto-contra-varandas-e-luis-suarez-ja-estao-na-federacao","status":"publish","type":"post","link":"https:\/\/portaltela.pt\/desporto\/futebol\/2026\/03\/04\/participacoes-do-fc-porto-contra-varandas-e-luis-suarez-ja-estao-na-federacao\/","title":{"rendered":"Participa\u00e7\u00f5es do FC Porto contra Varandas e Lu\u00eds Su\u00e1rez j\u00e1 est\u00e3o na Federa\u00e7\u00e3o"},"content":{"rendered":"<p>O F C Porto entregou \u00e0 Federa\u00e7\u00e3o Portuguesa de Futebol (FPF) as participa\u00e7\u00f5es disciplinares contra Frederico Varandas e Luis Su\u00e1rez, ap\u00f3s o cl\u00e1ssico da meia-final da Ta\u00e7a de Portugal disputado na ter\u00e7a-feira. A acusa\u00e7\u00e3o sobre Varandas baseia-se em declara\u00e7\u00f5es proferidas no final do encontro, quando o presidente do Sporting chamou o l\u00edder dos drag\u00f5es de \u201cmentiroso\u201d e \u201ccobarde\u201d.<\/p>\n<p>O relat\u00f3rio tamb\u00e9m relata que Su\u00e1rez pode ser alvo de san\u00e7\u00e3o devido a um gesto de \u201croubo\u201d dirigido \u00e0s c\u00e2maras de televis\u00e3o, depois de o Sporting reclamar um segundo cart\u00e3o amarelo a Alberto Costa. O lance ocorreu pouco antes do intervalo.<\/p>\n<p>A participa\u00e7\u00e3o de Su\u00e1rez, que n\u00e3o consta nos relat\u00f3rios do \u00e1rbitro e do delegado segundo o JN, permite ao Conselho de Disciplina da FPF abrir um inqu\u00e9rito ao jogador do Sporting, com potencial processo disciplinar. O artigo 153.\u00ba do regulamento disciplina r da FPF prev\u00ea san\u00e7\u00f5es para ofensa \u00e0 honra mediante gestos ou express\u00f5es dirigidas a terceiros, incluindo membros da equipa de arbitragem.<\/p>\n<p>Caso seja considerado culpado, Su\u00e1rez pode enfrentar suspens\u00e3o entre 2 e 8 jogos, dependendo da avalia\u00e7\u00e3o do Conselho de Disciplina, com poss\u00edvel multa para jogador profissional. O Porto j\u00e1 acionou o devido procedimento, adotando a via disciplinar ap\u00f3s o encontro que terminou com a vit\u00f3ria do Porto por 1-0.<\/p>\n","protected":false},"excerpt":{"rendered":"<ul>\n<li>O F. C. Porto j\u00e1 entregou \u00e0 Federa\u00e7\u00e3o Portuguesa de Futebol as participa\u00e7\u00f5es disciplinares contra Frederico Varandas e Luis Su\u00e1rez, referentes ao cl\u00e1ssico da Ta\u00e7a de Portugal.<\/li>\n<li>Varandas \u00e9 acusado de ter chamado o presidente dos drag\u00f5es de &#8220;mentiroso&#8221; e &#8220;cobarde&#8221; no final do encontro, enquanto Andr\u00e9 Villas-Boas, treinador\/representante do Porto, tinha criticado a arbitragem.<\/li>\n<li>Su\u00e1rez fica em foco por um gesto de &#8220;roubo&#8221; para as c\u00e2maras, ap\u00f3s o lance que a Sporting reclama ter ouvido o \u00e1rbitro dizer que n\u00e3o mostrou o segundo cart\u00e3o amarelo.<\/li>\n<li>A participa\u00e7\u00e3o portista \u00e9 necess\u00e1ria porque o gesto de Su\u00e1rez n\u00e3o consta nos relat\u00f3rios do \u00e1rbitro e do delegado, permitindo ao Conselho de Disciplina abrir um inqu\u00e9rito.<\/li>\n<li>Pode haver puni\u00e7\u00e3o com base no artigo 153.\u00ba do regulamento disciplinar da FPF, com suspens\u00e3o de dois a oito jogos e multa entre 300 e 800 euros, caso o facto seja comprovado.<\/li>\n<\/ul>\n","protected":false},"author":2,"featured_media":397600,"comment_status":"closed","ping_status":"closed","sticky":false,"template":"","format":"standard","meta":{"footnotes":""},"categories":[21,24],"tags":[6613,2705,32,3272,982,1652],"class_list":["post-397589","post","type-post","status-publish","format-standard","has-post-thumbnail","hentry","category-desporto","category-futebol","tag-comissao-de-disciplina","tag-federacao-portuguesa-de-futebol","tag-futebol","tag-luis-suarez","tag-porto","tag-sporting"],"yoast_head":"<!-- This site is optimized with the Yoast SEO plugin v27.2 - https:\/\/yoast.com\/product\/yoast-seo-wordpress\/ -->\n<title>Participa\u00e7\u00f5es do FC Porto contra Varandas e Lu\u00eds Su\u00e1rez j\u00e1 est\u00e3o na Federa\u00e7\u00e3o - Portal Tela Portugal<\/title>\n<meta name=\"robots\" content=\"index, follow, max-snippet:-1, max-image-preview:large, max-video-preview:-1\" \/>\n<meta property=\"og:locale\" content=\"pt_PT\" \/>\n<meta property=\"og:type\" content=\"article\" \/>\n<meta property=\"og:title\" content=\"Participa\u00e7\u00f5es do FC Porto contra Varandas e Lu\u00eds Su\u00e1rez j\u00e1 est\u00e3o na Federa\u00e7\u00e3o - Portal Tela Portugal\" \/>\n<meta property=\"og:description\" content=\"O F. C. Porto j\u00e1 entregou \u00e0 Federa\u00e7\u00e3o Portuguesa de Futebol as participa\u00e7\u00f5es disciplinares contra Frederico Varandas e Luis Su\u00e1rez, referentes ao cl\u00e1ssico da Ta\u00e7a de Portugal. Varandas \u00e9 acusado de ter chamado o presidente dos drag\u00f5es de &quot;mentiroso&quot; e &quot;cobarde&quot; no final do encontro, enquanto Andr\u00e9 Villas-Boas, treinador\/representante do Porto, tinha criticado a arbitragem. Su\u00e1rez fica em foco por um gesto de &quot;roubo&quot; para as c\u00e2maras, ap\u00f3s o lance que a Sporting reclama ter ouvido o \u00e1rbitro dizer que n\u00e3o mostrou o segundo cart\u00e3o amarelo. A participa\u00e7\u00e3o portista \u00e9 necess\u00e1ria porque o gesto de Su\u00e1rez n\u00e3o consta nos relat\u00f3rios do \u00e1rbitro e do delegado, permitindo ao Conselho de Disciplina abrir um inqu\u00e9rito. Pode haver puni\u00e7\u00e3o com base no artigo 153.\u00ba do regulamento disciplinar da FPF, com suspens\u00e3o de dois a oito jogos e multa entre 300 e 800 euros, caso o facto seja comprovado.\" \/>\n<meta property=\"og:url\" content=\"https:\/\/portaltela.pt\/noticias\/2026\/03\/04\/participacoes-do-fc-porto-contra-varandas-e-luis-suarez-ja-estao-na-federacao\/\" \/>\n<meta property=\"og:site_name\" content=\"Portal Tela Portugal\" \/>\n<meta property=\"article:published_time\" content=\"2026-03-04T17:44:00+00:00\" \/>\n<meta name=\"author\" content=\"Telinha\" \/>\n<meta name=\"twitter:card\" content=\"summary_large_image\" \/>\n<meta name=\"twitter:label1\" content=\"Escrito por\" \/>\n\t<meta name=\"twitter:data1\" content=\"Telinha\" \/>\n\t<meta name=\"twitter:label2\" content=\"Tempo estimado de leitura\" \/>\n\t<meta name=\"twitter:data2\" content=\"1 minuto\" \/>\n<script type=\"application\/ld+json\" class=\"yoast-schema-graph\">{\"@context\":\"https:\/\/schema.org\",\"@graph\":[{\"@type\":\"Article\",\"@id\":\"https:\/\/portaltela.pt\/noticias\/2026\/03\/04\/participacoes-do-fc-porto-contra-varandas-e-luis-suarez-ja-estao-na-federacao\/#article\",\"isPartOf\":{\"@id\":\"https:\/\/portaltela.pt\/noticias\/2026\/03\/04\/participacoes-do-fc-porto-contra-varandas-e-luis-suarez-ja-estao-na-federacao\/\"},\"author\":{\"name\":\"Telinha\",\"@id\":\"https:\/\/portaltela.pt\/#\/schema\/person\/c4278d4a6028830caff9ee44b42d32ed\"},\"headline\":\"Participa\u00e7\u00f5es do FC Porto contra Varandas e Lu\u00eds Su\u00e1rez j\u00e1 est\u00e3o na Federa\u00e7\u00e3o\",\"datePublished\":\"2026-03-04T17:44:00+00:00\",\"mainEntityOfPage\":{\"@id\":\"https:\/\/portaltela.pt\/noticias\/2026\/03\/04\/participacoes-do-fc-porto-contra-varandas-e-luis-suarez-ja-estao-na-federacao\/\"},\"wordCount\":255,\"image\":{\"@id\":\"https:\/\/portaltela.pt\/noticias\/2026\/03\/04\/participacoes-do-fc-porto-contra-varandas-e-luis-suarez-ja-estao-na-federacao\/#primaryimage\"},\"thumbnailUrl\":\"https:\/\/portaltela.pt\/s.01k8rhncp4jt1\/2026\/03\/image-242.jpg\",\"keywords\":[\"Comiss\u00e3o de Disciplina\",\"Federa\u00e7\u00e3o Portuguesa de Futebol\",\"futebol\",\"Luis Su\u00e1rez\",\"Porto\",\"Sporting\"],\"articleSection\":[\"Desporto\",\"Futebol\"],\"inLanguage\":\"pt-PT\"},{\"@type\":\"WebPage\",\"@id\":\"https:\/\/portaltela.pt\/noticias\/2026\/03\/04\/participacoes-do-fc-porto-contra-varandas-e-luis-suarez-ja-estao-na-federacao\/\",\"url\":\"https:\/\/portaltela.pt\/noticias\/2026\/03\/04\/participacoes-do-fc-porto-contra-varandas-e-luis-suarez-ja-estao-na-federacao\/\",\"name\":\"Participa\u00e7\u00f5es do FC Porto contra Varandas e Lu\u00eds Su\u00e1rez j\u00e1 est\u00e3o na Federa\u00e7\u00e3o - Portal Tela Portugal\",\"isPartOf\":{\"@id\":\"https:\/\/portaltela.pt\/#website\"},\"primaryImageOfPage\":{\"@id\":\"https:\/\/portaltela.pt\/noticias\/2026\/03\/04\/participacoes-do-fc-porto-contra-varandas-e-luis-suarez-ja-estao-na-federacao\/#primaryimage\"},\"image\":{\"@id\":\"https:\/\/portaltela.pt\/noticias\/2026\/03\/04\/participacoes-do-fc-porto-contra-varandas-e-luis-suarez-ja-estao-na-federacao\/#primaryimage\"},\"thumbnailUrl\":\"https:\/\/portaltela.pt\/s.01k8rhncp4jt1\/2026\/03\/image-242.jpg\",\"datePublished\":\"2026-03-04T17:44:00+00:00\",\"author\":{\"@id\":\"https:\/\/portaltela.pt\/#\/schema\/person\/c4278d4a6028830caff9ee44b42d32ed\"},\"breadcrumb\":{\"@id\":\"https:\/\/portaltela.pt\/noticias\/2026\/03\/04\/participacoes-do-fc-porto-contra-varandas-e-luis-suarez-ja-estao-na-federacao\/#breadcrumb\"},\"inLanguage\":\"pt-PT\",\"potentialAction\":[{\"@type\":\"ReadAction\",\"target\":[\"https:\/\/portaltela.pt\/noticias\/2026\/03\/04\/participacoes-do-fc-porto-contra-varandas-e-luis-suarez-ja-estao-na-federacao\/\"]}]},{\"@type\":\"ImageObject\",\"inLanguage\":\"pt-PT\",\"@id\":\"https:\/\/portaltela.pt\/noticias\/2026\/03\/04\/participacoes-do-fc-porto-contra-varandas-e-luis-suarez-ja-estao-na-federacao\/#primaryimage\",\"url\":\"https:\/\/portaltela.pt\/s.01k8rhncp4jt1\/2026\/03\/image-242.jpg\",\"contentUrl\":\"https:\/\/portaltela.pt\/s.01k8rhncp4jt1\/2026\/03\/image-242.jpg\",\"width\":796,\"height\":448,\"caption\":\"Gesto de Luis Su\u00e1rez foi feito ap\u00f3s uma suposta expuls\u00e3o perdoada a Alberto Costa\"},{\"@type\":\"BreadcrumbList\",\"@id\":\"https:\/\/portaltela.pt\/noticias\/2026\/03\/04\/participacoes-do-fc-porto-contra-varandas-e-luis-suarez-ja-estao-na-federacao\/#breadcrumb\",\"itemListElement\":[{\"@type\":\"ListItem\",\"position\":1,\"name\":\"In\u00edcio\",\"item\":\"https:\/\/portaltela.pt\/\"},{\"@type\":\"ListItem\",\"position\":2,\"name\":\"Participa\u00e7\u00f5es do FC Porto contra Varandas e Lu\u00eds Su\u00e1rez j\u00e1 est\u00e3o na Federa\u00e7\u00e3o\"}]},{\"@type\":\"WebSite\",\"@id\":\"https:\/\/portaltela.pt\/#website\",\"url\":\"https:\/\/portaltela.pt\/\",\"name\":\"Portal Tela Portugal\",\"description\":\"\",\"potentialAction\":[{\"@type\":\"SearchAction\",\"target\":{\"@type\":\"EntryPoint\",\"urlTemplate\":\"https:\/\/portaltela.pt\/?s={search_term_string}\"},\"query-input\":{\"@type\":\"PropertyValueSpecification\",\"valueRequired\":true,\"valueName\":\"search_term_string\"}}],\"inLanguage\":\"pt-PT\"},{\"@type\":\"Person\",\"@id\":\"https:\/\/portaltela.pt\/#\/schema\/person\/c4278d4a6028830caff9ee44b42d32ed\",\"name\":\"Telinha\",\"image\":{\"@type\":\"ImageObject\",\"inLanguage\":\"pt-PT\",\"@id\":\"https:\/\/portaltela.pt\/s.01k8rhncp4jt1\/2025\/11\/talking-bot-125x125.png\",\"url\":\"https:\/\/portaltela.pt\/s.01k8rhncp4jt1\/2025\/11\/talking-bot-125x125.png\",\"contentUrl\":\"https:\/\/portaltela.pt\/s.01k8rhncp4jt1\/2025\/11\/talking-bot-125x125.png\",\"caption\":\"Telinha\"},\"sameAs\":[\"https:\/\/portaltela.pt\/\"],\"url\":\"https:\/\/portaltela.pt\/por\/367410592786\/\"}]}<\/script>\n<!-- \/ Yoast SEO plugin. -->","yoast_head_json":{"title":"Participa\u00e7\u00f5es do FC Porto contra Varandas e Lu\u00eds Su\u00e1rez j\u00e1 est\u00e3o na Federa\u00e7\u00e3o - Portal Tela Portugal","robots":{"index":"index","follow":"follow","max-snippet":"max-snippet:-1","max-image-preview":"max-image-preview:large","max-video-preview":"max-video-preview:-1"},"og_locale":"pt_PT","og_type":"article","og_title":"Participa\u00e7\u00f5es do FC Porto contra Varandas e Lu\u00eds Su\u00e1rez j\u00e1 est\u00e3o na Federa\u00e7\u00e3o - Portal Tela Portugal","og_description":"O F. C. Porto j\u00e1 entregou \u00e0 Federa\u00e7\u00e3o Portuguesa de Futebol as participa\u00e7\u00f5es disciplinares contra Frederico Varandas e Luis Su\u00e1rez, referentes ao cl\u00e1ssico da Ta\u00e7a de Portugal. Varandas \u00e9 acusado de ter chamado o presidente dos drag\u00f5es de \"mentiroso\" e \"cobarde\" no final do encontro, enquanto Andr\u00e9 Villas-Boas, treinador\/representante do Porto, tinha criticado a arbitragem. Su\u00e1rez fica em foco por um gesto de \"roubo\" para as c\u00e2maras, ap\u00f3s o lance que a Sporting reclama ter ouvido o \u00e1rbitro dizer que n\u00e3o mostrou o segundo cart\u00e3o amarelo. A participa\u00e7\u00e3o portista \u00e9 necess\u00e1ria porque o gesto de Su\u00e1rez n\u00e3o consta nos relat\u00f3rios do \u00e1rbitro e do delegado, permitindo ao Conselho de Disciplina abrir um inqu\u00e9rito. Pode haver puni\u00e7\u00e3o com base no artigo 153.\u00ba do regulamento disciplinar da FPF, com suspens\u00e3o de dois a oito jogos e multa entre 300 e 800 euros, caso o facto seja comprovado.","og_url":"https:\/\/portaltela.pt\/noticias\/2026\/03\/04\/participacoes-do-fc-porto-contra-varandas-e-luis-suarez-ja-estao-na-federacao\/","og_site_name":"Portal Tela Portugal","article_published_time":"2026-03-04T17:44:00+00:00","author":"Telinha","twitter_card":"summary_large_image","twitter_misc":{"Escrito por":"Telinha","Tempo estimado de leitura":"1 minuto"},"schema":{"@context":"https:\/\/schema.org","@graph":[{"@type":"Article","@id":"https:\/\/portaltela.pt\/noticias\/2026\/03\/04\/participacoes-do-fc-porto-contra-varandas-e-luis-suarez-ja-estao-na-federacao\/#article","isPartOf":{"@id":"https:\/\/portaltela.pt\/noticias\/2026\/03\/04\/participacoes-do-fc-porto-contra-varandas-e-luis-suarez-ja-estao-na-federacao\/"},"author":{"name":"Telinha","@id":"https:\/\/portaltela.pt\/#\/schema\/person\/c4278d4a6028830caff9ee44b42d32ed"},"headline":"Participa\u00e7\u00f5es do FC Porto contra Varandas e Lu\u00eds Su\u00e1rez j\u00e1 est\u00e3o na Federa\u00e7\u00e3o","datePublished":"2026-03-04T17:44:00+00:00","mainEntityOfPage":{"@id":"https:\/\/portaltela.pt\/noticias\/2026\/03\/04\/participacoes-do-fc-porto-contra-varandas-e-luis-suarez-ja-estao-na-federacao\/"},"wordCount":255,"image":{"@id":"https:\/\/portaltela.pt\/noticias\/2026\/03\/04\/participacoes-do-fc-porto-contra-varandas-e-luis-suarez-ja-estao-na-federacao\/#primaryimage"},"thumbnailUrl":"https:\/\/portaltela.pt\/s.01k8rhncp4jt1\/2026\/03\/image-242.jpg","keywords":["Comiss\u00e3o de Disciplina","Federa\u00e7\u00e3o Portuguesa de Futebol","futebol","Luis Su\u00e1rez","Porto","Sporting"],"articleSection":["Desporto","Futebol"],"inLanguage":"pt-PT"},{"@type":"WebPage","@id":"https:\/\/portaltela.pt\/noticias\/2026\/03\/04\/participacoes-do-fc-porto-contra-varandas-e-luis-suarez-ja-estao-na-federacao\/","url":"https:\/\/portaltela.pt\/noticias\/2026\/03\/04\/participacoes-do-fc-porto-contra-varandas-e-luis-suarez-ja-estao-na-federacao\/","name":"Participa\u00e7\u00f5es do FC Porto contra Varandas e Lu\u00eds Su\u00e1rez j\u00e1 est\u00e3o na Federa\u00e7\u00e3o - Portal Tela Portugal","isPartOf":{"@id":"https:\/\/portaltela.pt\/#website"},"primaryImageOfPage":{"@id":"https:\/\/portaltela.pt\/noticias\/2026\/03\/04\/participacoes-do-fc-porto-contra-varandas-e-luis-suarez-ja-estao-na-federacao\/#primaryimage"},"image":{"@id":"https:\/\/portaltela.pt\/noticias\/2026\/03\/04\/participacoes-do-fc-porto-contra-varandas-e-luis-suarez-ja-estao-na-federacao\/#primaryimage"},"thumbnailUrl":"https:\/\/portaltela.pt\/s.01k8rhncp4jt1\/2026\/03\/image-242.jpg","datePublished":"2026-03-04T17:44:00+00:00","author":{"@id":"https:\/\/portaltela.pt\/#\/schema\/person\/c4278d4a6028830caff9ee44b42d32ed"},"breadcrumb":{"@id":"https:\/\/portaltela.pt\/noticias\/2026\/03\/04\/participacoes-do-fc-porto-contra-varandas-e-luis-suarez-ja-estao-na-federacao\/#breadcrumb"},"inLanguage":"pt-PT","potentialAction":[{"@type":"ReadAction","target":["https:\/\/portaltela.pt\/noticias\/2026\/03\/04\/participacoes-do-fc-porto-contra-varandas-e-luis-suarez-ja-estao-na-federacao\/"]}]},{"@type":"ImageObject","inLanguage":"pt-PT","@id":"https:\/\/portaltela.pt\/noticias\/2026\/03\/04\/participacoes-do-fc-porto-contra-varandas-e-luis-suarez-ja-estao-na-federacao\/#primaryimage","url":"https:\/\/portaltela.pt\/s.01k8rhncp4jt1\/2026\/03\/image-242.jpg","contentUrl":"https:\/\/portaltela.pt\/s.01k8rhncp4jt1\/2026\/03\/image-242.jpg","width":796,"height":448,"caption":"Gesto de Luis Su\u00e1rez foi feito ap\u00f3s uma suposta expuls\u00e3o perdoada a Alberto Costa"},{"@type":"BreadcrumbList","@id":"https:\/\/portaltela.pt\/noticias\/2026\/03\/04\/participacoes-do-fc-porto-contra-varandas-e-luis-suarez-ja-estao-na-federacao\/#breadcrumb","itemListElement":[{"@type":"ListItem","position":1,"name":"In\u00edcio","item":"https:\/\/portaltela.pt\/"},{"@type":"ListItem","position":2,"name":"Participa\u00e7\u00f5es do FC Porto contra Varandas e Lu\u00eds Su\u00e1rez j\u00e1 est\u00e3o na Federa\u00e7\u00e3o"}]},{"@type":"WebSite","@id":"https:\/\/portaltela.pt\/#website","url":"https:\/\/portaltela.pt\/","name":"Portal Tela Portugal","description":"","potentialAction":[{"@type":"SearchAction","target":{"@type":"EntryPoint","urlTemplate":"https:\/\/portaltela.pt\/?s={search_term_string}"},"query-input":{"@type":"PropertyValueSpecification","valueRequired":true,"valueName":"search_term_string"}}],"inLanguage":"pt-PT"},{"@type":"Person","@id":"https:\/\/portaltela.pt\/#\/schema\/person\/c4278d4a6028830caff9ee44b42d32ed","name":"Telinha","image":{"@type":"ImageObject","inLanguage":"pt-PT","@id":"https:\/\/portaltela.pt\/s.01k8rhncp4jt1\/2025\/11\/talking-bot-125x125.png","url":"https:\/\/portaltela.pt\/s.01k8rhncp4jt1\/2025\/11\/talking-bot-125x125.png","contentUrl":"https:\/\/portaltela.pt\/s.01k8rhncp4jt1\/2025\/11\/talking-bot-125x125.png","caption":"Telinha"},"sameAs":["https:\/\/portaltela.pt\/"],"url":"https:\/\/portaltela.pt\/por\/367410592786\/"}]}},"_links":{"self":[{"href":"https:\/\/portaltela.pt\/api\/wp\/v2\/posts\/397589","targetHints":{"allow":["GET"]}}],"collection":[{"href":"https:\/\/portaltela.pt\/api\/wp\/v2\/posts"}],"about":[{"href":"https:\/\/portaltela.pt\/api\/wp\/v2\/types\/post"}],"author":[{"embeddable":true,"href":"https:\/\/portaltela.pt\/api\/wp\/v2\/users\/2"}],"replies":[{"embeddable":true,"href":"https:\/\/portaltela.pt\/api\/wp\/v2\/comments?post=397589"}],"version-history":[{"count":0,"href":"https:\/\/portaltela.pt\/api\/wp\/v2\/posts\/397589\/revisions"}],"wp:featuredmedia":[{"embeddable":true,"href":"https:\/\/portaltela.pt\/api\/wp\/v2\/media\/397600"}],"wp:attachment":[{"href":"https:\/\/portaltela.pt\/api\/wp\/v2\/media?parent=397589"}],"wp:term":[{"taxonomy":"category","embeddable":true,"href":"https:\/\/portaltela.pt\/api\/wp\/v2\/categories?post=397589"},{"taxonomy":"post_tag","embeddable":true,"href":"https:\/\/portaltela.pt\/api\/wp\/v2\/tags?post=397589"}],"curies":[{"name":"wp","href":"https:\/\/api.w.org\/{rel}","templated":true}]}}