{"id":397582,"date":"2026-03-04T14:46:14","date_gmt":"2026-03-04T17:46:14","guid":{"rendered":"https:\/\/portaltela.pt\/noticias\/2026\/03\/04\/valter-marques-fornece-novas-informacoes-sobre-lesao-de-aursnes\/"},"modified":"2026-03-04T14:46:14","modified_gmt":"2026-03-04T17:46:14","slug":"valter-marques-fornece-novas-informacoes-sobre-lesao-de-aursnes","status":"publish","type":"post","link":"https:\/\/portaltela.pt\/desporto\/futebol\/2026\/03\/04\/valter-marques-fornece-novas-informacoes-sobre-lesao-de-aursnes\/","title":{"rendered":"Valter Marques fornece novas informa\u00e7\u00f5es sobre les\u00e3o de Aursnes"},"content":{"rendered":"<p>O jogador noruegu\u00eas Aursnes ficar\u00e1 ausente do cl\u00e1ssico frente ao FC Porto, marcado para domingo \u00e0s 18h, devido a uma les\u00e3o. A informa\u00e7\u00e3o foi partilhada como confirma\u00e7\u00e3o de suspens\u00e3o tempor\u00e1ria para o confronto.<\/p>\n<p>Valter Marques, jornalista da Record, acrescenta detalhes sobre o estado de Aursnes. O rep\u00f3rter acompanha a evolu\u00e7\u00e3o da les\u00e3o e o impacto no alinhamento da equipa para o encontro.<\/p>\n<p>A recupera\u00e7\u00e3o do m\u00e9dio \u00e9 o principal ponto em an\u00e1lise, com a equipa a adaptar-se \u00e0 aus\u00eancia condicionante para o arranque do cl\u00e1ssico. N\u00e3o h\u00e1 indica\u00e7\u00e3o de retorno imediato.<\/p>\n","protected":false},"excerpt":{"rendered":"<ul>\n<li>Aursnes ficar\u00e1 de fora do cl\u00e1ssico contra o FC Porto, marcado para domingo \u00e0s 18h, devido a les\u00e3o.<\/li>\n<li>Valter Marques, jornalista do Record, fornece mais informa\u00e7\u00f5es sobre a situa\u00e7\u00e3o do jogador noruegu\u00eas.<\/li>\n<\/ul>\n","protected":false},"author":2,"featured_media":397593,"comment_status":"closed","ping_status":"closed","sticky":false,"template":"","format":"standard","meta":{"footnotes":""},"categories":[21,24],"tags":[3758,152,2028,32,2538,982],"class_list":["post-397582","post","type-post","status-publish","format-standard","has-post-thumbnail","hentry","category-desporto","category-futebol","tag-aursnes","tag-desporto","tag-fc-porto","tag-futebol","tag-lesoes","tag-porto"],"yoast_head":"<!-- This site is optimized with the Yoast SEO plugin v27.2 - https:\/\/yoast.com\/product\/yoast-seo-wordpress\/ -->\n<title>Valter Marques fornece novas informa\u00e7\u00f5es sobre les\u00e3o de Aursnes - Portal Tela Portugal<\/title>\n<meta name=\"robots\" content=\"index, follow, max-snippet:-1, max-image-preview:large, max-video-preview:-1\" \/>\n<meta property=\"og:locale\" content=\"pt_PT\" \/>\n<meta property=\"og:type\" content=\"article\" \/>\n<meta property=\"og:title\" content=\"Valter Marques fornece novas informa\u00e7\u00f5es sobre les\u00e3o de Aursnes - Portal Tela Portugal\" \/>\n<meta property=\"og:description\" content=\"Aursnes ficar\u00e1 de fora do cl\u00e1ssico contra o FC Porto, marcado para domingo \u00e0s 18h, devido a les\u00e3o. Valter Marques, jornalista do Record, fornece mais informa\u00e7\u00f5es sobre a situa\u00e7\u00e3o do jogador noruegu\u00eas.\" \/>\n<meta property=\"og:url\" content=\"https:\/\/portaltela.pt\/noticias\/2026\/03\/04\/valter-marques-fornece-novas-informacoes-sobre-lesao-de-aursnes\/\" \/>\n<meta property=\"og:site_name\" content=\"Portal Tela Portugal\" \/>\n<meta property=\"article:published_time\" content=\"2026-03-04T17:46:14+00:00\" \/>\n<meta name=\"author\" content=\"Telinha\" \/>\n<meta name=\"twitter:card\" content=\"summary_large_image\" \/>\n<meta name=\"twitter:label1\" content=\"Escrito por\" \/>\n\t<meta name=\"twitter:data1\" content=\"Telinha\" \/>\n\t<meta name=\"twitter:label2\" content=\"Tempo estimado de leitura\" \/>\n\t<meta name=\"twitter:data2\" content=\"1 minuto\" \/>\n<script type=\"application\/ld+json\" class=\"yoast-schema-graph\">{\"@context\":\"https:\/\/schema.org\",\"@graph\":[{\"@type\":\"Article\",\"@id\":\"https:\/\/portaltela.pt\/noticias\/2026\/03\/04\/valter-marques-fornece-novas-informacoes-sobre-lesao-de-aursnes\/#article\",\"isPartOf\":{\"@id\":\"https:\/\/portaltela.pt\/noticias\/2026\/03\/04\/valter-marques-fornece-novas-informacoes-sobre-lesao-de-aursnes\/\"},\"author\":{\"name\":\"Telinha\",\"@id\":\"https:\/\/portaltela.pt\/#\/schema\/person\/c4278d4a6028830caff9ee44b42d32ed\"},\"headline\":\"Valter Marques fornece novas informa\u00e7\u00f5es sobre les\u00e3o de Aursnes\",\"datePublished\":\"2026-03-04T17:46:14+00:00\",\"mainEntityOfPage\":{\"@id\":\"https:\/\/portaltela.pt\/noticias\/2026\/03\/04\/valter-marques-fornece-novas-informacoes-sobre-lesao-de-aursnes\/\"},\"wordCount\":117,\"image\":{\"@id\":\"https:\/\/portaltela.pt\/noticias\/2026\/03\/04\/valter-marques-fornece-novas-informacoes-sobre-lesao-de-aursnes\/#primaryimage\"},\"thumbnailUrl\":\"https:\/\/portaltela.pt\/s.01k8rhncp4jt1\/2026\/03\/img_1200x721uu2026-03-04-17-44-40-2424886.jpg\",\"keywords\":[\"Aursnes\",\"desporto\",\"FC Porto\",\"futebol\",\"les\u00f5es\",\"Porto\"],\"articleSection\":[\"Desporto\",\"Futebol\"],\"inLanguage\":\"pt-PT\"},{\"@type\":\"WebPage\",\"@id\":\"https:\/\/portaltela.pt\/noticias\/2026\/03\/04\/valter-marques-fornece-novas-informacoes-sobre-lesao-de-aursnes\/\",\"url\":\"https:\/\/portaltela.pt\/noticias\/2026\/03\/04\/valter-marques-fornece-novas-informacoes-sobre-lesao-de-aursnes\/\",\"name\":\"Valter Marques fornece novas informa\u00e7\u00f5es sobre les\u00e3o de Aursnes - Portal Tela Portugal\",\"isPartOf\":{\"@id\":\"https:\/\/portaltela.pt\/#website\"},\"primaryImageOfPage\":{\"@id\":\"https:\/\/portaltela.pt\/noticias\/2026\/03\/04\/valter-marques-fornece-novas-informacoes-sobre-lesao-de-aursnes\/#primaryimage\"},\"image\":{\"@id\":\"https:\/\/portaltela.pt\/noticias\/2026\/03\/04\/valter-marques-fornece-novas-informacoes-sobre-lesao-de-aursnes\/#primaryimage\"},\"thumbnailUrl\":\"https:\/\/portaltela.pt\/s.01k8rhncp4jt1\/2026\/03\/img_1200x721uu2026-03-04-17-44-40-2424886.jpg\",\"datePublished\":\"2026-03-04T17:46:14+00:00\",\"author\":{\"@id\":\"https:\/\/portaltela.pt\/#\/schema\/person\/c4278d4a6028830caff9ee44b42d32ed\"},\"breadcrumb\":{\"@id\":\"https:\/\/portaltela.pt\/noticias\/2026\/03\/04\/valter-marques-fornece-novas-informacoes-sobre-lesao-de-aursnes\/#breadcrumb\"},\"inLanguage\":\"pt-PT\",\"potentialAction\":[{\"@type\":\"ReadAction\",\"target\":[\"https:\/\/portaltela.pt\/noticias\/2026\/03\/04\/valter-marques-fornece-novas-informacoes-sobre-lesao-de-aursnes\/\"]}]},{\"@type\":\"ImageObject\",\"inLanguage\":\"pt-PT\",\"@id\":\"https:\/\/portaltela.pt\/noticias\/2026\/03\/04\/valter-marques-fornece-novas-informacoes-sobre-lesao-de-aursnes\/#primaryimage\",\"url\":\"https:\/\/portaltela.pt\/s.01k8rhncp4jt1\/2026\/03\/img_1200x721uu2026-03-04-17-44-40-2424886.jpg\",\"contentUrl\":\"https:\/\/portaltela.pt\/s.01k8rhncp4jt1\/2026\/03\/img_1200x721uu2026-03-04-17-44-40-2424886.jpg\",\"width\":796,\"height\":448,\"caption\":\"Valter Marques d\u00e1 mais informa\u00e7\u00f5es sobre les\u00e3o de Aursnes\"},{\"@type\":\"BreadcrumbList\",\"@id\":\"https:\/\/portaltela.pt\/noticias\/2026\/03\/04\/valter-marques-fornece-novas-informacoes-sobre-lesao-de-aursnes\/#breadcrumb\",\"itemListElement\":[{\"@type\":\"ListItem\",\"position\":1,\"name\":\"In\u00edcio\",\"item\":\"https:\/\/portaltela.pt\/\"},{\"@type\":\"ListItem\",\"position\":2,\"name\":\"Valter Marques fornece novas informa\u00e7\u00f5es sobre les\u00e3o de Aursnes\"}]},{\"@type\":\"WebSite\",\"@id\":\"https:\/\/portaltela.pt\/#website\",\"url\":\"https:\/\/portaltela.pt\/\",\"name\":\"Portal Tela Portugal\",\"description\":\"\",\"potentialAction\":[{\"@type\":\"SearchAction\",\"target\":{\"@type\":\"EntryPoint\",\"urlTemplate\":\"https:\/\/portaltela.pt\/?s={search_term_string}\"},\"query-input\":{\"@type\":\"PropertyValueSpecification\",\"valueRequired\":true,\"valueName\":\"search_term_string\"}}],\"inLanguage\":\"pt-PT\"},{\"@type\":\"Person\",\"@id\":\"https:\/\/portaltela.pt\/#\/schema\/person\/c4278d4a6028830caff9ee44b42d32ed\",\"name\":\"Telinha\",\"image\":{\"@type\":\"ImageObject\",\"inLanguage\":\"pt-PT\",\"@id\":\"https:\/\/portaltela.pt\/s.01k8rhncp4jt1\/2025\/11\/talking-bot-125x125.png\",\"url\":\"https:\/\/portaltela.pt\/s.01k8rhncp4jt1\/2025\/11\/talking-bot-125x125.png\",\"contentUrl\":\"https:\/\/portaltela.pt\/s.01k8rhncp4jt1\/2025\/11\/talking-bot-125x125.png\",\"caption\":\"Telinha\"},\"sameAs\":[\"https:\/\/portaltela.pt\/\"],\"url\":\"https:\/\/portaltela.pt\/por\/367410592786\/\"}]}<\/script>\n<!-- \/ Yoast SEO plugin. -->","yoast_head_json":{"title":"Valter Marques fornece novas informa\u00e7\u00f5es sobre les\u00e3o de Aursnes - Portal Tela Portugal","robots":{"index":"index","follow":"follow","max-snippet":"max-snippet:-1","max-image-preview":"max-image-preview:large","max-video-preview":"max-video-preview:-1"},"og_locale":"pt_PT","og_type":"article","og_title":"Valter Marques fornece novas informa\u00e7\u00f5es sobre les\u00e3o de Aursnes - Portal Tela Portugal","og_description":"Aursnes ficar\u00e1 de fora do cl\u00e1ssico contra o FC Porto, marcado para domingo \u00e0s 18h, devido a les\u00e3o. Valter Marques, jornalista do Record, fornece mais informa\u00e7\u00f5es sobre a situa\u00e7\u00e3o do jogador noruegu\u00eas.","og_url":"https:\/\/portaltela.pt\/noticias\/2026\/03\/04\/valter-marques-fornece-novas-informacoes-sobre-lesao-de-aursnes\/","og_site_name":"Portal Tela Portugal","article_published_time":"2026-03-04T17:46:14+00:00","author":"Telinha","twitter_card":"summary_large_image","twitter_misc":{"Escrito por":"Telinha","Tempo estimado de leitura":"1 minuto"},"schema":{"@context":"https:\/\/schema.org","@graph":[{"@type":"Article","@id":"https:\/\/portaltela.pt\/noticias\/2026\/03\/04\/valter-marques-fornece-novas-informacoes-sobre-lesao-de-aursnes\/#article","isPartOf":{"@id":"https:\/\/portaltela.pt\/noticias\/2026\/03\/04\/valter-marques-fornece-novas-informacoes-sobre-lesao-de-aursnes\/"},"author":{"name":"Telinha","@id":"https:\/\/portaltela.pt\/#\/schema\/person\/c4278d4a6028830caff9ee44b42d32ed"},"headline":"Valter Marques fornece novas informa\u00e7\u00f5es sobre les\u00e3o de Aursnes","datePublished":"2026-03-04T17:46:14+00:00","mainEntityOfPage":{"@id":"https:\/\/portaltela.pt\/noticias\/2026\/03\/04\/valter-marques-fornece-novas-informacoes-sobre-lesao-de-aursnes\/"},"wordCount":117,"image":{"@id":"https:\/\/portaltela.pt\/noticias\/2026\/03\/04\/valter-marques-fornece-novas-informacoes-sobre-lesao-de-aursnes\/#primaryimage"},"thumbnailUrl":"https:\/\/portaltela.pt\/s.01k8rhncp4jt1\/2026\/03\/img_1200x721uu2026-03-04-17-44-40-2424886.jpg","keywords":["Aursnes","desporto","FC Porto","futebol","les\u00f5es","Porto"],"articleSection":["Desporto","Futebol"],"inLanguage":"pt-PT"},{"@type":"WebPage","@id":"https:\/\/portaltela.pt\/noticias\/2026\/03\/04\/valter-marques-fornece-novas-informacoes-sobre-lesao-de-aursnes\/","url":"https:\/\/portaltela.pt\/noticias\/2026\/03\/04\/valter-marques-fornece-novas-informacoes-sobre-lesao-de-aursnes\/","name":"Valter Marques fornece novas informa\u00e7\u00f5es sobre les\u00e3o de Aursnes - Portal Tela Portugal","isPartOf":{"@id":"https:\/\/portaltela.pt\/#website"},"primaryImageOfPage":{"@id":"https:\/\/portaltela.pt\/noticias\/2026\/03\/04\/valter-marques-fornece-novas-informacoes-sobre-lesao-de-aursnes\/#primaryimage"},"image":{"@id":"https:\/\/portaltela.pt\/noticias\/2026\/03\/04\/valter-marques-fornece-novas-informacoes-sobre-lesao-de-aursnes\/#primaryimage"},"thumbnailUrl":"https:\/\/portaltela.pt\/s.01k8rhncp4jt1\/2026\/03\/img_1200x721uu2026-03-04-17-44-40-2424886.jpg","datePublished":"2026-03-04T17:46:14+00:00","author":{"@id":"https:\/\/portaltela.pt\/#\/schema\/person\/c4278d4a6028830caff9ee44b42d32ed"},"breadcrumb":{"@id":"https:\/\/portaltela.pt\/noticias\/2026\/03\/04\/valter-marques-fornece-novas-informacoes-sobre-lesao-de-aursnes\/#breadcrumb"},"inLanguage":"pt-PT","potentialAction":[{"@type":"ReadAction","target":["https:\/\/portaltela.pt\/noticias\/2026\/03\/04\/valter-marques-fornece-novas-informacoes-sobre-lesao-de-aursnes\/"]}]},{"@type":"ImageObject","inLanguage":"pt-PT","@id":"https:\/\/portaltela.pt\/noticias\/2026\/03\/04\/valter-marques-fornece-novas-informacoes-sobre-lesao-de-aursnes\/#primaryimage","url":"https:\/\/portaltela.pt\/s.01k8rhncp4jt1\/2026\/03\/img_1200x721uu2026-03-04-17-44-40-2424886.jpg","contentUrl":"https:\/\/portaltela.pt\/s.01k8rhncp4jt1\/2026\/03\/img_1200x721uu2026-03-04-17-44-40-2424886.jpg","width":796,"height":448,"caption":"Valter Marques d\u00e1 mais informa\u00e7\u00f5es sobre les\u00e3o de Aursnes"},{"@type":"BreadcrumbList","@id":"https:\/\/portaltela.pt\/noticias\/2026\/03\/04\/valter-marques-fornece-novas-informacoes-sobre-lesao-de-aursnes\/#breadcrumb","itemListElement":[{"@type":"ListItem","position":1,"name":"In\u00edcio","item":"https:\/\/portaltela.pt\/"},{"@type":"ListItem","position":2,"name":"Valter Marques fornece novas informa\u00e7\u00f5es sobre les\u00e3o de Aursnes"}]},{"@type":"WebSite","@id":"https:\/\/portaltela.pt\/#website","url":"https:\/\/portaltela.pt\/","name":"Portal Tela Portugal","description":"","potentialAction":[{"@type":"SearchAction","target":{"@type":"EntryPoint","urlTemplate":"https:\/\/portaltela.pt\/?s={search_term_string}"},"query-input":{"@type":"PropertyValueSpecification","valueRequired":true,"valueName":"search_term_string"}}],"inLanguage":"pt-PT"},{"@type":"Person","@id":"https:\/\/portaltela.pt\/#\/schema\/person\/c4278d4a6028830caff9ee44b42d32ed","name":"Telinha","image":{"@type":"ImageObject","inLanguage":"pt-PT","@id":"https:\/\/portaltela.pt\/s.01k8rhncp4jt1\/2025\/11\/talking-bot-125x125.png","url":"https:\/\/portaltela.pt\/s.01k8rhncp4jt1\/2025\/11\/talking-bot-125x125.png","contentUrl":"https:\/\/portaltela.pt\/s.01k8rhncp4jt1\/2025\/11\/talking-bot-125x125.png","caption":"Telinha"},"sameAs":["https:\/\/portaltela.pt\/"],"url":"https:\/\/portaltela.pt\/por\/367410592786\/"}]}},"_links":{"self":[{"href":"https:\/\/portaltela.pt\/api\/wp\/v2\/posts\/397582","targetHints":{"allow":["GET"]}}],"collection":[{"href":"https:\/\/portaltela.pt\/api\/wp\/v2\/posts"}],"about":[{"href":"https:\/\/portaltela.pt\/api\/wp\/v2\/types\/post"}],"author":[{"embeddable":true,"href":"https:\/\/portaltela.pt\/api\/wp\/v2\/users\/2"}],"replies":[{"embeddable":true,"href":"https:\/\/portaltela.pt\/api\/wp\/v2\/comments?post=397582"}],"version-history":[{"count":0,"href":"https:\/\/portaltela.pt\/api\/wp\/v2\/posts\/397582\/revisions"}],"wp:featuredmedia":[{"embeddable":true,"href":"https:\/\/portaltela.pt\/api\/wp\/v2\/media\/397593"}],"wp:attachment":[{"href":"https:\/\/portaltela.pt\/api\/wp\/v2\/media?parent=397582"}],"wp:term":[{"taxonomy":"category","embeddable":true,"href":"https:\/\/portaltela.pt\/api\/wp\/v2\/categories?post=397582"},{"taxonomy":"post_tag","embeddable":true,"href":"https:\/\/portaltela.pt\/api\/wp\/v2\/tags?post=397582"}],"curies":[{"name":"wp","href":"https:\/\/api.w.org\/{rel}","templated":true}]}}