{"id":397545,"date":"2026-03-04T14:15:00","date_gmt":"2026-03-04T17:15:00","guid":{"rendered":"https:\/\/portaltela.pt\/noticias\/2026\/03\/04\/recordista-da-meia-maratona-de-lisboa-defende-titulo-na-35a-edicao\/"},"modified":"2026-03-04T14:15:00","modified_gmt":"2026-03-04T17:15:00","slug":"recordista-da-meia-maratona-de-lisboa-defende-titulo-na-35a-edicao","status":"publish","type":"post","link":"https:\/\/portaltela.pt\/desporto\/2026\/03\/04\/recordista-da-meia-maratona-de-lisboa-defende-titulo-na-35a-edicao\/","title":{"rendered":"Recordista da Meia Maratona de Lisboa defende t\u00edtulo na 35\u00aa edi\u00e7\u00e3o"},"content":{"rendered":"<p>A et\u00edope Tsigie Gebreselema vai defender o t\u00edtulo da Meia Maratona de Lisboa na 35.\u00aa edi\u00e7\u00e3o, que se realiza no pr\u00f3ximo domingo. Gebreselema venceu a edi\u00e7\u00e3o de 2025 e ficou com o recorde do percurso, ao completar a prova em 1:04.21 horas, segundo confirma\u00e7\u00e3o da organiza\u00e7\u00e3o.<\/p>\n<p>A entidade organizadora informou hoje a participa\u00e7\u00e3o da atleta, destacando que o tempo recorde de 1:04.21 foi estabelecido na edi\u00e7\u00e3o de 2025. A not\u00edcia confirma a continuidade do dom\u00ednio da atleta na prova lisboeta.<\/p>\n<p>O evento decorre em Lisboa, com a meia maratona a manter o formato tradicional de corrida de 21,0975 quil\u00f3metros. A organiza\u00e7\u00e3o n\u00e3o avan\u00e7ou detalhes adicionais sobre o elenco completo de atletas ou altera\u00e7\u00f5es ao percurso para a edi\u00e7\u00e3o deste ano.<\/p>\n","protected":false},"excerpt":{"rendered":"<ul>\n<li>Tsigie Gebreselema, et\u00edope, vai defender o t\u00edtulo da Meia Maratona de Lisboa na 35.\u00aa edi\u00e7\u00e3o.<\/li>\n<li>A prova realiza-se no domingo.<\/li>\n<li>Gebreselema venceu a edi\u00e7\u00e3o de 2025, estabelecendo o recorde do percurso com 1:04.21 horas.<\/li>\n<li>A organiza\u00e7\u00e3o confirmou oficialmente a participa\u00e7\u00e3o da atual campe\u00e3.<\/li>\n<\/ul>\n","protected":false},"author":2,"featured_media":397558,"comment_status":"closed","ping_status":"closed","sticky":false,"template":"","format":"standard","meta":{"footnotes":""},"categories":[21],"tags":[252,6633,3504,152,981],"class_list":["post-397545","post","type-post","status-publish","format-standard","has-post-thumbnail","hentry","category-desporto","tag-atletas","tag-atletas-internacionais","tag-corridas","tag-desporto","tag-lisboa"],"yoast_head":"<!-- This site is optimized with the Yoast SEO plugin v27.2 - https:\/\/yoast.com\/product\/yoast-seo-wordpress\/ -->\n<title>Recordista da Meia Maratona de Lisboa defende t\u00edtulo na 35\u00aa edi\u00e7\u00e3o - Portal Tela Portugal<\/title>\n<meta name=\"robots\" content=\"index, follow, max-snippet:-1, max-image-preview:large, max-video-preview:-1\" \/>\n<meta property=\"og:locale\" content=\"pt_PT\" \/>\n<meta property=\"og:type\" content=\"article\" \/>\n<meta property=\"og:title\" content=\"Recordista da Meia Maratona de Lisboa defende t\u00edtulo na 35\u00aa edi\u00e7\u00e3o - Portal Tela Portugal\" \/>\n<meta property=\"og:description\" content=\"Tsigie Gebreselema, et\u00edope, vai defender o t\u00edtulo da Meia Maratona de Lisboa na 35.\u00aa edi\u00e7\u00e3o. A prova realiza-se no domingo. Gebreselema venceu a edi\u00e7\u00e3o de 2025, estabelecendo o recorde do percurso com 1:04.21 horas. A organiza\u00e7\u00e3o confirmou oficialmente a participa\u00e7\u00e3o da atual campe\u00e3.\" \/>\n<meta property=\"og:url\" content=\"https:\/\/portaltela.pt\/noticias\/2026\/03\/04\/recordista-da-meia-maratona-de-lisboa-defende-titulo-na-35a-edicao\/\" \/>\n<meta property=\"og:site_name\" content=\"Portal Tela Portugal\" \/>\n<meta property=\"article:published_time\" content=\"2026-03-04T17:15:00+00:00\" \/>\n<meta name=\"author\" content=\"Telinha\" \/>\n<meta name=\"twitter:card\" content=\"summary_large_image\" \/>\n<meta name=\"twitter:label1\" content=\"Escrito por\" \/>\n\t<meta name=\"twitter:data1\" content=\"Telinha\" \/>\n\t<meta name=\"twitter:label2\" content=\"Tempo estimado de leitura\" \/>\n\t<meta name=\"twitter:data2\" content=\"1 minuto\" \/>\n<script type=\"application\/ld+json\" class=\"yoast-schema-graph\">{\"@context\":\"https:\/\/schema.org\",\"@graph\":[{\"@type\":\"Article\",\"@id\":\"https:\/\/portaltela.pt\/noticias\/2026\/03\/04\/recordista-da-meia-maratona-de-lisboa-defende-titulo-na-35a-edicao\/#article\",\"isPartOf\":{\"@id\":\"https:\/\/portaltela.pt\/noticias\/2026\/03\/04\/recordista-da-meia-maratona-de-lisboa-defende-titulo-na-35a-edicao\/\"},\"author\":{\"name\":\"Telinha\",\"@id\":\"https:\/\/portaltela.pt\/#\/schema\/person\/c4278d4a6028830caff9ee44b42d32ed\"},\"headline\":\"Recordista da Meia Maratona de Lisboa defende t\u00edtulo na 35\u00aa edi\u00e7\u00e3o\",\"datePublished\":\"2026-03-04T17:15:00+00:00\",\"mainEntityOfPage\":{\"@id\":\"https:\/\/portaltela.pt\/noticias\/2026\/03\/04\/recordista-da-meia-maratona-de-lisboa-defende-titulo-na-35a-edicao\/\"},\"wordCount\":143,\"image\":{\"@id\":\"https:\/\/portaltela.pt\/noticias\/2026\/03\/04\/recordista-da-meia-maratona-de-lisboa-defende-titulo-na-35a-edicao\/#primaryimage\"},\"thumbnailUrl\":\"https:\/\/portaltela.pt\/s.01k8rhncp4jt1\/2026\/03\/CACHE_780X1200_ANALOG_WATERMARKED_44551307_12436066_09032025115621.jpg\",\"keywords\":[\"atletas\",\"atletas internacionais\",\"corridas\",\"desporto\",\"Lisboa\"],\"articleSection\":[\"Desporto\"],\"inLanguage\":\"pt-PT\"},{\"@type\":\"WebPage\",\"@id\":\"https:\/\/portaltela.pt\/noticias\/2026\/03\/04\/recordista-da-meia-maratona-de-lisboa-defende-titulo-na-35a-edicao\/\",\"url\":\"https:\/\/portaltela.pt\/noticias\/2026\/03\/04\/recordista-da-meia-maratona-de-lisboa-defende-titulo-na-35a-edicao\/\",\"name\":\"Recordista da Meia Maratona de Lisboa defende t\u00edtulo na 35\u00aa edi\u00e7\u00e3o - Portal Tela Portugal\",\"isPartOf\":{\"@id\":\"https:\/\/portaltela.pt\/#website\"},\"primaryImageOfPage\":{\"@id\":\"https:\/\/portaltela.pt\/noticias\/2026\/03\/04\/recordista-da-meia-maratona-de-lisboa-defende-titulo-na-35a-edicao\/#primaryimage\"},\"image\":{\"@id\":\"https:\/\/portaltela.pt\/noticias\/2026\/03\/04\/recordista-da-meia-maratona-de-lisboa-defende-titulo-na-35a-edicao\/#primaryimage\"},\"thumbnailUrl\":\"https:\/\/portaltela.pt\/s.01k8rhncp4jt1\/2026\/03\/CACHE_780X1200_ANALOG_WATERMARKED_44551307_12436066_09032025115621.jpg\",\"datePublished\":\"2026-03-04T17:15:00+00:00\",\"author\":{\"@id\":\"https:\/\/portaltela.pt\/#\/schema\/person\/c4278d4a6028830caff9ee44b42d32ed\"},\"breadcrumb\":{\"@id\":\"https:\/\/portaltela.pt\/noticias\/2026\/03\/04\/recordista-da-meia-maratona-de-lisboa-defende-titulo-na-35a-edicao\/#breadcrumb\"},\"inLanguage\":\"pt-PT\",\"potentialAction\":[{\"@type\":\"ReadAction\",\"target\":[\"https:\/\/portaltela.pt\/noticias\/2026\/03\/04\/recordista-da-meia-maratona-de-lisboa-defende-titulo-na-35a-edicao\/\"]}]},{\"@type\":\"ImageObject\",\"inLanguage\":\"pt-PT\",\"@id\":\"https:\/\/portaltela.pt\/noticias\/2026\/03\/04\/recordista-da-meia-maratona-de-lisboa-defende-titulo-na-35a-edicao\/#primaryimage\",\"url\":\"https:\/\/portaltela.pt\/s.01k8rhncp4jt1\/2026\/03\/CACHE_780X1200_ANALOG_WATERMARKED_44551307_12436066_09032025115621.jpg\",\"contentUrl\":\"https:\/\/portaltela.pt\/s.01k8rhncp4jt1\/2026\/03\/CACHE_780X1200_ANALOG_WATERMARKED_44551307_12436066_09032025115621.jpg\",\"width\":796,\"height\":448,\"caption\":\"Recordista da Meia Maratona de Lisboa defende t\u00edtulo na 35.\u00aa edi\u00e7\u00e3o\"},{\"@type\":\"BreadcrumbList\",\"@id\":\"https:\/\/portaltela.pt\/noticias\/2026\/03\/04\/recordista-da-meia-maratona-de-lisboa-defende-titulo-na-35a-edicao\/#breadcrumb\",\"itemListElement\":[{\"@type\":\"ListItem\",\"position\":1,\"name\":\"In\u00edcio\",\"item\":\"https:\/\/portaltela.pt\/\"},{\"@type\":\"ListItem\",\"position\":2,\"name\":\"Recordista da Meia Maratona de Lisboa defende t\u00edtulo na 35\u00aa edi\u00e7\u00e3o\"}]},{\"@type\":\"WebSite\",\"@id\":\"https:\/\/portaltela.pt\/#website\",\"url\":\"https:\/\/portaltela.pt\/\",\"name\":\"Portal Tela Portugal\",\"description\":\"\",\"potentialAction\":[{\"@type\":\"SearchAction\",\"target\":{\"@type\":\"EntryPoint\",\"urlTemplate\":\"https:\/\/portaltela.pt\/?s={search_term_string}\"},\"query-input\":{\"@type\":\"PropertyValueSpecification\",\"valueRequired\":true,\"valueName\":\"search_term_string\"}}],\"inLanguage\":\"pt-PT\"},{\"@type\":\"Person\",\"@id\":\"https:\/\/portaltela.pt\/#\/schema\/person\/c4278d4a6028830caff9ee44b42d32ed\",\"name\":\"Telinha\",\"image\":{\"@type\":\"ImageObject\",\"inLanguage\":\"pt-PT\",\"@id\":\"https:\/\/portaltela.pt\/s.01k8rhncp4jt1\/2025\/11\/talking-bot-125x125.png\",\"url\":\"https:\/\/portaltela.pt\/s.01k8rhncp4jt1\/2025\/11\/talking-bot-125x125.png\",\"contentUrl\":\"https:\/\/portaltela.pt\/s.01k8rhncp4jt1\/2025\/11\/talking-bot-125x125.png\",\"caption\":\"Telinha\"},\"sameAs\":[\"https:\/\/portaltela.pt\/\"],\"url\":\"https:\/\/portaltela.pt\/por\/367410592786\/\"}]}<\/script>\n<!-- \/ Yoast SEO plugin. -->","yoast_head_json":{"title":"Recordista da Meia Maratona de Lisboa defende t\u00edtulo na 35\u00aa edi\u00e7\u00e3o - Portal Tela Portugal","robots":{"index":"index","follow":"follow","max-snippet":"max-snippet:-1","max-image-preview":"max-image-preview:large","max-video-preview":"max-video-preview:-1"},"og_locale":"pt_PT","og_type":"article","og_title":"Recordista da Meia Maratona de Lisboa defende t\u00edtulo na 35\u00aa edi\u00e7\u00e3o - Portal Tela Portugal","og_description":"Tsigie Gebreselema, et\u00edope, vai defender o t\u00edtulo da Meia Maratona de Lisboa na 35.\u00aa edi\u00e7\u00e3o. A prova realiza-se no domingo. Gebreselema venceu a edi\u00e7\u00e3o de 2025, estabelecendo o recorde do percurso com 1:04.21 horas. A organiza\u00e7\u00e3o confirmou oficialmente a participa\u00e7\u00e3o da atual campe\u00e3.","og_url":"https:\/\/portaltela.pt\/noticias\/2026\/03\/04\/recordista-da-meia-maratona-de-lisboa-defende-titulo-na-35a-edicao\/","og_site_name":"Portal Tela Portugal","article_published_time":"2026-03-04T17:15:00+00:00","author":"Telinha","twitter_card":"summary_large_image","twitter_misc":{"Escrito por":"Telinha","Tempo estimado de leitura":"1 minuto"},"schema":{"@context":"https:\/\/schema.org","@graph":[{"@type":"Article","@id":"https:\/\/portaltela.pt\/noticias\/2026\/03\/04\/recordista-da-meia-maratona-de-lisboa-defende-titulo-na-35a-edicao\/#article","isPartOf":{"@id":"https:\/\/portaltela.pt\/noticias\/2026\/03\/04\/recordista-da-meia-maratona-de-lisboa-defende-titulo-na-35a-edicao\/"},"author":{"name":"Telinha","@id":"https:\/\/portaltela.pt\/#\/schema\/person\/c4278d4a6028830caff9ee44b42d32ed"},"headline":"Recordista da Meia Maratona de Lisboa defende t\u00edtulo na 35\u00aa edi\u00e7\u00e3o","datePublished":"2026-03-04T17:15:00+00:00","mainEntityOfPage":{"@id":"https:\/\/portaltela.pt\/noticias\/2026\/03\/04\/recordista-da-meia-maratona-de-lisboa-defende-titulo-na-35a-edicao\/"},"wordCount":143,"image":{"@id":"https:\/\/portaltela.pt\/noticias\/2026\/03\/04\/recordista-da-meia-maratona-de-lisboa-defende-titulo-na-35a-edicao\/#primaryimage"},"thumbnailUrl":"https:\/\/portaltela.pt\/s.01k8rhncp4jt1\/2026\/03\/CACHE_780X1200_ANALOG_WATERMARKED_44551307_12436066_09032025115621.jpg","keywords":["atletas","atletas internacionais","corridas","desporto","Lisboa"],"articleSection":["Desporto"],"inLanguage":"pt-PT"},{"@type":"WebPage","@id":"https:\/\/portaltela.pt\/noticias\/2026\/03\/04\/recordista-da-meia-maratona-de-lisboa-defende-titulo-na-35a-edicao\/","url":"https:\/\/portaltela.pt\/noticias\/2026\/03\/04\/recordista-da-meia-maratona-de-lisboa-defende-titulo-na-35a-edicao\/","name":"Recordista da Meia Maratona de Lisboa defende t\u00edtulo na 35\u00aa edi\u00e7\u00e3o - Portal Tela Portugal","isPartOf":{"@id":"https:\/\/portaltela.pt\/#website"},"primaryImageOfPage":{"@id":"https:\/\/portaltela.pt\/noticias\/2026\/03\/04\/recordista-da-meia-maratona-de-lisboa-defende-titulo-na-35a-edicao\/#primaryimage"},"image":{"@id":"https:\/\/portaltela.pt\/noticias\/2026\/03\/04\/recordista-da-meia-maratona-de-lisboa-defende-titulo-na-35a-edicao\/#primaryimage"},"thumbnailUrl":"https:\/\/portaltela.pt\/s.01k8rhncp4jt1\/2026\/03\/CACHE_780X1200_ANALOG_WATERMARKED_44551307_12436066_09032025115621.jpg","datePublished":"2026-03-04T17:15:00+00:00","author":{"@id":"https:\/\/portaltela.pt\/#\/schema\/person\/c4278d4a6028830caff9ee44b42d32ed"},"breadcrumb":{"@id":"https:\/\/portaltela.pt\/noticias\/2026\/03\/04\/recordista-da-meia-maratona-de-lisboa-defende-titulo-na-35a-edicao\/#breadcrumb"},"inLanguage":"pt-PT","potentialAction":[{"@type":"ReadAction","target":["https:\/\/portaltela.pt\/noticias\/2026\/03\/04\/recordista-da-meia-maratona-de-lisboa-defende-titulo-na-35a-edicao\/"]}]},{"@type":"ImageObject","inLanguage":"pt-PT","@id":"https:\/\/portaltela.pt\/noticias\/2026\/03\/04\/recordista-da-meia-maratona-de-lisboa-defende-titulo-na-35a-edicao\/#primaryimage","url":"https:\/\/portaltela.pt\/s.01k8rhncp4jt1\/2026\/03\/CACHE_780X1200_ANALOG_WATERMARKED_44551307_12436066_09032025115621.jpg","contentUrl":"https:\/\/portaltela.pt\/s.01k8rhncp4jt1\/2026\/03\/CACHE_780X1200_ANALOG_WATERMARKED_44551307_12436066_09032025115621.jpg","width":796,"height":448,"caption":"Recordista da Meia Maratona de Lisboa defende t\u00edtulo na 35.\u00aa edi\u00e7\u00e3o"},{"@type":"BreadcrumbList","@id":"https:\/\/portaltela.pt\/noticias\/2026\/03\/04\/recordista-da-meia-maratona-de-lisboa-defende-titulo-na-35a-edicao\/#breadcrumb","itemListElement":[{"@type":"ListItem","position":1,"name":"In\u00edcio","item":"https:\/\/portaltela.pt\/"},{"@type":"ListItem","position":2,"name":"Recordista da Meia Maratona de Lisboa defende t\u00edtulo na 35\u00aa edi\u00e7\u00e3o"}]},{"@type":"WebSite","@id":"https:\/\/portaltela.pt\/#website","url":"https:\/\/portaltela.pt\/","name":"Portal Tela Portugal","description":"","potentialAction":[{"@type":"SearchAction","target":{"@type":"EntryPoint","urlTemplate":"https:\/\/portaltela.pt\/?s={search_term_string}"},"query-input":{"@type":"PropertyValueSpecification","valueRequired":true,"valueName":"search_term_string"}}],"inLanguage":"pt-PT"},{"@type":"Person","@id":"https:\/\/portaltela.pt\/#\/schema\/person\/c4278d4a6028830caff9ee44b42d32ed","name":"Telinha","image":{"@type":"ImageObject","inLanguage":"pt-PT","@id":"https:\/\/portaltela.pt\/s.01k8rhncp4jt1\/2025\/11\/talking-bot-125x125.png","url":"https:\/\/portaltela.pt\/s.01k8rhncp4jt1\/2025\/11\/talking-bot-125x125.png","contentUrl":"https:\/\/portaltela.pt\/s.01k8rhncp4jt1\/2025\/11\/talking-bot-125x125.png","caption":"Telinha"},"sameAs":["https:\/\/portaltela.pt\/"],"url":"https:\/\/portaltela.pt\/por\/367410592786\/"}]}},"_links":{"self":[{"href":"https:\/\/portaltela.pt\/api\/wp\/v2\/posts\/397545","targetHints":{"allow":["GET"]}}],"collection":[{"href":"https:\/\/portaltela.pt\/api\/wp\/v2\/posts"}],"about":[{"href":"https:\/\/portaltela.pt\/api\/wp\/v2\/types\/post"}],"author":[{"embeddable":true,"href":"https:\/\/portaltela.pt\/api\/wp\/v2\/users\/2"}],"replies":[{"embeddable":true,"href":"https:\/\/portaltela.pt\/api\/wp\/v2\/comments?post=397545"}],"version-history":[{"count":0,"href":"https:\/\/portaltela.pt\/api\/wp\/v2\/posts\/397545\/revisions"}],"wp:featuredmedia":[{"embeddable":true,"href":"https:\/\/portaltela.pt\/api\/wp\/v2\/media\/397558"}],"wp:attachment":[{"href":"https:\/\/portaltela.pt\/api\/wp\/v2\/media?parent=397545"}],"wp:term":[{"taxonomy":"category","embeddable":true,"href":"https:\/\/portaltela.pt\/api\/wp\/v2\/categories?post=397545"},{"taxonomy":"post_tag","embeddable":true,"href":"https:\/\/portaltela.pt\/api\/wp\/v2\/tags?post=397545"}],"curies":[{"name":"wp","href":"https:\/\/api.w.org\/{rel}","templated":true}]}}