{"id":397544,"date":"2026-03-04T14:24:50","date_gmt":"2026-03-04T17:24:50","guid":{"rendered":"https:\/\/portaltela.pt\/noticias\/2026\/03\/04\/luis-andrade-relata-situacao-na-arabia-saudita-pediram-nao-sair-do-condominio\/"},"modified":"2026-03-04T14:24:50","modified_gmt":"2026-03-04T17:24:50","slug":"luis-andrade-relata-situacao-na-arabia-saudita-pediram-nao-sair-do-condominio","status":"publish","type":"post","link":"https:\/\/portaltela.pt\/desporto\/futebol\/2026\/03\/04\/luis-andrade-relata-situacao-na-arabia-saudita-pediram-nao-sair-do-condominio\/","title":{"rendered":"Lu\u00eds Andrade relata situa\u00e7\u00e3o na Ar\u00e1bia Saudita: pediram n\u00e3o sair do condom\u00ednio"},"content":{"rendered":"<p>Lu\u00eds Andrade, treinador da equipa feminina do Al Hilal, mant\u00e9m-se confinado em casa desde o in\u00edcio dos ataques iranianos \u00e0 capital Riade, na Ar\u00e1bia Saudita. O t\u00e9cnico descreve o ambiente como inseguro, com medidas de prote\u00e7\u00e3o a orientar o grupo a permanecer no condom\u00ednio onde residem.<\/p>\n<p>O momento de tens\u00e3o coincidiu com o per\u00edodo de minif\u00e9rias concedido pelo treinador \u00e0s jogadoras, j\u00e1 que o campeonato est\u00e1 paralisado entre 22 de fevereiro e 23 de mar\u00e7o. A pausa obrigou as jogadoras a manter um regime mais restrito, fora de campo.<\/p>\n<p>O grupo tem sido aconselhado a evitar desloca\u00e7\u00f5es desnecess\u00e1rias, em fun\u00e7\u00e3o dos recentes acontecimentos na regi\u00e3o. A situa\u00e7\u00e3o obrigou a adapta\u00e7\u00e3o de rotinas e de planeamento competitivo.<\/p>\n<h3>Contexto atual<\/h3>\n<p>A pausa no campeonato persiste, com atividades do plantel ajustadas a treinos em casa e instru\u00e7\u00f5es remotas para manter o condicionamento f\u00edsico. N\u00e3o existem informa\u00e7\u00f5es oficiais sobre danos ou feridos at\u00e9 ao momento.<\/p>\n<p>As fontes do clube indicam que a equipa segue em vigil\u00e2ncia constante, enquanto as autoridades locais avaliam a evolu\u00e7\u00e3o da situa\u00e7\u00e3o na regi\u00e3o. O Al Hilal n\u00e3o confirmou detalhes adicionais sobre o alcance dos ataques.<\/p>\n","protected":false},"excerpt":{"rendered":"<ul>\n<li>Lu\u00eds Andrade, treinador da equipa feminina do Al Hilal, est\u00e1 fechado em casa desde o in\u00edcio dos ataques do Ir\u00e3o \u00e0 capital da Ar\u00e1bia Saudita.<\/li>\n<li>O in\u00edcio das hostilidades coincidiu com um per\u00edodo de minif\u00e9rias concedidas pelo t\u00e9cnico \u00e0s suas jogadoras.<\/li>\n<li>O campeonato est\u00e1 paralisado entre 22 de fevereiro e 23 de mar\u00e7o.<\/li>\n<li>A not\u00edcia n\u00e3o acrescenta detalhes adicionais sobre consequ\u00eancias ou medidas adotadas pela equipa.<\/li>\n<\/ul>\n","protected":false},"author":2,"featured_media":397557,"comment_status":"closed","ping_status":"closed","sticky":false,"template":"","format":"standard","meta":{"footnotes":""},"categories":[21,24],"tags":[1016,152,32,1030,4083,250],"class_list":["post-397544","post","type-post","status-publish","format-standard","has-post-thumbnail","hentry","category-desporto","category-futebol","tag-arabia-saudita","tag-desporto","tag-futebol","tag-futebol-feminino","tag-riade","tag-seguranca-publica"],"yoast_head":"<!-- This site is optimized with the Yoast SEO plugin v27.2 - https:\/\/yoast.com\/product\/yoast-seo-wordpress\/ -->\n<title>Lu\u00eds Andrade relata situa\u00e7\u00e3o na Ar\u00e1bia Saudita: pediram n\u00e3o sair do condom\u00ednio - Portal Tela Portugal<\/title>\n<meta name=\"robots\" content=\"index, follow, max-snippet:-1, max-image-preview:large, max-video-preview:-1\" \/>\n<meta property=\"og:locale\" content=\"pt_PT\" \/>\n<meta property=\"og:type\" content=\"article\" \/>\n<meta property=\"og:title\" content=\"Lu\u00eds Andrade relata situa\u00e7\u00e3o na Ar\u00e1bia Saudita: pediram n\u00e3o sair do condom\u00ednio - Portal Tela Portugal\" \/>\n<meta property=\"og:description\" content=\"Lu\u00eds Andrade, treinador da equipa feminina do Al Hilal, est\u00e1 fechado em casa desde o in\u00edcio dos ataques do Ir\u00e3o \u00e0 capital da Ar\u00e1bia Saudita. O in\u00edcio das hostilidades coincidiu com um per\u00edodo de minif\u00e9rias concedidas pelo t\u00e9cnico \u00e0s suas jogadoras. O campeonato est\u00e1 paralisado entre 22 de fevereiro e 23 de mar\u00e7o. A not\u00edcia n\u00e3o acrescenta detalhes adicionais sobre consequ\u00eancias ou medidas adotadas pela equipa.\" \/>\n<meta property=\"og:url\" content=\"https:\/\/portaltela.pt\/noticias\/2026\/03\/04\/luis-andrade-relata-situacao-na-arabia-saudita-pediram-nao-sair-do-condominio\/\" \/>\n<meta property=\"og:site_name\" content=\"Portal Tela Portugal\" \/>\n<meta property=\"article:published_time\" content=\"2026-03-04T17:24:50+00:00\" \/>\n<meta name=\"author\" content=\"Telinha\" \/>\n<meta name=\"twitter:card\" content=\"summary_large_image\" \/>\n<meta name=\"twitter:label1\" content=\"Escrito por\" \/>\n\t<meta name=\"twitter:data1\" content=\"Telinha\" \/>\n\t<meta name=\"twitter:label2\" content=\"Tempo estimado de leitura\" \/>\n\t<meta name=\"twitter:data2\" content=\"1 minuto\" \/>\n<script type=\"application\/ld+json\" class=\"yoast-schema-graph\">{\"@context\":\"https:\/\/schema.org\",\"@graph\":[{\"@type\":\"Article\",\"@id\":\"https:\/\/portaltela.pt\/noticias\/2026\/03\/04\/luis-andrade-relata-situacao-na-arabia-saudita-pediram-nao-sair-do-condominio\/#article\",\"isPartOf\":{\"@id\":\"https:\/\/portaltela.pt\/noticias\/2026\/03\/04\/luis-andrade-relata-situacao-na-arabia-saudita-pediram-nao-sair-do-condominio\/\"},\"author\":{\"name\":\"Telinha\",\"@id\":\"https:\/\/portaltela.pt\/#\/schema\/person\/c4278d4a6028830caff9ee44b42d32ed\"},\"headline\":\"Lu\u00eds Andrade relata situa\u00e7\u00e3o na Ar\u00e1bia Saudita: pediram n\u00e3o sair do condom\u00ednio\",\"datePublished\":\"2026-03-04T17:24:50+00:00\",\"mainEntityOfPage\":{\"@id\":\"https:\/\/portaltela.pt\/noticias\/2026\/03\/04\/luis-andrade-relata-situacao-na-arabia-saudita-pediram-nao-sair-do-condominio\/\"},\"wordCount\":226,\"image\":{\"@id\":\"https:\/\/portaltela.pt\/noticias\/2026\/03\/04\/luis-andrade-relata-situacao-na-arabia-saudita-pediram-nao-sair-do-condominio\/#primaryimage\"},\"thumbnailUrl\":\"https:\/\/portaltela.pt\/s.01k8rhncp4jt1\/2026\/03\/img_920x518uu2026-03-04-17-13-52-2424881.jpg\",\"keywords\":[\"Ar\u00e1bia Saudita\",\"desporto\",\"futebol\",\"futebol feminino\",\"Riade\",\"seguran\u00e7a p\u00fablica\"],\"articleSection\":[\"Desporto\",\"Futebol\"],\"inLanguage\":\"pt-PT\"},{\"@type\":\"WebPage\",\"@id\":\"https:\/\/portaltela.pt\/noticias\/2026\/03\/04\/luis-andrade-relata-situacao-na-arabia-saudita-pediram-nao-sair-do-condominio\/\",\"url\":\"https:\/\/portaltela.pt\/noticias\/2026\/03\/04\/luis-andrade-relata-situacao-na-arabia-saudita-pediram-nao-sair-do-condominio\/\",\"name\":\"Lu\u00eds Andrade relata situa\u00e7\u00e3o na Ar\u00e1bia Saudita: pediram n\u00e3o sair do condom\u00ednio - Portal Tela Portugal\",\"isPartOf\":{\"@id\":\"https:\/\/portaltela.pt\/#website\"},\"primaryImageOfPage\":{\"@id\":\"https:\/\/portaltela.pt\/noticias\/2026\/03\/04\/luis-andrade-relata-situacao-na-arabia-saudita-pediram-nao-sair-do-condominio\/#primaryimage\"},\"image\":{\"@id\":\"https:\/\/portaltela.pt\/noticias\/2026\/03\/04\/luis-andrade-relata-situacao-na-arabia-saudita-pediram-nao-sair-do-condominio\/#primaryimage\"},\"thumbnailUrl\":\"https:\/\/portaltela.pt\/s.01k8rhncp4jt1\/2026\/03\/img_920x518uu2026-03-04-17-13-52-2424881.jpg\",\"datePublished\":\"2026-03-04T17:24:50+00:00\",\"author\":{\"@id\":\"https:\/\/portaltela.pt\/#\/schema\/person\/c4278d4a6028830caff9ee44b42d32ed\"},\"breadcrumb\":{\"@id\":\"https:\/\/portaltela.pt\/noticias\/2026\/03\/04\/luis-andrade-relata-situacao-na-arabia-saudita-pediram-nao-sair-do-condominio\/#breadcrumb\"},\"inLanguage\":\"pt-PT\",\"potentialAction\":[{\"@type\":\"ReadAction\",\"target\":[\"https:\/\/portaltela.pt\/noticias\/2026\/03\/04\/luis-andrade-relata-situacao-na-arabia-saudita-pediram-nao-sair-do-condominio\/\"]}]},{\"@type\":\"ImageObject\",\"inLanguage\":\"pt-PT\",\"@id\":\"https:\/\/portaltela.pt\/noticias\/2026\/03\/04\/luis-andrade-relata-situacao-na-arabia-saudita-pediram-nao-sair-do-condominio\/#primaryimage\",\"url\":\"https:\/\/portaltela.pt\/s.01k8rhncp4jt1\/2026\/03\/img_920x518uu2026-03-04-17-13-52-2424881.jpg\",\"contentUrl\":\"https:\/\/portaltela.pt\/s.01k8rhncp4jt1\/2026\/03\/img_920x518uu2026-03-04-17-13-52-2424881.jpg\",\"width\":796,\"height\":448,\"caption\":\"Treinador portugu\u00eas n\u00e3o se apercebeu de qualquer explos\u00e3o em Riade\"},{\"@type\":\"BreadcrumbList\",\"@id\":\"https:\/\/portaltela.pt\/noticias\/2026\/03\/04\/luis-andrade-relata-situacao-na-arabia-saudita-pediram-nao-sair-do-condominio\/#breadcrumb\",\"itemListElement\":[{\"@type\":\"ListItem\",\"position\":1,\"name\":\"In\u00edcio\",\"item\":\"https:\/\/portaltela.pt\/\"},{\"@type\":\"ListItem\",\"position\":2,\"name\":\"Lu\u00eds Andrade relata situa\u00e7\u00e3o na Ar\u00e1bia Saudita: pediram n\u00e3o sair do condom\u00ednio\"}]},{\"@type\":\"WebSite\",\"@id\":\"https:\/\/portaltela.pt\/#website\",\"url\":\"https:\/\/portaltela.pt\/\",\"name\":\"Portal Tela Portugal\",\"description\":\"\",\"potentialAction\":[{\"@type\":\"SearchAction\",\"target\":{\"@type\":\"EntryPoint\",\"urlTemplate\":\"https:\/\/portaltela.pt\/?s={search_term_string}\"},\"query-input\":{\"@type\":\"PropertyValueSpecification\",\"valueRequired\":true,\"valueName\":\"search_term_string\"}}],\"inLanguage\":\"pt-PT\"},{\"@type\":\"Person\",\"@id\":\"https:\/\/portaltela.pt\/#\/schema\/person\/c4278d4a6028830caff9ee44b42d32ed\",\"name\":\"Telinha\",\"image\":{\"@type\":\"ImageObject\",\"inLanguage\":\"pt-PT\",\"@id\":\"https:\/\/portaltela.pt\/s.01k8rhncp4jt1\/2025\/11\/talking-bot-125x125.png\",\"url\":\"https:\/\/portaltela.pt\/s.01k8rhncp4jt1\/2025\/11\/talking-bot-125x125.png\",\"contentUrl\":\"https:\/\/portaltela.pt\/s.01k8rhncp4jt1\/2025\/11\/talking-bot-125x125.png\",\"caption\":\"Telinha\"},\"sameAs\":[\"https:\/\/portaltela.pt\/\"],\"url\":\"https:\/\/portaltela.pt\/por\/367410592786\/\"}]}<\/script>\n<!-- \/ Yoast SEO plugin. -->","yoast_head_json":{"title":"Lu\u00eds Andrade relata situa\u00e7\u00e3o na Ar\u00e1bia Saudita: pediram n\u00e3o sair do condom\u00ednio - Portal Tela Portugal","robots":{"index":"index","follow":"follow","max-snippet":"max-snippet:-1","max-image-preview":"max-image-preview:large","max-video-preview":"max-video-preview:-1"},"og_locale":"pt_PT","og_type":"article","og_title":"Lu\u00eds Andrade relata situa\u00e7\u00e3o na Ar\u00e1bia Saudita: pediram n\u00e3o sair do condom\u00ednio - Portal Tela Portugal","og_description":"Lu\u00eds Andrade, treinador da equipa feminina do Al Hilal, est\u00e1 fechado em casa desde o in\u00edcio dos ataques do Ir\u00e3o \u00e0 capital da Ar\u00e1bia Saudita. O in\u00edcio das hostilidades coincidiu com um per\u00edodo de minif\u00e9rias concedidas pelo t\u00e9cnico \u00e0s suas jogadoras. O campeonato est\u00e1 paralisado entre 22 de fevereiro e 23 de mar\u00e7o. A not\u00edcia n\u00e3o acrescenta detalhes adicionais sobre consequ\u00eancias ou medidas adotadas pela equipa.","og_url":"https:\/\/portaltela.pt\/noticias\/2026\/03\/04\/luis-andrade-relata-situacao-na-arabia-saudita-pediram-nao-sair-do-condominio\/","og_site_name":"Portal Tela Portugal","article_published_time":"2026-03-04T17:24:50+00:00","author":"Telinha","twitter_card":"summary_large_image","twitter_misc":{"Escrito por":"Telinha","Tempo estimado de leitura":"1 minuto"},"schema":{"@context":"https:\/\/schema.org","@graph":[{"@type":"Article","@id":"https:\/\/portaltela.pt\/noticias\/2026\/03\/04\/luis-andrade-relata-situacao-na-arabia-saudita-pediram-nao-sair-do-condominio\/#article","isPartOf":{"@id":"https:\/\/portaltela.pt\/noticias\/2026\/03\/04\/luis-andrade-relata-situacao-na-arabia-saudita-pediram-nao-sair-do-condominio\/"},"author":{"name":"Telinha","@id":"https:\/\/portaltela.pt\/#\/schema\/person\/c4278d4a6028830caff9ee44b42d32ed"},"headline":"Lu\u00eds Andrade relata situa\u00e7\u00e3o na Ar\u00e1bia Saudita: pediram n\u00e3o sair do condom\u00ednio","datePublished":"2026-03-04T17:24:50+00:00","mainEntityOfPage":{"@id":"https:\/\/portaltela.pt\/noticias\/2026\/03\/04\/luis-andrade-relata-situacao-na-arabia-saudita-pediram-nao-sair-do-condominio\/"},"wordCount":226,"image":{"@id":"https:\/\/portaltela.pt\/noticias\/2026\/03\/04\/luis-andrade-relata-situacao-na-arabia-saudita-pediram-nao-sair-do-condominio\/#primaryimage"},"thumbnailUrl":"https:\/\/portaltela.pt\/s.01k8rhncp4jt1\/2026\/03\/img_920x518uu2026-03-04-17-13-52-2424881.jpg","keywords":["Ar\u00e1bia Saudita","desporto","futebol","futebol feminino","Riade","seguran\u00e7a p\u00fablica"],"articleSection":["Desporto","Futebol"],"inLanguage":"pt-PT"},{"@type":"WebPage","@id":"https:\/\/portaltela.pt\/noticias\/2026\/03\/04\/luis-andrade-relata-situacao-na-arabia-saudita-pediram-nao-sair-do-condominio\/","url":"https:\/\/portaltela.pt\/noticias\/2026\/03\/04\/luis-andrade-relata-situacao-na-arabia-saudita-pediram-nao-sair-do-condominio\/","name":"Lu\u00eds Andrade relata situa\u00e7\u00e3o na Ar\u00e1bia Saudita: pediram n\u00e3o sair do condom\u00ednio - Portal Tela Portugal","isPartOf":{"@id":"https:\/\/portaltela.pt\/#website"},"primaryImageOfPage":{"@id":"https:\/\/portaltela.pt\/noticias\/2026\/03\/04\/luis-andrade-relata-situacao-na-arabia-saudita-pediram-nao-sair-do-condominio\/#primaryimage"},"image":{"@id":"https:\/\/portaltela.pt\/noticias\/2026\/03\/04\/luis-andrade-relata-situacao-na-arabia-saudita-pediram-nao-sair-do-condominio\/#primaryimage"},"thumbnailUrl":"https:\/\/portaltela.pt\/s.01k8rhncp4jt1\/2026\/03\/img_920x518uu2026-03-04-17-13-52-2424881.jpg","datePublished":"2026-03-04T17:24:50+00:00","author":{"@id":"https:\/\/portaltela.pt\/#\/schema\/person\/c4278d4a6028830caff9ee44b42d32ed"},"breadcrumb":{"@id":"https:\/\/portaltela.pt\/noticias\/2026\/03\/04\/luis-andrade-relata-situacao-na-arabia-saudita-pediram-nao-sair-do-condominio\/#breadcrumb"},"inLanguage":"pt-PT","potentialAction":[{"@type":"ReadAction","target":["https:\/\/portaltela.pt\/noticias\/2026\/03\/04\/luis-andrade-relata-situacao-na-arabia-saudita-pediram-nao-sair-do-condominio\/"]}]},{"@type":"ImageObject","inLanguage":"pt-PT","@id":"https:\/\/portaltela.pt\/noticias\/2026\/03\/04\/luis-andrade-relata-situacao-na-arabia-saudita-pediram-nao-sair-do-condominio\/#primaryimage","url":"https:\/\/portaltela.pt\/s.01k8rhncp4jt1\/2026\/03\/img_920x518uu2026-03-04-17-13-52-2424881.jpg","contentUrl":"https:\/\/portaltela.pt\/s.01k8rhncp4jt1\/2026\/03\/img_920x518uu2026-03-04-17-13-52-2424881.jpg","width":796,"height":448,"caption":"Treinador portugu\u00eas n\u00e3o se apercebeu de qualquer explos\u00e3o em Riade"},{"@type":"BreadcrumbList","@id":"https:\/\/portaltela.pt\/noticias\/2026\/03\/04\/luis-andrade-relata-situacao-na-arabia-saudita-pediram-nao-sair-do-condominio\/#breadcrumb","itemListElement":[{"@type":"ListItem","position":1,"name":"In\u00edcio","item":"https:\/\/portaltela.pt\/"},{"@type":"ListItem","position":2,"name":"Lu\u00eds Andrade relata situa\u00e7\u00e3o na Ar\u00e1bia Saudita: pediram n\u00e3o sair do condom\u00ednio"}]},{"@type":"WebSite","@id":"https:\/\/portaltela.pt\/#website","url":"https:\/\/portaltela.pt\/","name":"Portal Tela Portugal","description":"","potentialAction":[{"@type":"SearchAction","target":{"@type":"EntryPoint","urlTemplate":"https:\/\/portaltela.pt\/?s={search_term_string}"},"query-input":{"@type":"PropertyValueSpecification","valueRequired":true,"valueName":"search_term_string"}}],"inLanguage":"pt-PT"},{"@type":"Person","@id":"https:\/\/portaltela.pt\/#\/schema\/person\/c4278d4a6028830caff9ee44b42d32ed","name":"Telinha","image":{"@type":"ImageObject","inLanguage":"pt-PT","@id":"https:\/\/portaltela.pt\/s.01k8rhncp4jt1\/2025\/11\/talking-bot-125x125.png","url":"https:\/\/portaltela.pt\/s.01k8rhncp4jt1\/2025\/11\/talking-bot-125x125.png","contentUrl":"https:\/\/portaltela.pt\/s.01k8rhncp4jt1\/2025\/11\/talking-bot-125x125.png","caption":"Telinha"},"sameAs":["https:\/\/portaltela.pt\/"],"url":"https:\/\/portaltela.pt\/por\/367410592786\/"}]}},"_links":{"self":[{"href":"https:\/\/portaltela.pt\/api\/wp\/v2\/posts\/397544","targetHints":{"allow":["GET"]}}],"collection":[{"href":"https:\/\/portaltela.pt\/api\/wp\/v2\/posts"}],"about":[{"href":"https:\/\/portaltela.pt\/api\/wp\/v2\/types\/post"}],"author":[{"embeddable":true,"href":"https:\/\/portaltela.pt\/api\/wp\/v2\/users\/2"}],"replies":[{"embeddable":true,"href":"https:\/\/portaltela.pt\/api\/wp\/v2\/comments?post=397544"}],"version-history":[{"count":0,"href":"https:\/\/portaltela.pt\/api\/wp\/v2\/posts\/397544\/revisions"}],"wp:featuredmedia":[{"embeddable":true,"href":"https:\/\/portaltela.pt\/api\/wp\/v2\/media\/397557"}],"wp:attachment":[{"href":"https:\/\/portaltela.pt\/api\/wp\/v2\/media?parent=397544"}],"wp:term":[{"taxonomy":"category","embeddable":true,"href":"https:\/\/portaltela.pt\/api\/wp\/v2\/categories?post=397544"},{"taxonomy":"post_tag","embeddable":true,"href":"https:\/\/portaltela.pt\/api\/wp\/v2\/tags?post=397544"}],"curies":[{"name":"wp","href":"https:\/\/api.w.org\/{rel}","templated":true}]}}