{"id":397533,"date":"2026-03-04T14:10:00","date_gmt":"2026-03-04T17:10:00","guid":{"rendered":"https:\/\/portaltela.pt\/noticias\/2026\/03\/04\/eua-juntam-se-a-operacao-no-equador-contra-narcoterrorismo\/"},"modified":"2026-03-04T14:10:00","modified_gmt":"2026-03-04T17:10:00","slug":"eua-juntam-se-a-operacao-no-equador-contra-narcoterrorismo","status":"publish","type":"post","link":"https:\/\/portaltela.pt\/noticias\/politica\/2026\/03\/04\/eua-juntam-se-a-operacao-no-equador-contra-narcoterrorismo\/","title":{"rendered":"EUA juntam-se \u00e0 opera\u00e7\u00e3o no Equador contra narcoterrorismo"},"content":{"rendered":"<p>O Comando do Sul dos Estados Unidos anunciou na ter\u00e7a-feira o lan\u00e7amento de uma opera\u00e7\u00e3o contra organiza\u00e7\u00f5es associadas ao narcotr\u00e1fico no Equador, consideradas \u201cterroristas\u201d. A iniciativa envolve autoridades equatorianas e aliados da regi\u00e3o, incluindo os EUA.<\/p>\n<p>O Governo equatoriano, que j\u00e1 vive uma escalada de viol\u00eancia relacionada ao crime organizado, recebeu a coopera\u00e7\u00e3o norte-americana com o objetivo de fortalecer a seguran\u00e7a hemisf\u00e9rica e enfrentar o crime transnacional. O an\u00fancio ocorreu na v\u00e9spera de uma reuni\u00e3o entre autoridades equatorianas e representantes norte-americanos em Quito.<\/p>\n<p>No mesmo dia, fontes oficiais revelaram que uma opera\u00e7\u00e3o em curso desde Janeiro de 2025 desmantelou uma rede internacional de tr\u00e1fico de droga ligada ao cartel Los Lobos. Foram detidos 16 suspeitos, com apreens\u00e3o de coca\u00edna e de somas consider\u00e1veis de dinheiro, em colabora\u00e7\u00e3o com a Europol.<\/p>\n<p>Daniel Noboa, presidente do Equador desde 2023, tem enfatizado, desde o in\u00edcio do mandato, o combate ao crime e \u00e0 corrup\u00e7\u00e3o. Em 2024, chegou a mencionar um poss\u00edvel conflito armado interno, conforme o contexto pol\u00edtico e de seguran\u00e7a do pa\u00eds.<\/p>\n<p>Por outro lado, em Washington, o foco do governo tem sido o combate ao narcotr\u00e1fico, com a designa\u00e7\u00e3o de certos cart\u00e9is como \u201corganiza\u00e7\u00f5es terroristas\u201d para justificar interven\u00e7\u00f5es em espa\u00e7os internacionais. As a\u00e7\u00f5es mais recentes incluem ataques mar\u00edtimos e opera\u00e7\u00f5es de busca e destrui\u00e7\u00e3o em zonas de alto poderio estrat\u00e9gico.<\/p>\n<p>Organiza\u00e7\u00f5es internacionais, incluindo as Na\u00e7\u00f5es Unidas, j\u00e1 apelaram a uma resposta que respeite o direito internacional. Observadores destacam a necessidade de investiga\u00e7\u00f5es independentes e de responsabiliza\u00e7\u00e3o de autores de a\u00e7\u00f5es que violem direitos humanos, sem recorrer a solu\u00e7\u00f5es unilaterais.<\/p>\n","protected":false},"excerpt":{"rendered":"<ul>\n<li>O Comando do Sul dos Estados Unidos anunciou uma opera\u00e7\u00e3o contra organiza\u00e7\u00f5es terroristas ligadas ao narcotr\u00e1fico no Equador, com coordena\u00e7\u00e3o entre autoridades equatorianas e aliados da regi\u00e3o.<\/li>\n<li>O Equador, antes apelidado de \u201cilha de paz\u201d, enfrenta uma escalada de viol\u00eancia associada ao crime organizado; no primeiro semestre de 2025 registaram-se mais de 4.500 homic\u00eddios.<\/li>\n<li>O presidente equatoriano, Daniel Noboa, afirmou ter iniciado \u201cuma nova fase contra o narcoterrorismo e a minera\u00e7\u00e3o ilegal\u201d e reuniu-se com dirigentes militares dos EUA para refor\u00e7ar a seguran\u00e7a hemisf\u00e9rica.<\/li>\n<li>Nesse mesmo dia, a Embaixada dos EUA anunciou o desmantelamento, desde janeiro de 2025, de uma rede internacional de tr\u00e1fico ligada ao cartel Los Lobos: 16 suspeitos detidos, grandes quantidades de coca\u00edna e dinheiro apreendidos, com coopera\u00e7\u00e3o da Europol.<\/li>\n<li>As Na\u00e7\u00f5es Unidas condenaram interven\u00e7\u00f5es militares dos EUA no \u00e2mbito do narcoterrorismo, destacando que o direito internacional n\u00e3o autoriza assassinatos de traficantes e pedindo responsabiliza\u00e7\u00e3o e indemniza\u00e7\u00e3o pelas v\u00edtimas.<\/li>\n<\/ul>\n","protected":false},"author":2,"featured_media":397549,"comment_status":"closed","ping_status":"closed","sticky":false,"template":"","format":"standard","meta":{"footnotes":""},"categories":[1,5],"tags":[256,6131,1600,2455,4222,2349],"class_list":["post-397533","post","type-post","status-publish","format-standard","has-post-thumbnail","hentry","category-noticias","category-politica","tag-cooperacao-internacional","tag-equador","tag-estados-unidos","tag-narco-terrorismo","tag-seguranca-internacional","tag-trafico-de-drogas"],"yoast_head":"<!-- This site is optimized with the Yoast SEO plugin v27.2 - https:\/\/yoast.com\/product\/yoast-seo-wordpress\/ -->\n<title>EUA juntam-se \u00e0 opera\u00e7\u00e3o no Equador contra narcoterrorismo - Portal Tela Portugal<\/title>\n<meta name=\"robots\" content=\"index, follow, max-snippet:-1, max-image-preview:large, max-video-preview:-1\" \/>\n<meta property=\"og:locale\" content=\"pt_PT\" \/>\n<meta property=\"og:type\" content=\"article\" \/>\n<meta property=\"og:title\" content=\"EUA juntam-se \u00e0 opera\u00e7\u00e3o no Equador contra narcoterrorismo - Portal Tela Portugal\" \/>\n<meta property=\"og:description\" content=\"O Comando do Sul dos Estados Unidos anunciou uma opera\u00e7\u00e3o contra organiza\u00e7\u00f5es terroristas ligadas ao narcotr\u00e1fico no Equador, com coordena\u00e7\u00e3o entre autoridades equatorianas e aliados da regi\u00e3o. O Equador, antes apelidado de \u201cilha de paz\u201d, enfrenta uma escalada de viol\u00eancia associada ao crime organizado; no primeiro semestre de 2025 registaram-se mais de 4.500 homic\u00eddios. O presidente equatoriano, Daniel Noboa, afirmou ter iniciado \u201cuma nova fase contra o narcoterrorismo e a minera\u00e7\u00e3o ilegal\u201d e reuniu-se com dirigentes militares dos EUA para refor\u00e7ar a seguran\u00e7a hemisf\u00e9rica. Nesse mesmo dia, a Embaixada dos EUA anunciou o desmantelamento, desde janeiro de 2025, de uma rede internacional de tr\u00e1fico ligada ao cartel Los Lobos: 16 suspeitos detidos, grandes quantidades de coca\u00edna e dinheiro apreendidos, com coopera\u00e7\u00e3o da Europol. As Na\u00e7\u00f5es Unidas condenaram interven\u00e7\u00f5es militares dos EUA no \u00e2mbito do narcoterrorismo, destacando que o direito internacional n\u00e3o autoriza assassinatos de traficantes e pedindo responsabiliza\u00e7\u00e3o e indemniza\u00e7\u00e3o pelas v\u00edtimas.\" \/>\n<meta property=\"og:url\" content=\"https:\/\/portaltela.pt\/noticias\/2026\/03\/04\/eua-juntam-se-a-operacao-no-equador-contra-narcoterrorismo\/\" \/>\n<meta property=\"og:site_name\" content=\"Portal Tela Portugal\" \/>\n<meta property=\"article:published_time\" content=\"2026-03-04T17:10:00+00:00\" \/>\n<meta name=\"author\" content=\"Telinha\" \/>\n<meta name=\"twitter:card\" content=\"summary_large_image\" \/>\n<meta name=\"twitter:label1\" content=\"Escrito por\" \/>\n\t<meta name=\"twitter:data1\" content=\"Telinha\" \/>\n\t<meta name=\"twitter:label2\" content=\"Tempo estimado de leitura\" \/>\n\t<meta name=\"twitter:data2\" content=\"1 minuto\" \/>\n<script type=\"application\/ld+json\" class=\"yoast-schema-graph\">{\"@context\":\"https:\/\/schema.org\",\"@graph\":[{\"@type\":\"Article\",\"@id\":\"https:\/\/portaltela.pt\/noticias\/2026\/03\/04\/eua-juntam-se-a-operacao-no-equador-contra-narcoterrorismo\/#article\",\"isPartOf\":{\"@id\":\"https:\/\/portaltela.pt\/noticias\/2026\/03\/04\/eua-juntam-se-a-operacao-no-equador-contra-narcoterrorismo\/\"},\"author\":{\"name\":\"Telinha\",\"@id\":\"https:\/\/portaltela.pt\/#\/schema\/person\/c4278d4a6028830caff9ee44b42d32ed\"},\"headline\":\"EUA juntam-se \u00e0 opera\u00e7\u00e3o no Equador contra narcoterrorismo\",\"datePublished\":\"2026-03-04T17:10:00+00:00\",\"mainEntityOfPage\":{\"@id\":\"https:\/\/portaltela.pt\/noticias\/2026\/03\/04\/eua-juntam-se-a-operacao-no-equador-contra-narcoterrorismo\/\"},\"wordCount\":303,\"image\":{\"@id\":\"https:\/\/portaltela.pt\/noticias\/2026\/03\/04\/eua-juntam-se-a-operacao-no-equador-contra-narcoterrorismo\/#primaryimage\"},\"thumbnailUrl\":\"https:\/\/portaltela.pt\/s.01k8rhncp4jt1\/2026\/03\/2071801.jpg\",\"keywords\":[\"coopera\u00e7\u00e3o internacional\",\"Equador\",\"Estados Unidos\",\"narco-terrorismo\",\"seguran\u00e7a internacional\",\"tr\u00e1fico de drogas\"],\"articleSection\":[\"Not\u00edcias\",\"Pol\u00edtica\"],\"inLanguage\":\"pt-PT\"},{\"@type\":\"WebPage\",\"@id\":\"https:\/\/portaltela.pt\/noticias\/2026\/03\/04\/eua-juntam-se-a-operacao-no-equador-contra-narcoterrorismo\/\",\"url\":\"https:\/\/portaltela.pt\/noticias\/2026\/03\/04\/eua-juntam-se-a-operacao-no-equador-contra-narcoterrorismo\/\",\"name\":\"EUA juntam-se \u00e0 opera\u00e7\u00e3o no Equador contra narcoterrorismo - Portal Tela Portugal\",\"isPartOf\":{\"@id\":\"https:\/\/portaltela.pt\/#website\"},\"primaryImageOfPage\":{\"@id\":\"https:\/\/portaltela.pt\/noticias\/2026\/03\/04\/eua-juntam-se-a-operacao-no-equador-contra-narcoterrorismo\/#primaryimage\"},\"image\":{\"@id\":\"https:\/\/portaltela.pt\/noticias\/2026\/03\/04\/eua-juntam-se-a-operacao-no-equador-contra-narcoterrorismo\/#primaryimage\"},\"thumbnailUrl\":\"https:\/\/portaltela.pt\/s.01k8rhncp4jt1\/2026\/03\/2071801.jpg\",\"datePublished\":\"2026-03-04T17:10:00+00:00\",\"author\":{\"@id\":\"https:\/\/portaltela.pt\/#\/schema\/person\/c4278d4a6028830caff9ee44b42d32ed\"},\"breadcrumb\":{\"@id\":\"https:\/\/portaltela.pt\/noticias\/2026\/03\/04\/eua-juntam-se-a-operacao-no-equador-contra-narcoterrorismo\/#breadcrumb\"},\"inLanguage\":\"pt-PT\",\"potentialAction\":[{\"@type\":\"ReadAction\",\"target\":[\"https:\/\/portaltela.pt\/noticias\/2026\/03\/04\/eua-juntam-se-a-operacao-no-equador-contra-narcoterrorismo\/\"]}]},{\"@type\":\"ImageObject\",\"inLanguage\":\"pt-PT\",\"@id\":\"https:\/\/portaltela.pt\/noticias\/2026\/03\/04\/eua-juntam-se-a-operacao-no-equador-contra-narcoterrorismo\/#primaryimage\",\"url\":\"https:\/\/portaltela.pt\/s.01k8rhncp4jt1\/2026\/03\/2071801.jpg\",\"contentUrl\":\"https:\/\/portaltela.pt\/s.01k8rhncp4jt1\/2026\/03\/2071801.jpg\",\"width\":796,\"height\":448,\"caption\":\"O Comando do Sul dos Estados Unidos divulgou uma imagem de um helic\u00f3ptero numa localiza\u00e7\u00e3o desconhecida depois de anunciar a opera\u00e7\u00e3o conjunta no Equador.\"},{\"@type\":\"BreadcrumbList\",\"@id\":\"https:\/\/portaltela.pt\/noticias\/2026\/03\/04\/eua-juntam-se-a-operacao-no-equador-contra-narcoterrorismo\/#breadcrumb\",\"itemListElement\":[{\"@type\":\"ListItem\",\"position\":1,\"name\":\"In\u00edcio\",\"item\":\"https:\/\/portaltela.pt\/\"},{\"@type\":\"ListItem\",\"position\":2,\"name\":\"EUA juntam-se \u00e0 opera\u00e7\u00e3o no Equador contra narcoterrorismo\"}]},{\"@type\":\"WebSite\",\"@id\":\"https:\/\/portaltela.pt\/#website\",\"url\":\"https:\/\/portaltela.pt\/\",\"name\":\"Portal Tela Portugal\",\"description\":\"\",\"potentialAction\":[{\"@type\":\"SearchAction\",\"target\":{\"@type\":\"EntryPoint\",\"urlTemplate\":\"https:\/\/portaltela.pt\/?s={search_term_string}\"},\"query-input\":{\"@type\":\"PropertyValueSpecification\",\"valueRequired\":true,\"valueName\":\"search_term_string\"}}],\"inLanguage\":\"pt-PT\"},{\"@type\":\"Person\",\"@id\":\"https:\/\/portaltela.pt\/#\/schema\/person\/c4278d4a6028830caff9ee44b42d32ed\",\"name\":\"Telinha\",\"image\":{\"@type\":\"ImageObject\",\"inLanguage\":\"pt-PT\",\"@id\":\"https:\/\/portaltela.pt\/s.01k8rhncp4jt1\/2025\/11\/talking-bot-125x125.png\",\"url\":\"https:\/\/portaltela.pt\/s.01k8rhncp4jt1\/2025\/11\/talking-bot-125x125.png\",\"contentUrl\":\"https:\/\/portaltela.pt\/s.01k8rhncp4jt1\/2025\/11\/talking-bot-125x125.png\",\"caption\":\"Telinha\"},\"sameAs\":[\"https:\/\/portaltela.pt\/\"],\"url\":\"https:\/\/portaltela.pt\/por\/367410592786\/\"}]}<\/script>\n<!-- \/ Yoast SEO plugin. -->","yoast_head_json":{"title":"EUA juntam-se \u00e0 opera\u00e7\u00e3o no Equador contra narcoterrorismo - Portal Tela Portugal","robots":{"index":"index","follow":"follow","max-snippet":"max-snippet:-1","max-image-preview":"max-image-preview:large","max-video-preview":"max-video-preview:-1"},"og_locale":"pt_PT","og_type":"article","og_title":"EUA juntam-se \u00e0 opera\u00e7\u00e3o no Equador contra narcoterrorismo - Portal Tela Portugal","og_description":"O Comando do Sul dos Estados Unidos anunciou uma opera\u00e7\u00e3o contra organiza\u00e7\u00f5es terroristas ligadas ao narcotr\u00e1fico no Equador, com coordena\u00e7\u00e3o entre autoridades equatorianas e aliados da regi\u00e3o. O Equador, antes apelidado de \u201cilha de paz\u201d, enfrenta uma escalada de viol\u00eancia associada ao crime organizado; no primeiro semestre de 2025 registaram-se mais de 4.500 homic\u00eddios. O presidente equatoriano, Daniel Noboa, afirmou ter iniciado \u201cuma nova fase contra o narcoterrorismo e a minera\u00e7\u00e3o ilegal\u201d e reuniu-se com dirigentes militares dos EUA para refor\u00e7ar a seguran\u00e7a hemisf\u00e9rica. Nesse mesmo dia, a Embaixada dos EUA anunciou o desmantelamento, desde janeiro de 2025, de uma rede internacional de tr\u00e1fico ligada ao cartel Los Lobos: 16 suspeitos detidos, grandes quantidades de coca\u00edna e dinheiro apreendidos, com coopera\u00e7\u00e3o da Europol. As Na\u00e7\u00f5es Unidas condenaram interven\u00e7\u00f5es militares dos EUA no \u00e2mbito do narcoterrorismo, destacando que o direito internacional n\u00e3o autoriza assassinatos de traficantes e pedindo responsabiliza\u00e7\u00e3o e indemniza\u00e7\u00e3o pelas v\u00edtimas.","og_url":"https:\/\/portaltela.pt\/noticias\/2026\/03\/04\/eua-juntam-se-a-operacao-no-equador-contra-narcoterrorismo\/","og_site_name":"Portal Tela Portugal","article_published_time":"2026-03-04T17:10:00+00:00","author":"Telinha","twitter_card":"summary_large_image","twitter_misc":{"Escrito por":"Telinha","Tempo estimado de leitura":"1 minuto"},"schema":{"@context":"https:\/\/schema.org","@graph":[{"@type":"Article","@id":"https:\/\/portaltela.pt\/noticias\/2026\/03\/04\/eua-juntam-se-a-operacao-no-equador-contra-narcoterrorismo\/#article","isPartOf":{"@id":"https:\/\/portaltela.pt\/noticias\/2026\/03\/04\/eua-juntam-se-a-operacao-no-equador-contra-narcoterrorismo\/"},"author":{"name":"Telinha","@id":"https:\/\/portaltela.pt\/#\/schema\/person\/c4278d4a6028830caff9ee44b42d32ed"},"headline":"EUA juntam-se \u00e0 opera\u00e7\u00e3o no Equador contra narcoterrorismo","datePublished":"2026-03-04T17:10:00+00:00","mainEntityOfPage":{"@id":"https:\/\/portaltela.pt\/noticias\/2026\/03\/04\/eua-juntam-se-a-operacao-no-equador-contra-narcoterrorismo\/"},"wordCount":303,"image":{"@id":"https:\/\/portaltela.pt\/noticias\/2026\/03\/04\/eua-juntam-se-a-operacao-no-equador-contra-narcoterrorismo\/#primaryimage"},"thumbnailUrl":"https:\/\/portaltela.pt\/s.01k8rhncp4jt1\/2026\/03\/2071801.jpg","keywords":["coopera\u00e7\u00e3o internacional","Equador","Estados Unidos","narco-terrorismo","seguran\u00e7a internacional","tr\u00e1fico de drogas"],"articleSection":["Not\u00edcias","Pol\u00edtica"],"inLanguage":"pt-PT"},{"@type":"WebPage","@id":"https:\/\/portaltela.pt\/noticias\/2026\/03\/04\/eua-juntam-se-a-operacao-no-equador-contra-narcoterrorismo\/","url":"https:\/\/portaltela.pt\/noticias\/2026\/03\/04\/eua-juntam-se-a-operacao-no-equador-contra-narcoterrorismo\/","name":"EUA juntam-se \u00e0 opera\u00e7\u00e3o no Equador contra narcoterrorismo - Portal Tela Portugal","isPartOf":{"@id":"https:\/\/portaltela.pt\/#website"},"primaryImageOfPage":{"@id":"https:\/\/portaltela.pt\/noticias\/2026\/03\/04\/eua-juntam-se-a-operacao-no-equador-contra-narcoterrorismo\/#primaryimage"},"image":{"@id":"https:\/\/portaltela.pt\/noticias\/2026\/03\/04\/eua-juntam-se-a-operacao-no-equador-contra-narcoterrorismo\/#primaryimage"},"thumbnailUrl":"https:\/\/portaltela.pt\/s.01k8rhncp4jt1\/2026\/03\/2071801.jpg","datePublished":"2026-03-04T17:10:00+00:00","author":{"@id":"https:\/\/portaltela.pt\/#\/schema\/person\/c4278d4a6028830caff9ee44b42d32ed"},"breadcrumb":{"@id":"https:\/\/portaltela.pt\/noticias\/2026\/03\/04\/eua-juntam-se-a-operacao-no-equador-contra-narcoterrorismo\/#breadcrumb"},"inLanguage":"pt-PT","potentialAction":[{"@type":"ReadAction","target":["https:\/\/portaltela.pt\/noticias\/2026\/03\/04\/eua-juntam-se-a-operacao-no-equador-contra-narcoterrorismo\/"]}]},{"@type":"ImageObject","inLanguage":"pt-PT","@id":"https:\/\/portaltela.pt\/noticias\/2026\/03\/04\/eua-juntam-se-a-operacao-no-equador-contra-narcoterrorismo\/#primaryimage","url":"https:\/\/portaltela.pt\/s.01k8rhncp4jt1\/2026\/03\/2071801.jpg","contentUrl":"https:\/\/portaltela.pt\/s.01k8rhncp4jt1\/2026\/03\/2071801.jpg","width":796,"height":448,"caption":"O Comando do Sul dos Estados Unidos divulgou uma imagem de um helic\u00f3ptero numa localiza\u00e7\u00e3o desconhecida depois de anunciar a opera\u00e7\u00e3o conjunta no Equador."},{"@type":"BreadcrumbList","@id":"https:\/\/portaltela.pt\/noticias\/2026\/03\/04\/eua-juntam-se-a-operacao-no-equador-contra-narcoterrorismo\/#breadcrumb","itemListElement":[{"@type":"ListItem","position":1,"name":"In\u00edcio","item":"https:\/\/portaltela.pt\/"},{"@type":"ListItem","position":2,"name":"EUA juntam-se \u00e0 opera\u00e7\u00e3o no Equador contra narcoterrorismo"}]},{"@type":"WebSite","@id":"https:\/\/portaltela.pt\/#website","url":"https:\/\/portaltela.pt\/","name":"Portal Tela Portugal","description":"","potentialAction":[{"@type":"SearchAction","target":{"@type":"EntryPoint","urlTemplate":"https:\/\/portaltela.pt\/?s={search_term_string}"},"query-input":{"@type":"PropertyValueSpecification","valueRequired":true,"valueName":"search_term_string"}}],"inLanguage":"pt-PT"},{"@type":"Person","@id":"https:\/\/portaltela.pt\/#\/schema\/person\/c4278d4a6028830caff9ee44b42d32ed","name":"Telinha","image":{"@type":"ImageObject","inLanguage":"pt-PT","@id":"https:\/\/portaltela.pt\/s.01k8rhncp4jt1\/2025\/11\/talking-bot-125x125.png","url":"https:\/\/portaltela.pt\/s.01k8rhncp4jt1\/2025\/11\/talking-bot-125x125.png","contentUrl":"https:\/\/portaltela.pt\/s.01k8rhncp4jt1\/2025\/11\/talking-bot-125x125.png","caption":"Telinha"},"sameAs":["https:\/\/portaltela.pt\/"],"url":"https:\/\/portaltela.pt\/por\/367410592786\/"}]}},"_links":{"self":[{"href":"https:\/\/portaltela.pt\/api\/wp\/v2\/posts\/397533","targetHints":{"allow":["GET"]}}],"collection":[{"href":"https:\/\/portaltela.pt\/api\/wp\/v2\/posts"}],"about":[{"href":"https:\/\/portaltela.pt\/api\/wp\/v2\/types\/post"}],"author":[{"embeddable":true,"href":"https:\/\/portaltela.pt\/api\/wp\/v2\/users\/2"}],"replies":[{"embeddable":true,"href":"https:\/\/portaltela.pt\/api\/wp\/v2\/comments?post=397533"}],"version-history":[{"count":0,"href":"https:\/\/portaltela.pt\/api\/wp\/v2\/posts\/397533\/revisions"}],"wp:featuredmedia":[{"embeddable":true,"href":"https:\/\/portaltela.pt\/api\/wp\/v2\/media\/397549"}],"wp:attachment":[{"href":"https:\/\/portaltela.pt\/api\/wp\/v2\/media?parent=397533"}],"wp:term":[{"taxonomy":"category","embeddable":true,"href":"https:\/\/portaltela.pt\/api\/wp\/v2\/categories?post=397533"},{"taxonomy":"post_tag","embeddable":true,"href":"https:\/\/portaltela.pt\/api\/wp\/v2\/tags?post=397533"}],"curies":[{"name":"wp","href":"https:\/\/api.w.org\/{rel}","templated":true}]}}