{"id":397482,"date":"2026-03-04T13:52:36","date_gmt":"2026-03-04T16:52:36","guid":{"rendered":"https:\/\/portaltela.pt\/noticias\/2026\/03\/04\/gravida-da-murtosa-envolve-decisao-de-juiz-exclusivo\/"},"modified":"2026-03-04T13:52:36","modified_gmt":"2026-03-04T16:52:36","slug":"gravida-da-murtosa-envolve-decisao-de-juiz-exclusivo","status":"publish","type":"post","link":"https:\/\/portaltela.pt\/noticias\/2026\/03\/04\/gravida-da-murtosa-envolve-decisao-de-juiz-exclusivo\/","title":{"rendered":"Gr\u00e1vida da Murtosa envolve decis\u00e3o de juiz exclusivo"},"content":{"rendered":"<p>O desembargador respons\u00e1vel pelo processo em que Fernando Valente foi absolvido pediu um prazo de 30 dias para analisar os recursos interpostos pelas parte. A solicita\u00e7\u00e3o visa permitir uma an\u00e1lise adequada dos argumentos apresentados na fase de recursos.<\/p>\n<p>Valente foi absolvido numa decis\u00e3o tomada na comarca da Murtosa, no distrito de Aveiro, ap\u00f3s avalia\u00e7\u00e3o de provas e depoimentos das partes envolvidas. A audi\u00eancia de instru\u00e7\u00e3o e julgamento abriu espa\u00e7o para as alega\u00e7\u00f5es finais antes da decis\u00e3o.<\/p>\n<p>A pris\u00e3o do processo tramita em segredo de justi\u00e7a, o que impede a divulga\u00e7\u00e3o de detalhes espec\u00edficos. Fontes pr\u00f3ximas ao caso indicam que a absolvi\u00e7\u00e3o se fundamentou na aus\u00eancia de provas concretas contra o r\u00e9u, segundo os elementos recolhidos at\u00e9 ent\u00e3o.<\/p>\n<p>O juiz pediu o prazo de 30 dias para concluir a an\u00e1lise dos recursos, destacando a necessidade de concentra\u00e7\u00e3o para uma avalia\u00e7\u00e3o cuidadosa. A decis\u00e3o final dever\u00e1 ser publicada ap\u00f3s a conclus\u00e3o desse estudo.<\/p>\n<p>A comunidade local acompanha com particular interesse o desfecho do processo, que tem despertado curiosidade na regi\u00e3o da Murtosa. O desfecho dever\u00e1 esclarecer definitivamente a posi\u00e7\u00e3o de Fernando Valente perante o tribunal.<\/p>\n<h3>Elementos processuais<\/h3>\n<ul>\n<li>O processo tramita em segredo de justi\u00e7a.<\/li>\n<li>A absolvi\u00e7\u00e3o ocorreu ap\u00f3s a an\u00e1lise de provas e depoimentos.<\/li>\n<li>A audi\u00eancia de instru\u00e7\u00e3o j\u00e1 ocorreu, com alega\u00e7\u00f5es finais apresentadas pelas partes.<\/li>\n<\/ul>\n","protected":false},"excerpt":{"rendered":"<ul>\n<li>O desembargador respons\u00e1vel pelo processo que absolveu Fernando Valente pediu 30 dias para analisar os recursos interpostos pelas partes.<\/li>\n<li>O magistrado indicou necessidade de \u201cconcentra\u00e7\u00e3o\u201d para realizar a an\u00e1lise, segundo fontes judiciais.<\/li>\n<li>A absolvi\u00e7\u00e3o ocorreu na comarca da Murtosa, no distrito de Aveiro, ap\u00f3s an\u00e1lise de provas e depoimentos, com decis\u00e3o un\u00e2nime.<\/li>\n<li>O processo tramita em segredo de justi\u00e7a, impedindo divulga\u00e7\u00f5es de detalhes; fontes pr\u00f3ximas apontam aus\u00eancia de provas concretas contra o r\u00e9u.<\/li>\n<li>A decis\u00e3o final dever\u00e1 ser publicada ap\u00f3s a an\u00e1lise dos recursos; a comunidade local acompanha o desfecho do caso.<\/li>\n<\/ul>\n","protected":false},"author":2,"featured_media":397484,"comment_status":"closed","ping_status":"closed","sticky":false,"template":"","format":"standard","meta":{"footnotes":""},"categories":[1],"tags":[3754,6618,1059,803,5760,4099],"class_list":["post-397482","post","type-post","status-publish","format-standard","has-post-thumbnail","hentry","category-noticias","tag-absolvicao","tag-advogados","tag-aveiro","tag-justica","tag-murtosa","tag-provas"],"yoast_head":"<!-- This site is optimized with the Yoast SEO plugin v27.2 - https:\/\/yoast.com\/product\/yoast-seo-wordpress\/ -->\n<title>Gr\u00e1vida da Murtosa envolve decis\u00e3o de juiz exclusivo - Portal Tela Portugal<\/title>\n<meta name=\"robots\" content=\"index, follow, max-snippet:-1, max-image-preview:large, max-video-preview:-1\" \/>\n<meta property=\"og:locale\" content=\"pt_PT\" \/>\n<meta property=\"og:type\" content=\"article\" \/>\n<meta property=\"og:title\" content=\"Gr\u00e1vida da Murtosa envolve decis\u00e3o de juiz exclusivo - Portal Tela Portugal\" \/>\n<meta property=\"og:description\" content=\"O desembargador respons\u00e1vel pelo processo que absolveu Fernando Valente pediu 30 dias para analisar os recursos interpostos pelas partes. O magistrado indicou necessidade de \u201cconcentra\u00e7\u00e3o\u201d para realizar a an\u00e1lise, segundo fontes judiciais. A absolvi\u00e7\u00e3o ocorreu na comarca da Murtosa, no distrito de Aveiro, ap\u00f3s an\u00e1lise de provas e depoimentos, com decis\u00e3o un\u00e2nime. O processo tramita em segredo de justi\u00e7a, impedindo divulga\u00e7\u00f5es de detalhes; fontes pr\u00f3ximas apontam aus\u00eancia de provas concretas contra o r\u00e9u. A decis\u00e3o final dever\u00e1 ser publicada ap\u00f3s a an\u00e1lise dos recursos; a comunidade local acompanha o desfecho do caso.\" \/>\n<meta property=\"og:url\" content=\"https:\/\/portaltela.pt\/noticias\/2026\/03\/04\/gravida-da-murtosa-envolve-decisao-de-juiz-exclusivo\/\" \/>\n<meta property=\"og:site_name\" content=\"Portal Tela Portugal\" \/>\n<meta property=\"article:published_time\" content=\"2026-03-04T16:52:36+00:00\" \/>\n<meta name=\"author\" content=\"Telinha\" \/>\n<meta name=\"twitter:card\" content=\"summary_large_image\" \/>\n<meta name=\"twitter:label1\" content=\"Escrito por\" \/>\n\t<meta name=\"twitter:data1\" content=\"Telinha\" \/>\n\t<meta name=\"twitter:label2\" content=\"Tempo estimado de leitura\" \/>\n\t<meta name=\"twitter:data2\" content=\"1 minuto\" \/>\n<script type=\"application\/ld+json\" class=\"yoast-schema-graph\">{\"@context\":\"https:\/\/schema.org\",\"@graph\":[{\"@type\":\"Article\",\"@id\":\"https:\/\/portaltela.pt\/noticias\/2026\/03\/04\/gravida-da-murtosa-envolve-decisao-de-juiz-exclusivo\/#article\",\"isPartOf\":{\"@id\":\"https:\/\/portaltela.pt\/noticias\/2026\/03\/04\/gravida-da-murtosa-envolve-decisao-de-juiz-exclusivo\/\"},\"author\":{\"name\":\"Telinha\",\"@id\":\"https:\/\/portaltela.pt\/#\/schema\/person\/c4278d4a6028830caff9ee44b42d32ed\"},\"headline\":\"Gr\u00e1vida da Murtosa envolve decis\u00e3o de juiz exclusivo\",\"datePublished\":\"2026-03-04T16:52:36+00:00\",\"mainEntityOfPage\":{\"@id\":\"https:\/\/portaltela.pt\/noticias\/2026\/03\/04\/gravida-da-murtosa-envolve-decisao-de-juiz-exclusivo\/\"},\"wordCount\":257,\"image\":{\"@id\":\"https:\/\/portaltela.pt\/noticias\/2026\/03\/04\/gravida-da-murtosa-envolve-decisao-de-juiz-exclusivo\/#primaryimage\"},\"thumbnailUrl\":\"https:\/\/portaltela.pt\/s.01k8rhncp4jt1\/2026\/03\/img_1280x722uu2026-03-04-11-36-45-2270322.jpg\",\"keywords\":[\"absolvi\u00e7\u00e3o\",\"Advogados\",\"Aveiro\",\"justi\u00e7a\",\"Murtosa\",\"provas\"],\"articleSection\":[\"Not\u00edcias\"],\"inLanguage\":\"pt-PT\"},{\"@type\":\"WebPage\",\"@id\":\"https:\/\/portaltela.pt\/noticias\/2026\/03\/04\/gravida-da-murtosa-envolve-decisao-de-juiz-exclusivo\/\",\"url\":\"https:\/\/portaltela.pt\/noticias\/2026\/03\/04\/gravida-da-murtosa-envolve-decisao-de-juiz-exclusivo\/\",\"name\":\"Gr\u00e1vida da Murtosa envolve decis\u00e3o de juiz exclusivo - Portal Tela Portugal\",\"isPartOf\":{\"@id\":\"https:\/\/portaltela.pt\/#website\"},\"primaryImageOfPage\":{\"@id\":\"https:\/\/portaltela.pt\/noticias\/2026\/03\/04\/gravida-da-murtosa-envolve-decisao-de-juiz-exclusivo\/#primaryimage\"},\"image\":{\"@id\":\"https:\/\/portaltela.pt\/noticias\/2026\/03\/04\/gravida-da-murtosa-envolve-decisao-de-juiz-exclusivo\/#primaryimage\"},\"thumbnailUrl\":\"https:\/\/portaltela.pt\/s.01k8rhncp4jt1\/2026\/03\/img_1280x722uu2026-03-04-11-36-45-2270322.jpg\",\"datePublished\":\"2026-03-04T16:52:36+00:00\",\"author\":{\"@id\":\"https:\/\/portaltela.pt\/#\/schema\/person\/c4278d4a6028830caff9ee44b42d32ed\"},\"breadcrumb\":{\"@id\":\"https:\/\/portaltela.pt\/noticias\/2026\/03\/04\/gravida-da-murtosa-envolve-decisao-de-juiz-exclusivo\/#breadcrumb\"},\"inLanguage\":\"pt-PT\",\"potentialAction\":[{\"@type\":\"ReadAction\",\"target\":[\"https:\/\/portaltela.pt\/noticias\/2026\/03\/04\/gravida-da-murtosa-envolve-decisao-de-juiz-exclusivo\/\"]}]},{\"@type\":\"ImageObject\",\"inLanguage\":\"pt-PT\",\"@id\":\"https:\/\/portaltela.pt\/noticias\/2026\/03\/04\/gravida-da-murtosa-envolve-decisao-de-juiz-exclusivo\/#primaryimage\",\"url\":\"https:\/\/portaltela.pt\/s.01k8rhncp4jt1\/2026\/03\/img_1280x722uu2026-03-04-11-36-45-2270322.jpg\",\"contentUrl\":\"https:\/\/portaltela.pt\/s.01k8rhncp4jt1\/2026\/03\/img_1280x722uu2026-03-04-11-36-45-2270322.jpg\",\"width\":796,\"height\":448,\"caption\":\"Imagem ilustrativa relacionada ao processo judicial na Murtosa\"},{\"@type\":\"BreadcrumbList\",\"@id\":\"https:\/\/portaltela.pt\/noticias\/2026\/03\/04\/gravida-da-murtosa-envolve-decisao-de-juiz-exclusivo\/#breadcrumb\",\"itemListElement\":[{\"@type\":\"ListItem\",\"position\":1,\"name\":\"In\u00edcio\",\"item\":\"https:\/\/portaltela.pt\/\"},{\"@type\":\"ListItem\",\"position\":2,\"name\":\"Gr\u00e1vida da Murtosa envolve decis\u00e3o de juiz exclusivo\"}]},{\"@type\":\"WebSite\",\"@id\":\"https:\/\/portaltela.pt\/#website\",\"url\":\"https:\/\/portaltela.pt\/\",\"name\":\"Portal Tela Portugal\",\"description\":\"\",\"potentialAction\":[{\"@type\":\"SearchAction\",\"target\":{\"@type\":\"EntryPoint\",\"urlTemplate\":\"https:\/\/portaltela.pt\/?s={search_term_string}\"},\"query-input\":{\"@type\":\"PropertyValueSpecification\",\"valueRequired\":true,\"valueName\":\"search_term_string\"}}],\"inLanguage\":\"pt-PT\"},{\"@type\":\"Person\",\"@id\":\"https:\/\/portaltela.pt\/#\/schema\/person\/c4278d4a6028830caff9ee44b42d32ed\",\"name\":\"Telinha\",\"image\":{\"@type\":\"ImageObject\",\"inLanguage\":\"pt-PT\",\"@id\":\"https:\/\/portaltela.pt\/s.01k8rhncp4jt1\/2025\/11\/talking-bot-125x125.png\",\"url\":\"https:\/\/portaltela.pt\/s.01k8rhncp4jt1\/2025\/11\/talking-bot-125x125.png\",\"contentUrl\":\"https:\/\/portaltela.pt\/s.01k8rhncp4jt1\/2025\/11\/talking-bot-125x125.png\",\"caption\":\"Telinha\"},\"sameAs\":[\"https:\/\/portaltela.pt\/\"],\"url\":\"https:\/\/portaltela.pt\/por\/367410592786\/\"}]}<\/script>\n<!-- \/ Yoast SEO plugin. -->","yoast_head_json":{"title":"Gr\u00e1vida da Murtosa envolve decis\u00e3o de juiz exclusivo - Portal Tela Portugal","robots":{"index":"index","follow":"follow","max-snippet":"max-snippet:-1","max-image-preview":"max-image-preview:large","max-video-preview":"max-video-preview:-1"},"og_locale":"pt_PT","og_type":"article","og_title":"Gr\u00e1vida da Murtosa envolve decis\u00e3o de juiz exclusivo - Portal Tela Portugal","og_description":"O desembargador respons\u00e1vel pelo processo que absolveu Fernando Valente pediu 30 dias para analisar os recursos interpostos pelas partes. O magistrado indicou necessidade de \u201cconcentra\u00e7\u00e3o\u201d para realizar a an\u00e1lise, segundo fontes judiciais. A absolvi\u00e7\u00e3o ocorreu na comarca da Murtosa, no distrito de Aveiro, ap\u00f3s an\u00e1lise de provas e depoimentos, com decis\u00e3o un\u00e2nime. O processo tramita em segredo de justi\u00e7a, impedindo divulga\u00e7\u00f5es de detalhes; fontes pr\u00f3ximas apontam aus\u00eancia de provas concretas contra o r\u00e9u. A decis\u00e3o final dever\u00e1 ser publicada ap\u00f3s a an\u00e1lise dos recursos; a comunidade local acompanha o desfecho do caso.","og_url":"https:\/\/portaltela.pt\/noticias\/2026\/03\/04\/gravida-da-murtosa-envolve-decisao-de-juiz-exclusivo\/","og_site_name":"Portal Tela Portugal","article_published_time":"2026-03-04T16:52:36+00:00","author":"Telinha","twitter_card":"summary_large_image","twitter_misc":{"Escrito por":"Telinha","Tempo estimado de leitura":"1 minuto"},"schema":{"@context":"https:\/\/schema.org","@graph":[{"@type":"Article","@id":"https:\/\/portaltela.pt\/noticias\/2026\/03\/04\/gravida-da-murtosa-envolve-decisao-de-juiz-exclusivo\/#article","isPartOf":{"@id":"https:\/\/portaltela.pt\/noticias\/2026\/03\/04\/gravida-da-murtosa-envolve-decisao-de-juiz-exclusivo\/"},"author":{"name":"Telinha","@id":"https:\/\/portaltela.pt\/#\/schema\/person\/c4278d4a6028830caff9ee44b42d32ed"},"headline":"Gr\u00e1vida da Murtosa envolve decis\u00e3o de juiz exclusivo","datePublished":"2026-03-04T16:52:36+00:00","mainEntityOfPage":{"@id":"https:\/\/portaltela.pt\/noticias\/2026\/03\/04\/gravida-da-murtosa-envolve-decisao-de-juiz-exclusivo\/"},"wordCount":257,"image":{"@id":"https:\/\/portaltela.pt\/noticias\/2026\/03\/04\/gravida-da-murtosa-envolve-decisao-de-juiz-exclusivo\/#primaryimage"},"thumbnailUrl":"https:\/\/portaltela.pt\/s.01k8rhncp4jt1\/2026\/03\/img_1280x722uu2026-03-04-11-36-45-2270322.jpg","keywords":["absolvi\u00e7\u00e3o","Advogados","Aveiro","justi\u00e7a","Murtosa","provas"],"articleSection":["Not\u00edcias"],"inLanguage":"pt-PT"},{"@type":"WebPage","@id":"https:\/\/portaltela.pt\/noticias\/2026\/03\/04\/gravida-da-murtosa-envolve-decisao-de-juiz-exclusivo\/","url":"https:\/\/portaltela.pt\/noticias\/2026\/03\/04\/gravida-da-murtosa-envolve-decisao-de-juiz-exclusivo\/","name":"Gr\u00e1vida da Murtosa envolve decis\u00e3o de juiz exclusivo - Portal Tela Portugal","isPartOf":{"@id":"https:\/\/portaltela.pt\/#website"},"primaryImageOfPage":{"@id":"https:\/\/portaltela.pt\/noticias\/2026\/03\/04\/gravida-da-murtosa-envolve-decisao-de-juiz-exclusivo\/#primaryimage"},"image":{"@id":"https:\/\/portaltela.pt\/noticias\/2026\/03\/04\/gravida-da-murtosa-envolve-decisao-de-juiz-exclusivo\/#primaryimage"},"thumbnailUrl":"https:\/\/portaltela.pt\/s.01k8rhncp4jt1\/2026\/03\/img_1280x722uu2026-03-04-11-36-45-2270322.jpg","datePublished":"2026-03-04T16:52:36+00:00","author":{"@id":"https:\/\/portaltela.pt\/#\/schema\/person\/c4278d4a6028830caff9ee44b42d32ed"},"breadcrumb":{"@id":"https:\/\/portaltela.pt\/noticias\/2026\/03\/04\/gravida-da-murtosa-envolve-decisao-de-juiz-exclusivo\/#breadcrumb"},"inLanguage":"pt-PT","potentialAction":[{"@type":"ReadAction","target":["https:\/\/portaltela.pt\/noticias\/2026\/03\/04\/gravida-da-murtosa-envolve-decisao-de-juiz-exclusivo\/"]}]},{"@type":"ImageObject","inLanguage":"pt-PT","@id":"https:\/\/portaltela.pt\/noticias\/2026\/03\/04\/gravida-da-murtosa-envolve-decisao-de-juiz-exclusivo\/#primaryimage","url":"https:\/\/portaltela.pt\/s.01k8rhncp4jt1\/2026\/03\/img_1280x722uu2026-03-04-11-36-45-2270322.jpg","contentUrl":"https:\/\/portaltela.pt\/s.01k8rhncp4jt1\/2026\/03\/img_1280x722uu2026-03-04-11-36-45-2270322.jpg","width":796,"height":448,"caption":"Imagem ilustrativa relacionada ao processo judicial na Murtosa"},{"@type":"BreadcrumbList","@id":"https:\/\/portaltela.pt\/noticias\/2026\/03\/04\/gravida-da-murtosa-envolve-decisao-de-juiz-exclusivo\/#breadcrumb","itemListElement":[{"@type":"ListItem","position":1,"name":"In\u00edcio","item":"https:\/\/portaltela.pt\/"},{"@type":"ListItem","position":2,"name":"Gr\u00e1vida da Murtosa envolve decis\u00e3o de juiz exclusivo"}]},{"@type":"WebSite","@id":"https:\/\/portaltela.pt\/#website","url":"https:\/\/portaltela.pt\/","name":"Portal Tela Portugal","description":"","potentialAction":[{"@type":"SearchAction","target":{"@type":"EntryPoint","urlTemplate":"https:\/\/portaltela.pt\/?s={search_term_string}"},"query-input":{"@type":"PropertyValueSpecification","valueRequired":true,"valueName":"search_term_string"}}],"inLanguage":"pt-PT"},{"@type":"Person","@id":"https:\/\/portaltela.pt\/#\/schema\/person\/c4278d4a6028830caff9ee44b42d32ed","name":"Telinha","image":{"@type":"ImageObject","inLanguage":"pt-PT","@id":"https:\/\/portaltela.pt\/s.01k8rhncp4jt1\/2025\/11\/talking-bot-125x125.png","url":"https:\/\/portaltela.pt\/s.01k8rhncp4jt1\/2025\/11\/talking-bot-125x125.png","contentUrl":"https:\/\/portaltela.pt\/s.01k8rhncp4jt1\/2025\/11\/talking-bot-125x125.png","caption":"Telinha"},"sameAs":["https:\/\/portaltela.pt\/"],"url":"https:\/\/portaltela.pt\/por\/367410592786\/"}]}},"_links":{"self":[{"href":"https:\/\/portaltela.pt\/api\/wp\/v2\/posts\/397482","targetHints":{"allow":["GET"]}}],"collection":[{"href":"https:\/\/portaltela.pt\/api\/wp\/v2\/posts"}],"about":[{"href":"https:\/\/portaltela.pt\/api\/wp\/v2\/types\/post"}],"author":[{"embeddable":true,"href":"https:\/\/portaltela.pt\/api\/wp\/v2\/users\/2"}],"replies":[{"embeddable":true,"href":"https:\/\/portaltela.pt\/api\/wp\/v2\/comments?post=397482"}],"version-history":[{"count":0,"href":"https:\/\/portaltela.pt\/api\/wp\/v2\/posts\/397482\/revisions"}],"wp:featuredmedia":[{"embeddable":true,"href":"https:\/\/portaltela.pt\/api\/wp\/v2\/media\/397484"}],"wp:attachment":[{"href":"https:\/\/portaltela.pt\/api\/wp\/v2\/media?parent=397482"}],"wp:term":[{"taxonomy":"category","embeddable":true,"href":"https:\/\/portaltela.pt\/api\/wp\/v2\/categories?post=397482"},{"taxonomy":"post_tag","embeddable":true,"href":"https:\/\/portaltela.pt\/api\/wp\/v2\/tags?post=397482"}],"curies":[{"name":"wp","href":"https:\/\/api.w.org\/{rel}","templated":true}]}}