{"id":397475,"date":"2026-03-04T13:54:57","date_gmt":"2026-03-04T16:54:57","guid":{"rendered":"https:\/\/portaltela.pt\/noticias\/2026\/03\/04\/eliga-portugal-grupo-b-entra-em-acao\/"},"modified":"2026-03-04T13:54:57","modified_gmt":"2026-03-04T16:54:57","slug":"eliga-portugal-grupo-b-entra-em-acao","status":"publish","type":"post","link":"https:\/\/portaltela.pt\/noticias\/2026\/03\/04\/eliga-portugal-grupo-b-entra-em-acao\/","title":{"rendered":"eLiga Portugal: Grupo B entra em a\u00e7\u00e3o"},"content":{"rendered":"<p>O Grupo B da eLiga Portugal entra em a\u00e7\u00e3o na Etapa 2, tentando chegar \u00e0 Fase Final. S\u00e3o oito forma\u00e7\u00f5es em competi\u00e7\u00e3o: Casa Pia AC Grow uP, CD Nacional, CD Tondela, Apogee, FC Arouca By Quest, OGM, FC Alverca, GOAT e Moreirense FC. A luta pelos dois sete vagas na Fase Final continua nesta quarta-feira.<\/p>\n<p>No primeiro dia, o AFS | TxT Gaming e o Santa Clara garantiram presen\u00e7a entre os oito finalistas, que se encontrar\u00e3o no pr\u00f3ximo dia 14, s\u00e1bado, no Arena Liga Portugal, no Porto. As equipas competem pela qualifica\u00e7\u00e3o para a Fase Final da Etapa 2 da eLiga Portugal.<\/p>\n<p>Todos os encontros ser\u00e3o transmitidos em direto nos canais oficiais da Twitch: eLiga Portugal 1, 2 e 3. Acompanhe ainda resultados e curiosidades da \u00e9poca no site oficial, no Instagram e no Twitter da eLiga Portugal.<\/p>\n<h3>Hor\u00e1rios do Grupo B \u2013 Etapa 2<\/h3>\n<p>1. Jornada 1 \u2013 19h<\/p>\n<ul>\n<li>Moreirense FC \u2013 FC Alverca<\/li>\n<li>CD Tondela \u2013 Apogee<\/li>\n<li>FC Arouca by Quest \u2013 OGM<\/li>\n<li>Casa Pia AC Grow uP<\/li>\n<\/ul>\n<p>2. Jornada 2 \u2013 19h50<\/p>\n<ul>\n<li>CD Nacional \u2013 Moreirense FC<\/li>\n<li>FC Alverca \u2013 GOAT<\/li>\n<li>Casa Pia AC Grow uP \u2013 CD Tondela<\/li>\n<li>Apogee \u2013 FC Arouca by Quest | OGM<\/li>\n<\/ul>\n<p>3. Jornada 3 \u2013 20h40<\/p>\n<ul>\n<li>Moreirense FC \u2013 Casa Pia AC Grow uP<\/li>\n<li>FC Arouca by Quest \u2013 OGM<\/li>\n<li>CD Nacional \u2013<\/li>\n<li>FC Alverca \u2013 GOAT<\/li>\n<li>CD Tondela \u2013 Apogee<\/li>\n<\/ul>\n<p>4. Jornada 4 \u2013 21h30<\/p>\n<ul>\n<li>Moreirense FC \u2013 FC Arouca by Quest | OGM<\/li>\n<li>Casa Pia AC Grow uP \u2013 CD Tondela | Apogee<\/li>\n<li>CD Nacional \u2013 FC Alverca | GOAT<\/li>\n<\/ul>\n<p>5. Jornada 5 \u2013 22h20<\/p>\n<ul>\n<li>CD Tondela \u2013 Apogee<\/li>\n<li>Moreirense FC \u2013 FC Arouca by Quest | OGM<\/li>\n<li>FC Alverca \u2013 GOAT<\/li>\n<li>Casa Pia AC Grow uP \u2013 CD Nacional<\/li>\n<\/ul>\n","protected":false},"excerpt":{"rendered":"<ul>\n<li>O Grupo B da eLiga Portugal entra em a\u00e7\u00e3o pela Fase Final da Etapa 2, com oito forma\u00e7\u00f5es a competir pela qualifica\u00e7\u00e3o.<\/li>\n<li>No dia anterior, AFS | TxT Gaming e Santa Clara garantiram presen\u00e7a entre os oito finalistas, que se defrontar\u00e3o a 14 de mar\u00e7o, no Arena Liga Portugal, no Porto.<\/li>\n<li>Todos os encontros do Grupo B s\u00e3o transmitidos em direto nos canais oficiais da Twitch da eLiga Portugal.<\/li>\n<li>Programa\u00e7\u00e3o de hoje: Jornada 1 \u00e0s 19h, Jornada 2 \u00e0s 19h50, Jornada 3 \u00e0s 20h40, Jornada 4 \u00e0s 21h30 e Jornada 5 \u00e0s 22h20.<\/li>\n<li>Resultados e melhores momentos ficam dispon\u00edveis no site oficial, bem como nos Instagram e Twitter da eLiga Portugal.<\/li>\n<\/ul>\n","protected":false},"author":2,"featured_media":397481,"comment_status":"closed","ping_status":"closed","sticky":false,"template":"","format":"standard","meta":{"footnotes":""},"categories":[21,1],"tags":[900,5176,5827,152,32,5825],"class_list":["post-397475","post","type-post","status-publish","format-standard","has-post-thumbnail","hentry","category-desporto","category-noticias","tag-arouca","tag-casa-pia","tag-cd-tondela","tag-desporto","tag-futebol","tag-moreirense-fc"],"yoast_head":"<!-- This site is optimized with the Yoast SEO plugin v27.2 - https:\/\/yoast.com\/product\/yoast-seo-wordpress\/ -->\n<title>eLiga Portugal: Grupo B entra em a\u00e7\u00e3o - Portal Tela Portugal<\/title>\n<meta name=\"robots\" content=\"index, follow, max-snippet:-1, max-image-preview:large, max-video-preview:-1\" \/>\n<meta property=\"og:locale\" content=\"pt_PT\" \/>\n<meta property=\"og:type\" content=\"article\" \/>\n<meta property=\"og:title\" content=\"eLiga Portugal: Grupo B entra em a\u00e7\u00e3o - Portal Tela Portugal\" \/>\n<meta property=\"og:description\" content=\"O Grupo B da eLiga Portugal entra em a\u00e7\u00e3o pela Fase Final da Etapa 2, com oito forma\u00e7\u00f5es a competir pela qualifica\u00e7\u00e3o. No dia anterior, AFS | TxT Gaming e Santa Clara garantiram presen\u00e7a entre os oito finalistas, que se defrontar\u00e3o a 14 de mar\u00e7o, no Arena Liga Portugal, no Porto. Todos os encontros do Grupo B s\u00e3o transmitidos em direto nos canais oficiais da Twitch da eLiga Portugal. Programa\u00e7\u00e3o de hoje: Jornada 1 \u00e0s 19h, Jornada 2 \u00e0s 19h50, Jornada 3 \u00e0s 20h40, Jornada 4 \u00e0s 21h30 e Jornada 5 \u00e0s 22h20. Resultados e melhores momentos ficam dispon\u00edveis no site oficial, bem como nos Instagram e Twitter da eLiga Portugal.\" \/>\n<meta property=\"og:url\" content=\"https:\/\/portaltela.pt\/noticias\/2026\/03\/04\/eliga-portugal-grupo-b-entra-em-acao\/\" \/>\n<meta property=\"og:site_name\" content=\"Portal Tela Portugal\" \/>\n<meta property=\"article:published_time\" content=\"2026-03-04T16:54:57+00:00\" \/>\n<meta name=\"author\" content=\"Telinha\" \/>\n<meta name=\"twitter:card\" content=\"summary_large_image\" \/>\n<meta name=\"twitter:label1\" content=\"Escrito por\" \/>\n\t<meta name=\"twitter:data1\" content=\"Telinha\" \/>\n\t<meta name=\"twitter:label2\" content=\"Tempo estimado de leitura\" \/>\n\t<meta name=\"twitter:data2\" content=\"1 minuto\" \/>\n<script type=\"application\/ld+json\" class=\"yoast-schema-graph\">{\"@context\":\"https:\/\/schema.org\",\"@graph\":[{\"@type\":\"Article\",\"@id\":\"https:\/\/portaltela.pt\/noticias\/2026\/03\/04\/eliga-portugal-grupo-b-entra-em-acao\/#article\",\"isPartOf\":{\"@id\":\"https:\/\/portaltela.pt\/noticias\/2026\/03\/04\/eliga-portugal-grupo-b-entra-em-acao\/\"},\"author\":{\"name\":\"Telinha\",\"@id\":\"https:\/\/portaltela.pt\/#\/schema\/person\/c4278d4a6028830caff9ee44b42d32ed\"},\"headline\":\"eLiga Portugal: Grupo B entra em a\u00e7\u00e3o\",\"datePublished\":\"2026-03-04T16:54:57+00:00\",\"mainEntityOfPage\":{\"@id\":\"https:\/\/portaltela.pt\/noticias\/2026\/03\/04\/eliga-portugal-grupo-b-entra-em-acao\/\"},\"wordCount\":261,\"image\":{\"@id\":\"https:\/\/portaltela.pt\/noticias\/2026\/03\/04\/eliga-portugal-grupo-b-entra-em-acao\/#primaryimage\"},\"thumbnailUrl\":\"https:\/\/portaltela.pt\/s.01k8rhncp4jt1\/2026\/03\/img_920x518uu2026-03-04-16-54-32-2424876.jpg\",\"keywords\":[\"Arouca\",\"Casa Pia\",\"CD Tondela\",\"desporto\",\"futebol\",\"Moreirense FC\"],\"articleSection\":[\"Desporto\",\"Not\u00edcias\"],\"inLanguage\":\"pt-PT\"},{\"@type\":\"WebPage\",\"@id\":\"https:\/\/portaltela.pt\/noticias\/2026\/03\/04\/eliga-portugal-grupo-b-entra-em-acao\/\",\"url\":\"https:\/\/portaltela.pt\/noticias\/2026\/03\/04\/eliga-portugal-grupo-b-entra-em-acao\/\",\"name\":\"eLiga Portugal: Grupo B entra em a\u00e7\u00e3o - Portal Tela Portugal\",\"isPartOf\":{\"@id\":\"https:\/\/portaltela.pt\/#website\"},\"primaryImageOfPage\":{\"@id\":\"https:\/\/portaltela.pt\/noticias\/2026\/03\/04\/eliga-portugal-grupo-b-entra-em-acao\/#primaryimage\"},\"image\":{\"@id\":\"https:\/\/portaltela.pt\/noticias\/2026\/03\/04\/eliga-portugal-grupo-b-entra-em-acao\/#primaryimage\"},\"thumbnailUrl\":\"https:\/\/portaltela.pt\/s.01k8rhncp4jt1\/2026\/03\/img_920x518uu2026-03-04-16-54-32-2424876.jpg\",\"datePublished\":\"2026-03-04T16:54:57+00:00\",\"author\":{\"@id\":\"https:\/\/portaltela.pt\/#\/schema\/person\/c4278d4a6028830caff9ee44b42d32ed\"},\"breadcrumb\":{\"@id\":\"https:\/\/portaltela.pt\/noticias\/2026\/03\/04\/eliga-portugal-grupo-b-entra-em-acao\/#breadcrumb\"},\"inLanguage\":\"pt-PT\",\"potentialAction\":[{\"@type\":\"ReadAction\",\"target\":[\"https:\/\/portaltela.pt\/noticias\/2026\/03\/04\/eliga-portugal-grupo-b-entra-em-acao\/\"]}]},{\"@type\":\"ImageObject\",\"inLanguage\":\"pt-PT\",\"@id\":\"https:\/\/portaltela.pt\/noticias\/2026\/03\/04\/eliga-portugal-grupo-b-entra-em-acao\/#primaryimage\",\"url\":\"https:\/\/portaltela.pt\/s.01k8rhncp4jt1\/2026\/03\/img_920x518uu2026-03-04-16-54-32-2424876.jpg\",\"contentUrl\":\"https:\/\/portaltela.pt\/s.01k8rhncp4jt1\/2026\/03\/img_920x518uu2026-03-04-16-54-32-2424876.jpg\",\"width\":796,\"height\":448,\"caption\":\"Grupo B da eLiga Portugal disputa mais vagas na Fase Final\"},{\"@type\":\"BreadcrumbList\",\"@id\":\"https:\/\/portaltela.pt\/noticias\/2026\/03\/04\/eliga-portugal-grupo-b-entra-em-acao\/#breadcrumb\",\"itemListElement\":[{\"@type\":\"ListItem\",\"position\":1,\"name\":\"In\u00edcio\",\"item\":\"https:\/\/portaltela.pt\/\"},{\"@type\":\"ListItem\",\"position\":2,\"name\":\"eLiga Portugal: Grupo B entra em a\u00e7\u00e3o\"}]},{\"@type\":\"WebSite\",\"@id\":\"https:\/\/portaltela.pt\/#website\",\"url\":\"https:\/\/portaltela.pt\/\",\"name\":\"Portal Tela Portugal\",\"description\":\"\",\"potentialAction\":[{\"@type\":\"SearchAction\",\"target\":{\"@type\":\"EntryPoint\",\"urlTemplate\":\"https:\/\/portaltela.pt\/?s={search_term_string}\"},\"query-input\":{\"@type\":\"PropertyValueSpecification\",\"valueRequired\":true,\"valueName\":\"search_term_string\"}}],\"inLanguage\":\"pt-PT\"},{\"@type\":\"Person\",\"@id\":\"https:\/\/portaltela.pt\/#\/schema\/person\/c4278d4a6028830caff9ee44b42d32ed\",\"name\":\"Telinha\",\"image\":{\"@type\":\"ImageObject\",\"inLanguage\":\"pt-PT\",\"@id\":\"https:\/\/portaltela.pt\/s.01k8rhncp4jt1\/2025\/11\/talking-bot-125x125.png\",\"url\":\"https:\/\/portaltela.pt\/s.01k8rhncp4jt1\/2025\/11\/talking-bot-125x125.png\",\"contentUrl\":\"https:\/\/portaltela.pt\/s.01k8rhncp4jt1\/2025\/11\/talking-bot-125x125.png\",\"caption\":\"Telinha\"},\"sameAs\":[\"https:\/\/portaltela.pt\/\"],\"url\":\"https:\/\/portaltela.pt\/por\/367410592786\/\"}]}<\/script>\n<!-- \/ Yoast SEO plugin. -->","yoast_head_json":{"title":"eLiga Portugal: Grupo B entra em a\u00e7\u00e3o - Portal Tela Portugal","robots":{"index":"index","follow":"follow","max-snippet":"max-snippet:-1","max-image-preview":"max-image-preview:large","max-video-preview":"max-video-preview:-1"},"og_locale":"pt_PT","og_type":"article","og_title":"eLiga Portugal: Grupo B entra em a\u00e7\u00e3o - Portal Tela Portugal","og_description":"O Grupo B da eLiga Portugal entra em a\u00e7\u00e3o pela Fase Final da Etapa 2, com oito forma\u00e7\u00f5es a competir pela qualifica\u00e7\u00e3o. No dia anterior, AFS | TxT Gaming e Santa Clara garantiram presen\u00e7a entre os oito finalistas, que se defrontar\u00e3o a 14 de mar\u00e7o, no Arena Liga Portugal, no Porto. Todos os encontros do Grupo B s\u00e3o transmitidos em direto nos canais oficiais da Twitch da eLiga Portugal. Programa\u00e7\u00e3o de hoje: Jornada 1 \u00e0s 19h, Jornada 2 \u00e0s 19h50, Jornada 3 \u00e0s 20h40, Jornada 4 \u00e0s 21h30 e Jornada 5 \u00e0s 22h20. Resultados e melhores momentos ficam dispon\u00edveis no site oficial, bem como nos Instagram e Twitter da eLiga Portugal.","og_url":"https:\/\/portaltela.pt\/noticias\/2026\/03\/04\/eliga-portugal-grupo-b-entra-em-acao\/","og_site_name":"Portal Tela Portugal","article_published_time":"2026-03-04T16:54:57+00:00","author":"Telinha","twitter_card":"summary_large_image","twitter_misc":{"Escrito por":"Telinha","Tempo estimado de leitura":"1 minuto"},"schema":{"@context":"https:\/\/schema.org","@graph":[{"@type":"Article","@id":"https:\/\/portaltela.pt\/noticias\/2026\/03\/04\/eliga-portugal-grupo-b-entra-em-acao\/#article","isPartOf":{"@id":"https:\/\/portaltela.pt\/noticias\/2026\/03\/04\/eliga-portugal-grupo-b-entra-em-acao\/"},"author":{"name":"Telinha","@id":"https:\/\/portaltela.pt\/#\/schema\/person\/c4278d4a6028830caff9ee44b42d32ed"},"headline":"eLiga Portugal: Grupo B entra em a\u00e7\u00e3o","datePublished":"2026-03-04T16:54:57+00:00","mainEntityOfPage":{"@id":"https:\/\/portaltela.pt\/noticias\/2026\/03\/04\/eliga-portugal-grupo-b-entra-em-acao\/"},"wordCount":261,"image":{"@id":"https:\/\/portaltela.pt\/noticias\/2026\/03\/04\/eliga-portugal-grupo-b-entra-em-acao\/#primaryimage"},"thumbnailUrl":"https:\/\/portaltela.pt\/s.01k8rhncp4jt1\/2026\/03\/img_920x518uu2026-03-04-16-54-32-2424876.jpg","keywords":["Arouca","Casa Pia","CD Tondela","desporto","futebol","Moreirense FC"],"articleSection":["Desporto","Not\u00edcias"],"inLanguage":"pt-PT"},{"@type":"WebPage","@id":"https:\/\/portaltela.pt\/noticias\/2026\/03\/04\/eliga-portugal-grupo-b-entra-em-acao\/","url":"https:\/\/portaltela.pt\/noticias\/2026\/03\/04\/eliga-portugal-grupo-b-entra-em-acao\/","name":"eLiga Portugal: Grupo B entra em a\u00e7\u00e3o - Portal Tela Portugal","isPartOf":{"@id":"https:\/\/portaltela.pt\/#website"},"primaryImageOfPage":{"@id":"https:\/\/portaltela.pt\/noticias\/2026\/03\/04\/eliga-portugal-grupo-b-entra-em-acao\/#primaryimage"},"image":{"@id":"https:\/\/portaltela.pt\/noticias\/2026\/03\/04\/eliga-portugal-grupo-b-entra-em-acao\/#primaryimage"},"thumbnailUrl":"https:\/\/portaltela.pt\/s.01k8rhncp4jt1\/2026\/03\/img_920x518uu2026-03-04-16-54-32-2424876.jpg","datePublished":"2026-03-04T16:54:57+00:00","author":{"@id":"https:\/\/portaltela.pt\/#\/schema\/person\/c4278d4a6028830caff9ee44b42d32ed"},"breadcrumb":{"@id":"https:\/\/portaltela.pt\/noticias\/2026\/03\/04\/eliga-portugal-grupo-b-entra-em-acao\/#breadcrumb"},"inLanguage":"pt-PT","potentialAction":[{"@type":"ReadAction","target":["https:\/\/portaltela.pt\/noticias\/2026\/03\/04\/eliga-portugal-grupo-b-entra-em-acao\/"]}]},{"@type":"ImageObject","inLanguage":"pt-PT","@id":"https:\/\/portaltela.pt\/noticias\/2026\/03\/04\/eliga-portugal-grupo-b-entra-em-acao\/#primaryimage","url":"https:\/\/portaltela.pt\/s.01k8rhncp4jt1\/2026\/03\/img_920x518uu2026-03-04-16-54-32-2424876.jpg","contentUrl":"https:\/\/portaltela.pt\/s.01k8rhncp4jt1\/2026\/03\/img_920x518uu2026-03-04-16-54-32-2424876.jpg","width":796,"height":448,"caption":"Grupo B da eLiga Portugal disputa mais vagas na Fase Final"},{"@type":"BreadcrumbList","@id":"https:\/\/portaltela.pt\/noticias\/2026\/03\/04\/eliga-portugal-grupo-b-entra-em-acao\/#breadcrumb","itemListElement":[{"@type":"ListItem","position":1,"name":"In\u00edcio","item":"https:\/\/portaltela.pt\/"},{"@type":"ListItem","position":2,"name":"eLiga Portugal: Grupo B entra em a\u00e7\u00e3o"}]},{"@type":"WebSite","@id":"https:\/\/portaltela.pt\/#website","url":"https:\/\/portaltela.pt\/","name":"Portal Tela Portugal","description":"","potentialAction":[{"@type":"SearchAction","target":{"@type":"EntryPoint","urlTemplate":"https:\/\/portaltela.pt\/?s={search_term_string}"},"query-input":{"@type":"PropertyValueSpecification","valueRequired":true,"valueName":"search_term_string"}}],"inLanguage":"pt-PT"},{"@type":"Person","@id":"https:\/\/portaltela.pt\/#\/schema\/person\/c4278d4a6028830caff9ee44b42d32ed","name":"Telinha","image":{"@type":"ImageObject","inLanguage":"pt-PT","@id":"https:\/\/portaltela.pt\/s.01k8rhncp4jt1\/2025\/11\/talking-bot-125x125.png","url":"https:\/\/portaltela.pt\/s.01k8rhncp4jt1\/2025\/11\/talking-bot-125x125.png","contentUrl":"https:\/\/portaltela.pt\/s.01k8rhncp4jt1\/2025\/11\/talking-bot-125x125.png","caption":"Telinha"},"sameAs":["https:\/\/portaltela.pt\/"],"url":"https:\/\/portaltela.pt\/por\/367410592786\/"}]}},"_links":{"self":[{"href":"https:\/\/portaltela.pt\/api\/wp\/v2\/posts\/397475","targetHints":{"allow":["GET"]}}],"collection":[{"href":"https:\/\/portaltela.pt\/api\/wp\/v2\/posts"}],"about":[{"href":"https:\/\/portaltela.pt\/api\/wp\/v2\/types\/post"}],"author":[{"embeddable":true,"href":"https:\/\/portaltela.pt\/api\/wp\/v2\/users\/2"}],"replies":[{"embeddable":true,"href":"https:\/\/portaltela.pt\/api\/wp\/v2\/comments?post=397475"}],"version-history":[{"count":0,"href":"https:\/\/portaltela.pt\/api\/wp\/v2\/posts\/397475\/revisions"}],"wp:featuredmedia":[{"embeddable":true,"href":"https:\/\/portaltela.pt\/api\/wp\/v2\/media\/397481"}],"wp:attachment":[{"href":"https:\/\/portaltela.pt\/api\/wp\/v2\/media?parent=397475"}],"wp:term":[{"taxonomy":"category","embeddable":true,"href":"https:\/\/portaltela.pt\/api\/wp\/v2\/categories?post=397475"},{"taxonomy":"post_tag","embeddable":true,"href":"https:\/\/portaltela.pt\/api\/wp\/v2\/tags?post=397475"}],"curies":[{"name":"wp","href":"https:\/\/api.w.org\/{rel}","templated":true}]}}