{"id":397439,"date":"2026-03-04T13:30:00","date_gmt":"2026-03-04T16:30:00","guid":{"rendered":"https:\/\/portaltela.pt\/noticias\/2026\/03\/04\/psd-admite-recorrer-ao-tribunal-constitucional-sobre-lay-off-a-100\/"},"modified":"2026-03-04T13:30:00","modified_gmt":"2026-03-04T16:30:00","slug":"psd-admite-recorrer-ao-tribunal-constitucional-sobre-lay-off-a-100","status":"publish","type":"post","link":"https:\/\/portaltela.pt\/noticias\/politica\/2026\/03\/04\/psd-admite-recorrer-ao-tribunal-constitucional-sobre-lay-off-a-100\/","title":{"rendered":"PSD admite recorrer ao Tribunal Constitucional sobre lay-off a 100%"},"content":{"rendered":"<p>O PSD mostrou-se dispon\u00edvel para recorrer ao Tribunal Constitucional caso considere que a altera\u00e7\u00e3o ao decreto-lei hoje aprovada pela oposi\u00e7\u00e3o viola a lei. A interven\u00e7\u00e3o ocorreu no debate quinzenal, ap\u00f3s a aprova\u00e7\u00e3o na comiss\u00e3o de uma iniciativa do BE.<\/p>\n<p>A proposta do BE altera o regime de lay-off simplificado criado ap\u00f3s as tempestades. Passa a prever o pagamento de 100% do sal\u00e1rio il\u00edquido at\u00e9 tr\u00eas vezes o sal\u00e1rio m\u00ednimo nacional, em vez dos dois ter\u00e7os atuais.<\/p>\n<h3>Proposta e vota\u00e7\u00e3o<\/h3>\n<p>A iniciativa foi aprovada com votos contra apenas do PSD e da Iniciativa Liberal. O BE pretende assegurar que a compensa\u00e7\u00e3o seja paga pelo empregador aos trabalhadores abrangidos.<\/p>\n<h3>Rea\u00e7\u00e3o da lideran\u00e7a<\/h3>\n<p>O l\u00edder parlamentar do PSD, Hugo Soares, afirmou que o diploma pode violar a lei e que o grupo parlamentar estudar\u00e1 todas as consequ\u00eancias. O PS e o Chega foram criticados pela posi\u00e7\u00e3o tomada.<\/p>\n<h3>Contexto legal e effectivos<\/h3>\n<p>A norma preambular foi aprovada para salvaguardar a eventual despesa, suspendendo o acr\u00e9scimo at\u00e9 ao pr\u00f3ximo or\u00e7amento. A mudan\u00e7a entra em vigor apenas com o Or\u00e7amento do Estado de 2027, caso passe a lei.<\/p>\n","protected":false},"excerpt":{"rendered":"<ul>\n<li>O PSD admitiu levar o tema do lay-off ao Tribunal Constitucional se considerar que a altera\u00e7\u00e3o aprovada pela oposi\u00e7\u00e3o viola a lei, ap\u00f3s a vota\u00e7\u00e3o na comiss\u00e3o.<\/li>\n<li>O BE prop\u00f4s pagar 100% da retribui\u00e7\u00e3o il\u00edquida aos trabalhadores do lay-off simplificado, at\u00e9 tr\u00eas vezes a remunera\u00e7\u00e3o m\u00ednima mensal garantida, em vez de dois ter\u00e7os, com votos contra de PSD e Iniciativa Liberal.<\/li>\n<li>A proposta foi aprovada na comiss\u00e3o, com o PSD a manter a cr\u00edtica \u00e0s posi\u00e7\u00f5es de PS e Chega, e o primeiro-ministro a defender a narrativa do Governo.<\/li>\n<li>O PSD afirmou que v\u00e3o estudar todas as consequ\u00eancias do diploma e que os efeitos financeiros s\u00f3 se verificar\u00e3o no pr\u00f3ximo ano, criticando a impress\u00e3o de urg\u00eancia dos partidos da oposi\u00e7\u00e3o.<\/li>\n<li>Foi aprovada ainda uma norma preambular para salvaguardar a lei-trav\u00e3o, prevendo que qualquer aumento de despesa entre aceite a vigorar apenas no Or\u00e7amento de Estado subsequente, ou seja, no OE de 2027.<\/li>\n<\/ul>\n","protected":false},"author":2,"featured_media":397453,"comment_status":"closed","ping_status":"closed","sticky":false,"template":"","format":"standard","meta":{"footnotes":""},"categories":[1,5],"tags":[3426,1482,6000,2832,3695,6208],"class_list":["post-397439","post","type-post","status-publish","format-standard","has-post-thumbnail","hentry","category-noticias","category-politica","tag-be","tag-iniciativa-liberal","tag-orcamento","tag-politica","tag-psd","tag-tribunais"],"yoast_head":"<!-- This site is optimized with the Yoast SEO plugin v27.2 - https:\/\/yoast.com\/product\/yoast-seo-wordpress\/ -->\n<title>PSD admite recorrer ao Tribunal Constitucional sobre lay-off a 100% - Portal Tela Portugal<\/title>\n<meta name=\"robots\" content=\"index, follow, max-snippet:-1, max-image-preview:large, max-video-preview:-1\" \/>\n<meta property=\"og:locale\" content=\"pt_PT\" \/>\n<meta property=\"og:type\" content=\"article\" \/>\n<meta property=\"og:title\" content=\"PSD admite recorrer ao Tribunal Constitucional sobre lay-off a 100% - Portal Tela Portugal\" \/>\n<meta property=\"og:description\" content=\"O PSD admitiu levar o tema do lay-off ao Tribunal Constitucional se considerar que a altera\u00e7\u00e3o aprovada pela oposi\u00e7\u00e3o viola a lei, ap\u00f3s a vota\u00e7\u00e3o na comiss\u00e3o. O BE prop\u00f4s pagar 100% da retribui\u00e7\u00e3o il\u00edquida aos trabalhadores do lay-off simplificado, at\u00e9 tr\u00eas vezes a remunera\u00e7\u00e3o m\u00ednima mensal garantida, em vez de dois ter\u00e7os, com votos contra de PSD e Iniciativa Liberal. A proposta foi aprovada na comiss\u00e3o, com o PSD a manter a cr\u00edtica \u00e0s posi\u00e7\u00f5es de PS e Chega, e o primeiro-ministro a defender a narrativa do Governo. O PSD afirmou que v\u00e3o estudar todas as consequ\u00eancias do diploma e que os efeitos financeiros s\u00f3 se verificar\u00e3o no pr\u00f3ximo ano, criticando a impress\u00e3o de urg\u00eancia dos partidos da oposi\u00e7\u00e3o. Foi aprovada ainda uma norma preambular para salvaguardar a lei-trav\u00e3o, prevendo que qualquer aumento de despesa entre aceite a vigorar apenas no Or\u00e7amento de Estado subsequente, ou seja, no OE de 2027.\" \/>\n<meta property=\"og:url\" content=\"https:\/\/portaltela.pt\/noticias\/2026\/03\/04\/psd-admite-recorrer-ao-tribunal-constitucional-sobre-lay-off-a-100\/\" \/>\n<meta property=\"og:site_name\" content=\"Portal Tela Portugal\" \/>\n<meta property=\"article:published_time\" content=\"2026-03-04T16:30:00+00:00\" \/>\n<meta name=\"author\" content=\"Telinha\" \/>\n<meta name=\"twitter:card\" content=\"summary_large_image\" \/>\n<meta name=\"twitter:label1\" content=\"Escrito por\" \/>\n\t<meta name=\"twitter:data1\" content=\"Telinha\" \/>\n\t<meta name=\"twitter:label2\" content=\"Tempo estimado de leitura\" \/>\n\t<meta name=\"twitter:data2\" content=\"1 minuto\" \/>\n<script type=\"application\/ld+json\" class=\"yoast-schema-graph\">{\"@context\":\"https:\/\/schema.org\",\"@graph\":[{\"@type\":\"Article\",\"@id\":\"https:\/\/portaltela.pt\/noticias\/2026\/03\/04\/psd-admite-recorrer-ao-tribunal-constitucional-sobre-lay-off-a-100\/#article\",\"isPartOf\":{\"@id\":\"https:\/\/portaltela.pt\/noticias\/2026\/03\/04\/psd-admite-recorrer-ao-tribunal-constitucional-sobre-lay-off-a-100\/\"},\"author\":{\"name\":\"Telinha\",\"@id\":\"https:\/\/portaltela.pt\/#\/schema\/person\/c4278d4a6028830caff9ee44b42d32ed\"},\"headline\":\"PSD admite recorrer ao Tribunal Constitucional sobre lay-off a 100%\",\"datePublished\":\"2026-03-04T16:30:00+00:00\",\"mainEntityOfPage\":{\"@id\":\"https:\/\/portaltela.pt\/noticias\/2026\/03\/04\/psd-admite-recorrer-ao-tribunal-constitucional-sobre-lay-off-a-100\/\"},\"wordCount\":215,\"image\":{\"@id\":\"https:\/\/portaltela.pt\/noticias\/2026\/03\/04\/psd-admite-recorrer-ao-tribunal-constitucional-sobre-lay-off-a-100\/#primaryimage\"},\"thumbnailUrl\":\"https:\/\/portaltela.pt\/s.01k8rhncp4jt1\/2026\/03\/c16c99a8-0f66-43fe-a046-62caa8e84c5b_1200x675.jpg\",\"keywords\":[\"BE\",\"Iniciativa Liberal\",\"or\u00e7amento\",\"pol\u00edtica\",\"PSD\",\"Tribunais\"],\"articleSection\":[\"Not\u00edcias\",\"Pol\u00edtica\"],\"inLanguage\":\"pt-PT\"},{\"@type\":\"WebPage\",\"@id\":\"https:\/\/portaltela.pt\/noticias\/2026\/03\/04\/psd-admite-recorrer-ao-tribunal-constitucional-sobre-lay-off-a-100\/\",\"url\":\"https:\/\/portaltela.pt\/noticias\/2026\/03\/04\/psd-admite-recorrer-ao-tribunal-constitucional-sobre-lay-off-a-100\/\",\"name\":\"PSD admite recorrer ao Tribunal Constitucional sobre lay-off a 100% - Portal Tela Portugal\",\"isPartOf\":{\"@id\":\"https:\/\/portaltela.pt\/#website\"},\"primaryImageOfPage\":{\"@id\":\"https:\/\/portaltela.pt\/noticias\/2026\/03\/04\/psd-admite-recorrer-ao-tribunal-constitucional-sobre-lay-off-a-100\/#primaryimage\"},\"image\":{\"@id\":\"https:\/\/portaltela.pt\/noticias\/2026\/03\/04\/psd-admite-recorrer-ao-tribunal-constitucional-sobre-lay-off-a-100\/#primaryimage\"},\"thumbnailUrl\":\"https:\/\/portaltela.pt\/s.01k8rhncp4jt1\/2026\/03\/c16c99a8-0f66-43fe-a046-62caa8e84c5b_1200x675.jpg\",\"datePublished\":\"2026-03-04T16:30:00+00:00\",\"author\":{\"@id\":\"https:\/\/portaltela.pt\/#\/schema\/person\/c4278d4a6028830caff9ee44b42d32ed\"},\"breadcrumb\":{\"@id\":\"https:\/\/portaltela.pt\/noticias\/2026\/03\/04\/psd-admite-recorrer-ao-tribunal-constitucional-sobre-lay-off-a-100\/#breadcrumb\"},\"inLanguage\":\"pt-PT\",\"potentialAction\":[{\"@type\":\"ReadAction\",\"target\":[\"https:\/\/portaltela.pt\/noticias\/2026\/03\/04\/psd-admite-recorrer-ao-tribunal-constitucional-sobre-lay-off-a-100\/\"]}]},{\"@type\":\"ImageObject\",\"inLanguage\":\"pt-PT\",\"@id\":\"https:\/\/portaltela.pt\/noticias\/2026\/03\/04\/psd-admite-recorrer-ao-tribunal-constitucional-sobre-lay-off-a-100\/#primaryimage\",\"url\":\"https:\/\/portaltela.pt\/s.01k8rhncp4jt1\/2026\/03\/c16c99a8-0f66-43fe-a046-62caa8e84c5b_1200x675.jpg\",\"contentUrl\":\"https:\/\/portaltela.pt\/s.01k8rhncp4jt1\/2026\/03\/c16c99a8-0f66-43fe-a046-62caa8e84c5b_1200x675.jpg\",\"width\":796,\"height\":448,\"caption\":\"O l\u00edder parlamentar do PSD, Hugo Soares\"},{\"@type\":\"BreadcrumbList\",\"@id\":\"https:\/\/portaltela.pt\/noticias\/2026\/03\/04\/psd-admite-recorrer-ao-tribunal-constitucional-sobre-lay-off-a-100\/#breadcrumb\",\"itemListElement\":[{\"@type\":\"ListItem\",\"position\":1,\"name\":\"In\u00edcio\",\"item\":\"https:\/\/portaltela.pt\/\"},{\"@type\":\"ListItem\",\"position\":2,\"name\":\"PSD admite recorrer ao Tribunal Constitucional sobre lay-off a 100%\"}]},{\"@type\":\"WebSite\",\"@id\":\"https:\/\/portaltela.pt\/#website\",\"url\":\"https:\/\/portaltela.pt\/\",\"name\":\"Portal Tela Portugal\",\"description\":\"\",\"potentialAction\":[{\"@type\":\"SearchAction\",\"target\":{\"@type\":\"EntryPoint\",\"urlTemplate\":\"https:\/\/portaltela.pt\/?s={search_term_string}\"},\"query-input\":{\"@type\":\"PropertyValueSpecification\",\"valueRequired\":true,\"valueName\":\"search_term_string\"}}],\"inLanguage\":\"pt-PT\"},{\"@type\":\"Person\",\"@id\":\"https:\/\/portaltela.pt\/#\/schema\/person\/c4278d4a6028830caff9ee44b42d32ed\",\"name\":\"Telinha\",\"image\":{\"@type\":\"ImageObject\",\"inLanguage\":\"pt-PT\",\"@id\":\"https:\/\/portaltela.pt\/s.01k8rhncp4jt1\/2025\/11\/talking-bot-125x125.png\",\"url\":\"https:\/\/portaltela.pt\/s.01k8rhncp4jt1\/2025\/11\/talking-bot-125x125.png\",\"contentUrl\":\"https:\/\/portaltela.pt\/s.01k8rhncp4jt1\/2025\/11\/talking-bot-125x125.png\",\"caption\":\"Telinha\"},\"sameAs\":[\"https:\/\/portaltela.pt\/\"],\"url\":\"https:\/\/portaltela.pt\/por\/367410592786\/\"}]}<\/script>\n<!-- \/ Yoast SEO plugin. -->","yoast_head_json":{"title":"PSD admite recorrer ao Tribunal Constitucional sobre lay-off a 100% - Portal Tela Portugal","robots":{"index":"index","follow":"follow","max-snippet":"max-snippet:-1","max-image-preview":"max-image-preview:large","max-video-preview":"max-video-preview:-1"},"og_locale":"pt_PT","og_type":"article","og_title":"PSD admite recorrer ao Tribunal Constitucional sobre lay-off a 100% - Portal Tela Portugal","og_description":"O PSD admitiu levar o tema do lay-off ao Tribunal Constitucional se considerar que a altera\u00e7\u00e3o aprovada pela oposi\u00e7\u00e3o viola a lei, ap\u00f3s a vota\u00e7\u00e3o na comiss\u00e3o. O BE prop\u00f4s pagar 100% da retribui\u00e7\u00e3o il\u00edquida aos trabalhadores do lay-off simplificado, at\u00e9 tr\u00eas vezes a remunera\u00e7\u00e3o m\u00ednima mensal garantida, em vez de dois ter\u00e7os, com votos contra de PSD e Iniciativa Liberal. A proposta foi aprovada na comiss\u00e3o, com o PSD a manter a cr\u00edtica \u00e0s posi\u00e7\u00f5es de PS e Chega, e o primeiro-ministro a defender a narrativa do Governo. O PSD afirmou que v\u00e3o estudar todas as consequ\u00eancias do diploma e que os efeitos financeiros s\u00f3 se verificar\u00e3o no pr\u00f3ximo ano, criticando a impress\u00e3o de urg\u00eancia dos partidos da oposi\u00e7\u00e3o. Foi aprovada ainda uma norma preambular para salvaguardar a lei-trav\u00e3o, prevendo que qualquer aumento de despesa entre aceite a vigorar apenas no Or\u00e7amento de Estado subsequente, ou seja, no OE de 2027.","og_url":"https:\/\/portaltela.pt\/noticias\/2026\/03\/04\/psd-admite-recorrer-ao-tribunal-constitucional-sobre-lay-off-a-100\/","og_site_name":"Portal Tela Portugal","article_published_time":"2026-03-04T16:30:00+00:00","author":"Telinha","twitter_card":"summary_large_image","twitter_misc":{"Escrito por":"Telinha","Tempo estimado de leitura":"1 minuto"},"schema":{"@context":"https:\/\/schema.org","@graph":[{"@type":"Article","@id":"https:\/\/portaltela.pt\/noticias\/2026\/03\/04\/psd-admite-recorrer-ao-tribunal-constitucional-sobre-lay-off-a-100\/#article","isPartOf":{"@id":"https:\/\/portaltela.pt\/noticias\/2026\/03\/04\/psd-admite-recorrer-ao-tribunal-constitucional-sobre-lay-off-a-100\/"},"author":{"name":"Telinha","@id":"https:\/\/portaltela.pt\/#\/schema\/person\/c4278d4a6028830caff9ee44b42d32ed"},"headline":"PSD admite recorrer ao Tribunal Constitucional sobre lay-off a 100%","datePublished":"2026-03-04T16:30:00+00:00","mainEntityOfPage":{"@id":"https:\/\/portaltela.pt\/noticias\/2026\/03\/04\/psd-admite-recorrer-ao-tribunal-constitucional-sobre-lay-off-a-100\/"},"wordCount":215,"image":{"@id":"https:\/\/portaltela.pt\/noticias\/2026\/03\/04\/psd-admite-recorrer-ao-tribunal-constitucional-sobre-lay-off-a-100\/#primaryimage"},"thumbnailUrl":"https:\/\/portaltela.pt\/s.01k8rhncp4jt1\/2026\/03\/c16c99a8-0f66-43fe-a046-62caa8e84c5b_1200x675.jpg","keywords":["BE","Iniciativa Liberal","or\u00e7amento","pol\u00edtica","PSD","Tribunais"],"articleSection":["Not\u00edcias","Pol\u00edtica"],"inLanguage":"pt-PT"},{"@type":"WebPage","@id":"https:\/\/portaltela.pt\/noticias\/2026\/03\/04\/psd-admite-recorrer-ao-tribunal-constitucional-sobre-lay-off-a-100\/","url":"https:\/\/portaltela.pt\/noticias\/2026\/03\/04\/psd-admite-recorrer-ao-tribunal-constitucional-sobre-lay-off-a-100\/","name":"PSD admite recorrer ao Tribunal Constitucional sobre lay-off a 100% - Portal Tela Portugal","isPartOf":{"@id":"https:\/\/portaltela.pt\/#website"},"primaryImageOfPage":{"@id":"https:\/\/portaltela.pt\/noticias\/2026\/03\/04\/psd-admite-recorrer-ao-tribunal-constitucional-sobre-lay-off-a-100\/#primaryimage"},"image":{"@id":"https:\/\/portaltela.pt\/noticias\/2026\/03\/04\/psd-admite-recorrer-ao-tribunal-constitucional-sobre-lay-off-a-100\/#primaryimage"},"thumbnailUrl":"https:\/\/portaltela.pt\/s.01k8rhncp4jt1\/2026\/03\/c16c99a8-0f66-43fe-a046-62caa8e84c5b_1200x675.jpg","datePublished":"2026-03-04T16:30:00+00:00","author":{"@id":"https:\/\/portaltela.pt\/#\/schema\/person\/c4278d4a6028830caff9ee44b42d32ed"},"breadcrumb":{"@id":"https:\/\/portaltela.pt\/noticias\/2026\/03\/04\/psd-admite-recorrer-ao-tribunal-constitucional-sobre-lay-off-a-100\/#breadcrumb"},"inLanguage":"pt-PT","potentialAction":[{"@type":"ReadAction","target":["https:\/\/portaltela.pt\/noticias\/2026\/03\/04\/psd-admite-recorrer-ao-tribunal-constitucional-sobre-lay-off-a-100\/"]}]},{"@type":"ImageObject","inLanguage":"pt-PT","@id":"https:\/\/portaltela.pt\/noticias\/2026\/03\/04\/psd-admite-recorrer-ao-tribunal-constitucional-sobre-lay-off-a-100\/#primaryimage","url":"https:\/\/portaltela.pt\/s.01k8rhncp4jt1\/2026\/03\/c16c99a8-0f66-43fe-a046-62caa8e84c5b_1200x675.jpg","contentUrl":"https:\/\/portaltela.pt\/s.01k8rhncp4jt1\/2026\/03\/c16c99a8-0f66-43fe-a046-62caa8e84c5b_1200x675.jpg","width":796,"height":448,"caption":"O l\u00edder parlamentar do PSD, Hugo Soares"},{"@type":"BreadcrumbList","@id":"https:\/\/portaltela.pt\/noticias\/2026\/03\/04\/psd-admite-recorrer-ao-tribunal-constitucional-sobre-lay-off-a-100\/#breadcrumb","itemListElement":[{"@type":"ListItem","position":1,"name":"In\u00edcio","item":"https:\/\/portaltela.pt\/"},{"@type":"ListItem","position":2,"name":"PSD admite recorrer ao Tribunal Constitucional sobre lay-off a 100%"}]},{"@type":"WebSite","@id":"https:\/\/portaltela.pt\/#website","url":"https:\/\/portaltela.pt\/","name":"Portal Tela Portugal","description":"","potentialAction":[{"@type":"SearchAction","target":{"@type":"EntryPoint","urlTemplate":"https:\/\/portaltela.pt\/?s={search_term_string}"},"query-input":{"@type":"PropertyValueSpecification","valueRequired":true,"valueName":"search_term_string"}}],"inLanguage":"pt-PT"},{"@type":"Person","@id":"https:\/\/portaltela.pt\/#\/schema\/person\/c4278d4a6028830caff9ee44b42d32ed","name":"Telinha","image":{"@type":"ImageObject","inLanguage":"pt-PT","@id":"https:\/\/portaltela.pt\/s.01k8rhncp4jt1\/2025\/11\/talking-bot-125x125.png","url":"https:\/\/portaltela.pt\/s.01k8rhncp4jt1\/2025\/11\/talking-bot-125x125.png","contentUrl":"https:\/\/portaltela.pt\/s.01k8rhncp4jt1\/2025\/11\/talking-bot-125x125.png","caption":"Telinha"},"sameAs":["https:\/\/portaltela.pt\/"],"url":"https:\/\/portaltela.pt\/por\/367410592786\/"}]}},"_links":{"self":[{"href":"https:\/\/portaltela.pt\/api\/wp\/v2\/posts\/397439","targetHints":{"allow":["GET"]}}],"collection":[{"href":"https:\/\/portaltela.pt\/api\/wp\/v2\/posts"}],"about":[{"href":"https:\/\/portaltela.pt\/api\/wp\/v2\/types\/post"}],"author":[{"embeddable":true,"href":"https:\/\/portaltela.pt\/api\/wp\/v2\/users\/2"}],"replies":[{"embeddable":true,"href":"https:\/\/portaltela.pt\/api\/wp\/v2\/comments?post=397439"}],"version-history":[{"count":0,"href":"https:\/\/portaltela.pt\/api\/wp\/v2\/posts\/397439\/revisions"}],"wp:featuredmedia":[{"embeddable":true,"href":"https:\/\/portaltela.pt\/api\/wp\/v2\/media\/397453"}],"wp:attachment":[{"href":"https:\/\/portaltela.pt\/api\/wp\/v2\/media?parent=397439"}],"wp:term":[{"taxonomy":"category","embeddable":true,"href":"https:\/\/portaltela.pt\/api\/wp\/v2\/categories?post=397439"},{"taxonomy":"post_tag","embeddable":true,"href":"https:\/\/portaltela.pt\/api\/wp\/v2\/tags?post=397439"}],"curies":[{"name":"wp","href":"https:\/\/api.w.org\/{rel}","templated":true}]}}