{"id":397366,"date":"2026-03-04T12:52:00","date_gmt":"2026-03-04T15:52:00","guid":{"rendered":"https:\/\/portaltela.pt\/noticias\/2026\/03\/04\/apel-rejeita-opacidade-na-atribuicao-dos-pavilhoes-da-feira-do-livro-em-lisboa\/"},"modified":"2026-03-04T12:52:00","modified_gmt":"2026-03-04T15:52:00","slug":"apel-rejeita-opacidade-na-atribuicao-dos-pavilhoes-da-feira-do-livro-em-lisboa","status":"publish","type":"post","link":"https:\/\/portaltela.pt\/noticias\/2026\/03\/04\/apel-rejeita-opacidade-na-atribuicao-dos-pavilhoes-da-feira-do-livro-em-lisboa\/","title":{"rendered":"APEL rejeita opacidade na atribui\u00e7\u00e3o dos pavilh\u00f5es da Feira do Livro em Lisboa"},"content":{"rendered":"<p>A Associa\u00e7\u00e3o Portuguesa de Editores e Livreiros (APEL) rejeita as acusa\u00e7\u00f5es de opacidade na atribui\u00e7\u00e3o de pavilh\u00f5es da Feira do Livro de Lisboa. Afirma que os crit\u00e9rios de participa\u00e7\u00e3o s\u00e3o p\u00fablicos e que n\u00e3o h\u00e1 desequil\u00edbrio entre grandes grupos e editoras independentes.<\/p>\n<p>A rea\u00e7\u00e3o surge ap\u00f3s um colectivo de 40 editoras independentes reclamar terem ficado de fora da edi\u00e7\u00e3o deste ano, numa reserva que afirma prejudicar a diversidade liter\u00e1ria. A peti\u00e7\u00e3o \u201cA cultura n\u00e3o pode ser um condom\u00ednio fechado\u201d j\u00e1 reuniu quase quatro mil assinaturas.<\/p>\n<p>A APEL sustenta que a distribui\u00e7\u00e3o de pavilh\u00f5es se baseia em crit\u00e9rios quantitativos e qualitativos, com o regulamento dispon\u00edvel para consulta. Garantem esclarecimentos aos participantes durante o per\u00edodo de inscri\u00e7\u00f5es e, quando solicitado, explicam as decis\u00f5es.<\/p>\n<p>No entanto, as editoras queixosas referem que n\u00e3o obtiveram justifica\u00e7\u00f5es concretas, al\u00e9m de um email que menciona excesso de pedidos face \u00e0 disponibilidade e a necessidade de rateio. Argumentam falta de transpar\u00eancia no processo de sele\u00e7\u00e3o.<\/p>\n<p>Segundo a APEL, a Feira atingiu em 2024 a capacidade m\u00e1xima com 350 pavilh\u00f5es, devido ao espa\u00e7o f\u00edsico do Parque Eduardo VII e a preocupa\u00e7\u00f5es de seguran\u00e7a e circula\u00e7\u00e3o de visitantes. A associa\u00e7\u00e3o diz manter crit\u00e9rios de inclus\u00e3o de novos projectos.<\/p>\n<p>A organiza\u00e7\u00e3o detalha que a atribui\u00e7\u00e3o procura manter proporcionalidade, pluralidade e sustentabilidade, com \u00eanfase na publica\u00e7\u00e3o em l\u00edngua portuguesa e em Portugal. Por\u00e9m, reiteram que o peso de grandes participantes n\u00e3o aumentou desde 2014.<\/p>\n<p>Em 2024, o Penguin Random House Portugal detinha 26 pavilh\u00f5es na feira e confirmou \u00e0 Lusa a ocupa\u00e7\u00e3o de mais um espa\u00e7o. A APEL afirma que houve adapta\u00e7\u00e3o para preencher vazios, mantendo a regra de rateio.<\/p>\n<p>Para este ano, a APEL indica a entrada de novas editoras independentes, sem especificar quais. Reitera tamb\u00e9m que n\u00e3o s\u00e3o admitidas entidades que recebam pagamentos de autores para promover livros ou sess\u00f5es p\u00fablicas, nem entidades com incumprimentos regulamentares.<\/p>\n<p>No campo da infraestrutura, a APEL aponta refor\u00e7os para acomodar mais visitantes, com mais zonas de descanso, maior programa cultural, audit\u00f3rio ampliado e sanit\u00e1rios aumentados. A oferta de restaura\u00e7\u00e3o mant\u00e9m o peso de 2014.<\/p>\n<p>A associa\u00e7\u00e3o conclui assegurando rigor, transpar\u00eancia e di\u00e1logo. Mant\u00e9m que a comunica\u00e7\u00e3o p\u00fablica de determinados detalhes pode comprometer a integridade do processo.<\/p>\n<p>Para j\u00e1 n\u00e3o existem conclus\u00f5es finais. As pr\u00f3ximas semanas devem esclarecer se surgem revis\u00f5es de crit\u00e9rios ou novas edi\u00e7\u00f5es de participa\u00e7\u00e3o na Feira do Livro de Lisboa.<\/p>\n","protected":false},"excerpt":{"rendered":"<ul>\n<li>APEL rejeita acusa\u00e7\u00f5es de opacidade na atribui\u00e7\u00e3o de pavilh\u00f5es da Feira do Livro de Lisboa, afirmando que os crit\u00e9rios de participa\u00e7\u00e3o s\u00e3o p\u00fablicos.<\/li>\n<li>Um coletivo de 40 editoras independentes diz ter sido exclu\u00eddo da edi\u00e7\u00e3o deste ano, gerando uma peti\u00e7\u00e3o com quase quatro mil signat\u00e1rios.<\/li>\n<li>A associa\u00e7\u00e3o sustenta que a distribui\u00e7\u00e3o dos pavilh\u00f5es se baseia em crit\u00e9rios quanti\u00adtativos e qualitativos, incluindo dados de mercado, diversidade e volume de cat\u00e1logos.<\/li>\n<li>Em 2024, a feira atingiu a capacidade m\u00e1xima de 350 pavilh\u00f5es; a organiza\u00e7\u00e3o tamb\u00e9m refor\u00e7a infraestruturas e servi\u00e7os para acolher mais visitantes.<\/li>\n<li>Pequenos editores j\u00e1 tinham contestado a gest\u00e3o em anos anteriores, alegando favorecimento de grandes grupos; a APEL afirma manter di\u00e1logo e transpar\u00eancia, sem revelar atas ou crit\u00e9rios adicionais.<\/li>\n<\/ul>\n","protected":false},"author":2,"featured_media":397376,"comment_status":"closed","ping_status":"closed","sticky":false,"template":"","format":"standard","meta":{"footnotes":""},"categories":[1],"tags":[145,4088,6472,981,130,1014],"class_list":["post-397366","post","type-post","status-publish","format-standard","has-post-thumbnail","hentry","category-noticias","tag-cultura","tag-diversidade-acesso-e-inclusao","tag-feiras","tag-lisboa","tag-livros","tag-portugal"],"yoast_head":"<!-- This site is optimized with the Yoast SEO plugin v27.2 - https:\/\/yoast.com\/product\/yoast-seo-wordpress\/ -->\n<title>APEL rejeita opacidade na atribui\u00e7\u00e3o dos pavilh\u00f5es da Feira do Livro em Lisboa - Portal Tela Portugal<\/title>\n<meta name=\"robots\" content=\"index, follow, max-snippet:-1, max-image-preview:large, max-video-preview:-1\" \/>\n<meta property=\"og:locale\" content=\"pt_PT\" \/>\n<meta property=\"og:type\" content=\"article\" \/>\n<meta property=\"og:title\" content=\"APEL rejeita opacidade na atribui\u00e7\u00e3o dos pavilh\u00f5es da Feira do Livro em Lisboa - Portal Tela Portugal\" \/>\n<meta property=\"og:description\" content=\"APEL rejeita acusa\u00e7\u00f5es de opacidade na atribui\u00e7\u00e3o de pavilh\u00f5es da Feira do Livro de Lisboa, afirmando que os crit\u00e9rios de participa\u00e7\u00e3o s\u00e3o p\u00fablicos. Um coletivo de 40 editoras independentes diz ter sido exclu\u00eddo da edi\u00e7\u00e3o deste ano, gerando uma peti\u00e7\u00e3o com quase quatro mil signat\u00e1rios. A associa\u00e7\u00e3o sustenta que a distribui\u00e7\u00e3o dos pavilh\u00f5es se baseia em crit\u00e9rios quanti\u00adtativos e qualitativos, incluindo dados de mercado, diversidade e volume de cat\u00e1logos. Em 2024, a feira atingiu a capacidade m\u00e1xima de 350 pavilh\u00f5es; a organiza\u00e7\u00e3o tamb\u00e9m refor\u00e7a infraestruturas e servi\u00e7os para acolher mais visitantes. Pequenos editores j\u00e1 tinham contestado a gest\u00e3o em anos anteriores, alegando favorecimento de grandes grupos; a APEL afirma manter di\u00e1logo e transpar\u00eancia, sem revelar atas ou crit\u00e9rios adicionais.\" \/>\n<meta property=\"og:url\" content=\"https:\/\/portaltela.pt\/noticias\/2026\/03\/04\/apel-rejeita-opacidade-na-atribuicao-dos-pavilhoes-da-feira-do-livro-em-lisboa\/\" \/>\n<meta property=\"og:site_name\" content=\"Portal Tela Portugal\" \/>\n<meta property=\"article:published_time\" content=\"2026-03-04T15:52:00+00:00\" \/>\n<meta name=\"author\" content=\"Telinha\" \/>\n<meta name=\"twitter:card\" content=\"summary_large_image\" \/>\n<meta name=\"twitter:label1\" content=\"Escrito por\" \/>\n\t<meta name=\"twitter:data1\" content=\"Telinha\" \/>\n\t<meta name=\"twitter:label2\" content=\"Tempo estimado de leitura\" \/>\n\t<meta name=\"twitter:data2\" content=\"2 minutos\" \/>\n<script type=\"application\/ld+json\" class=\"yoast-schema-graph\">{\"@context\":\"https:\/\/schema.org\",\"@graph\":[{\"@type\":\"Article\",\"@id\":\"https:\/\/portaltela.pt\/noticias\/2026\/03\/04\/apel-rejeita-opacidade-na-atribuicao-dos-pavilhoes-da-feira-do-livro-em-lisboa\/#article\",\"isPartOf\":{\"@id\":\"https:\/\/portaltela.pt\/noticias\/2026\/03\/04\/apel-rejeita-opacidade-na-atribuicao-dos-pavilhoes-da-feira-do-livro-em-lisboa\/\"},\"author\":{\"name\":\"Telinha\",\"@id\":\"https:\/\/portaltela.pt\/#\/schema\/person\/c4278d4a6028830caff9ee44b42d32ed\"},\"headline\":\"APEL rejeita opacidade na atribui\u00e7\u00e3o dos pavilh\u00f5es da Feira do Livro em Lisboa\",\"datePublished\":\"2026-03-04T15:52:00+00:00\",\"mainEntityOfPage\":{\"@id\":\"https:\/\/portaltela.pt\/noticias\/2026\/03\/04\/apel-rejeita-opacidade-na-atribuicao-dos-pavilhoes-da-feira-do-livro-em-lisboa\/\"},\"wordCount\":467,\"image\":{\"@id\":\"https:\/\/portaltela.pt\/noticias\/2026\/03\/04\/apel-rejeita-opacidade-na-atribuicao-dos-pavilhoes-da-feira-do-livro-em-lisboa\/#primaryimage\"},\"thumbnailUrl\":\"https:\/\/portaltela.pt\/s.01k8rhncp4jt1\/2026\/03\/2071748.jpg\",\"keywords\":[\"cultura\",\"Diversidade, Acesso e Inclus\u00e3o\",\"feiras\",\"Lisboa\",\"livros\",\"Portugal\"],\"articleSection\":[\"Not\u00edcias\"],\"inLanguage\":\"pt-PT\"},{\"@type\":\"WebPage\",\"@id\":\"https:\/\/portaltela.pt\/noticias\/2026\/03\/04\/apel-rejeita-opacidade-na-atribuicao-dos-pavilhoes-da-feira-do-livro-em-lisboa\/\",\"url\":\"https:\/\/portaltela.pt\/noticias\/2026\/03\/04\/apel-rejeita-opacidade-na-atribuicao-dos-pavilhoes-da-feira-do-livro-em-lisboa\/\",\"name\":\"APEL rejeita opacidade na atribui\u00e7\u00e3o dos pavilh\u00f5es da Feira do Livro em Lisboa - Portal Tela Portugal\",\"isPartOf\":{\"@id\":\"https:\/\/portaltela.pt\/#website\"},\"primaryImageOfPage\":{\"@id\":\"https:\/\/portaltela.pt\/noticias\/2026\/03\/04\/apel-rejeita-opacidade-na-atribuicao-dos-pavilhoes-da-feira-do-livro-em-lisboa\/#primaryimage\"},\"image\":{\"@id\":\"https:\/\/portaltela.pt\/noticias\/2026\/03\/04\/apel-rejeita-opacidade-na-atribuicao-dos-pavilhoes-da-feira-do-livro-em-lisboa\/#primaryimage\"},\"thumbnailUrl\":\"https:\/\/portaltela.pt\/s.01k8rhncp4jt1\/2026\/03\/2071748.jpg\",\"datePublished\":\"2026-03-04T15:52:00+00:00\",\"author\":{\"@id\":\"https:\/\/portaltela.pt\/#\/schema\/person\/c4278d4a6028830caff9ee44b42d32ed\"},\"breadcrumb\":{\"@id\":\"https:\/\/portaltela.pt\/noticias\/2026\/03\/04\/apel-rejeita-opacidade-na-atribuicao-dos-pavilhoes-da-feira-do-livro-em-lisboa\/#breadcrumb\"},\"inLanguage\":\"pt-PT\",\"potentialAction\":[{\"@type\":\"ReadAction\",\"target\":[\"https:\/\/portaltela.pt\/noticias\/2026\/03\/04\/apel-rejeita-opacidade-na-atribuicao-dos-pavilhoes-da-feira-do-livro-em-lisboa\/\"]}]},{\"@type\":\"ImageObject\",\"inLanguage\":\"pt-PT\",\"@id\":\"https:\/\/portaltela.pt\/noticias\/2026\/03\/04\/apel-rejeita-opacidade-na-atribuicao-dos-pavilhoes-da-feira-do-livro-em-lisboa\/#primaryimage\",\"url\":\"https:\/\/portaltela.pt\/s.01k8rhncp4jt1\/2026\/03\/2071748.jpg\",\"contentUrl\":\"https:\/\/portaltela.pt\/s.01k8rhncp4jt1\/2026\/03\/2071748.jpg\",\"width\":796,\"height\":448,\"caption\":\"A Feira do Livro de Lisboa acontece entre 27 de Maio e 14 de Junho\"},{\"@type\":\"BreadcrumbList\",\"@id\":\"https:\/\/portaltela.pt\/noticias\/2026\/03\/04\/apel-rejeita-opacidade-na-atribuicao-dos-pavilhoes-da-feira-do-livro-em-lisboa\/#breadcrumb\",\"itemListElement\":[{\"@type\":\"ListItem\",\"position\":1,\"name\":\"In\u00edcio\",\"item\":\"https:\/\/portaltela.pt\/\"},{\"@type\":\"ListItem\",\"position\":2,\"name\":\"APEL rejeita opacidade na atribui\u00e7\u00e3o dos pavilh\u00f5es da Feira do Livro em Lisboa\"}]},{\"@type\":\"WebSite\",\"@id\":\"https:\/\/portaltela.pt\/#website\",\"url\":\"https:\/\/portaltela.pt\/\",\"name\":\"Portal Tela Portugal\",\"description\":\"\",\"potentialAction\":[{\"@type\":\"SearchAction\",\"target\":{\"@type\":\"EntryPoint\",\"urlTemplate\":\"https:\/\/portaltela.pt\/?s={search_term_string}\"},\"query-input\":{\"@type\":\"PropertyValueSpecification\",\"valueRequired\":true,\"valueName\":\"search_term_string\"}}],\"inLanguage\":\"pt-PT\"},{\"@type\":\"Person\",\"@id\":\"https:\/\/portaltela.pt\/#\/schema\/person\/c4278d4a6028830caff9ee44b42d32ed\",\"name\":\"Telinha\",\"image\":{\"@type\":\"ImageObject\",\"inLanguage\":\"pt-PT\",\"@id\":\"https:\/\/portaltela.pt\/s.01k8rhncp4jt1\/2025\/11\/talking-bot-125x125.png\",\"url\":\"https:\/\/portaltela.pt\/s.01k8rhncp4jt1\/2025\/11\/talking-bot-125x125.png\",\"contentUrl\":\"https:\/\/portaltela.pt\/s.01k8rhncp4jt1\/2025\/11\/talking-bot-125x125.png\",\"caption\":\"Telinha\"},\"sameAs\":[\"https:\/\/portaltela.pt\/\"],\"url\":\"https:\/\/portaltela.pt\/por\/367410592786\/\"}]}<\/script>\n<!-- \/ Yoast SEO plugin. -->","yoast_head_json":{"title":"APEL rejeita opacidade na atribui\u00e7\u00e3o dos pavilh\u00f5es da Feira do Livro em Lisboa - Portal Tela Portugal","robots":{"index":"index","follow":"follow","max-snippet":"max-snippet:-1","max-image-preview":"max-image-preview:large","max-video-preview":"max-video-preview:-1"},"og_locale":"pt_PT","og_type":"article","og_title":"APEL rejeita opacidade na atribui\u00e7\u00e3o dos pavilh\u00f5es da Feira do Livro em Lisboa - Portal Tela Portugal","og_description":"APEL rejeita acusa\u00e7\u00f5es de opacidade na atribui\u00e7\u00e3o de pavilh\u00f5es da Feira do Livro de Lisboa, afirmando que os crit\u00e9rios de participa\u00e7\u00e3o s\u00e3o p\u00fablicos. Um coletivo de 40 editoras independentes diz ter sido exclu\u00eddo da edi\u00e7\u00e3o deste ano, gerando uma peti\u00e7\u00e3o com quase quatro mil signat\u00e1rios. A associa\u00e7\u00e3o sustenta que a distribui\u00e7\u00e3o dos pavilh\u00f5es se baseia em crit\u00e9rios quanti\u00adtativos e qualitativos, incluindo dados de mercado, diversidade e volume de cat\u00e1logos. Em 2024, a feira atingiu a capacidade m\u00e1xima de 350 pavilh\u00f5es; a organiza\u00e7\u00e3o tamb\u00e9m refor\u00e7a infraestruturas e servi\u00e7os para acolher mais visitantes. Pequenos editores j\u00e1 tinham contestado a gest\u00e3o em anos anteriores, alegando favorecimento de grandes grupos; a APEL afirma manter di\u00e1logo e transpar\u00eancia, sem revelar atas ou crit\u00e9rios adicionais.","og_url":"https:\/\/portaltela.pt\/noticias\/2026\/03\/04\/apel-rejeita-opacidade-na-atribuicao-dos-pavilhoes-da-feira-do-livro-em-lisboa\/","og_site_name":"Portal Tela Portugal","article_published_time":"2026-03-04T15:52:00+00:00","author":"Telinha","twitter_card":"summary_large_image","twitter_misc":{"Escrito por":"Telinha","Tempo estimado de leitura":"2 minutos"},"schema":{"@context":"https:\/\/schema.org","@graph":[{"@type":"Article","@id":"https:\/\/portaltela.pt\/noticias\/2026\/03\/04\/apel-rejeita-opacidade-na-atribuicao-dos-pavilhoes-da-feira-do-livro-em-lisboa\/#article","isPartOf":{"@id":"https:\/\/portaltela.pt\/noticias\/2026\/03\/04\/apel-rejeita-opacidade-na-atribuicao-dos-pavilhoes-da-feira-do-livro-em-lisboa\/"},"author":{"name":"Telinha","@id":"https:\/\/portaltela.pt\/#\/schema\/person\/c4278d4a6028830caff9ee44b42d32ed"},"headline":"APEL rejeita opacidade na atribui\u00e7\u00e3o dos pavilh\u00f5es da Feira do Livro em Lisboa","datePublished":"2026-03-04T15:52:00+00:00","mainEntityOfPage":{"@id":"https:\/\/portaltela.pt\/noticias\/2026\/03\/04\/apel-rejeita-opacidade-na-atribuicao-dos-pavilhoes-da-feira-do-livro-em-lisboa\/"},"wordCount":467,"image":{"@id":"https:\/\/portaltela.pt\/noticias\/2026\/03\/04\/apel-rejeita-opacidade-na-atribuicao-dos-pavilhoes-da-feira-do-livro-em-lisboa\/#primaryimage"},"thumbnailUrl":"https:\/\/portaltela.pt\/s.01k8rhncp4jt1\/2026\/03\/2071748.jpg","keywords":["cultura","Diversidade, Acesso e Inclus\u00e3o","feiras","Lisboa","livros","Portugal"],"articleSection":["Not\u00edcias"],"inLanguage":"pt-PT"},{"@type":"WebPage","@id":"https:\/\/portaltela.pt\/noticias\/2026\/03\/04\/apel-rejeita-opacidade-na-atribuicao-dos-pavilhoes-da-feira-do-livro-em-lisboa\/","url":"https:\/\/portaltela.pt\/noticias\/2026\/03\/04\/apel-rejeita-opacidade-na-atribuicao-dos-pavilhoes-da-feira-do-livro-em-lisboa\/","name":"APEL rejeita opacidade na atribui\u00e7\u00e3o dos pavilh\u00f5es da Feira do Livro em Lisboa - Portal Tela Portugal","isPartOf":{"@id":"https:\/\/portaltela.pt\/#website"},"primaryImageOfPage":{"@id":"https:\/\/portaltela.pt\/noticias\/2026\/03\/04\/apel-rejeita-opacidade-na-atribuicao-dos-pavilhoes-da-feira-do-livro-em-lisboa\/#primaryimage"},"image":{"@id":"https:\/\/portaltela.pt\/noticias\/2026\/03\/04\/apel-rejeita-opacidade-na-atribuicao-dos-pavilhoes-da-feira-do-livro-em-lisboa\/#primaryimage"},"thumbnailUrl":"https:\/\/portaltela.pt\/s.01k8rhncp4jt1\/2026\/03\/2071748.jpg","datePublished":"2026-03-04T15:52:00+00:00","author":{"@id":"https:\/\/portaltela.pt\/#\/schema\/person\/c4278d4a6028830caff9ee44b42d32ed"},"breadcrumb":{"@id":"https:\/\/portaltela.pt\/noticias\/2026\/03\/04\/apel-rejeita-opacidade-na-atribuicao-dos-pavilhoes-da-feira-do-livro-em-lisboa\/#breadcrumb"},"inLanguage":"pt-PT","potentialAction":[{"@type":"ReadAction","target":["https:\/\/portaltela.pt\/noticias\/2026\/03\/04\/apel-rejeita-opacidade-na-atribuicao-dos-pavilhoes-da-feira-do-livro-em-lisboa\/"]}]},{"@type":"ImageObject","inLanguage":"pt-PT","@id":"https:\/\/portaltela.pt\/noticias\/2026\/03\/04\/apel-rejeita-opacidade-na-atribuicao-dos-pavilhoes-da-feira-do-livro-em-lisboa\/#primaryimage","url":"https:\/\/portaltela.pt\/s.01k8rhncp4jt1\/2026\/03\/2071748.jpg","contentUrl":"https:\/\/portaltela.pt\/s.01k8rhncp4jt1\/2026\/03\/2071748.jpg","width":796,"height":448,"caption":"A Feira do Livro de Lisboa acontece entre 27 de Maio e 14 de Junho"},{"@type":"BreadcrumbList","@id":"https:\/\/portaltela.pt\/noticias\/2026\/03\/04\/apel-rejeita-opacidade-na-atribuicao-dos-pavilhoes-da-feira-do-livro-em-lisboa\/#breadcrumb","itemListElement":[{"@type":"ListItem","position":1,"name":"In\u00edcio","item":"https:\/\/portaltela.pt\/"},{"@type":"ListItem","position":2,"name":"APEL rejeita opacidade na atribui\u00e7\u00e3o dos pavilh\u00f5es da Feira do Livro em Lisboa"}]},{"@type":"WebSite","@id":"https:\/\/portaltela.pt\/#website","url":"https:\/\/portaltela.pt\/","name":"Portal Tela Portugal","description":"","potentialAction":[{"@type":"SearchAction","target":{"@type":"EntryPoint","urlTemplate":"https:\/\/portaltela.pt\/?s={search_term_string}"},"query-input":{"@type":"PropertyValueSpecification","valueRequired":true,"valueName":"search_term_string"}}],"inLanguage":"pt-PT"},{"@type":"Person","@id":"https:\/\/portaltela.pt\/#\/schema\/person\/c4278d4a6028830caff9ee44b42d32ed","name":"Telinha","image":{"@type":"ImageObject","inLanguage":"pt-PT","@id":"https:\/\/portaltela.pt\/s.01k8rhncp4jt1\/2025\/11\/talking-bot-125x125.png","url":"https:\/\/portaltela.pt\/s.01k8rhncp4jt1\/2025\/11\/talking-bot-125x125.png","contentUrl":"https:\/\/portaltela.pt\/s.01k8rhncp4jt1\/2025\/11\/talking-bot-125x125.png","caption":"Telinha"},"sameAs":["https:\/\/portaltela.pt\/"],"url":"https:\/\/portaltela.pt\/por\/367410592786\/"}]}},"_links":{"self":[{"href":"https:\/\/portaltela.pt\/api\/wp\/v2\/posts\/397366","targetHints":{"allow":["GET"]}}],"collection":[{"href":"https:\/\/portaltela.pt\/api\/wp\/v2\/posts"}],"about":[{"href":"https:\/\/portaltela.pt\/api\/wp\/v2\/types\/post"}],"author":[{"embeddable":true,"href":"https:\/\/portaltela.pt\/api\/wp\/v2\/users\/2"}],"replies":[{"embeddable":true,"href":"https:\/\/portaltela.pt\/api\/wp\/v2\/comments?post=397366"}],"version-history":[{"count":0,"href":"https:\/\/portaltela.pt\/api\/wp\/v2\/posts\/397366\/revisions"}],"wp:featuredmedia":[{"embeddable":true,"href":"https:\/\/portaltela.pt\/api\/wp\/v2\/media\/397376"}],"wp:attachment":[{"href":"https:\/\/portaltela.pt\/api\/wp\/v2\/media?parent=397366"}],"wp:term":[{"taxonomy":"category","embeddable":true,"href":"https:\/\/portaltela.pt\/api\/wp\/v2\/categories?post=397366"},{"taxonomy":"post_tag","embeddable":true,"href":"https:\/\/portaltela.pt\/api\/wp\/v2\/tags?post=397366"}],"curies":[{"name":"wp","href":"https:\/\/api.w.org\/{rel}","templated":true}]}}