{"id":397365,"date":"2026-03-04T12:59:01","date_gmt":"2026-03-04T15:59:01","guid":{"rendered":"https:\/\/portaltela.pt\/noticias\/2026\/03\/04\/lisboa-transfere-ate-39-milhoes-para-juntas-de-assistentes-de-jardins-de-infancia\/"},"modified":"2026-03-04T12:59:01","modified_gmt":"2026-03-04T15:59:01","slug":"lisboa-transfere-ate-39-milhoes-para-juntas-de-assistentes-de-jardins-de-infancia","status":"publish","type":"post","link":"https:\/\/portaltela.pt\/noticias\/2026\/03\/04\/lisboa-transfere-ate-39-milhoes-para-juntas-de-assistentes-de-jardins-de-infancia\/","title":{"rendered":"Lisboa transfere at\u00e9 3,9 milh\u00f5es para juntas de assistentes de jardins-de inf\u00e2ncia"},"content":{"rendered":"<p>A C\u00e2mara de Lisboa aprovou, em reuni\u00e3o privada, a transfer\u00eancia de at\u00e9 3,915 milh\u00f5es de euros para as juntas de freguesia. O objetivo \u00e9 custear encargos com assistentes operacionais em jardins-de-inf\u00e2ncia da rede p\u00fablica da cidade, durante o ano econ\u00f3mico de 2026.<\/p>\n<p>A proposta, subscrita pelo vereador Rodrigo Mello Gon\u00e7alves (IL), foi aprovada por unanimidade, conforme fonte oficial do munic\u00edpio. Actualmente, existem 258 assistentes operacionais colocadas em jardins-de-inf\u00e2ncia da rede p\u00fablica de Lisboa.<\/p>\n<h3>Transfer\u00eancia por Junta de Freguesia<\/h3>\n<p>O munic\u00edpio vai transferir verbas \u00e0s juntas, mediante a apresenta\u00e7\u00e3o de documentos justificativos dos valores despendidos com as assistentes operacionais na Educa\u00e7\u00e3o, at\u00e9 ao montante m\u00e1ximo indicado. O montante total para o ano \u00e9 de 3.915.380,00 euros.<\/p>\n<p>Entre as 24 freguesias, Olivais recebe o m\u00e1ximo de 382.000 euros, enquanto Estrela fica com 17.000 euros. A distribui\u00e7\u00e3o visa apoiar os custos com pessoal no ensino pr\u00e9-escolar p\u00fablico da cidade.<\/p>\n<h3>Situa\u00e7\u00e3o dos Servi\u00e7os Sociais e Contexto Pol\u00edtico<\/h3>\n<p>Na segunda-feira, 12 presidentes de Junta eleitos pelo PS denunciaram a aus\u00eancia de formaliza\u00e7\u00e3o dos acordos de delega\u00e7\u00e3o de compet\u00eancias para 2026, exigindo di\u00e1logo institucional com o presidente da c\u00e2mara, Carlos Moedas.<\/p>\n<p>Nesta quarta-feira, foi tamb\u00e9m aprovada, por unanimidade, a proposta para atribui\u00e7\u00e3o aos Servi\u00e7os Sociais da C\u00e2mara Municipal de Lisboa (SSCML) da tranche do primeiro trimestre da subven\u00e7\u00e3o anual de 2026, no valor de 562.500 euros.<\/p>\n<p>Na semana passada, a CNN informou que os SSCML enfrentam uma crise financeira sem precedentes, com risco de comprometer sal\u00e1rios e servi\u00e7os a mais de 24.500 trabalhadores, ex-trabalhadores e familiares ligados \u00e0 autarquia.<\/p>\n<p>O presidente da C\u00e2mara, Carlos Moedas, foi questionado sobre estas quest\u00f5es, mas n\u00e3o respondeu publicamente at\u00e9 ao momento.<\/p>\n","protected":false},"excerpt":{"rendered":"<ul>\n<li>A C\u00e2mara de Lisboa aprovou transferir at\u00e9 3.915.380,00 euros para as juntas de freguesia para encargos com assistentes operacionais em jardins-de-inf\u00e2ncia da rede p\u00fablica da cidade, no ano econ\u00f3mico de 2026.<\/li>\n<li>A proposta, subscrita pelo vereador Rodrigo Mello Gon\u00e7alves (IL) e com o pelouro da Educa\u00e7\u00e3o, foi aprovada por unanimidade.<\/li>\n<li>Atualmente, est\u00e3o contabilizadas 258 assistentes operacionais colocadas em jardins-de-inf\u00e2ncia da rede p\u00fablica da cidade de Lisboa.<\/li>\n<li>A distribui\u00e7\u00e3o prev\u00ea verbas por freguesia, com a junta dos Olivais a receber at\u00e9 382.000 euros e a da Estrela at\u00e9 17.000 euros, entre as 24 freguesias.<\/li>\n<li>Foi ainda aprovada a transfer\u00eancia de 562.500 euros para os Servi\u00e7os Sociais da C\u00e2mara Municipal de Lisboa (SSCML), referente ao primeiro trimestre de 2026.<\/li>\n<\/ul>\n","protected":false},"author":2,"featured_media":397375,"comment_status":"closed","ping_status":"closed","sticky":false,"template":"","format":"standard","meta":{"footnotes":""},"categories":[1],"tags":[163,4311,981,6000,2832,2050],"class_list":["post-397365","post","type-post","status-publish","format-standard","has-post-thumbnail","hentry","category-noticias","tag-educacao","tag-juntas-de-freguesia","tag-lisboa","tag-orcamento","tag-politica","tag-transferencias"],"yoast_head":"<!-- This site is optimized with the Yoast SEO plugin v27.2 - https:\/\/yoast.com\/product\/yoast-seo-wordpress\/ -->\n<title>Lisboa transfere at\u00e9 3,9 milh\u00f5es para juntas de assistentes de jardins-de inf\u00e2ncia - Portal Tela Portugal<\/title>\n<meta name=\"robots\" content=\"index, follow, max-snippet:-1, max-image-preview:large, max-video-preview:-1\" \/>\n<meta property=\"og:locale\" content=\"pt_PT\" \/>\n<meta property=\"og:type\" content=\"article\" \/>\n<meta property=\"og:title\" content=\"Lisboa transfere at\u00e9 3,9 milh\u00f5es para juntas de assistentes de jardins-de inf\u00e2ncia - Portal Tela Portugal\" \/>\n<meta property=\"og:description\" content=\"A C\u00e2mara de Lisboa aprovou transferir at\u00e9 3.915.380,00 euros para as juntas de freguesia para encargos com assistentes operacionais em jardins-de-inf\u00e2ncia da rede p\u00fablica da cidade, no ano econ\u00f3mico de 2026. A proposta, subscrita pelo vereador Rodrigo Mello Gon\u00e7alves (IL) e com o pelouro da Educa\u00e7\u00e3o, foi aprovada por unanimidade. Atualmente, est\u00e3o contabilizadas 258 assistentes operacionais colocadas em jardins-de-inf\u00e2ncia da rede p\u00fablica da cidade de Lisboa. A distribui\u00e7\u00e3o prev\u00ea verbas por freguesia, com a junta dos Olivais a receber at\u00e9 382.000 euros e a da Estrela at\u00e9 17.000 euros, entre as 24 freguesias. Foi ainda aprovada a transfer\u00eancia de 562.500 euros para os Servi\u00e7os Sociais da C\u00e2mara Municipal de Lisboa (SSCML), referente ao primeiro trimestre de 2026.\" \/>\n<meta property=\"og:url\" content=\"https:\/\/portaltela.pt\/noticias\/2026\/03\/04\/lisboa-transfere-ate-39-milhoes-para-juntas-de-assistentes-de-jardins-de-infancia\/\" \/>\n<meta property=\"og:site_name\" content=\"Portal Tela Portugal\" \/>\n<meta property=\"article:published_time\" content=\"2026-03-04T15:59:01+00:00\" \/>\n<meta name=\"author\" content=\"Telinha\" \/>\n<meta name=\"twitter:card\" content=\"summary_large_image\" \/>\n<meta name=\"twitter:label1\" content=\"Escrito por\" \/>\n\t<meta name=\"twitter:data1\" content=\"Telinha\" \/>\n\t<meta name=\"twitter:label2\" content=\"Tempo estimado de leitura\" \/>\n\t<meta name=\"twitter:data2\" content=\"1 minuto\" \/>\n<script type=\"application\/ld+json\" class=\"yoast-schema-graph\">{\"@context\":\"https:\/\/schema.org\",\"@graph\":[{\"@type\":\"Article\",\"@id\":\"https:\/\/portaltela.pt\/noticias\/2026\/03\/04\/lisboa-transfere-ate-39-milhoes-para-juntas-de-assistentes-de-jardins-de-infancia\/#article\",\"isPartOf\":{\"@id\":\"https:\/\/portaltela.pt\/noticias\/2026\/03\/04\/lisboa-transfere-ate-39-milhoes-para-juntas-de-assistentes-de-jardins-de-infancia\/\"},\"author\":{\"name\":\"Telinha\",\"@id\":\"https:\/\/portaltela.pt\/#\/schema\/person\/c4278d4a6028830caff9ee44b42d32ed\"},\"headline\":\"Lisboa transfere at\u00e9 3,9 milh\u00f5es para juntas de assistentes de jardins-de inf\u00e2ncia\",\"datePublished\":\"2026-03-04T15:59:01+00:00\",\"mainEntityOfPage\":{\"@id\":\"https:\/\/portaltela.pt\/noticias\/2026\/03\/04\/lisboa-transfere-ate-39-milhoes-para-juntas-de-assistentes-de-jardins-de-infancia\/\"},\"wordCount\":308,\"image\":{\"@id\":\"https:\/\/portaltela.pt\/noticias\/2026\/03\/04\/lisboa-transfere-ate-39-milhoes-para-juntas-de-assistentes-de-jardins-de-infancia\/#primaryimage\"},\"thumbnailUrl\":\"https:\/\/portaltela.pt\/s.01k8rhncp4jt1\/2026\/03\/img_1500x1000uu2024-10-30-22-08-21-2174490.jpg\",\"keywords\":[\"educa\u00e7\u00e3o\",\"juntas de freguesia\",\"Lisboa\",\"or\u00e7amento\",\"pol\u00edtica\",\"transfer\u00eancias\"],\"articleSection\":[\"Not\u00edcias\"],\"inLanguage\":\"pt-PT\"},{\"@type\":\"WebPage\",\"@id\":\"https:\/\/portaltela.pt\/noticias\/2026\/03\/04\/lisboa-transfere-ate-39-milhoes-para-juntas-de-assistentes-de-jardins-de-infancia\/\",\"url\":\"https:\/\/portaltela.pt\/noticias\/2026\/03\/04\/lisboa-transfere-ate-39-milhoes-para-juntas-de-assistentes-de-jardins-de-infancia\/\",\"name\":\"Lisboa transfere at\u00e9 3,9 milh\u00f5es para juntas de assistentes de jardins-de inf\u00e2ncia - Portal Tela Portugal\",\"isPartOf\":{\"@id\":\"https:\/\/portaltela.pt\/#website\"},\"primaryImageOfPage\":{\"@id\":\"https:\/\/portaltela.pt\/noticias\/2026\/03\/04\/lisboa-transfere-ate-39-milhoes-para-juntas-de-assistentes-de-jardins-de-infancia\/#primaryimage\"},\"image\":{\"@id\":\"https:\/\/portaltela.pt\/noticias\/2026\/03\/04\/lisboa-transfere-ate-39-milhoes-para-juntas-de-assistentes-de-jardins-de-infancia\/#primaryimage\"},\"thumbnailUrl\":\"https:\/\/portaltela.pt\/s.01k8rhncp4jt1\/2026\/03\/img_1500x1000uu2024-10-30-22-08-21-2174490.jpg\",\"datePublished\":\"2026-03-04T15:59:01+00:00\",\"author\":{\"@id\":\"https:\/\/portaltela.pt\/#\/schema\/person\/c4278d4a6028830caff9ee44b42d32ed\"},\"breadcrumb\":{\"@id\":\"https:\/\/portaltela.pt\/noticias\/2026\/03\/04\/lisboa-transfere-ate-39-milhoes-para-juntas-de-assistentes-de-jardins-de-infancia\/#breadcrumb\"},\"inLanguage\":\"pt-PT\",\"potentialAction\":[{\"@type\":\"ReadAction\",\"target\":[\"https:\/\/portaltela.pt\/noticias\/2026\/03\/04\/lisboa-transfere-ate-39-milhoes-para-juntas-de-assistentes-de-jardins-de-infancia\/\"]}]},{\"@type\":\"ImageObject\",\"inLanguage\":\"pt-PT\",\"@id\":\"https:\/\/portaltela.pt\/noticias\/2026\/03\/04\/lisboa-transfere-ate-39-milhoes-para-juntas-de-assistentes-de-jardins-de-infancia\/#primaryimage\",\"url\":\"https:\/\/portaltela.pt\/s.01k8rhncp4jt1\/2026\/03\/img_1500x1000uu2024-10-30-22-08-21-2174490.jpg\",\"contentUrl\":\"https:\/\/portaltela.pt\/s.01k8rhncp4jt1\/2026\/03\/img_1500x1000uu2024-10-30-22-08-21-2174490.jpg\",\"width\":796,\"height\":448,\"caption\":\"Creches\"},{\"@type\":\"BreadcrumbList\",\"@id\":\"https:\/\/portaltela.pt\/noticias\/2026\/03\/04\/lisboa-transfere-ate-39-milhoes-para-juntas-de-assistentes-de-jardins-de-infancia\/#breadcrumb\",\"itemListElement\":[{\"@type\":\"ListItem\",\"position\":1,\"name\":\"In\u00edcio\",\"item\":\"https:\/\/portaltela.pt\/\"},{\"@type\":\"ListItem\",\"position\":2,\"name\":\"Lisboa transfere at\u00e9 3,9 milh\u00f5es para juntas de assistentes de jardins-de inf\u00e2ncia\"}]},{\"@type\":\"WebSite\",\"@id\":\"https:\/\/portaltela.pt\/#website\",\"url\":\"https:\/\/portaltela.pt\/\",\"name\":\"Portal Tela Portugal\",\"description\":\"\",\"potentialAction\":[{\"@type\":\"SearchAction\",\"target\":{\"@type\":\"EntryPoint\",\"urlTemplate\":\"https:\/\/portaltela.pt\/?s={search_term_string}\"},\"query-input\":{\"@type\":\"PropertyValueSpecification\",\"valueRequired\":true,\"valueName\":\"search_term_string\"}}],\"inLanguage\":\"pt-PT\"},{\"@type\":\"Person\",\"@id\":\"https:\/\/portaltela.pt\/#\/schema\/person\/c4278d4a6028830caff9ee44b42d32ed\",\"name\":\"Telinha\",\"image\":{\"@type\":\"ImageObject\",\"inLanguage\":\"pt-PT\",\"@id\":\"https:\/\/portaltela.pt\/s.01k8rhncp4jt1\/2025\/11\/talking-bot-125x125.png\",\"url\":\"https:\/\/portaltela.pt\/s.01k8rhncp4jt1\/2025\/11\/talking-bot-125x125.png\",\"contentUrl\":\"https:\/\/portaltela.pt\/s.01k8rhncp4jt1\/2025\/11\/talking-bot-125x125.png\",\"caption\":\"Telinha\"},\"sameAs\":[\"https:\/\/portaltela.pt\/\"],\"url\":\"https:\/\/portaltela.pt\/por\/367410592786\/\"}]}<\/script>\n<!-- \/ Yoast SEO plugin. -->","yoast_head_json":{"title":"Lisboa transfere at\u00e9 3,9 milh\u00f5es para juntas de assistentes de jardins-de inf\u00e2ncia - Portal Tela Portugal","robots":{"index":"index","follow":"follow","max-snippet":"max-snippet:-1","max-image-preview":"max-image-preview:large","max-video-preview":"max-video-preview:-1"},"og_locale":"pt_PT","og_type":"article","og_title":"Lisboa transfere at\u00e9 3,9 milh\u00f5es para juntas de assistentes de jardins-de inf\u00e2ncia - Portal Tela Portugal","og_description":"A C\u00e2mara de Lisboa aprovou transferir at\u00e9 3.915.380,00 euros para as juntas de freguesia para encargos com assistentes operacionais em jardins-de-inf\u00e2ncia da rede p\u00fablica da cidade, no ano econ\u00f3mico de 2026. A proposta, subscrita pelo vereador Rodrigo Mello Gon\u00e7alves (IL) e com o pelouro da Educa\u00e7\u00e3o, foi aprovada por unanimidade. Atualmente, est\u00e3o contabilizadas 258 assistentes operacionais colocadas em jardins-de-inf\u00e2ncia da rede p\u00fablica da cidade de Lisboa. A distribui\u00e7\u00e3o prev\u00ea verbas por freguesia, com a junta dos Olivais a receber at\u00e9 382.000 euros e a da Estrela at\u00e9 17.000 euros, entre as 24 freguesias. Foi ainda aprovada a transfer\u00eancia de 562.500 euros para os Servi\u00e7os Sociais da C\u00e2mara Municipal de Lisboa (SSCML), referente ao primeiro trimestre de 2026.","og_url":"https:\/\/portaltela.pt\/noticias\/2026\/03\/04\/lisboa-transfere-ate-39-milhoes-para-juntas-de-assistentes-de-jardins-de-infancia\/","og_site_name":"Portal Tela Portugal","article_published_time":"2026-03-04T15:59:01+00:00","author":"Telinha","twitter_card":"summary_large_image","twitter_misc":{"Escrito por":"Telinha","Tempo estimado de leitura":"1 minuto"},"schema":{"@context":"https:\/\/schema.org","@graph":[{"@type":"Article","@id":"https:\/\/portaltela.pt\/noticias\/2026\/03\/04\/lisboa-transfere-ate-39-milhoes-para-juntas-de-assistentes-de-jardins-de-infancia\/#article","isPartOf":{"@id":"https:\/\/portaltela.pt\/noticias\/2026\/03\/04\/lisboa-transfere-ate-39-milhoes-para-juntas-de-assistentes-de-jardins-de-infancia\/"},"author":{"name":"Telinha","@id":"https:\/\/portaltela.pt\/#\/schema\/person\/c4278d4a6028830caff9ee44b42d32ed"},"headline":"Lisboa transfere at\u00e9 3,9 milh\u00f5es para juntas de assistentes de jardins-de inf\u00e2ncia","datePublished":"2026-03-04T15:59:01+00:00","mainEntityOfPage":{"@id":"https:\/\/portaltela.pt\/noticias\/2026\/03\/04\/lisboa-transfere-ate-39-milhoes-para-juntas-de-assistentes-de-jardins-de-infancia\/"},"wordCount":308,"image":{"@id":"https:\/\/portaltela.pt\/noticias\/2026\/03\/04\/lisboa-transfere-ate-39-milhoes-para-juntas-de-assistentes-de-jardins-de-infancia\/#primaryimage"},"thumbnailUrl":"https:\/\/portaltela.pt\/s.01k8rhncp4jt1\/2026\/03\/img_1500x1000uu2024-10-30-22-08-21-2174490.jpg","keywords":["educa\u00e7\u00e3o","juntas de freguesia","Lisboa","or\u00e7amento","pol\u00edtica","transfer\u00eancias"],"articleSection":["Not\u00edcias"],"inLanguage":"pt-PT"},{"@type":"WebPage","@id":"https:\/\/portaltela.pt\/noticias\/2026\/03\/04\/lisboa-transfere-ate-39-milhoes-para-juntas-de-assistentes-de-jardins-de-infancia\/","url":"https:\/\/portaltela.pt\/noticias\/2026\/03\/04\/lisboa-transfere-ate-39-milhoes-para-juntas-de-assistentes-de-jardins-de-infancia\/","name":"Lisboa transfere at\u00e9 3,9 milh\u00f5es para juntas de assistentes de jardins-de inf\u00e2ncia - Portal Tela Portugal","isPartOf":{"@id":"https:\/\/portaltela.pt\/#website"},"primaryImageOfPage":{"@id":"https:\/\/portaltela.pt\/noticias\/2026\/03\/04\/lisboa-transfere-ate-39-milhoes-para-juntas-de-assistentes-de-jardins-de-infancia\/#primaryimage"},"image":{"@id":"https:\/\/portaltela.pt\/noticias\/2026\/03\/04\/lisboa-transfere-ate-39-milhoes-para-juntas-de-assistentes-de-jardins-de-infancia\/#primaryimage"},"thumbnailUrl":"https:\/\/portaltela.pt\/s.01k8rhncp4jt1\/2026\/03\/img_1500x1000uu2024-10-30-22-08-21-2174490.jpg","datePublished":"2026-03-04T15:59:01+00:00","author":{"@id":"https:\/\/portaltela.pt\/#\/schema\/person\/c4278d4a6028830caff9ee44b42d32ed"},"breadcrumb":{"@id":"https:\/\/portaltela.pt\/noticias\/2026\/03\/04\/lisboa-transfere-ate-39-milhoes-para-juntas-de-assistentes-de-jardins-de-infancia\/#breadcrumb"},"inLanguage":"pt-PT","potentialAction":[{"@type":"ReadAction","target":["https:\/\/portaltela.pt\/noticias\/2026\/03\/04\/lisboa-transfere-ate-39-milhoes-para-juntas-de-assistentes-de-jardins-de-infancia\/"]}]},{"@type":"ImageObject","inLanguage":"pt-PT","@id":"https:\/\/portaltela.pt\/noticias\/2026\/03\/04\/lisboa-transfere-ate-39-milhoes-para-juntas-de-assistentes-de-jardins-de-infancia\/#primaryimage","url":"https:\/\/portaltela.pt\/s.01k8rhncp4jt1\/2026\/03\/img_1500x1000uu2024-10-30-22-08-21-2174490.jpg","contentUrl":"https:\/\/portaltela.pt\/s.01k8rhncp4jt1\/2026\/03\/img_1500x1000uu2024-10-30-22-08-21-2174490.jpg","width":796,"height":448,"caption":"Creches"},{"@type":"BreadcrumbList","@id":"https:\/\/portaltela.pt\/noticias\/2026\/03\/04\/lisboa-transfere-ate-39-milhoes-para-juntas-de-assistentes-de-jardins-de-infancia\/#breadcrumb","itemListElement":[{"@type":"ListItem","position":1,"name":"In\u00edcio","item":"https:\/\/portaltela.pt\/"},{"@type":"ListItem","position":2,"name":"Lisboa transfere at\u00e9 3,9 milh\u00f5es para juntas de assistentes de jardins-de inf\u00e2ncia"}]},{"@type":"WebSite","@id":"https:\/\/portaltela.pt\/#website","url":"https:\/\/portaltela.pt\/","name":"Portal Tela Portugal","description":"","potentialAction":[{"@type":"SearchAction","target":{"@type":"EntryPoint","urlTemplate":"https:\/\/portaltela.pt\/?s={search_term_string}"},"query-input":{"@type":"PropertyValueSpecification","valueRequired":true,"valueName":"search_term_string"}}],"inLanguage":"pt-PT"},{"@type":"Person","@id":"https:\/\/portaltela.pt\/#\/schema\/person\/c4278d4a6028830caff9ee44b42d32ed","name":"Telinha","image":{"@type":"ImageObject","inLanguage":"pt-PT","@id":"https:\/\/portaltela.pt\/s.01k8rhncp4jt1\/2025\/11\/talking-bot-125x125.png","url":"https:\/\/portaltela.pt\/s.01k8rhncp4jt1\/2025\/11\/talking-bot-125x125.png","contentUrl":"https:\/\/portaltela.pt\/s.01k8rhncp4jt1\/2025\/11\/talking-bot-125x125.png","caption":"Telinha"},"sameAs":["https:\/\/portaltela.pt\/"],"url":"https:\/\/portaltela.pt\/por\/367410592786\/"}]}},"_links":{"self":[{"href":"https:\/\/portaltela.pt\/api\/wp\/v2\/posts\/397365","targetHints":{"allow":["GET"]}}],"collection":[{"href":"https:\/\/portaltela.pt\/api\/wp\/v2\/posts"}],"about":[{"href":"https:\/\/portaltela.pt\/api\/wp\/v2\/types\/post"}],"author":[{"embeddable":true,"href":"https:\/\/portaltela.pt\/api\/wp\/v2\/users\/2"}],"replies":[{"embeddable":true,"href":"https:\/\/portaltela.pt\/api\/wp\/v2\/comments?post=397365"}],"version-history":[{"count":0,"href":"https:\/\/portaltela.pt\/api\/wp\/v2\/posts\/397365\/revisions"}],"wp:featuredmedia":[{"embeddable":true,"href":"https:\/\/portaltela.pt\/api\/wp\/v2\/media\/397375"}],"wp:attachment":[{"href":"https:\/\/portaltela.pt\/api\/wp\/v2\/media?parent=397365"}],"wp:term":[{"taxonomy":"category","embeddable":true,"href":"https:\/\/portaltela.pt\/api\/wp\/v2\/categories?post=397365"},{"taxonomy":"post_tag","embeddable":true,"href":"https:\/\/portaltela.pt\/api\/wp\/v2\/tags?post=397365"}],"curies":[{"name":"wp","href":"https:\/\/api.w.org\/{rel}","templated":true}]}}