{"id":397363,"date":"2026-03-04T12:55:10","date_gmt":"2026-03-04T15:55:10","guid":{"rendered":"https:\/\/portaltela.pt\/noticias\/2026\/03\/04\/amadora-cria-programa-para-apoiar-idosos-em-manutencao-domestica\/"},"modified":"2026-03-04T12:55:10","modified_gmt":"2026-03-04T15:55:10","slug":"amadora-cria-programa-para-apoiar-idosos-em-manutencao-domestica","status":"publish","type":"post","link":"https:\/\/portaltela.pt\/noticias\/2026\/03\/04\/amadora-cria-programa-para-apoiar-idosos-em-manutencao-domestica\/","title":{"rendered":"Amadora cria programa para apoiar idosos em manuten\u00e7\u00e3o dom\u00e9stica"},"content":{"rendered":"<p>A C\u00e2mara Municipal da Amadora criou um programa para apoiar a popula\u00e7\u00e3o idosa em servi\u00e7os de manuten\u00e7\u00e3o dom\u00e9stica. A medida foca-se em promover a seguran\u00e7a, autonomia e qualidade de vida de quem tem mais de 65 anos. O objetivo \u00e9 prevenir riscos e facilitar o dia a dia em casa.<\/p>\n<p>O projeto envolve uma equipa especializada que efetuar\u00e1 visitas regulares \u00e0s resid\u00eancias dos benefici\u00e1rios. Ser\u00e3o prestadas assist\u00eancias em tarefas de manuten\u00e7\u00e3o e pequenas repara\u00e7\u00f5es, assegurando um ambiente mais seguro.<\/p>\n<p>A iniciativa foi apresentada pela autarquia como resposta a necessidades crescentes numa popula\u00e7\u00e3o envelhecida. O programa destina-se a manter os idosos no seu lar, com maior independ\u00eancia e conforto.<\/p>\n<p>Al\u00e9m da interven\u00e7\u00e3o pr\u00e1tica, a C\u00e2mara pretende sensibilizar a comunidade para o cuidado com os idosos. A estrat\u00e9gia inclui divulga\u00e7\u00e3o de pr\u00e1ticas de apoio e cidadania integrada.<\/p>\n<p>O munic\u00edpio destaca ainda o compromisso com o bem-estar dos cidad\u00e3os mais velhos. A Amadora espera que o programa se torne um exemplo para outras regi\u00f5es do pa\u00eds.<\/p>\n<p>As primeiras a\u00e7\u00f5es dever\u00e3o arrancar nos pr\u00f3ximos meses, com avalia\u00e7\u00e3o cont\u00ednua de impacte e resultados. A autarquia n\u00e3o detalha o or\u00e7amento inicial nem a dura\u00e7\u00e3o do projeto.<\/p>\n","protected":false},"excerpt":{"rendered":"<ul>\n<li>A C\u00e2mara Municipal da Amadora criou um programa para apoiar a popula\u00e7\u00e3o idosa em servi\u00e7os de manuten\u00e7\u00e3o dom\u00e9stica.<\/li>\n<li>O objetivo \u00e9 promover a seguran\u00e7a, autonomia e qualidade de vida de quem tem mais de 65 anos.<\/li>\n<li>A iniciativa prev\u00ea assist\u00eancia em tarefas de manuten\u00e7\u00e3o e pequenas repara\u00e7\u00f5es nas resid\u00eancias, com visitas regulares de uma equipa especializada.<\/li>\n<li>O programa resulta de parceria com entidades locais e pretende sensibilizar a comunidade para uma sociedade mais inclusiva e solid\u00e1ria.<\/li>\n<li>A autarquia v\u00ea a medida como resposta ao envelhecimento da popula\u00e7\u00e3o e espera que sirva de exemplo para outras regi\u00f5es do pa\u00eds.<\/li>\n<\/ul>\n","protected":false},"author":2,"featured_media":397372,"comment_status":"closed","ping_status":"closed","sticky":false,"template":"","format":"standard","meta":{"footnotes":""},"categories":[1],"tags":[1439,1211,150,2736,173,5310],"class_list":["post-397363","post","type-post","status-publish","format-standard","has-post-thumbnail","hentry","category-noticias","tag-amadora","tag-apoio-social","tag-habitacao","tag-idosos","tag-protecao-social","tag-servicos-sociais"],"yoast_head":"<!-- This site is optimized with the Yoast SEO plugin v27.2 - https:\/\/yoast.com\/product\/yoast-seo-wordpress\/ -->\n<title>Amadora cria programa para apoiar idosos em manuten\u00e7\u00e3o dom\u00e9stica - Portal Tela Portugal<\/title>\n<meta name=\"robots\" content=\"index, follow, max-snippet:-1, max-image-preview:large, max-video-preview:-1\" \/>\n<meta property=\"og:locale\" content=\"pt_PT\" \/>\n<meta property=\"og:type\" content=\"article\" \/>\n<meta property=\"og:title\" content=\"Amadora cria programa para apoiar idosos em manuten\u00e7\u00e3o dom\u00e9stica - Portal Tela Portugal\" \/>\n<meta property=\"og:description\" content=\"A C\u00e2mara Municipal da Amadora criou um programa para apoiar a popula\u00e7\u00e3o idosa em servi\u00e7os de manuten\u00e7\u00e3o dom\u00e9stica. O objetivo \u00e9 promover a seguran\u00e7a, autonomia e qualidade de vida de quem tem mais de 65 anos. A iniciativa prev\u00ea assist\u00eancia em tarefas de manuten\u00e7\u00e3o e pequenas repara\u00e7\u00f5es nas resid\u00eancias, com visitas regulares de uma equipa especializada. O programa resulta de parceria com entidades locais e pretende sensibilizar a comunidade para uma sociedade mais inclusiva e solid\u00e1ria. A autarquia v\u00ea a medida como resposta ao envelhecimento da popula\u00e7\u00e3o e espera que sirva de exemplo para outras regi\u00f5es do pa\u00eds.\" \/>\n<meta property=\"og:url\" content=\"https:\/\/portaltela.pt\/noticias\/2026\/03\/04\/amadora-cria-programa-para-apoiar-idosos-em-manutencao-domestica\/\" \/>\n<meta property=\"og:site_name\" content=\"Portal Tela Portugal\" \/>\n<meta property=\"article:published_time\" content=\"2026-03-04T15:55:10+00:00\" \/>\n<meta name=\"author\" content=\"Telinha\" \/>\n<meta name=\"twitter:card\" content=\"summary_large_image\" \/>\n<meta name=\"twitter:label1\" content=\"Escrito por\" \/>\n\t<meta name=\"twitter:data1\" content=\"Telinha\" \/>\n\t<meta name=\"twitter:label2\" content=\"Tempo estimado de leitura\" \/>\n\t<meta name=\"twitter:data2\" content=\"1 minuto\" \/>\n<script type=\"application\/ld+json\" class=\"yoast-schema-graph\">{\"@context\":\"https:\/\/schema.org\",\"@graph\":[{\"@type\":\"Article\",\"@id\":\"https:\/\/portaltela.pt\/noticias\/2026\/03\/04\/amadora-cria-programa-para-apoiar-idosos-em-manutencao-domestica\/#article\",\"isPartOf\":{\"@id\":\"https:\/\/portaltela.pt\/noticias\/2026\/03\/04\/amadora-cria-programa-para-apoiar-idosos-em-manutencao-domestica\/\"},\"author\":{\"name\":\"Telinha\",\"@id\":\"https:\/\/portaltela.pt\/#\/schema\/person\/c4278d4a6028830caff9ee44b42d32ed\"},\"headline\":\"Amadora cria programa para apoiar idosos em manuten\u00e7\u00e3o dom\u00e9stica\",\"datePublished\":\"2026-03-04T15:55:10+00:00\",\"mainEntityOfPage\":{\"@id\":\"https:\/\/portaltela.pt\/noticias\/2026\/03\/04\/amadora-cria-programa-para-apoiar-idosos-em-manutencao-domestica\/\"},\"wordCount\":232,\"image\":{\"@id\":\"https:\/\/portaltela.pt\/noticias\/2026\/03\/04\/amadora-cria-programa-para-apoiar-idosos-em-manutencao-domestica\/#primaryimage\"},\"thumbnailUrl\":\"https:\/\/portaltela.pt\/s.01k8rhncp4jt1\/2026\/03\/img_1280x722uu2026-03-04-11-43-00-2270324.jpg\",\"keywords\":[\"Amadora\",\"Apoio Social\",\"habita\u00e7\u00e3o\",\"idosos\",\"prote\u00e7\u00e3o social\",\"servi\u00e7os sociais\"],\"articleSection\":[\"Not\u00edcias\"],\"inLanguage\":\"pt-PT\"},{\"@type\":\"WebPage\",\"@id\":\"https:\/\/portaltela.pt\/noticias\/2026\/03\/04\/amadora-cria-programa-para-apoiar-idosos-em-manutencao-domestica\/\",\"url\":\"https:\/\/portaltela.pt\/noticias\/2026\/03\/04\/amadora-cria-programa-para-apoiar-idosos-em-manutencao-domestica\/\",\"name\":\"Amadora cria programa para apoiar idosos em manuten\u00e7\u00e3o dom\u00e9stica - Portal Tela Portugal\",\"isPartOf\":{\"@id\":\"https:\/\/portaltela.pt\/#website\"},\"primaryImageOfPage\":{\"@id\":\"https:\/\/portaltela.pt\/noticias\/2026\/03\/04\/amadora-cria-programa-para-apoiar-idosos-em-manutencao-domestica\/#primaryimage\"},\"image\":{\"@id\":\"https:\/\/portaltela.pt\/noticias\/2026\/03\/04\/amadora-cria-programa-para-apoiar-idosos-em-manutencao-domestica\/#primaryimage\"},\"thumbnailUrl\":\"https:\/\/portaltela.pt\/s.01k8rhncp4jt1\/2026\/03\/img_1280x722uu2026-03-04-11-43-00-2270324.jpg\",\"datePublished\":\"2026-03-04T15:55:10+00:00\",\"author\":{\"@id\":\"https:\/\/portaltela.pt\/#\/schema\/person\/c4278d4a6028830caff9ee44b42d32ed\"},\"breadcrumb\":{\"@id\":\"https:\/\/portaltela.pt\/noticias\/2026\/03\/04\/amadora-cria-programa-para-apoiar-idosos-em-manutencao-domestica\/#breadcrumb\"},\"inLanguage\":\"pt-PT\",\"potentialAction\":[{\"@type\":\"ReadAction\",\"target\":[\"https:\/\/portaltela.pt\/noticias\/2026\/03\/04\/amadora-cria-programa-para-apoiar-idosos-em-manutencao-domestica\/\"]}]},{\"@type\":\"ImageObject\",\"inLanguage\":\"pt-PT\",\"@id\":\"https:\/\/portaltela.pt\/noticias\/2026\/03\/04\/amadora-cria-programa-para-apoiar-idosos-em-manutencao-domestica\/#primaryimage\",\"url\":\"https:\/\/portaltela.pt\/s.01k8rhncp4jt1\/2026\/03\/img_1280x722uu2026-03-04-11-43-00-2270324.jpg\",\"contentUrl\":\"https:\/\/portaltela.pt\/s.01k8rhncp4jt1\/2026\/03\/img_1280x722uu2026-03-04-11-43-00-2270324.jpg\",\"width\":796,\"height\":448,\"caption\":\"C\u00e2mara Municipal da Amadora cria programa para apoiar popula\u00e7\u00e3o idosa em servi\u00e7os de manuten\u00e7\u00e3o dom\u00e9stica\"},{\"@type\":\"BreadcrumbList\",\"@id\":\"https:\/\/portaltela.pt\/noticias\/2026\/03\/04\/amadora-cria-programa-para-apoiar-idosos-em-manutencao-domestica\/#breadcrumb\",\"itemListElement\":[{\"@type\":\"ListItem\",\"position\":1,\"name\":\"In\u00edcio\",\"item\":\"https:\/\/portaltela.pt\/\"},{\"@type\":\"ListItem\",\"position\":2,\"name\":\"Amadora cria programa para apoiar idosos em manuten\u00e7\u00e3o dom\u00e9stica\"}]},{\"@type\":\"WebSite\",\"@id\":\"https:\/\/portaltela.pt\/#website\",\"url\":\"https:\/\/portaltela.pt\/\",\"name\":\"Portal Tela Portugal\",\"description\":\"\",\"potentialAction\":[{\"@type\":\"SearchAction\",\"target\":{\"@type\":\"EntryPoint\",\"urlTemplate\":\"https:\/\/portaltela.pt\/?s={search_term_string}\"},\"query-input\":{\"@type\":\"PropertyValueSpecification\",\"valueRequired\":true,\"valueName\":\"search_term_string\"}}],\"inLanguage\":\"pt-PT\"},{\"@type\":\"Person\",\"@id\":\"https:\/\/portaltela.pt\/#\/schema\/person\/c4278d4a6028830caff9ee44b42d32ed\",\"name\":\"Telinha\",\"image\":{\"@type\":\"ImageObject\",\"inLanguage\":\"pt-PT\",\"@id\":\"https:\/\/portaltela.pt\/s.01k8rhncp4jt1\/2025\/11\/talking-bot-125x125.png\",\"url\":\"https:\/\/portaltela.pt\/s.01k8rhncp4jt1\/2025\/11\/talking-bot-125x125.png\",\"contentUrl\":\"https:\/\/portaltela.pt\/s.01k8rhncp4jt1\/2025\/11\/talking-bot-125x125.png\",\"caption\":\"Telinha\"},\"sameAs\":[\"https:\/\/portaltela.pt\/\"],\"url\":\"https:\/\/portaltela.pt\/por\/367410592786\/\"}]}<\/script>\n<!-- \/ Yoast SEO plugin. -->","yoast_head_json":{"title":"Amadora cria programa para apoiar idosos em manuten\u00e7\u00e3o dom\u00e9stica - Portal Tela Portugal","robots":{"index":"index","follow":"follow","max-snippet":"max-snippet:-1","max-image-preview":"max-image-preview:large","max-video-preview":"max-video-preview:-1"},"og_locale":"pt_PT","og_type":"article","og_title":"Amadora cria programa para apoiar idosos em manuten\u00e7\u00e3o dom\u00e9stica - Portal Tela Portugal","og_description":"A C\u00e2mara Municipal da Amadora criou um programa para apoiar a popula\u00e7\u00e3o idosa em servi\u00e7os de manuten\u00e7\u00e3o dom\u00e9stica. O objetivo \u00e9 promover a seguran\u00e7a, autonomia e qualidade de vida de quem tem mais de 65 anos. A iniciativa prev\u00ea assist\u00eancia em tarefas de manuten\u00e7\u00e3o e pequenas repara\u00e7\u00f5es nas resid\u00eancias, com visitas regulares de uma equipa especializada. O programa resulta de parceria com entidades locais e pretende sensibilizar a comunidade para uma sociedade mais inclusiva e solid\u00e1ria. A autarquia v\u00ea a medida como resposta ao envelhecimento da popula\u00e7\u00e3o e espera que sirva de exemplo para outras regi\u00f5es do pa\u00eds.","og_url":"https:\/\/portaltela.pt\/noticias\/2026\/03\/04\/amadora-cria-programa-para-apoiar-idosos-em-manutencao-domestica\/","og_site_name":"Portal Tela Portugal","article_published_time":"2026-03-04T15:55:10+00:00","author":"Telinha","twitter_card":"summary_large_image","twitter_misc":{"Escrito por":"Telinha","Tempo estimado de leitura":"1 minuto"},"schema":{"@context":"https:\/\/schema.org","@graph":[{"@type":"Article","@id":"https:\/\/portaltela.pt\/noticias\/2026\/03\/04\/amadora-cria-programa-para-apoiar-idosos-em-manutencao-domestica\/#article","isPartOf":{"@id":"https:\/\/portaltela.pt\/noticias\/2026\/03\/04\/amadora-cria-programa-para-apoiar-idosos-em-manutencao-domestica\/"},"author":{"name":"Telinha","@id":"https:\/\/portaltela.pt\/#\/schema\/person\/c4278d4a6028830caff9ee44b42d32ed"},"headline":"Amadora cria programa para apoiar idosos em manuten\u00e7\u00e3o dom\u00e9stica","datePublished":"2026-03-04T15:55:10+00:00","mainEntityOfPage":{"@id":"https:\/\/portaltela.pt\/noticias\/2026\/03\/04\/amadora-cria-programa-para-apoiar-idosos-em-manutencao-domestica\/"},"wordCount":232,"image":{"@id":"https:\/\/portaltela.pt\/noticias\/2026\/03\/04\/amadora-cria-programa-para-apoiar-idosos-em-manutencao-domestica\/#primaryimage"},"thumbnailUrl":"https:\/\/portaltela.pt\/s.01k8rhncp4jt1\/2026\/03\/img_1280x722uu2026-03-04-11-43-00-2270324.jpg","keywords":["Amadora","Apoio Social","habita\u00e7\u00e3o","idosos","prote\u00e7\u00e3o social","servi\u00e7os sociais"],"articleSection":["Not\u00edcias"],"inLanguage":"pt-PT"},{"@type":"WebPage","@id":"https:\/\/portaltela.pt\/noticias\/2026\/03\/04\/amadora-cria-programa-para-apoiar-idosos-em-manutencao-domestica\/","url":"https:\/\/portaltela.pt\/noticias\/2026\/03\/04\/amadora-cria-programa-para-apoiar-idosos-em-manutencao-domestica\/","name":"Amadora cria programa para apoiar idosos em manuten\u00e7\u00e3o dom\u00e9stica - Portal Tela Portugal","isPartOf":{"@id":"https:\/\/portaltela.pt\/#website"},"primaryImageOfPage":{"@id":"https:\/\/portaltela.pt\/noticias\/2026\/03\/04\/amadora-cria-programa-para-apoiar-idosos-em-manutencao-domestica\/#primaryimage"},"image":{"@id":"https:\/\/portaltela.pt\/noticias\/2026\/03\/04\/amadora-cria-programa-para-apoiar-idosos-em-manutencao-domestica\/#primaryimage"},"thumbnailUrl":"https:\/\/portaltela.pt\/s.01k8rhncp4jt1\/2026\/03\/img_1280x722uu2026-03-04-11-43-00-2270324.jpg","datePublished":"2026-03-04T15:55:10+00:00","author":{"@id":"https:\/\/portaltela.pt\/#\/schema\/person\/c4278d4a6028830caff9ee44b42d32ed"},"breadcrumb":{"@id":"https:\/\/portaltela.pt\/noticias\/2026\/03\/04\/amadora-cria-programa-para-apoiar-idosos-em-manutencao-domestica\/#breadcrumb"},"inLanguage":"pt-PT","potentialAction":[{"@type":"ReadAction","target":["https:\/\/portaltela.pt\/noticias\/2026\/03\/04\/amadora-cria-programa-para-apoiar-idosos-em-manutencao-domestica\/"]}]},{"@type":"ImageObject","inLanguage":"pt-PT","@id":"https:\/\/portaltela.pt\/noticias\/2026\/03\/04\/amadora-cria-programa-para-apoiar-idosos-em-manutencao-domestica\/#primaryimage","url":"https:\/\/portaltela.pt\/s.01k8rhncp4jt1\/2026\/03\/img_1280x722uu2026-03-04-11-43-00-2270324.jpg","contentUrl":"https:\/\/portaltela.pt\/s.01k8rhncp4jt1\/2026\/03\/img_1280x722uu2026-03-04-11-43-00-2270324.jpg","width":796,"height":448,"caption":"C\u00e2mara Municipal da Amadora cria programa para apoiar popula\u00e7\u00e3o idosa em servi\u00e7os de manuten\u00e7\u00e3o dom\u00e9stica"},{"@type":"BreadcrumbList","@id":"https:\/\/portaltela.pt\/noticias\/2026\/03\/04\/amadora-cria-programa-para-apoiar-idosos-em-manutencao-domestica\/#breadcrumb","itemListElement":[{"@type":"ListItem","position":1,"name":"In\u00edcio","item":"https:\/\/portaltela.pt\/"},{"@type":"ListItem","position":2,"name":"Amadora cria programa para apoiar idosos em manuten\u00e7\u00e3o dom\u00e9stica"}]},{"@type":"WebSite","@id":"https:\/\/portaltela.pt\/#website","url":"https:\/\/portaltela.pt\/","name":"Portal Tela Portugal","description":"","potentialAction":[{"@type":"SearchAction","target":{"@type":"EntryPoint","urlTemplate":"https:\/\/portaltela.pt\/?s={search_term_string}"},"query-input":{"@type":"PropertyValueSpecification","valueRequired":true,"valueName":"search_term_string"}}],"inLanguage":"pt-PT"},{"@type":"Person","@id":"https:\/\/portaltela.pt\/#\/schema\/person\/c4278d4a6028830caff9ee44b42d32ed","name":"Telinha","image":{"@type":"ImageObject","inLanguage":"pt-PT","@id":"https:\/\/portaltela.pt\/s.01k8rhncp4jt1\/2025\/11\/talking-bot-125x125.png","url":"https:\/\/portaltela.pt\/s.01k8rhncp4jt1\/2025\/11\/talking-bot-125x125.png","contentUrl":"https:\/\/portaltela.pt\/s.01k8rhncp4jt1\/2025\/11\/talking-bot-125x125.png","caption":"Telinha"},"sameAs":["https:\/\/portaltela.pt\/"],"url":"https:\/\/portaltela.pt\/por\/367410592786\/"}]}},"_links":{"self":[{"href":"https:\/\/portaltela.pt\/api\/wp\/v2\/posts\/397363","targetHints":{"allow":["GET"]}}],"collection":[{"href":"https:\/\/portaltela.pt\/api\/wp\/v2\/posts"}],"about":[{"href":"https:\/\/portaltela.pt\/api\/wp\/v2\/types\/post"}],"author":[{"embeddable":true,"href":"https:\/\/portaltela.pt\/api\/wp\/v2\/users\/2"}],"replies":[{"embeddable":true,"href":"https:\/\/portaltela.pt\/api\/wp\/v2\/comments?post=397363"}],"version-history":[{"count":0,"href":"https:\/\/portaltela.pt\/api\/wp\/v2\/posts\/397363\/revisions"}],"wp:featuredmedia":[{"embeddable":true,"href":"https:\/\/portaltela.pt\/api\/wp\/v2\/media\/397372"}],"wp:attachment":[{"href":"https:\/\/portaltela.pt\/api\/wp\/v2\/media?parent=397363"}],"wp:term":[{"taxonomy":"category","embeddable":true,"href":"https:\/\/portaltela.pt\/api\/wp\/v2\/categories?post=397363"},{"taxonomy":"post_tag","embeddable":true,"href":"https:\/\/portaltela.pt\/api\/wp\/v2\/tags?post=397363"}],"curies":[{"name":"wp","href":"https:\/\/api.w.org\/{rel}","templated":true}]}}