{"id":397362,"date":"2026-03-04T12:55:05","date_gmt":"2026-03-04T15:55:05","guid":{"rendered":"https:\/\/portaltela.pt\/noticias\/2026\/03\/04\/dois-feridos-em-colisao-na-a1-zona-de-soure\/"},"modified":"2026-03-04T12:55:05","modified_gmt":"2026-03-04T15:55:05","slug":"dois-feridos-em-colisao-na-a1-zona-de-soure","status":"publish","type":"post","link":"https:\/\/portaltela.pt\/noticias\/2026\/03\/04\/dois-feridos-em-colisao-na-a1-zona-de-soure\/","title":{"rendered":"Dois feridos em colis\u00e3o na A1, zona de Soure"},"content":{"rendered":"<p>Duas pessoas ficaram feridas numa colis\u00e3o entre uma carrinha e um ve\u00edculo pesado na A1, na zona de Soure, na tarde desta quarta-feira. Uma das v\u00edtimas est\u00e1 em estado grave e foi encaminhada para o hospital. A carrinha estava a sinalizar trabalhos de limpeza e a apoiar os trabalhadores.<\/p>\n<p>O acidente ocorreu no sentido sul-norte e a via esteve cortada cerca de duas horas.<\/p>\n<p>No local estiveram meios de socorro e a GNR de Coimbra.<\/p>\n<h3>Situa\u00e7\u00e3o operacional e investiga\u00e7\u00f5es<\/h3>\n<p>As autoridades indicam que as causas ainda est\u00e3o por apurar.<\/p>\n<p>A circula\u00e7\u00e3o j\u00e1 foi restabelecida e n\u00e3o existem informa\u00e7\u00f5es adicionais dispon\u00edveis no momento.<\/p>\n","protected":false},"excerpt":{"rendered":"<ul>\n<li>Dois feridos numa colis\u00e3o entre uma carrinha e um ve\u00edculo pesado na A1, zona de Soure, na tarde de quarta-feira.<\/li>\n<li>Uma das v\u00edtimas encontra-se em estado grave e foi transportada para o hospital; a carrinha estaria a sinalizar trabalhos de limpeza e a dar apoio aos trabalhadores.<\/li>\n<li>O acidente aconteceu no sentido sul-norte e a via esteve cortada cerca de duas horas.<\/li>\n<li>No local estiveram os meios de socorro, bem como a Guarda Nacional Republicana (GNR) de Coimbra.<\/li>\n<\/ul>\n","protected":false},"author":2,"featured_media":397367,"comment_status":"closed","ping_status":"closed","sticky":false,"template":"","format":"standard","meta":{"footnotes":""},"categories":[1],"tags":[5487,4169,1070,3764,1380,5775],"class_list":["post-397362","post","type-post","status-publish","format-standard","has-post-thumbnail","hentry","category-noticias","tag-acidente","tag-acidente-rodoviario","tag-coimbra","tag-feridos-graves","tag-gnr","tag-soure"],"yoast_head":"<!-- This site is optimized with the Yoast SEO plugin v27.2 - https:\/\/yoast.com\/product\/yoast-seo-wordpress\/ -->\n<title>Dois feridos em colis\u00e3o na A1, zona de Soure - Portal Tela Portugal<\/title>\n<meta name=\"robots\" content=\"index, follow, max-snippet:-1, max-image-preview:large, max-video-preview:-1\" \/>\n<meta property=\"og:locale\" content=\"pt_PT\" \/>\n<meta property=\"og:type\" content=\"article\" \/>\n<meta property=\"og:title\" content=\"Dois feridos em colis\u00e3o na A1, zona de Soure - Portal Tela Portugal\" \/>\n<meta property=\"og:description\" content=\"Dois feridos numa colis\u00e3o entre uma carrinha e um ve\u00edculo pesado na A1, zona de Soure, na tarde de quarta-feira. Uma das v\u00edtimas encontra-se em estado grave e foi transportada para o hospital; a carrinha estaria a sinalizar trabalhos de limpeza e a dar apoio aos trabalhadores. O acidente aconteceu no sentido sul-norte e a via esteve cortada cerca de duas horas. No local estiveram os meios de socorro, bem como a Guarda Nacional Republicana (GNR) de Coimbra.\" \/>\n<meta property=\"og:url\" content=\"https:\/\/portaltela.pt\/noticias\/2026\/03\/04\/dois-feridos-em-colisao-na-a1-zona-de-soure\/\" \/>\n<meta property=\"og:site_name\" content=\"Portal Tela Portugal\" \/>\n<meta property=\"article:published_time\" content=\"2026-03-04T15:55:05+00:00\" \/>\n<meta name=\"author\" content=\"Telinha\" \/>\n<meta name=\"twitter:card\" content=\"summary_large_image\" \/>\n<meta name=\"twitter:label1\" content=\"Escrito por\" \/>\n\t<meta name=\"twitter:data1\" content=\"Telinha\" \/>\n\t<meta name=\"twitter:label2\" content=\"Tempo estimado de leitura\" \/>\n\t<meta name=\"twitter:data2\" content=\"1 minuto\" \/>\n<script type=\"application\/ld+json\" class=\"yoast-schema-graph\">{\"@context\":\"https:\/\/schema.org\",\"@graph\":[{\"@type\":\"Article\",\"@id\":\"https:\/\/portaltela.pt\/noticias\/2026\/03\/04\/dois-feridos-em-colisao-na-a1-zona-de-soure\/#article\",\"isPartOf\":{\"@id\":\"https:\/\/portaltela.pt\/noticias\/2026\/03\/04\/dois-feridos-em-colisao-na-a1-zona-de-soure\/\"},\"author\":{\"name\":\"Telinha\",\"@id\":\"https:\/\/portaltela.pt\/#\/schema\/person\/c4278d4a6028830caff9ee44b42d32ed\"},\"headline\":\"Dois feridos em colis\u00e3o na A1, zona de Soure\",\"datePublished\":\"2026-03-04T15:55:05+00:00\",\"mainEntityOfPage\":{\"@id\":\"https:\/\/portaltela.pt\/noticias\/2026\/03\/04\/dois-feridos-em-colisao-na-a1-zona-de-soure\/\"},\"wordCount\":122,\"image\":{\"@id\":\"https:\/\/portaltela.pt\/noticias\/2026\/03\/04\/dois-feridos-em-colisao-na-a1-zona-de-soure\/#primaryimage\"},\"thumbnailUrl\":\"https:\/\/portaltela.pt\/s.01k8rhncp4jt1\/2026\/03\/img_1500x1000uu2026-03-04-15-49-35-2270373.jpg\",\"keywords\":[\"acidente\",\"acidente rodovi\u00e1rio\",\"Coimbra\",\"feridos graves\",\"GNR\",\"Soure\"],\"articleSection\":[\"Not\u00edcias\"],\"inLanguage\":\"pt-PT\"},{\"@type\":\"WebPage\",\"@id\":\"https:\/\/portaltela.pt\/noticias\/2026\/03\/04\/dois-feridos-em-colisao-na-a1-zona-de-soure\/\",\"url\":\"https:\/\/portaltela.pt\/noticias\/2026\/03\/04\/dois-feridos-em-colisao-na-a1-zona-de-soure\/\",\"name\":\"Dois feridos em colis\u00e3o na A1, zona de Soure - Portal Tela Portugal\",\"isPartOf\":{\"@id\":\"https:\/\/portaltela.pt\/#website\"},\"primaryImageOfPage\":{\"@id\":\"https:\/\/portaltela.pt\/noticias\/2026\/03\/04\/dois-feridos-em-colisao-na-a1-zona-de-soure\/#primaryimage\"},\"image\":{\"@id\":\"https:\/\/portaltela.pt\/noticias\/2026\/03\/04\/dois-feridos-em-colisao-na-a1-zona-de-soure\/#primaryimage\"},\"thumbnailUrl\":\"https:\/\/portaltela.pt\/s.01k8rhncp4jt1\/2026\/03\/img_1500x1000uu2026-03-04-15-49-35-2270373.jpg\",\"datePublished\":\"2026-03-04T15:55:05+00:00\",\"author\":{\"@id\":\"https:\/\/portaltela.pt\/#\/schema\/person\/c4278d4a6028830caff9ee44b42d32ed\"},\"breadcrumb\":{\"@id\":\"https:\/\/portaltela.pt\/noticias\/2026\/03\/04\/dois-feridos-em-colisao-na-a1-zona-de-soure\/#breadcrumb\"},\"inLanguage\":\"pt-PT\",\"potentialAction\":[{\"@type\":\"ReadAction\",\"target\":[\"https:\/\/portaltela.pt\/noticias\/2026\/03\/04\/dois-feridos-em-colisao-na-a1-zona-de-soure\/\"]}]},{\"@type\":\"ImageObject\",\"inLanguage\":\"pt-PT\",\"@id\":\"https:\/\/portaltela.pt\/noticias\/2026\/03\/04\/dois-feridos-em-colisao-na-a1-zona-de-soure\/#primaryimage\",\"url\":\"https:\/\/portaltela.pt\/s.01k8rhncp4jt1\/2026\/03\/img_1500x1000uu2026-03-04-15-49-35-2270373.jpg\",\"contentUrl\":\"https:\/\/portaltela.pt\/s.01k8rhncp4jt1\/2026\/03\/img_1500x1000uu2026-03-04-15-49-35-2270373.jpg\",\"width\":796,\"height\":448,\"caption\":\"Dois feridos em colis\u00e3o na A1 na zona de Soure. Tr\u00e2nsito condicionado\"},{\"@type\":\"BreadcrumbList\",\"@id\":\"https:\/\/portaltela.pt\/noticias\/2026\/03\/04\/dois-feridos-em-colisao-na-a1-zona-de-soure\/#breadcrumb\",\"itemListElement\":[{\"@type\":\"ListItem\",\"position\":1,\"name\":\"In\u00edcio\",\"item\":\"https:\/\/portaltela.pt\/\"},{\"@type\":\"ListItem\",\"position\":2,\"name\":\"Dois feridos em colis\u00e3o na A1, zona de Soure\"}]},{\"@type\":\"WebSite\",\"@id\":\"https:\/\/portaltela.pt\/#website\",\"url\":\"https:\/\/portaltela.pt\/\",\"name\":\"Portal Tela Portugal\",\"description\":\"\",\"potentialAction\":[{\"@type\":\"SearchAction\",\"target\":{\"@type\":\"EntryPoint\",\"urlTemplate\":\"https:\/\/portaltela.pt\/?s={search_term_string}\"},\"query-input\":{\"@type\":\"PropertyValueSpecification\",\"valueRequired\":true,\"valueName\":\"search_term_string\"}}],\"inLanguage\":\"pt-PT\"},{\"@type\":\"Person\",\"@id\":\"https:\/\/portaltela.pt\/#\/schema\/person\/c4278d4a6028830caff9ee44b42d32ed\",\"name\":\"Telinha\",\"image\":{\"@type\":\"ImageObject\",\"inLanguage\":\"pt-PT\",\"@id\":\"https:\/\/portaltela.pt\/s.01k8rhncp4jt1\/2025\/11\/talking-bot-125x125.png\",\"url\":\"https:\/\/portaltela.pt\/s.01k8rhncp4jt1\/2025\/11\/talking-bot-125x125.png\",\"contentUrl\":\"https:\/\/portaltela.pt\/s.01k8rhncp4jt1\/2025\/11\/talking-bot-125x125.png\",\"caption\":\"Telinha\"},\"sameAs\":[\"https:\/\/portaltela.pt\/\"],\"url\":\"https:\/\/portaltela.pt\/por\/367410592786\/\"}]}<\/script>\n<!-- \/ Yoast SEO plugin. -->","yoast_head_json":{"title":"Dois feridos em colis\u00e3o na A1, zona de Soure - Portal Tela Portugal","robots":{"index":"index","follow":"follow","max-snippet":"max-snippet:-1","max-image-preview":"max-image-preview:large","max-video-preview":"max-video-preview:-1"},"og_locale":"pt_PT","og_type":"article","og_title":"Dois feridos em colis\u00e3o na A1, zona de Soure - Portal Tela Portugal","og_description":"Dois feridos numa colis\u00e3o entre uma carrinha e um ve\u00edculo pesado na A1, zona de Soure, na tarde de quarta-feira. Uma das v\u00edtimas encontra-se em estado grave e foi transportada para o hospital; a carrinha estaria a sinalizar trabalhos de limpeza e a dar apoio aos trabalhadores. O acidente aconteceu no sentido sul-norte e a via esteve cortada cerca de duas horas. No local estiveram os meios de socorro, bem como a Guarda Nacional Republicana (GNR) de Coimbra.","og_url":"https:\/\/portaltela.pt\/noticias\/2026\/03\/04\/dois-feridos-em-colisao-na-a1-zona-de-soure\/","og_site_name":"Portal Tela Portugal","article_published_time":"2026-03-04T15:55:05+00:00","author":"Telinha","twitter_card":"summary_large_image","twitter_misc":{"Escrito por":"Telinha","Tempo estimado de leitura":"1 minuto"},"schema":{"@context":"https:\/\/schema.org","@graph":[{"@type":"Article","@id":"https:\/\/portaltela.pt\/noticias\/2026\/03\/04\/dois-feridos-em-colisao-na-a1-zona-de-soure\/#article","isPartOf":{"@id":"https:\/\/portaltela.pt\/noticias\/2026\/03\/04\/dois-feridos-em-colisao-na-a1-zona-de-soure\/"},"author":{"name":"Telinha","@id":"https:\/\/portaltela.pt\/#\/schema\/person\/c4278d4a6028830caff9ee44b42d32ed"},"headline":"Dois feridos em colis\u00e3o na A1, zona de Soure","datePublished":"2026-03-04T15:55:05+00:00","mainEntityOfPage":{"@id":"https:\/\/portaltela.pt\/noticias\/2026\/03\/04\/dois-feridos-em-colisao-na-a1-zona-de-soure\/"},"wordCount":122,"image":{"@id":"https:\/\/portaltela.pt\/noticias\/2026\/03\/04\/dois-feridos-em-colisao-na-a1-zona-de-soure\/#primaryimage"},"thumbnailUrl":"https:\/\/portaltela.pt\/s.01k8rhncp4jt1\/2026\/03\/img_1500x1000uu2026-03-04-15-49-35-2270373.jpg","keywords":["acidente","acidente rodovi\u00e1rio","Coimbra","feridos graves","GNR","Soure"],"articleSection":["Not\u00edcias"],"inLanguage":"pt-PT"},{"@type":"WebPage","@id":"https:\/\/portaltela.pt\/noticias\/2026\/03\/04\/dois-feridos-em-colisao-na-a1-zona-de-soure\/","url":"https:\/\/portaltela.pt\/noticias\/2026\/03\/04\/dois-feridos-em-colisao-na-a1-zona-de-soure\/","name":"Dois feridos em colis\u00e3o na A1, zona de Soure - Portal Tela Portugal","isPartOf":{"@id":"https:\/\/portaltela.pt\/#website"},"primaryImageOfPage":{"@id":"https:\/\/portaltela.pt\/noticias\/2026\/03\/04\/dois-feridos-em-colisao-na-a1-zona-de-soure\/#primaryimage"},"image":{"@id":"https:\/\/portaltela.pt\/noticias\/2026\/03\/04\/dois-feridos-em-colisao-na-a1-zona-de-soure\/#primaryimage"},"thumbnailUrl":"https:\/\/portaltela.pt\/s.01k8rhncp4jt1\/2026\/03\/img_1500x1000uu2026-03-04-15-49-35-2270373.jpg","datePublished":"2026-03-04T15:55:05+00:00","author":{"@id":"https:\/\/portaltela.pt\/#\/schema\/person\/c4278d4a6028830caff9ee44b42d32ed"},"breadcrumb":{"@id":"https:\/\/portaltela.pt\/noticias\/2026\/03\/04\/dois-feridos-em-colisao-na-a1-zona-de-soure\/#breadcrumb"},"inLanguage":"pt-PT","potentialAction":[{"@type":"ReadAction","target":["https:\/\/portaltela.pt\/noticias\/2026\/03\/04\/dois-feridos-em-colisao-na-a1-zona-de-soure\/"]}]},{"@type":"ImageObject","inLanguage":"pt-PT","@id":"https:\/\/portaltela.pt\/noticias\/2026\/03\/04\/dois-feridos-em-colisao-na-a1-zona-de-soure\/#primaryimage","url":"https:\/\/portaltela.pt\/s.01k8rhncp4jt1\/2026\/03\/img_1500x1000uu2026-03-04-15-49-35-2270373.jpg","contentUrl":"https:\/\/portaltela.pt\/s.01k8rhncp4jt1\/2026\/03\/img_1500x1000uu2026-03-04-15-49-35-2270373.jpg","width":796,"height":448,"caption":"Dois feridos em colis\u00e3o na A1 na zona de Soure. Tr\u00e2nsito condicionado"},{"@type":"BreadcrumbList","@id":"https:\/\/portaltela.pt\/noticias\/2026\/03\/04\/dois-feridos-em-colisao-na-a1-zona-de-soure\/#breadcrumb","itemListElement":[{"@type":"ListItem","position":1,"name":"In\u00edcio","item":"https:\/\/portaltela.pt\/"},{"@type":"ListItem","position":2,"name":"Dois feridos em colis\u00e3o na A1, zona de Soure"}]},{"@type":"WebSite","@id":"https:\/\/portaltela.pt\/#website","url":"https:\/\/portaltela.pt\/","name":"Portal Tela Portugal","description":"","potentialAction":[{"@type":"SearchAction","target":{"@type":"EntryPoint","urlTemplate":"https:\/\/portaltela.pt\/?s={search_term_string}"},"query-input":{"@type":"PropertyValueSpecification","valueRequired":true,"valueName":"search_term_string"}}],"inLanguage":"pt-PT"},{"@type":"Person","@id":"https:\/\/portaltela.pt\/#\/schema\/person\/c4278d4a6028830caff9ee44b42d32ed","name":"Telinha","image":{"@type":"ImageObject","inLanguage":"pt-PT","@id":"https:\/\/portaltela.pt\/s.01k8rhncp4jt1\/2025\/11\/talking-bot-125x125.png","url":"https:\/\/portaltela.pt\/s.01k8rhncp4jt1\/2025\/11\/talking-bot-125x125.png","contentUrl":"https:\/\/portaltela.pt\/s.01k8rhncp4jt1\/2025\/11\/talking-bot-125x125.png","caption":"Telinha"},"sameAs":["https:\/\/portaltela.pt\/"],"url":"https:\/\/portaltela.pt\/por\/367410592786\/"}]}},"_links":{"self":[{"href":"https:\/\/portaltela.pt\/api\/wp\/v2\/posts\/397362","targetHints":{"allow":["GET"]}}],"collection":[{"href":"https:\/\/portaltela.pt\/api\/wp\/v2\/posts"}],"about":[{"href":"https:\/\/portaltela.pt\/api\/wp\/v2\/types\/post"}],"author":[{"embeddable":true,"href":"https:\/\/portaltela.pt\/api\/wp\/v2\/users\/2"}],"replies":[{"embeddable":true,"href":"https:\/\/portaltela.pt\/api\/wp\/v2\/comments?post=397362"}],"version-history":[{"count":0,"href":"https:\/\/portaltela.pt\/api\/wp\/v2\/posts\/397362\/revisions"}],"wp:featuredmedia":[{"embeddable":true,"href":"https:\/\/portaltela.pt\/api\/wp\/v2\/media\/397367"}],"wp:attachment":[{"href":"https:\/\/portaltela.pt\/api\/wp\/v2\/media?parent=397362"}],"wp:term":[{"taxonomy":"category","embeddable":true,"href":"https:\/\/portaltela.pt\/api\/wp\/v2\/categories?post=397362"},{"taxonomy":"post_tag","embeddable":true,"href":"https:\/\/portaltela.pt\/api\/wp\/v2\/tags?post=397362"}],"curies":[{"name":"wp","href":"https:\/\/api.w.org\/{rel}","templated":true}]}}