{"id":397359,"date":"2026-03-04T12:49:00","date_gmt":"2026-03-04T15:49:00","guid":{"rendered":"https:\/\/portaltela.pt\/noticias\/2026\/03\/04\/montenegro-reage-a-criticas-sobre-uso-das-lajes-no-debate-quinzenal\/"},"modified":"2026-03-04T12:49:00","modified_gmt":"2026-03-04T15:49:00","slug":"montenegro-reage-a-criticas-sobre-uso-das-lajes-no-debate-quinzenal","status":"publish","type":"post","link":"https:\/\/portaltela.pt\/noticias\/politica\/2026\/03\/04\/montenegro-reage-a-criticas-sobre-uso-das-lajes-no-debate-quinzenal\/","title":{"rendered":"Montenegro reage a cr\u00edticas sobre uso das Lajes no debate quinzenal"},"content":{"rendered":"<p>O debate quinzenal no Parlamento desta quarta-feira ficou marcado pelo conflito no M\u00e9dio Oriente, com foco na posi\u00e7\u00e3o do Governo e no uso da base das Lajes pelos Estados Unidos. A sess\u00e3o decorre num momento de tens\u00e3o regional e de preocupa\u00e7\u00e3o com a atua\u00e7\u00e3o militar na regi\u00e3o.<\/p>\n<p>O tema central envolve a autoriza\u00e7\u00e3o de uso da base das Lajes, em territ\u00f3rio portugu\u00eas, por parte dos Estados Unidos, uma autoriza\u00e7\u00e3o considerada condicionada pela defesa dos interesses nacionais. A decis\u00e3o foi tomada ap\u00f3s consulta aos l\u00edderes dos tr\u00eas principais partidos.<\/p>\n<p>Durante o debate, o secret\u00e1rio-geral do PS, Jos\u00e9 Lu\u00eds Carneiro, criticou as interven\u00e7\u00f5es militares no Ir\u00e3o e condenou o regime iraniano, ao mesmo tempo em que questionou se o Primeiro-Ministro condenaria os ataques. A resposta \u00e0 pergunta n\u00e3o foi fornecida no momento.<\/p>\n<h3>Reac\u00e7\u00f5es e Contexto<\/h3>\n<p>O primeiro-ministro, Lu\u00eds Montenegro, afirmou que a autoriza\u00e7\u00e3o condicional foi dada com consulta aos representantes dos principais partidos. A posi\u00e7\u00e3o apresentada indica que o Governo manteve um procedimento de consulta e coordena\u00e7\u00e3o entre partidos.<\/p>\n<p>O secret\u00e1rio-geral do PSD, Hugo Soares, destacou a relev\u00e2ncia de discutir o PTRR e as v\u00edtimas das intemp\u00e9ries, argumentando que determinados temas n\u00e3o devem ser abordados apenas quando geram manchetes. A sess\u00e3o continua com desdobramentos a acompanhar.<\/p>\n","protected":false},"excerpt":{"rendered":"<ul>\n<li>O debate quinzenal no Parlamento aborda o conflito no M\u00e9dio Oriente, com foco na posi\u00e7\u00e3o do Governo e no uso da base das Lajes pelos Estados Unidos.<\/li>\n<li>O secret\u00e1rio-geral do Partido Socialista, Jos\u00e9 Lu\u00eds Carneiro, condenou a interven\u00e7\u00e3o militar dos EUA e de Israel no Ir\u00e3o, ao mesmo tempo que repudiou o regime iraniano.<\/li>\n<li>Carneiro questionou se o primeiro-ministro Montenegro condenaria tamb\u00e9m os ataques, mas este n\u00e3o respondeu diretamente \u00e0 quest\u00e3o.<\/li>\n<li>O primeiro-ministro Lu\u00eds Montenegro afirmou ter existido uma autoriza\u00e7\u00e3o condicional aos EUA, tomada com consulta dos l\u00edderes dos tr\u00eas maiores partidos, e garantiu que, se o PS estivesse no governo, faria o mesmo.<\/li>\n<li>O secret\u00e1rio-geral do PSD, Hugo Soares, chamou a aten\u00e7\u00e3o para a necessidade de falar do PTRR e das v\u00edtimas das intemp\u00e9ries, registrando cr\u00edticas sobre o tratamento medi\u00e1tico dessas mat\u00e9rias.<\/li>\n<\/ul>\n","protected":false},"author":2,"featured_media":397371,"comment_status":"closed","ping_status":"closed","sticky":false,"template":"","format":"standard","meta":{"footnotes":""},"categories":[1,5],"tags":[6574,1600,34,3327,6504,5698],"class_list":["post-397359","post","type-post","status-publish","format-standard","has-post-thumbnail","hentry","category-noticias","category-politica","tag-defesa","tag-estados-unidos","tag-governo","tag-iran","tag-lajes","tag-politica-internacional"],"yoast_head":"<!-- This site is optimized with the Yoast SEO plugin v27.2 - https:\/\/yoast.com\/product\/yoast-seo-wordpress\/ -->\n<title>Montenegro reage a cr\u00edticas sobre uso das Lajes no debate quinzenal - Portal Tela Portugal<\/title>\n<meta name=\"robots\" content=\"index, follow, max-snippet:-1, max-image-preview:large, max-video-preview:-1\" \/>\n<meta property=\"og:locale\" content=\"pt_PT\" \/>\n<meta property=\"og:type\" content=\"article\" \/>\n<meta property=\"og:title\" content=\"Montenegro reage a cr\u00edticas sobre uso das Lajes no debate quinzenal - Portal Tela Portugal\" \/>\n<meta property=\"og:description\" content=\"O debate quinzenal no Parlamento aborda o conflito no M\u00e9dio Oriente, com foco na posi\u00e7\u00e3o do Governo e no uso da base das Lajes pelos Estados Unidos. O secret\u00e1rio-geral do Partido Socialista, Jos\u00e9 Lu\u00eds Carneiro, condenou a interven\u00e7\u00e3o militar dos EUA e de Israel no Ir\u00e3o, ao mesmo tempo que repudiou o regime iraniano. Carneiro questionou se o primeiro-ministro Montenegro condenaria tamb\u00e9m os ataques, mas este n\u00e3o respondeu diretamente \u00e0 quest\u00e3o. O primeiro-ministro Lu\u00eds Montenegro afirmou ter existido uma autoriza\u00e7\u00e3o condicional aos EUA, tomada com consulta dos l\u00edderes dos tr\u00eas maiores partidos, e garantiu que, se o PS estivesse no governo, faria o mesmo. O secret\u00e1rio-geral do PSD, Hugo Soares, chamou a aten\u00e7\u00e3o para a necessidade de falar do PTRR e das v\u00edtimas das intemp\u00e9ries, registrando cr\u00edticas sobre o tratamento medi\u00e1tico dessas mat\u00e9rias.\" \/>\n<meta property=\"og:url\" content=\"https:\/\/portaltela.pt\/noticias\/2026\/03\/04\/montenegro-reage-a-criticas-sobre-uso-das-lajes-no-debate-quinzenal\/\" \/>\n<meta property=\"og:site_name\" content=\"Portal Tela Portugal\" \/>\n<meta property=\"article:published_time\" content=\"2026-03-04T15:49:00+00:00\" \/>\n<meta name=\"author\" content=\"Telinha\" \/>\n<meta name=\"twitter:card\" content=\"summary_large_image\" \/>\n<meta name=\"twitter:label1\" content=\"Escrito por\" \/>\n\t<meta name=\"twitter:data1\" content=\"Telinha\" \/>\n\t<meta name=\"twitter:label2\" content=\"Tempo estimado de leitura\" \/>\n\t<meta name=\"twitter:data2\" content=\"1 minuto\" \/>\n<script type=\"application\/ld+json\" class=\"yoast-schema-graph\">{\"@context\":\"https:\/\/schema.org\",\"@graph\":[{\"@type\":\"Article\",\"@id\":\"https:\/\/portaltela.pt\/noticias\/2026\/03\/04\/montenegro-reage-a-criticas-sobre-uso-das-lajes-no-debate-quinzenal\/#article\",\"isPartOf\":{\"@id\":\"https:\/\/portaltela.pt\/noticias\/2026\/03\/04\/montenegro-reage-a-criticas-sobre-uso-das-lajes-no-debate-quinzenal\/\"},\"author\":{\"name\":\"Telinha\",\"@id\":\"https:\/\/portaltela.pt\/#\/schema\/person\/c4278d4a6028830caff9ee44b42d32ed\"},\"headline\":\"Montenegro reage a cr\u00edticas sobre uso das Lajes no debate quinzenal\",\"datePublished\":\"2026-03-04T15:49:00+00:00\",\"mainEntityOfPage\":{\"@id\":\"https:\/\/portaltela.pt\/noticias\/2026\/03\/04\/montenegro-reage-a-criticas-sobre-uso-das-lajes-no-debate-quinzenal\/\"},\"wordCount\":246,\"image\":{\"@id\":\"https:\/\/portaltela.pt\/noticias\/2026\/03\/04\/montenegro-reage-a-criticas-sobre-uso-das-lajes-no-debate-quinzenal\/#primaryimage\"},\"thumbnailUrl\":\"https:\/\/portaltela.pt\/s.01k8rhncp4jt1\/2026\/03\/img_1500x1000uu2026-03-04-15-50-38-2270374.jpg\",\"keywords\":[\"defesa\",\"Estados Unidos\",\"governo\",\"\u00cdr\u00e1n\",\"Lajes\",\"pol\u00edtica internacional\"],\"articleSection\":[\"Not\u00edcias\",\"Pol\u00edtica\"],\"inLanguage\":\"pt-PT\"},{\"@type\":\"WebPage\",\"@id\":\"https:\/\/portaltela.pt\/noticias\/2026\/03\/04\/montenegro-reage-a-criticas-sobre-uso-das-lajes-no-debate-quinzenal\/\",\"url\":\"https:\/\/portaltela.pt\/noticias\/2026\/03\/04\/montenegro-reage-a-criticas-sobre-uso-das-lajes-no-debate-quinzenal\/\",\"name\":\"Montenegro reage a cr\u00edticas sobre uso das Lajes no debate quinzenal - Portal Tela Portugal\",\"isPartOf\":{\"@id\":\"https:\/\/portaltela.pt\/#website\"},\"primaryImageOfPage\":{\"@id\":\"https:\/\/portaltela.pt\/noticias\/2026\/03\/04\/montenegro-reage-a-criticas-sobre-uso-das-lajes-no-debate-quinzenal\/#primaryimage\"},\"image\":{\"@id\":\"https:\/\/portaltela.pt\/noticias\/2026\/03\/04\/montenegro-reage-a-criticas-sobre-uso-das-lajes-no-debate-quinzenal\/#primaryimage\"},\"thumbnailUrl\":\"https:\/\/portaltela.pt\/s.01k8rhncp4jt1\/2026\/03\/img_1500x1000uu2026-03-04-15-50-38-2270374.jpg\",\"datePublished\":\"2026-03-04T15:49:00+00:00\",\"author\":{\"@id\":\"https:\/\/portaltela.pt\/#\/schema\/person\/c4278d4a6028830caff9ee44b42d32ed\"},\"breadcrumb\":{\"@id\":\"https:\/\/portaltela.pt\/noticias\/2026\/03\/04\/montenegro-reage-a-criticas-sobre-uso-das-lajes-no-debate-quinzenal\/#breadcrumb\"},\"inLanguage\":\"pt-PT\",\"potentialAction\":[{\"@type\":\"ReadAction\",\"target\":[\"https:\/\/portaltela.pt\/noticias\/2026\/03\/04\/montenegro-reage-a-criticas-sobre-uso-das-lajes-no-debate-quinzenal\/\"]}]},{\"@type\":\"ImageObject\",\"inLanguage\":\"pt-PT\",\"@id\":\"https:\/\/portaltela.pt\/noticias\/2026\/03\/04\/montenegro-reage-a-criticas-sobre-uso-das-lajes-no-debate-quinzenal\/#primaryimage\",\"url\":\"https:\/\/portaltela.pt\/s.01k8rhncp4jt1\/2026\/03\/img_1500x1000uu2026-03-04-15-50-38-2270374.jpg\",\"contentUrl\":\"https:\/\/portaltela.pt\/s.01k8rhncp4jt1\/2026\/03\/img_1500x1000uu2026-03-04-15-50-38-2270374.jpg\",\"width\":796,\"height\":448,\"caption\":\"Lu\u00eds Montenegro durante o debate quinzenal\"},{\"@type\":\"BreadcrumbList\",\"@id\":\"https:\/\/portaltela.pt\/noticias\/2026\/03\/04\/montenegro-reage-a-criticas-sobre-uso-das-lajes-no-debate-quinzenal\/#breadcrumb\",\"itemListElement\":[{\"@type\":\"ListItem\",\"position\":1,\"name\":\"In\u00edcio\",\"item\":\"https:\/\/portaltela.pt\/\"},{\"@type\":\"ListItem\",\"position\":2,\"name\":\"Montenegro reage a cr\u00edticas sobre uso das Lajes no debate quinzenal\"}]},{\"@type\":\"WebSite\",\"@id\":\"https:\/\/portaltela.pt\/#website\",\"url\":\"https:\/\/portaltela.pt\/\",\"name\":\"Portal Tela Portugal\",\"description\":\"\",\"potentialAction\":[{\"@type\":\"SearchAction\",\"target\":{\"@type\":\"EntryPoint\",\"urlTemplate\":\"https:\/\/portaltela.pt\/?s={search_term_string}\"},\"query-input\":{\"@type\":\"PropertyValueSpecification\",\"valueRequired\":true,\"valueName\":\"search_term_string\"}}],\"inLanguage\":\"pt-PT\"},{\"@type\":\"Person\",\"@id\":\"https:\/\/portaltela.pt\/#\/schema\/person\/c4278d4a6028830caff9ee44b42d32ed\",\"name\":\"Telinha\",\"image\":{\"@type\":\"ImageObject\",\"inLanguage\":\"pt-PT\",\"@id\":\"https:\/\/portaltela.pt\/s.01k8rhncp4jt1\/2025\/11\/talking-bot-125x125.png\",\"url\":\"https:\/\/portaltela.pt\/s.01k8rhncp4jt1\/2025\/11\/talking-bot-125x125.png\",\"contentUrl\":\"https:\/\/portaltela.pt\/s.01k8rhncp4jt1\/2025\/11\/talking-bot-125x125.png\",\"caption\":\"Telinha\"},\"sameAs\":[\"https:\/\/portaltela.pt\/\"],\"url\":\"https:\/\/portaltela.pt\/por\/367410592786\/\"}]}<\/script>\n<!-- \/ Yoast SEO plugin. -->","yoast_head_json":{"title":"Montenegro reage a cr\u00edticas sobre uso das Lajes no debate quinzenal - Portal Tela Portugal","robots":{"index":"index","follow":"follow","max-snippet":"max-snippet:-1","max-image-preview":"max-image-preview:large","max-video-preview":"max-video-preview:-1"},"og_locale":"pt_PT","og_type":"article","og_title":"Montenegro reage a cr\u00edticas sobre uso das Lajes no debate quinzenal - Portal Tela Portugal","og_description":"O debate quinzenal no Parlamento aborda o conflito no M\u00e9dio Oriente, com foco na posi\u00e7\u00e3o do Governo e no uso da base das Lajes pelos Estados Unidos. O secret\u00e1rio-geral do Partido Socialista, Jos\u00e9 Lu\u00eds Carneiro, condenou a interven\u00e7\u00e3o militar dos EUA e de Israel no Ir\u00e3o, ao mesmo tempo que repudiou o regime iraniano. Carneiro questionou se o primeiro-ministro Montenegro condenaria tamb\u00e9m os ataques, mas este n\u00e3o respondeu diretamente \u00e0 quest\u00e3o. O primeiro-ministro Lu\u00eds Montenegro afirmou ter existido uma autoriza\u00e7\u00e3o condicional aos EUA, tomada com consulta dos l\u00edderes dos tr\u00eas maiores partidos, e garantiu que, se o PS estivesse no governo, faria o mesmo. O secret\u00e1rio-geral do PSD, Hugo Soares, chamou a aten\u00e7\u00e3o para a necessidade de falar do PTRR e das v\u00edtimas das intemp\u00e9ries, registrando cr\u00edticas sobre o tratamento medi\u00e1tico dessas mat\u00e9rias.","og_url":"https:\/\/portaltela.pt\/noticias\/2026\/03\/04\/montenegro-reage-a-criticas-sobre-uso-das-lajes-no-debate-quinzenal\/","og_site_name":"Portal Tela Portugal","article_published_time":"2026-03-04T15:49:00+00:00","author":"Telinha","twitter_card":"summary_large_image","twitter_misc":{"Escrito por":"Telinha","Tempo estimado de leitura":"1 minuto"},"schema":{"@context":"https:\/\/schema.org","@graph":[{"@type":"Article","@id":"https:\/\/portaltela.pt\/noticias\/2026\/03\/04\/montenegro-reage-a-criticas-sobre-uso-das-lajes-no-debate-quinzenal\/#article","isPartOf":{"@id":"https:\/\/portaltela.pt\/noticias\/2026\/03\/04\/montenegro-reage-a-criticas-sobre-uso-das-lajes-no-debate-quinzenal\/"},"author":{"name":"Telinha","@id":"https:\/\/portaltela.pt\/#\/schema\/person\/c4278d4a6028830caff9ee44b42d32ed"},"headline":"Montenegro reage a cr\u00edticas sobre uso das Lajes no debate quinzenal","datePublished":"2026-03-04T15:49:00+00:00","mainEntityOfPage":{"@id":"https:\/\/portaltela.pt\/noticias\/2026\/03\/04\/montenegro-reage-a-criticas-sobre-uso-das-lajes-no-debate-quinzenal\/"},"wordCount":246,"image":{"@id":"https:\/\/portaltela.pt\/noticias\/2026\/03\/04\/montenegro-reage-a-criticas-sobre-uso-das-lajes-no-debate-quinzenal\/#primaryimage"},"thumbnailUrl":"https:\/\/portaltela.pt\/s.01k8rhncp4jt1\/2026\/03\/img_1500x1000uu2026-03-04-15-50-38-2270374.jpg","keywords":["defesa","Estados Unidos","governo","\u00cdr\u00e1n","Lajes","pol\u00edtica internacional"],"articleSection":["Not\u00edcias","Pol\u00edtica"],"inLanguage":"pt-PT"},{"@type":"WebPage","@id":"https:\/\/portaltela.pt\/noticias\/2026\/03\/04\/montenegro-reage-a-criticas-sobre-uso-das-lajes-no-debate-quinzenal\/","url":"https:\/\/portaltela.pt\/noticias\/2026\/03\/04\/montenegro-reage-a-criticas-sobre-uso-das-lajes-no-debate-quinzenal\/","name":"Montenegro reage a cr\u00edticas sobre uso das Lajes no debate quinzenal - Portal Tela Portugal","isPartOf":{"@id":"https:\/\/portaltela.pt\/#website"},"primaryImageOfPage":{"@id":"https:\/\/portaltela.pt\/noticias\/2026\/03\/04\/montenegro-reage-a-criticas-sobre-uso-das-lajes-no-debate-quinzenal\/#primaryimage"},"image":{"@id":"https:\/\/portaltela.pt\/noticias\/2026\/03\/04\/montenegro-reage-a-criticas-sobre-uso-das-lajes-no-debate-quinzenal\/#primaryimage"},"thumbnailUrl":"https:\/\/portaltela.pt\/s.01k8rhncp4jt1\/2026\/03\/img_1500x1000uu2026-03-04-15-50-38-2270374.jpg","datePublished":"2026-03-04T15:49:00+00:00","author":{"@id":"https:\/\/portaltela.pt\/#\/schema\/person\/c4278d4a6028830caff9ee44b42d32ed"},"breadcrumb":{"@id":"https:\/\/portaltela.pt\/noticias\/2026\/03\/04\/montenegro-reage-a-criticas-sobre-uso-das-lajes-no-debate-quinzenal\/#breadcrumb"},"inLanguage":"pt-PT","potentialAction":[{"@type":"ReadAction","target":["https:\/\/portaltela.pt\/noticias\/2026\/03\/04\/montenegro-reage-a-criticas-sobre-uso-das-lajes-no-debate-quinzenal\/"]}]},{"@type":"ImageObject","inLanguage":"pt-PT","@id":"https:\/\/portaltela.pt\/noticias\/2026\/03\/04\/montenegro-reage-a-criticas-sobre-uso-das-lajes-no-debate-quinzenal\/#primaryimage","url":"https:\/\/portaltela.pt\/s.01k8rhncp4jt1\/2026\/03\/img_1500x1000uu2026-03-04-15-50-38-2270374.jpg","contentUrl":"https:\/\/portaltela.pt\/s.01k8rhncp4jt1\/2026\/03\/img_1500x1000uu2026-03-04-15-50-38-2270374.jpg","width":796,"height":448,"caption":"Lu\u00eds Montenegro durante o debate quinzenal"},{"@type":"BreadcrumbList","@id":"https:\/\/portaltela.pt\/noticias\/2026\/03\/04\/montenegro-reage-a-criticas-sobre-uso-das-lajes-no-debate-quinzenal\/#breadcrumb","itemListElement":[{"@type":"ListItem","position":1,"name":"In\u00edcio","item":"https:\/\/portaltela.pt\/"},{"@type":"ListItem","position":2,"name":"Montenegro reage a cr\u00edticas sobre uso das Lajes no debate quinzenal"}]},{"@type":"WebSite","@id":"https:\/\/portaltela.pt\/#website","url":"https:\/\/portaltela.pt\/","name":"Portal Tela Portugal","description":"","potentialAction":[{"@type":"SearchAction","target":{"@type":"EntryPoint","urlTemplate":"https:\/\/portaltela.pt\/?s={search_term_string}"},"query-input":{"@type":"PropertyValueSpecification","valueRequired":true,"valueName":"search_term_string"}}],"inLanguage":"pt-PT"},{"@type":"Person","@id":"https:\/\/portaltela.pt\/#\/schema\/person\/c4278d4a6028830caff9ee44b42d32ed","name":"Telinha","image":{"@type":"ImageObject","inLanguage":"pt-PT","@id":"https:\/\/portaltela.pt\/s.01k8rhncp4jt1\/2025\/11\/talking-bot-125x125.png","url":"https:\/\/portaltela.pt\/s.01k8rhncp4jt1\/2025\/11\/talking-bot-125x125.png","contentUrl":"https:\/\/portaltela.pt\/s.01k8rhncp4jt1\/2025\/11\/talking-bot-125x125.png","caption":"Telinha"},"sameAs":["https:\/\/portaltela.pt\/"],"url":"https:\/\/portaltela.pt\/por\/367410592786\/"}]}},"_links":{"self":[{"href":"https:\/\/portaltela.pt\/api\/wp\/v2\/posts\/397359","targetHints":{"allow":["GET"]}}],"collection":[{"href":"https:\/\/portaltela.pt\/api\/wp\/v2\/posts"}],"about":[{"href":"https:\/\/portaltela.pt\/api\/wp\/v2\/types\/post"}],"author":[{"embeddable":true,"href":"https:\/\/portaltela.pt\/api\/wp\/v2\/users\/2"}],"replies":[{"embeddable":true,"href":"https:\/\/portaltela.pt\/api\/wp\/v2\/comments?post=397359"}],"version-history":[{"count":0,"href":"https:\/\/portaltela.pt\/api\/wp\/v2\/posts\/397359\/revisions"}],"wp:featuredmedia":[{"embeddable":true,"href":"https:\/\/portaltela.pt\/api\/wp\/v2\/media\/397371"}],"wp:attachment":[{"href":"https:\/\/portaltela.pt\/api\/wp\/v2\/media?parent=397359"}],"wp:term":[{"taxonomy":"category","embeddable":true,"href":"https:\/\/portaltela.pt\/api\/wp\/v2\/categories?post=397359"},{"taxonomy":"post_tag","embeddable":true,"href":"https:\/\/portaltela.pt\/api\/wp\/v2\/tags?post=397359"}],"curies":[{"name":"wp","href":"https:\/\/api.w.org\/{rel}","templated":true}]}}